{"id":242411,"date":"2025-07-21T17:44:26","date_gmt":"2025-07-21T21:44:26","guid":{"rendered":"https:\/\/www.manaus.am.gov.br\/semcom\/ordem-leiloeiros-credenciados-prefeitura\/"},"modified":"2025-07-21T17:44:26","modified_gmt":"2025-07-21T21:44:26","slug":"ordem-leiloeiros-credenciados-prefeitura","status":"publish","type":"post","link":"https:\/\/www.manaus.am.gov.br\/semcom\/ordem-leiloeiros-credenciados-prefeitura\/","title":{"rendered":"Sorteio define ordem de atua\u00e7\u00e3o dos leiloeiros credenciados pela Prefeitura de Manaus"},"content":{"rendered":"\n<p>A Divis\u00e3o de Patrim\u00f4nio (Dpat), da Secretaria Municipal de Administra\u00e7\u00e3o, Planejamento e Gest\u00e3o (Semad), realizou, na manh\u00e3 desta segunda-feira, 21\/7, o sorteio para definir a ordem de atua\u00e7\u00e3o dos oito leiloeiros credenciados para atuar em leil\u00f5es presenciais e\/ou eletr\u00f4nicos que a Prefeitura de Manaus venha a realizar, de bens im\u00f3veis desafetados e m\u00f3veis inserv\u00edveis de qualquer natureza, incorporados ou pertencentes ao patrim\u00f4nio p\u00fablico do munic\u00edpio.<\/p>\n\n\n\n<p>A homologa\u00e7\u00e3o do resultado ser\u00e1 publicada no&nbsp;<a href=\"http:\/\/dom.manaus.am.gov.br\/\" target=\"_blank\" rel=\"noreferrer noopener\">Di\u00e1rio Oficial do Munic\u00edpio<\/a>&nbsp;(DOM), no Sistema Integrado de Gest\u00e3o de Compras e Contratos da Prefeitura de Manaus (<a href=\"https:\/\/compras.manaus.am.gov.br\/publico\/documentos.aspx?id=orientacoes_fornecedor\" target=\"_blank\" rel=\"noreferrer noopener\">Compras Manaus<\/a>) e no&nbsp;<a href=\"https:\/\/pncp.gov.br\/app\/editais\/04312641000132\/2025\/16\" target=\"_blank\" rel=\"noreferrer noopener\">Portal Nacional de Contrata\u00e7\u00f5es P\u00fablicas<\/a>&nbsp;(PNCP).<\/p>\n\n\n\n<p>\u201cO credenciamento dos leiloeiros foi realizado por meio de procedimento licitat\u00f3rio nacional, assegurando a total transpar\u00eancia a todas as etapas do processo, como \u00e9 caracter\u00edstica da gest\u00e3o do prefeito David Almeida. A Semad controla e gerencia todo o patrim\u00f4nio da prefeitura e, por meio dos leil\u00f5es, d\u00e1 a destina\u00e7\u00e3o adequada, de acordo com cada caso. Os bens inserv\u00edveis que podem ser reparados, mas cujos custos n\u00e3o compensariam para a administra\u00e7\u00e3o, s\u00e3o catalogados e v\u00e3o a leil\u00e3o. Por essa raz\u00e3o, precisamos de leiloeiros oficiais\u201d, ressaltou o titular da Semad, C\u00e9lio Guedes.<\/p>\n\n\n\n<p>Johnny Barbosa, representante do leiloeiro credenciado Sandro de Oliveira, da Norte Leil\u00f5es, empresa sediada em Bel\u00e9m (PA), destacou o formato escolhido pela comiss\u00e3o de credenciamento para a realiza\u00e7\u00e3o do sorteio. \u201cFoi muito importante, porque pudemos acompanhar de perto todo o processo para a defini\u00e7\u00e3o da ordem em que acontecer\u00e1 a chamada dos leiloeiros\u201d, disse.<\/p>\n\n\n\n<p>Membro da comiss\u00e3o de credenciamento, a t\u00e9cnica do Dpat, Taysa Monteiro, explicou que o sorteio aconteceu de forma h\u00edbrida, presencial e on-line (por meio de live no perfil oficial da Semad em rede social), assegurando transpar\u00eancia ao processo. \u201cNo sorteio ficou definida a ordem de chamamento dos leiloeiros para os futuros leil\u00f5es. Tivemos oito candidatos inscritos e, ap\u00f3s a an\u00e1lise pela comiss\u00e3o, todos foram credenciados\u201d, pontuou.<\/p>\n\n\n\n<p>O credenciamento foi realizado por meio do edital n\u00ba 001\/2025, de 4\/6\/25, e tem validade de 12 meses, a contar da data de publica\u00e7\u00e3o no Di\u00e1rio Oficial do Munic\u00edpio, podendo ser prorrogado por igual per\u00edodo, conforme interesse e necessidade da Administra\u00e7\u00e3o, nos limites da Lei de Licita\u00e7\u00f5es e Contratos. A vig\u00eancia do contrato de presta\u00e7\u00e3o de servi\u00e7o dos novos leiloeiros credenciados ser\u00e1 de at\u00e9 10 anos, conforme a necessidade da administra\u00e7\u00e3o.<\/p>\n\n\n\n<p><strong>Leil\u00f5es<\/strong><\/p>\n\n\n\n<p>A Semad, por meio da Divis\u00e3o de Patrim\u00f4nio, realizou, entre os anos de 2021 e 2024, oito leil\u00f5es de bens im\u00f3veis e bens m\u00f3veis, com destaque para o leil\u00e3o do Edif\u00edcio Garagem, no centro da cidade. Juntos, os certames resultaram em uma receita arrecadada de R$ 7.089.522,00.<\/p>\n\n\n\n<p>Neste ano, a Semad j\u00e1 realizou dois leil\u00f5es, sendo um de 26 sucatas de ambul\u00e2ncias e outro de 11 autom\u00f3veis e um trator, com uma arrecada\u00e7\u00e3o superior a R$ 448 mil.<\/p>\n\n\n\n<figure class=\"wp-block-image size-large\"><img loading=\"lazy\" decoding=\"async\" width=\"1024\" height=\"662\" src=\"https:\/\/www.manaus.am.gov.br\/semcom\/wp-content\/uploads\/sites\/5\/2025\/07\/Sorteio-Leiloeiros-3-1024x662.jpeg\" alt=\"\" class=\"wp-image-242413\" srcset=\"https:\/\/www.manaus.am.gov.br\/semcom\/wp-content\/uploads\/sites\/5\/2025\/07\/Sorteio-Leiloeiros-3-1024x662.jpeg 1024w, https:\/\/www.manaus.am.gov.br\/semcom\/wp-content\/uploads\/sites\/5\/2025\/07\/Sorteio-Leiloeiros-3-300x194.jpeg 300w, https:\/\/www.manaus.am.gov.br\/semcom\/wp-content\/uploads\/sites\/5\/2025\/07\/Sorteio-Leiloeiros-3-768x497.jpeg 768w, https:\/\/www.manaus.am.gov.br\/semcom\/wp-content\/uploads\/sites\/5\/2025\/07\/Sorteio-Leiloeiros-3.jpeg 1320w\" sizes=\"(max-width: 1024px) 100vw, 1024px\" \/><\/figure>\n\n\n\n<p>&#8212; &#8212; &#8212;<\/p>\n\n\n\n<p><strong>Texto<\/strong>\u00a0\u2013 Sandra Monteiro\/Semad<\/p>\n\n\n\n<p><strong>Fotos<\/strong>\u00a0\u2013 Sidney William\/Semad<\/p>\n","protected":false},"excerpt":{"rendered":"","protected":false},"author":39,"featured_media":242412,"comment_status":"closed","ping_status":"closed","sticky":false,"template":"","format":"standard","meta":{"footnotes":""},"categories":[2205],"tags":[77,33],"acf":[],"yoast_head":"<!-- This site is optimized with the Yoast SEO plugin v23.0 - https:\/\/yoast.com\/wordpress\/plugins\/seo\/ -->\n<title>Ordem de atua\u00e7\u00e3o dos leiloeiros credenciados pela prefeitura<\/title>\n<meta name=\"description\" content=\"Sorteio define ordem de atua\u00e7\u00e3o dos leiloeiros credenciados pela Prefeitura de Manaus, por meio da Semad, nesta segunda-feira, 21\/7.\" \/>\n<meta name=\"robots\" content=\"index, follow, max-snippet:-1, max-image-preview:large, max-video-preview:-1\" \/>\n<link rel=\"canonical\" href=\"https:\/\/www.manaus.am.gov.br\/semcom\/ordem-leiloeiros-credenciados-prefeitura\/\" \/>\n<meta property=\"og:locale\" content=\"pt_BR\" \/>\n<meta property=\"og:type\" content=\"article\" \/>\n<meta property=\"og:title\" content=\"Ordem de atua\u00e7\u00e3o dos leiloeiros credenciados pela prefeitura\" \/>\n<meta property=\"og:description\" content=\"Sorteio define ordem de atua\u00e7\u00e3o dos leiloeiros credenciados pela Prefeitura de Manaus, por meio da Semad, nesta segunda-feira, 21\/7.\" \/>\n<meta property=\"og:url\" content=\"https:\/\/www.manaus.am.gov.br\/semcom\/ordem-leiloeiros-credenciados-prefeitura\/\" \/>\n<meta property=\"og:site_name\" content=\"SEMCOM\" \/>\n<meta property=\"article:published_time\" content=\"2025-07-21T21:44:26+00:00\" \/>\n<meta property=\"og:image\" content=\"https:\/\/www.manaus.am.gov.br\/semcom\/wp-content\/uploads\/sites\/5\/2025\/07\/Sorteio-Leiloeiros-2.jpeg\" \/>\n\t<meta property=\"og:image:width\" content=\"4032\" \/>\n\t<meta property=\"og:image:height\" content=\"3024\" \/>\n\t<meta property=\"og:image:type\" content=\"image\/jpeg\" \/>\n<meta name=\"author\" content=\"Bruna Greco\" \/>\n<meta name=\"twitter:card\" content=\"summary_large_image\" \/>\n<meta name=\"twitter:label1\" content=\"Written by\" \/>\n\t<meta name=\"twitter:data1\" content=\"Bruna Greco\" \/>\n\t<meta name=\"twitter:label2\" content=\"Est. reading time\" \/>\n\t<meta name=\"twitter:data2\" content=\"3 minutos\" \/>\n<script type=\"application\/ld+json\" class=\"yoast-schema-graph\">{\"@context\":\"https:\/\/schema.org\",\"@graph\":[{\"@type\":\"WebPage\",\"@id\":\"https:\/\/www.manaus.am.gov.br\/semcom\/ordem-leiloeiros-credenciados-prefeitura\/\",\"url\":\"https:\/\/www.manaus.am.gov.br\/semcom\/ordem-leiloeiros-credenciados-prefeitura\/\",\"name\":\"Ordem de atua\u00e7\u00e3o dos leiloeiros credenciados pela prefeitura\",\"isPartOf\":{\"@id\":\"https:\/\/www.manaus.am.gov.br\/semcom\/#website\"},\"primaryImageOfPage\":{\"@id\":\"https:\/\/www.manaus.am.gov.br\/semcom\/ordem-leiloeiros-credenciados-prefeitura\/#primaryimage\"},\"image\":{\"@id\":\"https:\/\/www.manaus.am.gov.br\/semcom\/ordem-leiloeiros-credenciados-prefeitura\/#primaryimage\"},\"thumbnailUrl\":\"https:\/\/www.manaus.am.gov.br\/semcom\/wp-content\/uploads\/sites\/5\/2025\/07\/Sorteio-Leiloeiros-2.jpeg\",\"datePublished\":\"2025-07-21T21:44:26+00:00\",\"dateModified\":\"2025-07-21T21:44:26+00:00\",\"author\":{\"@id\":\"https:\/\/www.manaus.am.gov.br\/semcom\/#\/schema\/person\/05d223aea2bf115f9883a6ff3683d81b\"},\"description\":\"Sorteio define ordem de atua\u00e7\u00e3o dos leiloeiros credenciados pela Prefeitura de Manaus, por meio da Semad, nesta segunda-feira, 21\/7.\",\"inLanguage\":\"pt-BR\",\"potentialAction\":[{\"@type\":\"ReadAction\",\"target\":[\"https:\/\/www.manaus.am.gov.br\/semcom\/ordem-leiloeiros-credenciados-prefeitura\/\"]}]},{\"@type\":\"ImageObject\",\"inLanguage\":\"pt-BR\",\"@id\":\"https:\/\/www.manaus.am.gov.br\/semcom\/ordem-leiloeiros-credenciados-prefeitura\/#primaryimage\",\"url\":\"https:\/\/www.manaus.am.gov.br\/semcom\/wp-content\/uploads\/sites\/5\/2025\/07\/Sorteio-Leiloeiros-2.jpeg\",\"contentUrl\":\"https:\/\/www.manaus.am.gov.br\/semcom\/wp-content\/uploads\/sites\/5\/2025\/07\/Sorteio-Leiloeiros-2.jpeg\",\"width\":4032,\"height\":3024,\"caption\":\"#paratodosverem - Representantes da Divis\u00e3o de Patrim\u00f4nio, da Semad, realizando sorteio para definir a ordem de atua\u00e7\u00e3o dos oito leiloeiros credenciados pela Prefeitura de Manaus\"},{\"@type\":\"WebSite\",\"@id\":\"https:\/\/www.manaus.am.gov.br\/semcom\/#website\",\"url\":\"https:\/\/www.manaus.am.gov.br\/semcom\/\",\"name\":\"SEMCOM\",\"description\":\"Secretaria Municipal de Comunica\u00e7\u00e3o\",\"potentialAction\":[{\"@type\":\"SearchAction\",\"target\":{\"@type\":\"EntryPoint\",\"urlTemplate\":\"https:\/\/www.manaus.am.gov.br\/semcom\/?s={search_term_string}\"},\"query-input\":\"required name=search_term_string\"}],\"inLanguage\":\"pt-BR\"},{\"@type\":\"Person\",\"@id\":\"https:\/\/www.manaus.am.gov.br\/semcom\/#\/schema\/person\/05d223aea2bf115f9883a6ff3683d81b\",\"name\":\"Bruna Greco\",\"image\":{\"@type\":\"ImageObject\",\"inLanguage\":\"pt-BR\",\"@id\":\"https:\/\/www.manaus.am.gov.br\/semcom\/#\/schema\/person\/image\/\",\"url\":\"https:\/\/secure.gravatar.com\/avatar\/9c877d1a6adc2a055330e5c09a8653ce?s=96&d=mm&r=g\",\"contentUrl\":\"https:\/\/secure.gravatar.com\/avatar\/9c877d1a6adc2a055330e5c09a8653ce?s=96&d=mm&r=g\",\"caption\":\"Bruna Greco\"}}]}<\/script>\n<!-- \/ Yoast SEO plugin. -->","yoast_head_json":{"title":"Ordem de atua\u00e7\u00e3o dos leiloeiros credenciados pela prefeitura","description":"Sorteio define ordem de atua\u00e7\u00e3o dos leiloeiros credenciados pela Prefeitura de Manaus, por meio da Semad, nesta segunda-feira, 21\/7.","robots":{"index":"index","follow":"follow","max-snippet":"max-snippet:-1","max-image-preview":"max-image-preview:large","max-video-preview":"max-video-preview:-1"},"canonical":"https:\/\/www.manaus.am.gov.br\/semcom\/ordem-leiloeiros-credenciados-prefeitura\/","og_locale":"pt_BR","og_type":"article","og_title":"Ordem de atua\u00e7\u00e3o dos leiloeiros credenciados pela prefeitura","og_description":"Sorteio define ordem de atua\u00e7\u00e3o dos leiloeiros credenciados pela Prefeitura de Manaus, por meio da Semad, nesta segunda-feira, 21\/7.","og_url":"https:\/\/www.manaus.am.gov.br\/semcom\/ordem-leiloeiros-credenciados-prefeitura\/","og_site_name":"SEMCOM","article_published_time":"2025-07-21T21:44:26+00:00","og_image":[{"width":4032,"height":3024,"url":"https:\/\/www.manaus.am.gov.br\/semcom\/wp-content\/uploads\/sites\/5\/2025\/07\/Sorteio-Leiloeiros-2.jpeg","type":"image\/jpeg"}],"author":"Bruna Greco","twitter_card":"summary_large_image","twitter_misc":{"Written by":"Bruna Greco","Est. reading time":"3 minutos"},"schema":{"@context":"https:\/\/schema.org","@graph":[{"@type":"WebPage","@id":"https:\/\/www.manaus.am.gov.br\/semcom\/ordem-leiloeiros-credenciados-prefeitura\/","url":"https:\/\/www.manaus.am.gov.br\/semcom\/ordem-leiloeiros-credenciados-prefeitura\/","name":"Ordem de atua\u00e7\u00e3o dos leiloeiros credenciados pela prefeitura","isPartOf":{"@id":"https:\/\/www.manaus.am.gov.br\/semcom\/#website"},"primaryImageOfPage":{"@id":"https:\/\/www.manaus.am.gov.br\/semcom\/ordem-leiloeiros-credenciados-prefeitura\/#primaryimage"},"image":{"@id":"https:\/\/www.manaus.am.gov.br\/semcom\/ordem-leiloeiros-credenciados-prefeitura\/#primaryimage"},"thumbnailUrl":"https:\/\/www.manaus.am.gov.br\/semcom\/wp-content\/uploads\/sites\/5\/2025\/07\/Sorteio-Leiloeiros-2.jpeg","datePublished":"2025-07-21T21:44:26+00:00","dateModified":"2025-07-21T21:44:26+00:00","author":{"@id":"https:\/\/www.manaus.am.gov.br\/semcom\/#\/schema\/person\/05d223aea2bf115f9883a6ff3683d81b"},"description":"Sorteio define ordem de atua\u00e7\u00e3o dos leiloeiros credenciados pela Prefeitura de Manaus, por meio da Semad, nesta segunda-feira, 21\/7.","inLanguage":"pt-BR","potentialAction":[{"@type":"ReadAction","target":["https:\/\/www.manaus.am.gov.br\/semcom\/ordem-leiloeiros-credenciados-prefeitura\/"]}]},{"@type":"ImageObject","inLanguage":"pt-BR","@id":"https:\/\/www.manaus.am.gov.br\/semcom\/ordem-leiloeiros-credenciados-prefeitura\/#primaryimage","url":"https:\/\/www.manaus.am.gov.br\/semcom\/wp-content\/uploads\/sites\/5\/2025\/07\/Sorteio-Leiloeiros-2.jpeg","contentUrl":"https:\/\/www.manaus.am.gov.br\/semcom\/wp-content\/uploads\/sites\/5\/2025\/07\/Sorteio-Leiloeiros-2.jpeg","width":4032,"height":3024,"caption":"#paratodosverem - Representantes da Divis\u00e3o de Patrim\u00f4nio, da Semad, realizando sorteio para definir a ordem de atua\u00e7\u00e3o dos oito leiloeiros credenciados pela Prefeitura de Manaus"},{"@type":"WebSite","@id":"https:\/\/www.manaus.am.gov.br\/semcom\/#website","url":"https:\/\/www.manaus.am.gov.br\/semcom\/","name":"SEMCOM","description":"Secretaria Municipal de Comunica\u00e7\u00e3o","potentialAction":[{"@type":"SearchAction","target":{"@type":"EntryPoint","urlTemplate":"https:\/\/www.manaus.am.gov.br\/semcom\/?s={search_term_string}"},"query-input":"required name=search_term_string"}],"inLanguage":"pt-BR"},{"@type":"Person","@id":"https:\/\/www.manaus.am.gov.br\/semcom\/#\/schema\/person\/05d223aea2bf115f9883a6ff3683d81b","name":"Bruna Greco","image":{"@type":"ImageObject","inLanguage":"pt-BR","@id":"https:\/\/www.manaus.am.gov.br\/semcom\/#\/schema\/person\/image\/","url":"https:\/\/secure.gravatar.com\/avatar\/9c877d1a6adc2a055330e5c09a8653ce?s=96&d=mm&r=g","contentUrl":"https:\/\/secure.gravatar.com\/avatar\/9c877d1a6adc2a055330e5c09a8653ce?s=96&d=mm&r=g","caption":"Bruna Greco"}}]}},"_links":{"self":[{"href":"https:\/\/www.manaus.am.gov.br\/semcom\/wp-json\/wp\/v2\/posts\/242411"}],"collection":[{"href":"https:\/\/www.manaus.am.gov.br\/semcom\/wp-json\/wp\/v2\/posts"}],"about":[{"href":"https:\/\/www.manaus.am.gov.br\/semcom\/wp-json\/wp\/v2\/types\/post"}],"author":[{"embeddable":true,"href":"https:\/\/www.manaus.am.gov.br\/semcom\/wp-json\/wp\/v2\/users\/39"}],"replies":[{"embeddable":true,"href":"https:\/\/www.manaus.am.gov.br\/semcom\/wp-json\/wp\/v2\/comments?post=242411"}],"version-history":[{"count":1,"href":"https:\/\/www.manaus.am.gov.br\/semcom\/wp-json\/wp\/v2\/posts\/242411\/revisions"}],"predecessor-version":[{"id":242414,"href":"https:\/\/www.manaus.am.gov.br\/semcom\/wp-json\/wp\/v2\/posts\/242411\/revisions\/242414"}],"wp:featuredmedia":[{"embeddable":true,"href":"https:\/\/www.manaus.am.gov.br\/semcom\/wp-json\/wp\/v2\/media\/242412"}],"wp:attachment":[{"href":"https:\/\/www.manaus.am.gov.br\/semcom\/wp-json\/wp\/v2\/media?parent=242411"}],"wp:term":[{"taxonomy":"category","embeddable":true,"href":"https:\/\/www.manaus.am.gov.br\/semcom\/wp-json\/wp\/v2\/categories?post=242411"},{"taxonomy":"post_tag","embeddable":true,"href":"https:\/\/www.manaus.am.gov.br\/semcom\/wp-json\/wp\/v2\/tags?post=242411"}],"curies":[{"name":"wp","href":"https:\/\/api.w.org\/{rel}","templated":true}]}}