{"id":242405,"date":"2025-07-21T17:11:55","date_gmt":"2025-07-21T21:11:55","guid":{"rendered":"https:\/\/www.manaus.am.gov.br\/semcom\/20-anos-manaus-previdencia\/"},"modified":"2025-07-21T17:11:55","modified_gmt":"2025-07-21T21:11:55","slug":"20-anos-manaus-previdencia","status":"publish","type":"post","link":"https:\/\/www.manaus.am.gov.br\/semcom\/20-anos-manaus-previdencia\/","title":{"rendered":"Prefeitura celebra 20 anos da Manaus Previd\u00eancia com avan\u00e7os digitais e excel\u00eancia na gest\u00e3o p\u00fablica"},"content":{"rendered":"\n<p>A Prefeitura de Manaus comemora, nesta segunda-feira, 21\/7, os 20 anos de atividades da Manaus Previd\u00eancia, Regime Pr\u00f3prio de Previd\u00eancia Social (RPPS) que serve de exemplo para todo o Brasil. S\u00e3o v\u00e1rias conquistas durante esse per\u00edodo, com destaque para as inova\u00e7\u00f5es digitais que facilitam a vida de 7.475 aposentados, 1.966 pensionistas e, ainda, 20.975 servidores ativos.<\/p>\n\n\n\n<p>\u201cTodos os esfor\u00e7os da Prefeitura de Manaus em tornar e manter a Manaus Previd\u00eancia entre as melhores do Brasil, valem muito a pena, pois nossos segurados e benefici\u00e1rios se sentem seguros e satisfeitos\u201d, destaca a diretora-presidente da autarquia, Daniela Benayon.<\/p>\n\n\n\n<p>Devido ao sistema de Gest\u00e3o da Qualidade adotado, a Manaus Previd\u00eancia \u00e9 reconhecida no Brasil, o que lhe rendeu, desde 2016, 24 premia\u00e7\u00f5es previdenci\u00e1rias em n\u00edvel nacional.<\/p>\n\n\n\n<p><strong>Inova\u00e7\u00e3o<\/strong><\/p>\n\n\n\n<p>As a\u00e7\u00f5es inovadoras e avan\u00e7os digitais v\u00eam se destacando e t\u00eam transformado a experi\u00eancia dos segurados e benefici\u00e1rios, pois facilita o acesso aos servi\u00e7os, como \u00e9 o caso do \u201cRecadastramento Anual Obrigat\u00f3rio\u201d que pode ser feito via internet no site da autarquia.<\/p>\n\n\n\n<p>Outras iniciativas digitais lan\u00e7adas recentemente s\u00e3o o agendamento e a \u201cSolicita\u00e7\u00e3o On-Line de Pens\u00e3o por Morte\u201d, al\u00e9m do assistente virtual \u201cAm\u00e9rico\u201d, que tira-d\u00favidas previdenci\u00e1rias e encaminha para os devidos servi\u00e7os dispon\u00edveis no site da Manausprev.<\/p>\n\n\n\n<p><strong>Qualidade reconhecida<\/strong><\/p>\n\n\n\n<p>Outro marco recente foi a auditoria interna do Sistema de Gest\u00e3o da Qualidade, realizada no in\u00edcio de julho deste ano, que refor\u00e7a o compromisso da institui\u00e7\u00e3o com a excel\u00eancia.<\/p>\n\n\n\n<p>A Manaus Previd\u00eancia possui certifica\u00e7\u00e3o ISO 9001 e do Pr\u00f3-Gest\u00e3o no n\u00edvel 4, o mais alto, sendo uma das poucas institui\u00e7\u00f5es do pa\u00eds com esse selo de qualidade em servi\u00e7os previdenci\u00e1rios.<\/p>\n\n\n\n<p><strong>Transpar\u00eancia, boa governan\u00e7a e investimentos<\/strong><\/p>\n\n\n\n<p>A institui\u00e7\u00e3o segue investindo em governan\u00e7a p\u00fablica, com publica\u00e7\u00e3o peri\u00f3dica de relat\u00f3rios de gest\u00e3o e resultados. Em abril deste ano, foi divulgado o Relat\u00f3rio de Governan\u00e7a referente ao primeiro trimestre deste ano, refor\u00e7ando pr\u00e1ticas como presta\u00e7\u00e3o de contas, equil\u00edbrio financeiro e sustentabilidade atuarial.<\/p>\n\n\n\n<p>Ao final do primeiro semestre deste ano, a carteira de investimentos da Manaus Previd\u00eancia atingiu o valor total de R$ 1.968.785.416,88, o que representa um acr\u00e9scimo de 14,05% em rela\u00e7\u00e3o ao fechamento de dezembro de 2024.<\/p>\n\n\n\n<p>Esse crescimento acima da meta atuarial, permite que o plano permane\u00e7a equilibrado atuarialmente, gerando solidez e seguran\u00e7a para os nossos segurados. Essas a\u00e7\u00f5es garantem n\u00e3o apenas o cumprimento da legisla\u00e7\u00e3o, mas tamb\u00e9m a confian\u00e7a dos servidores ativos, aposentados e pensionistas, no futuro de suas aposentadorias.<\/p>\n\n\n\n<p><strong>Comunica\u00e7\u00e3o pr\u00f3xima<\/strong><\/p>\n\n\n\n<p>Com forte presen\u00e7a digital, a Manaus Previd\u00eancia mant\u00e9m seus segurados bem informados por meio de redes sociais e campanhas on-line, al\u00e9m de informativos importantes por meio do&nbsp;<em>call center<\/em>&nbsp;e do setor Psicossocial.<\/p>\n\n\n\n<p>Orienta\u00e7\u00f5es sobre prazos, agendamentos, direitos e deveres s\u00e3o divulgadas com linguagem clara e acess\u00edvel, aproximando a institui\u00e7\u00e3o dos cidad\u00e3os.<\/p>\n\n\n\n<p><strong>Programas psicossociais<\/strong><\/p>\n\n\n\n<p>O setor Psicossocial da Manaus Previd\u00eancia \u00e9 um dos pilares mais ativos da institui\u00e7\u00e3o, respons\u00e1vel por desenvolver e executar programas voltados \u00e0 promo\u00e7\u00e3o da sa\u00fade emocional, bem-estar e qualidade de vida dos segurados. A atua\u00e7\u00e3o visa atender e informar de forma humanizada aposentados e rec\u00e9m-aposentados, pensionistas e servidores.<\/p>\n\n\n\n<p>Entre as iniciativas de destaque, est\u00e1 o programa \u201cVitalidade\u201d, que oferta cursos, oficinas e treinamentos voltados ao est\u00edmulo do envelhecimento ativo, integra\u00e7\u00e3o social e desenvolvimento de novas habilidades para aposentados.<\/p>\n\n\n\n<p>O \u201cFeliz Vida Nova\u201d \u00e9 direcionado aos servidores que acabam de ingressar na aposentadoria, com a\u00e7\u00f5es de acolhimento, orienta\u00e7\u00e3o e adapta\u00e7\u00e3o a essa nova fase da vida.<\/p>\n\n\n\n<p>O \u201cPensando o Futuro\u201d tem foco nos jovens pensionistas, promovendo encontros e atividades que auxiliam na constru\u00e7\u00e3o de projetos de vida e planejamento profissional.<\/p>\n\n\n\n<p>O \u201cAcolher\u201d, voltado ao apoio emocional de pensionistas e servidores, especialmente os que enfrentam o luto. A iniciativa oferece escuta ativa e suporte psicol\u00f3gico, contribuindo para que esse momento delicado seja vivido de forma mais equilibrada.<\/p>\n\n\n\n<p>Esses programas reafirmam o compromisso da Manaus Previd\u00eancia com o cuidado integral ao segurado, indo al\u00e9m da gest\u00e3o previdenci\u00e1ria e atuando na valoriza\u00e7\u00e3o da vida e da sa\u00fade mental.<\/p>\n\n\n\n<p><strong>Duas d\u00e9cadas de compromisso com o futuro<\/strong><\/p>\n\n\n\n<p>Ao completar 20 anos, a Manaus Previd\u00eancia reafirma sua miss\u00e3o de proteger e assegurar os direitos previdenci\u00e1rios do servidor p\u00fablico municipal, sempre pautada na responsabilidade, inova\u00e7\u00e3o e humanidade.<\/p>\n\n\n\n<p>\u201cComo enfatiza o prefeito David Almeida, mais do que administrar aposentadorias, cuidamos de hist\u00f3rias. Com tecnologia, planejamento e empatia, estamos prontos para os pr\u00f3ximos 20 anos\u201d, ressalta Benayon.<\/p>\n\n\n\n<figure class=\"wp-block-image size-large\"><img loading=\"lazy\" decoding=\"async\" width=\"1024\" height=\"768\" src=\"https:\/\/www.manaus.am.gov.br\/semcom\/wp-content\/uploads\/sites\/5\/2025\/07\/20-anos-Manausprev-premiacos-1024x768.jpeg\" alt=\"\" class=\"wp-image-242407\" srcset=\"https:\/\/www.manaus.am.gov.br\/semcom\/wp-content\/uploads\/sites\/5\/2025\/07\/20-anos-Manausprev-premiacos-1024x768.jpeg 1024w, https:\/\/www.manaus.am.gov.br\/semcom\/wp-content\/uploads\/sites\/5\/2025\/07\/20-anos-Manausprev-premiacos-300x225.jpeg 300w, https:\/\/www.manaus.am.gov.br\/semcom\/wp-content\/uploads\/sites\/5\/2025\/07\/20-anos-Manausprev-premiacos-768x576.jpeg 768w, https:\/\/www.manaus.am.gov.br\/semcom\/wp-content\/uploads\/sites\/5\/2025\/07\/20-anos-Manausprev-premiacos-1536x1152.jpeg 1536w, https:\/\/www.manaus.am.gov.br\/semcom\/wp-content\/uploads\/sites\/5\/2025\/07\/20-anos-Manausprev-premiacos.jpeg 1600w\" sizes=\"(max-width: 1024px) 100vw, 1024px\" \/><\/figure>\n\n\n\n<p>&#8212; &#8212; &#8212;<\/p>\n\n\n\n<p><strong>Texto\u00a0<\/strong>\u2013 Renata Felix\/Manaus Previd\u00eancia<\/p>\n\n\n\n<p><strong>Fotos<\/strong>\u00a0\u2013 Divulga\u00e7\u00e3o\/Manaus Previd\u00eancia<\/p>\n","protected":false},"excerpt":{"rendered":"","protected":false},"author":39,"featured_media":242406,"comment_status":"closed","ping_status":"closed","sticky":false,"template":"","format":"standard","meta":{"footnotes":""},"categories":[166],"tags":[15857,15858,5145,15859,228,77],"acf":[],"yoast_head":"<!-- This site is optimized with the Yoast SEO plugin v23.0 - https:\/\/yoast.com\/wordpress\/plugins\/seo\/ -->\n<title>Prefeitura celebra 20 anos da Manaus Previd\u00eancia<\/title>\n<meta name=\"description\" content=\"Prefeitura de Manaus celebra 20 anos da Manaus Previd\u00eancia com avan\u00e7os digitais e excel\u00eancia na gest\u00e3o p\u00fablica.\" \/>\n<meta name=\"robots\" content=\"index, follow, max-snippet:-1, max-image-preview:large, max-video-preview:-1\" \/>\n<link rel=\"canonical\" href=\"https:\/\/www.manaus.am.gov.br\/semcom\/20-anos-manaus-previdencia\/\" \/>\n<meta property=\"og:locale\" content=\"pt_BR\" \/>\n<meta property=\"og:type\" content=\"article\" \/>\n<meta property=\"og:title\" content=\"Prefeitura celebra 20 anos da Manaus Previd\u00eancia\" \/>\n<meta property=\"og:description\" content=\"Prefeitura de Manaus celebra 20 anos da Manaus Previd\u00eancia com avan\u00e7os digitais e excel\u00eancia na gest\u00e3o p\u00fablica.\" \/>\n<meta property=\"og:url\" content=\"https:\/\/www.manaus.am.gov.br\/semcom\/20-anos-manaus-previdencia\/\" \/>\n<meta property=\"og:site_name\" content=\"SEMCOM\" \/>\n<meta property=\"article:published_time\" content=\"2025-07-21T21:11:55+00:00\" \/>\n<meta property=\"og:image\" content=\"https:\/\/www.manaus.am.gov.br\/semcom\/wp-content\/uploads\/sites\/5\/2025\/07\/20-anos-Manausprev-1024x575.jpg\" \/>\n\t<meta property=\"og:image:width\" content=\"1024\" \/>\n\t<meta property=\"og:image:height\" content=\"575\" \/>\n\t<meta property=\"og:image:type\" content=\"image\/jpeg\" \/>\n<meta name=\"author\" content=\"Bruna Greco\" \/>\n<meta name=\"twitter:card\" content=\"summary_large_image\" \/>\n<meta name=\"twitter:label1\" content=\"Written by\" \/>\n\t<meta name=\"twitter:data1\" content=\"Bruna Greco\" \/>\n\t<meta name=\"twitter:label2\" content=\"Est. reading time\" \/>\n\t<meta name=\"twitter:data2\" content=\"5 minutos\" \/>\n<script type=\"application\/ld+json\" class=\"yoast-schema-graph\">{\"@context\":\"https:\/\/schema.org\",\"@graph\":[{\"@type\":\"WebPage\",\"@id\":\"https:\/\/www.manaus.am.gov.br\/semcom\/20-anos-manaus-previdencia\/\",\"url\":\"https:\/\/www.manaus.am.gov.br\/semcom\/20-anos-manaus-previdencia\/\",\"name\":\"Prefeitura celebra 20 anos da Manaus Previd\u00eancia\",\"isPartOf\":{\"@id\":\"https:\/\/www.manaus.am.gov.br\/semcom\/#website\"},\"primaryImageOfPage\":{\"@id\":\"https:\/\/www.manaus.am.gov.br\/semcom\/20-anos-manaus-previdencia\/#primaryimage\"},\"image\":{\"@id\":\"https:\/\/www.manaus.am.gov.br\/semcom\/20-anos-manaus-previdencia\/#primaryimage\"},\"thumbnailUrl\":\"https:\/\/www.manaus.am.gov.br\/semcom\/wp-content\/uploads\/sites\/5\/2025\/07\/20-anos-Manausprev.jpg\",\"datePublished\":\"2025-07-21T21:11:55+00:00\",\"dateModified\":\"2025-07-21T21:11:55+00:00\",\"author\":{\"@id\":\"https:\/\/www.manaus.am.gov.br\/semcom\/#\/schema\/person\/05d223aea2bf115f9883a6ff3683d81b\"},\"description\":\"Prefeitura de Manaus celebra 20 anos da Manaus Previd\u00eancia com avan\u00e7os digitais e excel\u00eancia na gest\u00e3o p\u00fablica.\",\"inLanguage\":\"pt-BR\",\"potentialAction\":[{\"@type\":\"ReadAction\",\"target\":[\"https:\/\/www.manaus.am.gov.br\/semcom\/20-anos-manaus-previdencia\/\"]}]},{\"@type\":\"ImageObject\",\"inLanguage\":\"pt-BR\",\"@id\":\"https:\/\/www.manaus.am.gov.br\/semcom\/20-anos-manaus-previdencia\/#primaryimage\",\"url\":\"https:\/\/www.manaus.am.gov.br\/semcom\/wp-content\/uploads\/sites\/5\/2025\/07\/20-anos-Manausprev.jpg\",\"contentUrl\":\"https:\/\/www.manaus.am.gov.br\/semcom\/wp-content\/uploads\/sites\/5\/2025\/07\/20-anos-Manausprev.jpg\",\"width\":6000,\"height\":3368,\"caption\":\"#paratodosverem - Servidores da Manaus Previd\u00eancia celebrando com palmas os 20 anos da autarquia\"},{\"@type\":\"WebSite\",\"@id\":\"https:\/\/www.manaus.am.gov.br\/semcom\/#website\",\"url\":\"https:\/\/www.manaus.am.gov.br\/semcom\/\",\"name\":\"SEMCOM\",\"description\":\"Secretaria Municipal de Comunica\u00e7\u00e3o\",\"potentialAction\":[{\"@type\":\"SearchAction\",\"target\":{\"@type\":\"EntryPoint\",\"urlTemplate\":\"https:\/\/www.manaus.am.gov.br\/semcom\/?s={search_term_string}\"},\"query-input\":\"required name=search_term_string\"}],\"inLanguage\":\"pt-BR\"},{\"@type\":\"Person\",\"@id\":\"https:\/\/www.manaus.am.gov.br\/semcom\/#\/schema\/person\/05d223aea2bf115f9883a6ff3683d81b\",\"name\":\"Bruna Greco\",\"image\":{\"@type\":\"ImageObject\",\"inLanguage\":\"pt-BR\",\"@id\":\"https:\/\/www.manaus.am.gov.br\/semcom\/#\/schema\/person\/image\/\",\"url\":\"https:\/\/secure.gravatar.com\/avatar\/9c877d1a6adc2a055330e5c09a8653ce?s=96&d=mm&r=g\",\"contentUrl\":\"https:\/\/secure.gravatar.com\/avatar\/9c877d1a6adc2a055330e5c09a8653ce?s=96&d=mm&r=g\",\"caption\":\"Bruna Greco\"}}]}<\/script>\n<!-- \/ Yoast SEO plugin. -->","yoast_head_json":{"title":"Prefeitura celebra 20 anos da Manaus Previd\u00eancia","description":"Prefeitura de Manaus celebra 20 anos da Manaus Previd\u00eancia com avan\u00e7os digitais e excel\u00eancia na gest\u00e3o p\u00fablica.","robots":{"index":"index","follow":"follow","max-snippet":"max-snippet:-1","max-image-preview":"max-image-preview:large","max-video-preview":"max-video-preview:-1"},"canonical":"https:\/\/www.manaus.am.gov.br\/semcom\/20-anos-manaus-previdencia\/","og_locale":"pt_BR","og_type":"article","og_title":"Prefeitura celebra 20 anos da Manaus Previd\u00eancia","og_description":"Prefeitura de Manaus celebra 20 anos da Manaus Previd\u00eancia com avan\u00e7os digitais e excel\u00eancia na gest\u00e3o p\u00fablica.","og_url":"https:\/\/www.manaus.am.gov.br\/semcom\/20-anos-manaus-previdencia\/","og_site_name":"SEMCOM","article_published_time":"2025-07-21T21:11:55+00:00","og_image":[{"width":1024,"height":575,"url":"https:\/\/www.manaus.am.gov.br\/semcom\/wp-content\/uploads\/sites\/5\/2025\/07\/20-anos-Manausprev-1024x575.jpg","type":"image\/jpeg"}],"author":"Bruna Greco","twitter_card":"summary_large_image","twitter_misc":{"Written by":"Bruna Greco","Est. reading time":"5 minutos"},"schema":{"@context":"https:\/\/schema.org","@graph":[{"@type":"WebPage","@id":"https:\/\/www.manaus.am.gov.br\/semcom\/20-anos-manaus-previdencia\/","url":"https:\/\/www.manaus.am.gov.br\/semcom\/20-anos-manaus-previdencia\/","name":"Prefeitura celebra 20 anos da Manaus Previd\u00eancia","isPartOf":{"@id":"https:\/\/www.manaus.am.gov.br\/semcom\/#website"},"primaryImageOfPage":{"@id":"https:\/\/www.manaus.am.gov.br\/semcom\/20-anos-manaus-previdencia\/#primaryimage"},"image":{"@id":"https:\/\/www.manaus.am.gov.br\/semcom\/20-anos-manaus-previdencia\/#primaryimage"},"thumbnailUrl":"https:\/\/www.manaus.am.gov.br\/semcom\/wp-content\/uploads\/sites\/5\/2025\/07\/20-anos-Manausprev.jpg","datePublished":"2025-07-21T21:11:55+00:00","dateModified":"2025-07-21T21:11:55+00:00","author":{"@id":"https:\/\/www.manaus.am.gov.br\/semcom\/#\/schema\/person\/05d223aea2bf115f9883a6ff3683d81b"},"description":"Prefeitura de Manaus celebra 20 anos da Manaus Previd\u00eancia com avan\u00e7os digitais e excel\u00eancia na gest\u00e3o p\u00fablica.","inLanguage":"pt-BR","potentialAction":[{"@type":"ReadAction","target":["https:\/\/www.manaus.am.gov.br\/semcom\/20-anos-manaus-previdencia\/"]}]},{"@type":"ImageObject","inLanguage":"pt-BR","@id":"https:\/\/www.manaus.am.gov.br\/semcom\/20-anos-manaus-previdencia\/#primaryimage","url":"https:\/\/www.manaus.am.gov.br\/semcom\/wp-content\/uploads\/sites\/5\/2025\/07\/20-anos-Manausprev.jpg","contentUrl":"https:\/\/www.manaus.am.gov.br\/semcom\/wp-content\/uploads\/sites\/5\/2025\/07\/20-anos-Manausprev.jpg","width":6000,"height":3368,"caption":"#paratodosverem - Servidores da Manaus Previd\u00eancia celebrando com palmas os 20 anos da autarquia"},{"@type":"WebSite","@id":"https:\/\/www.manaus.am.gov.br\/semcom\/#website","url":"https:\/\/www.manaus.am.gov.br\/semcom\/","name":"SEMCOM","description":"Secretaria Municipal de Comunica\u00e7\u00e3o","potentialAction":[{"@type":"SearchAction","target":{"@type":"EntryPoint","urlTemplate":"https:\/\/www.manaus.am.gov.br\/semcom\/?s={search_term_string}"},"query-input":"required name=search_term_string"}],"inLanguage":"pt-BR"},{"@type":"Person","@id":"https:\/\/www.manaus.am.gov.br\/semcom\/#\/schema\/person\/05d223aea2bf115f9883a6ff3683d81b","name":"Bruna Greco","image":{"@type":"ImageObject","inLanguage":"pt-BR","@id":"https:\/\/www.manaus.am.gov.br\/semcom\/#\/schema\/person\/image\/","url":"https:\/\/secure.gravatar.com\/avatar\/9c877d1a6adc2a055330e5c09a8653ce?s=96&d=mm&r=g","contentUrl":"https:\/\/secure.gravatar.com\/avatar\/9c877d1a6adc2a055330e5c09a8653ce?s=96&d=mm&r=g","caption":"Bruna Greco"}}]}},"_links":{"self":[{"href":"https:\/\/www.manaus.am.gov.br\/semcom\/wp-json\/wp\/v2\/posts\/242405"}],"collection":[{"href":"https:\/\/www.manaus.am.gov.br\/semcom\/wp-json\/wp\/v2\/posts"}],"about":[{"href":"https:\/\/www.manaus.am.gov.br\/semcom\/wp-json\/wp\/v2\/types\/post"}],"author":[{"embeddable":true,"href":"https:\/\/www.manaus.am.gov.br\/semcom\/wp-json\/wp\/v2\/users\/39"}],"replies":[{"embeddable":true,"href":"https:\/\/www.manaus.am.gov.br\/semcom\/wp-json\/wp\/v2\/comments?post=242405"}],"version-history":[{"count":1,"href":"https:\/\/www.manaus.am.gov.br\/semcom\/wp-json\/wp\/v2\/posts\/242405\/revisions"}],"predecessor-version":[{"id":242408,"href":"https:\/\/www.manaus.am.gov.br\/semcom\/wp-json\/wp\/v2\/posts\/242405\/revisions\/242408"}],"wp:featuredmedia":[{"embeddable":true,"href":"https:\/\/www.manaus.am.gov.br\/semcom\/wp-json\/wp\/v2\/media\/242406"}],"wp:attachment":[{"href":"https:\/\/www.manaus.am.gov.br\/semcom\/wp-json\/wp\/v2\/media?parent=242405"}],"wp:term":[{"taxonomy":"category","embeddable":true,"href":"https:\/\/www.manaus.am.gov.br\/semcom\/wp-json\/wp\/v2\/categories?post=242405"},{"taxonomy":"post_tag","embeddable":true,"href":"https:\/\/www.manaus.am.gov.br\/semcom\/wp-json\/wp\/v2\/tags?post=242405"}],"curies":[{"name":"wp","href":"https:\/\/api.w.org\/{rel}","templated":true}]}}