{"id":242403,"date":"2025-07-21T17:57:59","date_gmt":"2025-07-21T20:57:59","guid":{"rendered":"https:\/\/www.manaus.am.gov.br\/semcom\/justica-restaurativa-nas-escolas-municipais\/"},"modified":"2025-07-21T17:58:01","modified_gmt":"2025-07-21T20:58:01","slug":"justica-restaurativa-nas-escolas-municipais","status":"publish","type":"post","link":"https:\/\/www.manaus.am.gov.br\/semcom\/justica-restaurativa-nas-escolas-municipais\/","title":{"rendered":"Prefeitura de Manaus e TJ-AM refor\u00e7am parceria para promover \u2018Justi\u00e7a Restaurativa\u2019 nas escolas municipais"},"content":{"rendered":"\n<p><br>A Prefeitura de Manaus e o Tribunal de Justi\u00e7a do Amazonas (TJ-AM) refor\u00e7aram, nesta segunda-feira, 21\/7, a parceria voltada \u00e0 promo\u00e7\u00e3o da \u201cJusti\u00e7a Restaurativa\u201d nas unidades de ensino da Secretaria Municipal de Educa\u00e7\u00e3o (Semed). Em reuni\u00e3o na sede do TJ-AM, o secret\u00e1rio da Semed, J\u00fanior Mar, e o presidente do Tribunal, desembargador Gilmar Fernandes, discutiram o fortalecimento das a\u00e7\u00f5es conjuntas e o avan\u00e7o da cultura de paz no ambiente escolar.<br><br>Durante o encontro, J\u00fanior Mar convidou oficialmente o presidente do TJ-AM para o 1\u00ba Workshop de Justi\u00e7a Restaurativa da Semed, previsto para novembro deste ano. O evento ser\u00e1 realizado no audit\u00f3rio do Tribunal e ser\u00e1 aberto ao p\u00fablico.<br><br>A colabora\u00e7\u00e3o entre as institui\u00e7\u00f5es, que j\u00e1 dura quatro anos, \u00e9 desenvolvida por meio do N\u00facleo de Parcerias Institucionais (NUP) da Semed, Escola Superior da Magistratura, da Escola Judici\u00e1ria e da Vara de Execu\u00e7\u00e3o de Medidas Socioeducativas. As a\u00e7\u00f5es visam implantar pr\u00e1ticas restaurativas como alternativa para a resolu\u00e7\u00e3o de conflitos escolares, promovendo o respeito m\u00fatuo e prevenindo situa\u00e7\u00f5es de viol\u00eancia.<br><br>O titular da Semed destacou o impacto positivo do projeto no ambiente escolar. \u201cHoje, j\u00e1 temos 40 professores formados em Justi\u00e7a Restaurativa e aplicando as t\u00e9cnicas nas escolas municipais. Atendemos \u00e0 orienta\u00e7\u00e3o do prefeito David Almeida de promover um trabalho integrado, unindo a atua\u00e7\u00e3o t\u00e9cnica da educa\u00e7\u00e3o com a experi\u00eancia do Tribunal de Justi\u00e7a, visando a preven\u00e7\u00e3o de conflitos. Nosso objetivo \u00e9 construir uma rotina escolar mais saud\u00e1vel, evitando que situa\u00e7\u00f5es de atritos ganhem espa\u00e7o\u201d, afirmou J\u00fanior Mar.<br><br>O juiz Lu\u00eds Cl\u00e1udio Chaves, titular da Vara de Execu\u00e7\u00e3o de Medidas Socioeducativas, tamb\u00e9m refor\u00e7ou a import\u00e2ncia da parceria, principalmente no enfrentamento ao bullying, que \u00e9 uma das principais causas da viol\u00eancia nas escolas.<br><br>\u201cEssa parceria busca antecipar os problemas e resolv\u00ea-los ainda no ambiente escolar. O bullying, por exemplo, est\u00e1 na origem de grande parte dos epis\u00f3dios de viol\u00eancia. Por isso, estamos entregando essa ferramenta para que os professores conduzam essa pol\u00edtica nas escolas, com o suporte do tribunal. Quem melhor entende a din\u00e2mica com os estudantes s\u00e3o os profissionais da educa\u00e7\u00e3o\u201d, afirmou o magistrado.<br><br>Nos \u00faltimos dois anos, cerca de 136 escolas e 700 estudantes j\u00e1 foram diretamente impactados por palestras e outras a\u00e7\u00f5es educativas realizadas por meio da parceria. Mais detalhes sobre o workshop ser\u00e3o divulgados nos pr\u00f3ximos meses.<\/p>\n\n\n\n<p><br>\u2014 \u2014 \u2014<br><strong>Texto &#8211; <\/strong>Moara Cabral\/ Semed<br><strong>Fotos &#8211; <\/strong>&nbsp;M\u00e1rio Oliveira\/ Semed&nbsp;<\/p>\n","protected":false},"excerpt":{"rendered":"","protected":false},"author":68,"featured_media":242404,"comment_status":"closed","ping_status":"closed","sticky":false,"template":"","format":"standard","meta":{"footnotes":""},"categories":[636],"tags":[77,15856,62],"acf":[],"yoast_head":"<!-- This site is optimized with the Yoast SEO plugin v23.0 - https:\/\/yoast.com\/wordpress\/plugins\/seo\/ -->\n<title>Prefeitura de Manaus e TJ-AM refor\u00e7am parceria para promover \u2018Justi\u00e7a Restaurativa\u2019 nas escolas municipais<\/title>\n<meta name=\"description\" content=\"A Prefeitura de Manaus e o Tribunal de Justi\u00e7a do Amazonas (TJ-AM) refor\u00e7aram, nesta segunda-feira, 21\/7, a parceria voltada \u00e0 promo\u00e7\u00e3o da \u201cJusti\u00e7a Restaurativa\u201d nas unidades de ensino da Secretaria Municipal de Educa\u00e7\u00e3o (Semed).\" \/>\n<meta name=\"robots\" content=\"index, follow, max-snippet:-1, max-image-preview:large, max-video-preview:-1\" \/>\n<link rel=\"canonical\" href=\"https:\/\/www.manaus.am.gov.br\/semcom\/justica-restaurativa-nas-escolas-municipais\/\" \/>\n<meta property=\"og:locale\" content=\"pt_BR\" \/>\n<meta property=\"og:type\" content=\"article\" \/>\n<meta property=\"og:title\" content=\"Prefeitura de Manaus e TJ-AM refor\u00e7am parceria para promover \u2018Justi\u00e7a Restaurativa\u2019 nas escolas municipais\" \/>\n<meta property=\"og:description\" content=\"A Prefeitura de Manaus e o Tribunal de Justi\u00e7a do Amazonas (TJ-AM) refor\u00e7aram, nesta segunda-feira, 21\/7, a parceria voltada \u00e0 promo\u00e7\u00e3o da \u201cJusti\u00e7a Restaurativa\u201d nas unidades de ensino da Secretaria Municipal de Educa\u00e7\u00e3o (Semed).\" \/>\n<meta property=\"og:url\" content=\"https:\/\/www.manaus.am.gov.br\/semcom\/justica-restaurativa-nas-escolas-municipais\/\" \/>\n<meta property=\"og:site_name\" content=\"SEMCOM\" \/>\n<meta property=\"article:published_time\" content=\"2025-07-21T20:57:59+00:00\" \/>\n<meta property=\"article:modified_time\" content=\"2025-07-21T20:58:01+00:00\" \/>\n<meta property=\"og:image\" content=\"https:\/\/www.manaus.am.gov.br\/semcom\/wp-content\/uploads\/sites\/5\/2025\/07\/Prefeitura-de-Manaus-e-TJAM-reforcam-parceria-para-promover-\u2018Justica-Restaurativa-nas-escolas-municipais-2.jpg\" \/>\n\t<meta property=\"og:image:width\" content=\"799\" \/>\n\t<meta property=\"og:image:height\" content=\"533\" \/>\n\t<meta property=\"og:image:type\" content=\"image\/jpeg\" \/>\n<meta name=\"author\" content=\"bvalente\" \/>\n<meta name=\"twitter:card\" content=\"summary_large_image\" \/>\n<meta name=\"twitter:label1\" content=\"Written by\" \/>\n\t<meta name=\"twitter:data1\" content=\"bvalente\" \/>\n\t<meta name=\"twitter:label2\" content=\"Est. reading time\" \/>\n\t<meta name=\"twitter:data2\" content=\"3 minutos\" \/>\n<script type=\"application\/ld+json\" class=\"yoast-schema-graph\">{\"@context\":\"https:\/\/schema.org\",\"@graph\":[{\"@type\":\"WebPage\",\"@id\":\"https:\/\/www.manaus.am.gov.br\/semcom\/justica-restaurativa-nas-escolas-municipais\/\",\"url\":\"https:\/\/www.manaus.am.gov.br\/semcom\/justica-restaurativa-nas-escolas-municipais\/\",\"name\":\"Prefeitura de Manaus e TJ-AM refor\u00e7am parceria para promover \u2018Justi\u00e7a Restaurativa\u2019 nas escolas municipais\",\"isPartOf\":{\"@id\":\"https:\/\/www.manaus.am.gov.br\/semcom\/#website\"},\"primaryImageOfPage\":{\"@id\":\"https:\/\/www.manaus.am.gov.br\/semcom\/justica-restaurativa-nas-escolas-municipais\/#primaryimage\"},\"image\":{\"@id\":\"https:\/\/www.manaus.am.gov.br\/semcom\/justica-restaurativa-nas-escolas-municipais\/#primaryimage\"},\"thumbnailUrl\":\"https:\/\/www.manaus.am.gov.br\/semcom\/wp-content\/uploads\/sites\/5\/2025\/07\/Prefeitura-de-Manaus-e-TJAM-reforcam-parceria-para-promover-\u2018Justica-Restaurativa-nas-escolas-municipais-2.jpg\",\"datePublished\":\"2025-07-21T20:57:59+00:00\",\"dateModified\":\"2025-07-21T20:58:01+00:00\",\"author\":{\"@id\":\"https:\/\/www.manaus.am.gov.br\/semcom\/#\/schema\/person\/466a0e03ae4b6062809046bd560ac955\"},\"description\":\"A Prefeitura de Manaus e o Tribunal de Justi\u00e7a do Amazonas (TJ-AM) refor\u00e7aram, nesta segunda-feira, 21\/7, a parceria voltada \u00e0 promo\u00e7\u00e3o da \u201cJusti\u00e7a Restaurativa\u201d nas unidades de ensino da Secretaria Municipal de Educa\u00e7\u00e3o (Semed).\",\"inLanguage\":\"pt-BR\",\"potentialAction\":[{\"@type\":\"ReadAction\",\"target\":[\"https:\/\/www.manaus.am.gov.br\/semcom\/justica-restaurativa-nas-escolas-municipais\/\"]}]},{\"@type\":\"ImageObject\",\"inLanguage\":\"pt-BR\",\"@id\":\"https:\/\/www.manaus.am.gov.br\/semcom\/justica-restaurativa-nas-escolas-municipais\/#primaryimage\",\"url\":\"https:\/\/www.manaus.am.gov.br\/semcom\/wp-content\/uploads\/sites\/5\/2025\/07\/Prefeitura-de-Manaus-e-TJAM-reforcam-parceria-para-promover-\u2018Justica-Restaurativa-nas-escolas-municipais-2.jpg\",\"contentUrl\":\"https:\/\/www.manaus.am.gov.br\/semcom\/wp-content\/uploads\/sites\/5\/2025\/07\/Prefeitura-de-Manaus-e-TJAM-reforcam-parceria-para-promover-\u2018Justica-Restaurativa-nas-escolas-municipais-2.jpg\",\"width\":799,\"height\":533},{\"@type\":\"WebSite\",\"@id\":\"https:\/\/www.manaus.am.gov.br\/semcom\/#website\",\"url\":\"https:\/\/www.manaus.am.gov.br\/semcom\/\",\"name\":\"SEMCOM\",\"description\":\"Secretaria Municipal de Comunica\u00e7\u00e3o\",\"potentialAction\":[{\"@type\":\"SearchAction\",\"target\":{\"@type\":\"EntryPoint\",\"urlTemplate\":\"https:\/\/www.manaus.am.gov.br\/semcom\/?s={search_term_string}\"},\"query-input\":\"required name=search_term_string\"}],\"inLanguage\":\"pt-BR\"},{\"@type\":\"Person\",\"@id\":\"https:\/\/www.manaus.am.gov.br\/semcom\/#\/schema\/person\/466a0e03ae4b6062809046bd560ac955\",\"name\":\"bvalente\",\"image\":{\"@type\":\"ImageObject\",\"inLanguage\":\"pt-BR\",\"@id\":\"https:\/\/www.manaus.am.gov.br\/semcom\/#\/schema\/person\/image\/\",\"url\":\"https:\/\/secure.gravatar.com\/avatar\/3e69bc2b014bdad41adfec3a39de07d2?s=96&d=mm&r=g\",\"contentUrl\":\"https:\/\/secure.gravatar.com\/avatar\/3e69bc2b014bdad41adfec3a39de07d2?s=96&d=mm&r=g\",\"caption\":\"bvalente\"}}]}<\/script>\n<!-- \/ Yoast SEO plugin. -->","yoast_head_json":{"title":"Prefeitura de Manaus e TJ-AM refor\u00e7am parceria para promover \u2018Justi\u00e7a Restaurativa\u2019 nas escolas municipais","description":"A Prefeitura de Manaus e o Tribunal de Justi\u00e7a do Amazonas (TJ-AM) refor\u00e7aram, nesta segunda-feira, 21\/7, a parceria voltada \u00e0 promo\u00e7\u00e3o da \u201cJusti\u00e7a Restaurativa\u201d nas unidades de ensino da Secretaria Municipal de Educa\u00e7\u00e3o (Semed).","robots":{"index":"index","follow":"follow","max-snippet":"max-snippet:-1","max-image-preview":"max-image-preview:large","max-video-preview":"max-video-preview:-1"},"canonical":"https:\/\/www.manaus.am.gov.br\/semcom\/justica-restaurativa-nas-escolas-municipais\/","og_locale":"pt_BR","og_type":"article","og_title":"Prefeitura de Manaus e TJ-AM refor\u00e7am parceria para promover \u2018Justi\u00e7a Restaurativa\u2019 nas escolas municipais","og_description":"A Prefeitura de Manaus e o Tribunal de Justi\u00e7a do Amazonas (TJ-AM) refor\u00e7aram, nesta segunda-feira, 21\/7, a parceria voltada \u00e0 promo\u00e7\u00e3o da \u201cJusti\u00e7a Restaurativa\u201d nas unidades de ensino da Secretaria Municipal de Educa\u00e7\u00e3o (Semed).","og_url":"https:\/\/www.manaus.am.gov.br\/semcom\/justica-restaurativa-nas-escolas-municipais\/","og_site_name":"SEMCOM","article_published_time":"2025-07-21T20:57:59+00:00","article_modified_time":"2025-07-21T20:58:01+00:00","og_image":[{"width":799,"height":533,"url":"https:\/\/www.manaus.am.gov.br\/semcom\/wp-content\/uploads\/sites\/5\/2025\/07\/Prefeitura-de-Manaus-e-TJAM-reforcam-parceria-para-promover-\u2018Justica-Restaurativa-nas-escolas-municipais-2.jpg","type":"image\/jpeg"}],"author":"bvalente","twitter_card":"summary_large_image","twitter_misc":{"Written by":"bvalente","Est. reading time":"3 minutos"},"schema":{"@context":"https:\/\/schema.org","@graph":[{"@type":"WebPage","@id":"https:\/\/www.manaus.am.gov.br\/semcom\/justica-restaurativa-nas-escolas-municipais\/","url":"https:\/\/www.manaus.am.gov.br\/semcom\/justica-restaurativa-nas-escolas-municipais\/","name":"Prefeitura de Manaus e TJ-AM refor\u00e7am parceria para promover \u2018Justi\u00e7a Restaurativa\u2019 nas escolas municipais","isPartOf":{"@id":"https:\/\/www.manaus.am.gov.br\/semcom\/#website"},"primaryImageOfPage":{"@id":"https:\/\/www.manaus.am.gov.br\/semcom\/justica-restaurativa-nas-escolas-municipais\/#primaryimage"},"image":{"@id":"https:\/\/www.manaus.am.gov.br\/semcom\/justica-restaurativa-nas-escolas-municipais\/#primaryimage"},"thumbnailUrl":"https:\/\/www.manaus.am.gov.br\/semcom\/wp-content\/uploads\/sites\/5\/2025\/07\/Prefeitura-de-Manaus-e-TJAM-reforcam-parceria-para-promover-\u2018Justica-Restaurativa-nas-escolas-municipais-2.jpg","datePublished":"2025-07-21T20:57:59+00:00","dateModified":"2025-07-21T20:58:01+00:00","author":{"@id":"https:\/\/www.manaus.am.gov.br\/semcom\/#\/schema\/person\/466a0e03ae4b6062809046bd560ac955"},"description":"A Prefeitura de Manaus e o Tribunal de Justi\u00e7a do Amazonas (TJ-AM) refor\u00e7aram, nesta segunda-feira, 21\/7, a parceria voltada \u00e0 promo\u00e7\u00e3o da \u201cJusti\u00e7a Restaurativa\u201d nas unidades de ensino da Secretaria Municipal de Educa\u00e7\u00e3o (Semed).","inLanguage":"pt-BR","potentialAction":[{"@type":"ReadAction","target":["https:\/\/www.manaus.am.gov.br\/semcom\/justica-restaurativa-nas-escolas-municipais\/"]}]},{"@type":"ImageObject","inLanguage":"pt-BR","@id":"https:\/\/www.manaus.am.gov.br\/semcom\/justica-restaurativa-nas-escolas-municipais\/#primaryimage","url":"https:\/\/www.manaus.am.gov.br\/semcom\/wp-content\/uploads\/sites\/5\/2025\/07\/Prefeitura-de-Manaus-e-TJAM-reforcam-parceria-para-promover-\u2018Justica-Restaurativa-nas-escolas-municipais-2.jpg","contentUrl":"https:\/\/www.manaus.am.gov.br\/semcom\/wp-content\/uploads\/sites\/5\/2025\/07\/Prefeitura-de-Manaus-e-TJAM-reforcam-parceria-para-promover-\u2018Justica-Restaurativa-nas-escolas-municipais-2.jpg","width":799,"height":533},{"@type":"WebSite","@id":"https:\/\/www.manaus.am.gov.br\/semcom\/#website","url":"https:\/\/www.manaus.am.gov.br\/semcom\/","name":"SEMCOM","description":"Secretaria Municipal de Comunica\u00e7\u00e3o","potentialAction":[{"@type":"SearchAction","target":{"@type":"EntryPoint","urlTemplate":"https:\/\/www.manaus.am.gov.br\/semcom\/?s={search_term_string}"},"query-input":"required name=search_term_string"}],"inLanguage":"pt-BR"},{"@type":"Person","@id":"https:\/\/www.manaus.am.gov.br\/semcom\/#\/schema\/person\/466a0e03ae4b6062809046bd560ac955","name":"bvalente","image":{"@type":"ImageObject","inLanguage":"pt-BR","@id":"https:\/\/www.manaus.am.gov.br\/semcom\/#\/schema\/person\/image\/","url":"https:\/\/secure.gravatar.com\/avatar\/3e69bc2b014bdad41adfec3a39de07d2?s=96&d=mm&r=g","contentUrl":"https:\/\/secure.gravatar.com\/avatar\/3e69bc2b014bdad41adfec3a39de07d2?s=96&d=mm&r=g","caption":"bvalente"}}]}},"_links":{"self":[{"href":"https:\/\/www.manaus.am.gov.br\/semcom\/wp-json\/wp\/v2\/posts\/242403"}],"collection":[{"href":"https:\/\/www.manaus.am.gov.br\/semcom\/wp-json\/wp\/v2\/posts"}],"about":[{"href":"https:\/\/www.manaus.am.gov.br\/semcom\/wp-json\/wp\/v2\/types\/post"}],"author":[{"embeddable":true,"href":"https:\/\/www.manaus.am.gov.br\/semcom\/wp-json\/wp\/v2\/users\/68"}],"replies":[{"embeddable":true,"href":"https:\/\/www.manaus.am.gov.br\/semcom\/wp-json\/wp\/v2\/comments?post=242403"}],"version-history":[{"count":0,"href":"https:\/\/www.manaus.am.gov.br\/semcom\/wp-json\/wp\/v2\/posts\/242403\/revisions"}],"wp:featuredmedia":[{"embeddable":true,"href":"https:\/\/www.manaus.am.gov.br\/semcom\/wp-json\/wp\/v2\/media\/242404"}],"wp:attachment":[{"href":"https:\/\/www.manaus.am.gov.br\/semcom\/wp-json\/wp\/v2\/media?parent=242403"}],"wp:term":[{"taxonomy":"category","embeddable":true,"href":"https:\/\/www.manaus.am.gov.br\/semcom\/wp-json\/wp\/v2\/categories?post=242403"},{"taxonomy":"post_tag","embeddable":true,"href":"https:\/\/www.manaus.am.gov.br\/semcom\/wp-json\/wp\/v2\/tags?post=242403"}],"curies":[{"name":"wp","href":"https:\/\/api.w.org\/{rel}","templated":true}]}}