{"id":242355,"date":"2025-07-20T16:45:47","date_gmt":"2025-07-20T19:45:47","guid":{"rendered":"https:\/\/www.manaus.am.gov.br\/semcom\/prova-de-residencia-juridica-da-pgm\/"},"modified":"2025-07-20T16:45:50","modified_gmt":"2025-07-20T19:45:50","slug":"prova-de-residencia-juridica-da-pgm","status":"publish","type":"post","link":"https:\/\/www.manaus.am.gov.br\/semcom\/prova-de-residencia-juridica-da-pgm\/","title":{"rendered":"Prefeitura de Manaus realiza prova de resid\u00eancia jur\u00eddica da Procuradoria-Geral do Munic\u00edpio"},"content":{"rendered":"\n<p>A Prefeitura de Manaus, por meio da Procuradoria-Geral do Munic\u00edpio (PGM), realizou, neste domingo, 20\/7, o 3\u00b0 Exame de Sele\u00e7\u00e3o de Candidatos ao Programa de Resid\u00eancia Jur\u00eddica (PRJ). Com recorde no n\u00famero de inscritos, mais de 1.200 candidatos disputam por 40 vagas para o programa, al\u00e9m de forma\u00e7\u00e3o de cadastro reserva.<\/p>\n\n\n\n<p>As provas foram realizadas na sede da Universidade Nilton Lins, localizada no bairro Flores, na zona Centro-Sul da capital. Com bolsa-aux\u00edlio de R$ 2.500, o Programa de Resid\u00eancia Jur\u00eddica da PGM dura 12 meses, e pode ser prorrogado por at\u00e9 2 anos.<\/p>\n\n\n\n<p>O subprocurador-geral do munic\u00edpio, Marco Aur\u00e9lio Choy, ressaltou o cuidadoso processo para realizar as provas com total celeridade.<\/p>\n\n\n\n<p>&#8220;Tivemos mais de 1.200 inscritos. \u00c9 a porta de entrada da advocacia p\u00fablica manauara. E a nossa comiss\u00e3o organizadora das provas j\u00e1 vem trabalhando por mais de tr\u00eas meses para este momento de realizar um certame de forma exitosa&#8221;, disse.<\/p>\n\n\n\n<p>Na mesma linha, o presidente da comiss\u00e3o organizadora da prova, o procurador Pablo Negreiros, lembrou de todo o planejamento t\u00e9cnico e log\u00edstico que antecede a realiza\u00e7\u00e3o das provas. Ele tamb\u00e9m destacou que os candidatos aprovados v\u00e3o ter oportunidade de vivenciar atividades te\u00f3ricas e pr\u00e1ticas promovidas pela Procuradoria-Geral do Munic\u00edpio.<\/p>\n\n\n\n<p>&#8220;Esse \u00e9 o nosso terceiro certame. \u00c9 um concurso comprovadamente bem-sucedido. E possui um duplo efeito. O primeiro \u00e9 possibilitar que o nosso quadro seja renovado ao receber esse corpo de residentes jur\u00eddicos, al\u00e9m de permitir que os residentes tenham a pr\u00e1tica de como funciona uma procuradoria&#8221;, apontou o presidente.<\/p>\n\n\n\n<p>Mais de 70 fiscais participaram da realiza\u00e7\u00e3o do certame, na organiza\u00e7\u00e3o das salas e dos materiais para aplica\u00e7\u00e3o das provas.<\/p>\n\n\n\n<p>&nbsp;Uma das candidatas foi a Aline Raquel, de 23 anos. Antes de fazer a prova, ela compartilhou todo o preparo para ter um bom desempenho no processo seletivo.<\/p>\n\n\n\n<p>&#8220;Eu estudei bastante, inclusive mat\u00e9rias que tive na faculdade e necessitam de um desempenho mais aprimorado. A expectativa \u00e9 muito grande para fazer uma boa prova&#8221;, finalizou.<\/p>\n\n\n\n<p>&#8212; &#8212; &#8212;<\/p>\n\n\n\n<p><strong>Texto \u2013<\/strong> Tiago Auzier \/ Semcom<\/p>\n\n\n\n<p><strong>Fotos \u2013<\/strong> Valdo Le\u00e3o\/ Semcom<\/p>\n\n\n\n<p><strong>Dispon\u00edveis em<\/strong> \u2013 <a href=\"https:\/\/flic.kr\/s\/aHBqjCn996\">https:\/\/flic.kr\/s\/aHBqjCn996<\/a><\/p>\n","protected":false},"excerpt":{"rendered":"","protected":false},"author":57,"featured_media":242356,"comment_status":"closed","ping_status":"closed","sticky":false,"template":"","format":"standard","meta":{"footnotes":""},"categories":[904],"tags":[518,77,8149,15840],"acf":[],"yoast_head":"<!-- This site is optimized with the Yoast SEO plugin v23.0 - https:\/\/yoast.com\/wordpress\/plugins\/seo\/ -->\n<title>PMM realiza prova de resid\u00eancia jur\u00eddica da PGM<\/title>\n<meta name=\"description\" content=\"A Prefeitura de Manaus realizou, neste domingo, 20\/7, o 3\u00b0 Exame de Sele\u00e7\u00e3o de Candidatos ao Programa de Resid\u00eancia Jur\u00eddica (PRJ).\" \/>\n<meta name=\"robots\" content=\"index, follow, max-snippet:-1, max-image-preview:large, max-video-preview:-1\" \/>\n<link rel=\"canonical\" href=\"https:\/\/www.manaus.am.gov.br\/semcom\/prova-de-residencia-juridica-da-pgm\/\" \/>\n<meta property=\"og:locale\" content=\"pt_BR\" \/>\n<meta property=\"og:type\" content=\"article\" \/>\n<meta property=\"og:title\" content=\"PMM realiza prova de resid\u00eancia jur\u00eddica da PGM\" \/>\n<meta property=\"og:description\" content=\"A Prefeitura de Manaus realizou, neste domingo, 20\/7, o 3\u00b0 Exame de Sele\u00e7\u00e3o de Candidatos ao Programa de Resid\u00eancia Jur\u00eddica (PRJ).\" \/>\n<meta property=\"og:url\" content=\"https:\/\/www.manaus.am.gov.br\/semcom\/prova-de-residencia-juridica-da-pgm\/\" \/>\n<meta property=\"og:site_name\" content=\"SEMCOM\" \/>\n<meta property=\"article:published_time\" content=\"2025-07-20T19:45:47+00:00\" \/>\n<meta property=\"article:modified_time\" content=\"2025-07-20T19:45:50+00:00\" \/>\n<meta property=\"og:image\" content=\"https:\/\/www.manaus.am.gov.br\/semcom\/wp-content\/uploads\/sites\/5\/2025\/07\/54666415027_70f2dc5b92_k-e1753040734208.jpg\" \/>\n\t<meta property=\"og:image:width\" content=\"1925\" \/>\n\t<meta property=\"og:image:height\" content=\"1365\" \/>\n\t<meta property=\"og:image:type\" content=\"image\/jpeg\" \/>\n<meta name=\"author\" content=\"Thiago Fernando\" \/>\n<meta name=\"twitter:card\" content=\"summary_large_image\" \/>\n<meta name=\"twitter:label1\" content=\"Written by\" \/>\n\t<meta name=\"twitter:data1\" content=\"Thiago Fernando\" \/>\n\t<meta name=\"twitter:label2\" content=\"Est. reading time\" \/>\n\t<meta name=\"twitter:data2\" content=\"3 minutos\" \/>\n<script type=\"application\/ld+json\" class=\"yoast-schema-graph\">{\"@context\":\"https:\/\/schema.org\",\"@graph\":[{\"@type\":\"WebPage\",\"@id\":\"https:\/\/www.manaus.am.gov.br\/semcom\/prova-de-residencia-juridica-da-pgm\/\",\"url\":\"https:\/\/www.manaus.am.gov.br\/semcom\/prova-de-residencia-juridica-da-pgm\/\",\"name\":\"PMM realiza prova de resid\u00eancia jur\u00eddica da PGM\",\"isPartOf\":{\"@id\":\"https:\/\/www.manaus.am.gov.br\/semcom\/#website\"},\"primaryImageOfPage\":{\"@id\":\"https:\/\/www.manaus.am.gov.br\/semcom\/prova-de-residencia-juridica-da-pgm\/#primaryimage\"},\"image\":{\"@id\":\"https:\/\/www.manaus.am.gov.br\/semcom\/prova-de-residencia-juridica-da-pgm\/#primaryimage\"},\"thumbnailUrl\":\"https:\/\/www.manaus.am.gov.br\/semcom\/wp-content\/uploads\/sites\/5\/2025\/07\/54666415027_70f2dc5b92_k-e1753040734208.jpg\",\"datePublished\":\"2025-07-20T19:45:47+00:00\",\"dateModified\":\"2025-07-20T19:45:50+00:00\",\"author\":{\"@id\":\"https:\/\/www.manaus.am.gov.br\/semcom\/#\/schema\/person\/a5ee5376db6e21af026374b369f30882\"},\"description\":\"A Prefeitura de Manaus realizou, neste domingo, 20\/7, o 3\u00b0 Exame de Sele\u00e7\u00e3o de Candidatos ao Programa de Resid\u00eancia Jur\u00eddica (PRJ).\",\"inLanguage\":\"pt-BR\",\"potentialAction\":[{\"@type\":\"ReadAction\",\"target\":[\"https:\/\/www.manaus.am.gov.br\/semcom\/prova-de-residencia-juridica-da-pgm\/\"]}]},{\"@type\":\"ImageObject\",\"inLanguage\":\"pt-BR\",\"@id\":\"https:\/\/www.manaus.am.gov.br\/semcom\/prova-de-residencia-juridica-da-pgm\/#primaryimage\",\"url\":\"https:\/\/www.manaus.am.gov.br\/semcom\/wp-content\/uploads\/sites\/5\/2025\/07\/54666415027_70f2dc5b92_k-e1753040734208.jpg\",\"contentUrl\":\"https:\/\/www.manaus.am.gov.br\/semcom\/wp-content\/uploads\/sites\/5\/2025\/07\/54666415027_70f2dc5b92_k-e1753040734208.jpg\",\"width\":1925,\"height\":1365,\"caption\":\"resid\u00eancia jur\u00eddica\"},{\"@type\":\"WebSite\",\"@id\":\"https:\/\/www.manaus.am.gov.br\/semcom\/#website\",\"url\":\"https:\/\/www.manaus.am.gov.br\/semcom\/\",\"name\":\"SEMCOM\",\"description\":\"Secretaria Municipal de Comunica\u00e7\u00e3o\",\"potentialAction\":[{\"@type\":\"SearchAction\",\"target\":{\"@type\":\"EntryPoint\",\"urlTemplate\":\"https:\/\/www.manaus.am.gov.br\/semcom\/?s={search_term_string}\"},\"query-input\":\"required name=search_term_string\"}],\"inLanguage\":\"pt-BR\"},{\"@type\":\"Person\",\"@id\":\"https:\/\/www.manaus.am.gov.br\/semcom\/#\/schema\/person\/a5ee5376db6e21af026374b369f30882\",\"name\":\"Thiago Fernando\",\"image\":{\"@type\":\"ImageObject\",\"inLanguage\":\"pt-BR\",\"@id\":\"https:\/\/www.manaus.am.gov.br\/semcom\/#\/schema\/person\/image\/\",\"url\":\"https:\/\/secure.gravatar.com\/avatar\/f5aab8722444041451501c077052ac07?s=96&d=mm&r=g\",\"contentUrl\":\"https:\/\/secure.gravatar.com\/avatar\/f5aab8722444041451501c077052ac07?s=96&d=mm&r=g\",\"caption\":\"Thiago Fernando\"}}]}<\/script>\n<!-- \/ Yoast SEO plugin. -->","yoast_head_json":{"title":"PMM realiza prova de resid\u00eancia jur\u00eddica da PGM","description":"A Prefeitura de Manaus realizou, neste domingo, 20\/7, o 3\u00b0 Exame de Sele\u00e7\u00e3o de Candidatos ao Programa de Resid\u00eancia Jur\u00eddica (PRJ).","robots":{"index":"index","follow":"follow","max-snippet":"max-snippet:-1","max-image-preview":"max-image-preview:large","max-video-preview":"max-video-preview:-1"},"canonical":"https:\/\/www.manaus.am.gov.br\/semcom\/prova-de-residencia-juridica-da-pgm\/","og_locale":"pt_BR","og_type":"article","og_title":"PMM realiza prova de resid\u00eancia jur\u00eddica da PGM","og_description":"A Prefeitura de Manaus realizou, neste domingo, 20\/7, o 3\u00b0 Exame de Sele\u00e7\u00e3o de Candidatos ao Programa de Resid\u00eancia Jur\u00eddica (PRJ).","og_url":"https:\/\/www.manaus.am.gov.br\/semcom\/prova-de-residencia-juridica-da-pgm\/","og_site_name":"SEMCOM","article_published_time":"2025-07-20T19:45:47+00:00","article_modified_time":"2025-07-20T19:45:50+00:00","og_image":[{"width":1925,"height":1365,"url":"https:\/\/www.manaus.am.gov.br\/semcom\/wp-content\/uploads\/sites\/5\/2025\/07\/54666415027_70f2dc5b92_k-e1753040734208.jpg","type":"image\/jpeg"}],"author":"Thiago Fernando","twitter_card":"summary_large_image","twitter_misc":{"Written by":"Thiago Fernando","Est. reading time":"3 minutos"},"schema":{"@context":"https:\/\/schema.org","@graph":[{"@type":"WebPage","@id":"https:\/\/www.manaus.am.gov.br\/semcom\/prova-de-residencia-juridica-da-pgm\/","url":"https:\/\/www.manaus.am.gov.br\/semcom\/prova-de-residencia-juridica-da-pgm\/","name":"PMM realiza prova de resid\u00eancia jur\u00eddica da PGM","isPartOf":{"@id":"https:\/\/www.manaus.am.gov.br\/semcom\/#website"},"primaryImageOfPage":{"@id":"https:\/\/www.manaus.am.gov.br\/semcom\/prova-de-residencia-juridica-da-pgm\/#primaryimage"},"image":{"@id":"https:\/\/www.manaus.am.gov.br\/semcom\/prova-de-residencia-juridica-da-pgm\/#primaryimage"},"thumbnailUrl":"https:\/\/www.manaus.am.gov.br\/semcom\/wp-content\/uploads\/sites\/5\/2025\/07\/54666415027_70f2dc5b92_k-e1753040734208.jpg","datePublished":"2025-07-20T19:45:47+00:00","dateModified":"2025-07-20T19:45:50+00:00","author":{"@id":"https:\/\/www.manaus.am.gov.br\/semcom\/#\/schema\/person\/a5ee5376db6e21af026374b369f30882"},"description":"A Prefeitura de Manaus realizou, neste domingo, 20\/7, o 3\u00b0 Exame de Sele\u00e7\u00e3o de Candidatos ao Programa de Resid\u00eancia Jur\u00eddica (PRJ).","inLanguage":"pt-BR","potentialAction":[{"@type":"ReadAction","target":["https:\/\/www.manaus.am.gov.br\/semcom\/prova-de-residencia-juridica-da-pgm\/"]}]},{"@type":"ImageObject","inLanguage":"pt-BR","@id":"https:\/\/www.manaus.am.gov.br\/semcom\/prova-de-residencia-juridica-da-pgm\/#primaryimage","url":"https:\/\/www.manaus.am.gov.br\/semcom\/wp-content\/uploads\/sites\/5\/2025\/07\/54666415027_70f2dc5b92_k-e1753040734208.jpg","contentUrl":"https:\/\/www.manaus.am.gov.br\/semcom\/wp-content\/uploads\/sites\/5\/2025\/07\/54666415027_70f2dc5b92_k-e1753040734208.jpg","width":1925,"height":1365,"caption":"resid\u00eancia jur\u00eddica"},{"@type":"WebSite","@id":"https:\/\/www.manaus.am.gov.br\/semcom\/#website","url":"https:\/\/www.manaus.am.gov.br\/semcom\/","name":"SEMCOM","description":"Secretaria Municipal de Comunica\u00e7\u00e3o","potentialAction":[{"@type":"SearchAction","target":{"@type":"EntryPoint","urlTemplate":"https:\/\/www.manaus.am.gov.br\/semcom\/?s={search_term_string}"},"query-input":"required name=search_term_string"}],"inLanguage":"pt-BR"},{"@type":"Person","@id":"https:\/\/www.manaus.am.gov.br\/semcom\/#\/schema\/person\/a5ee5376db6e21af026374b369f30882","name":"Thiago Fernando","image":{"@type":"ImageObject","inLanguage":"pt-BR","@id":"https:\/\/www.manaus.am.gov.br\/semcom\/#\/schema\/person\/image\/","url":"https:\/\/secure.gravatar.com\/avatar\/f5aab8722444041451501c077052ac07?s=96&d=mm&r=g","contentUrl":"https:\/\/secure.gravatar.com\/avatar\/f5aab8722444041451501c077052ac07?s=96&d=mm&r=g","caption":"Thiago Fernando"}}]}},"_links":{"self":[{"href":"https:\/\/www.manaus.am.gov.br\/semcom\/wp-json\/wp\/v2\/posts\/242355"}],"collection":[{"href":"https:\/\/www.manaus.am.gov.br\/semcom\/wp-json\/wp\/v2\/posts"}],"about":[{"href":"https:\/\/www.manaus.am.gov.br\/semcom\/wp-json\/wp\/v2\/types\/post"}],"author":[{"embeddable":true,"href":"https:\/\/www.manaus.am.gov.br\/semcom\/wp-json\/wp\/v2\/users\/57"}],"replies":[{"embeddable":true,"href":"https:\/\/www.manaus.am.gov.br\/semcom\/wp-json\/wp\/v2\/comments?post=242355"}],"version-history":[{"count":0,"href":"https:\/\/www.manaus.am.gov.br\/semcom\/wp-json\/wp\/v2\/posts\/242355\/revisions"}],"wp:featuredmedia":[{"embeddable":true,"href":"https:\/\/www.manaus.am.gov.br\/semcom\/wp-json\/wp\/v2\/media\/242356"}],"wp:attachment":[{"href":"https:\/\/www.manaus.am.gov.br\/semcom\/wp-json\/wp\/v2\/media?parent=242355"}],"wp:term":[{"taxonomy":"category","embeddable":true,"href":"https:\/\/www.manaus.am.gov.br\/semcom\/wp-json\/wp\/v2\/categories?post=242355"},{"taxonomy":"post_tag","embeddable":true,"href":"https:\/\/www.manaus.am.gov.br\/semcom\/wp-json\/wp\/v2\/tags?post=242355"}],"curies":[{"name":"wp","href":"https:\/\/api.w.org\/{rel}","templated":true}]}}