{"id":242351,"date":"2025-07-20T12:49:40","date_gmt":"2025-07-20T15:49:40","guid":{"rendered":"https:\/\/www.manaus.am.gov.br\/semcom\/lixo-do-rio-negro\/"},"modified":"2025-07-20T12:49:41","modified_gmt":"2025-07-20T15:49:41","slug":"lixo-do-rio-negro","status":"publish","type":"post","link":"https:\/\/www.manaus.am.gov.br\/semcom\/lixo-do-rio-negro\/","title":{"rendered":"Prefeitura de Manaus retira at\u00e9 400 toneladas de lixo do rio Negro em nova opera\u00e7\u00e3o de transbordo"},"content":{"rendered":"\n<p>Com o intuito de retirar toneladas de res\u00edduos s\u00f3lidos acumulados nas \u00e1reas alagadas da cidade, a Prefeitura de Manaus, por meio da Secretaria Municipal de Limpeza Urbana (Semulsp), realizou neste s\u00e1bado, 20\/7, a 6\u00aa opera\u00e7\u00e3o de transbordo do lixo recolhido no leito do rio Negro e dos igarap\u00e9s da cidade. A a\u00e7\u00e3o ocorreu no porto Trairi, bairro Santo Ant\u00f4nio, zona Oeste da capital, e mobilizou dezenas de trabalhadores, balsas, ca\u00e7ambas e maquin\u00e1rios pesados.<\/p>\n\n\n\n<p>A expectativa da Semulsp \u00e9 que o volume de res\u00edduos chegue a cerca de 400 toneladas, resultado da coleta realizada ao longo dos \u00faltimos 50 dias. Embora haja redu\u00e7\u00e3o consider\u00e1vel no lixo flutuante gra\u00e7as ao funcionamento das ecobarreiras instaladas pela prefeitura, fatores como o per\u00edodo chuvoso, a cheia dos rios e o descarte irregular da popula\u00e7\u00e3o contribuem para a eleva\u00e7\u00e3o no volume coletado.<\/p>\n\n\n\n<p>O subsecret\u00e1rio Operacional da Semulsp, Jairo Costa, ressaltou o esfor\u00e7o cont\u00ednuo da prefeitura para manter a cidade limpa e os rios protegidos.<\/p>\n\n\n\n<p>\u201c\u00c9 um trabalho que demonstra o compromisso do prefeito David Almeida, do nosso secret\u00e1rio Sab\u00e1 Reis e tamb\u00e9m do vice-prefeito Renato J\u00fanior, que, como secret\u00e1rio de infraestrutura, atua em diversas frentes em parceria com a Semulsp. Essa \u00e9 uma a\u00e7\u00e3o que cuida dos recursos naturais, melhora a qualidade de vida e protege o patrim\u00f4nio ambiental da cidade\u201d, destacou.<\/p>\n\n\n\n<p>Segundo Jairo, o lixo retirado em opera\u00e7\u00f5es como essa \u00e9, em sua maioria, fruto do descarte irregular.<\/p>\n\n\n\n<p>\u201cEstamos travando uma verdadeira guerra contra as lixeiras clandestinas. S\u00f3 nos primeiros quinze dias de julho, nossas equipes desarticularam mais de 400 pontos de descarte irregular nos bairros. Isso \u00e9 um crime contra a cidade, contra o meio ambiente e contra o pr\u00f3prio bem-estar da popula\u00e7\u00e3o\u201d, alertou.<\/p>\n\n\n\n<p><strong>Servi\u00e7os gratuitos evitariam toneladas de lixo nos rios<\/strong><\/p>\n\n\n\n<p>A Semulsp refor\u00e7a que a popula\u00e7\u00e3o tem \u00e0 disposi\u00e7\u00e3o servi\u00e7os gratuitos que podem reduzir em at\u00e9 50% o volume de res\u00edduos despejados nos rios e no aterro sanit\u00e1rio. Um dos principais \u00e9 a coleta agendada de grandes objetos \u2014 m\u00f3veis velhos, eletrodom\u00e9sticos, eletr\u00f4nicos e at\u00e9 pequenos entulhos podem ser recolhidos diretamente nas casas, sem nenhum custo para o cidad\u00e3o.<\/p>\n\n\n\n<p>Tamb\u00e9m est\u00e3o dispon\u00edveis pontos de entrega volunt\u00e1ria (PEVs) espalhados por todas as zonas da cidade, al\u00e9m da coleta seletiva porta a porta, garantindo destina\u00e7\u00e3o correta para materiais recicl\u00e1veis.<\/p>\n\n\n\n<p>\u201cO lixo que encontramos nos igarap\u00e9s poderia estar gerando emprego e renda. S\u00f3 as garrafas PET, por exemplo, t\u00eam valor comercial de R$ 2,50 o quilo. O que vemos indo para o rio \u00e9 dinheiro que poderia ser reaproveitado. Nosso apelo \u00e9 para que a popula\u00e7\u00e3o colabore, use os servi\u00e7os da prefeitura e ajude a construir uma cidade mais limpa e sustent\u00e1vel\u201d, completou Jairo Costa.<\/p>\n\n\n\n<p>As opera\u00e7\u00f5es de limpeza e transbordo continuar\u00e3o ocorrendo em ciclos regulares. A prefeitura reafirma seu compromisso com a prote\u00e7\u00e3o ambiental e pede que cada cidad\u00e3o fa\u00e7a sua parte para preservar os recursos naturais da Amaz\u00f4nia, garantindo qualidade de vida para as gera\u00e7\u00f5es presentes e futuras.<\/p>\n\n\n\n<p>&#8212; &#8212; &#8212;<\/p>\n\n\n\n<p><strong>Texto &#8211;<\/strong> Dora Tupinamb\u00e1 \/ Semulsp<\/p>\n\n\n\n<p><strong>Fotos &#8211;<\/strong> Valdo Costa \/ Semcom<\/p>\n\n\n\n<p><strong>Dispon\u00edveis em<\/strong> \u2013 <a href=\"https:\/\/flic.kr\/s\/aHBqjCn53D\">https:\/\/flic.kr\/s\/aHBqjCn53D<\/a><\/p>\n","protected":false},"excerpt":{"rendered":"","protected":false},"author":57,"featured_media":242352,"comment_status":"closed","ping_status":"closed","sticky":false,"template":"","format":"standard","meta":{"footnotes":""},"categories":[114],"tags":[15839,77,301],"acf":[],"yoast_head":"<!-- This site is optimized with the Yoast SEO plugin v23.0 - https:\/\/yoast.com\/wordpress\/plugins\/seo\/ -->\n<title>PMM retira at\u00e9 400 toneladas de lixo do rio Negro<\/title>\n<meta name=\"description\" content=\"A Prefeitura de Manaus realizou neste s\u00e1bado, 20\/7, a 6\u00aa opera\u00e7\u00e3o de transbordo do lixo recolhido no leito do rio Negro.\" \/>\n<meta name=\"robots\" content=\"index, follow, max-snippet:-1, max-image-preview:large, max-video-preview:-1\" \/>\n<link rel=\"canonical\" href=\"https:\/\/www.manaus.am.gov.br\/semcom\/lixo-do-rio-negro\/\" \/>\n<meta property=\"og:locale\" content=\"pt_BR\" \/>\n<meta property=\"og:type\" content=\"article\" \/>\n<meta property=\"og:title\" content=\"PMM retira at\u00e9 400 toneladas de lixo do rio Negro\" \/>\n<meta property=\"og:description\" content=\"A Prefeitura de Manaus realizou neste s\u00e1bado, 20\/7, a 6\u00aa opera\u00e7\u00e3o de transbordo do lixo recolhido no leito do rio Negro.\" \/>\n<meta property=\"og:url\" content=\"https:\/\/www.manaus.am.gov.br\/semcom\/lixo-do-rio-negro\/\" \/>\n<meta property=\"og:site_name\" content=\"SEMCOM\" \/>\n<meta property=\"article:published_time\" content=\"2025-07-20T15:49:40+00:00\" \/>\n<meta property=\"article:modified_time\" content=\"2025-07-20T15:49:41+00:00\" \/>\n<meta property=\"og:image\" content=\"https:\/\/www.manaus.am.gov.br\/semcom\/wp-content\/uploads\/sites\/5\/2025\/07\/lixo-do-rio-Negro-1.jpg\" \/>\n\t<meta property=\"og:image:width\" content=\"799\" \/>\n\t<meta property=\"og:image:height\" content=\"533\" \/>\n\t<meta property=\"og:image:type\" content=\"image\/jpeg\" \/>\n<meta name=\"author\" content=\"Thiago Fernando\" \/>\n<meta name=\"twitter:card\" content=\"summary_large_image\" \/>\n<meta name=\"twitter:label1\" content=\"Written by\" \/>\n\t<meta name=\"twitter:data1\" content=\"Thiago Fernando\" \/>\n\t<meta name=\"twitter:label2\" content=\"Est. reading time\" \/>\n\t<meta name=\"twitter:data2\" content=\"3 minutos\" \/>\n<script type=\"application\/ld+json\" class=\"yoast-schema-graph\">{\"@context\":\"https:\/\/schema.org\",\"@graph\":[{\"@type\":\"WebPage\",\"@id\":\"https:\/\/www.manaus.am.gov.br\/semcom\/lixo-do-rio-negro\/\",\"url\":\"https:\/\/www.manaus.am.gov.br\/semcom\/lixo-do-rio-negro\/\",\"name\":\"PMM retira at\u00e9 400 toneladas de lixo do rio Negro\",\"isPartOf\":{\"@id\":\"https:\/\/www.manaus.am.gov.br\/semcom\/#website\"},\"primaryImageOfPage\":{\"@id\":\"https:\/\/www.manaus.am.gov.br\/semcom\/lixo-do-rio-negro\/#primaryimage\"},\"image\":{\"@id\":\"https:\/\/www.manaus.am.gov.br\/semcom\/lixo-do-rio-negro\/#primaryimage\"},\"thumbnailUrl\":\"https:\/\/www.manaus.am.gov.br\/semcom\/wp-content\/uploads\/sites\/5\/2025\/07\/lixo-do-rio-Negro-1.jpg\",\"datePublished\":\"2025-07-20T15:49:40+00:00\",\"dateModified\":\"2025-07-20T15:49:41+00:00\",\"author\":{\"@id\":\"https:\/\/www.manaus.am.gov.br\/semcom\/#\/schema\/person\/a5ee5376db6e21af026374b369f30882\"},\"description\":\"A Prefeitura de Manaus realizou neste s\u00e1bado, 20\/7, a 6\u00aa opera\u00e7\u00e3o de transbordo do lixo recolhido no leito do rio Negro.\",\"inLanguage\":\"pt-BR\",\"potentialAction\":[{\"@type\":\"ReadAction\",\"target\":[\"https:\/\/www.manaus.am.gov.br\/semcom\/lixo-do-rio-negro\/\"]}]},{\"@type\":\"ImageObject\",\"inLanguage\":\"pt-BR\",\"@id\":\"https:\/\/www.manaus.am.gov.br\/semcom\/lixo-do-rio-negro\/#primaryimage\",\"url\":\"https:\/\/www.manaus.am.gov.br\/semcom\/wp-content\/uploads\/sites\/5\/2025\/07\/lixo-do-rio-Negro-1.jpg\",\"contentUrl\":\"https:\/\/www.manaus.am.gov.br\/semcom\/wp-content\/uploads\/sites\/5\/2025\/07\/lixo-do-rio-Negro-1.jpg\",\"width\":799,\"height\":533,\"caption\":\"lixo do rio Negro\"},{\"@type\":\"WebSite\",\"@id\":\"https:\/\/www.manaus.am.gov.br\/semcom\/#website\",\"url\":\"https:\/\/www.manaus.am.gov.br\/semcom\/\",\"name\":\"SEMCOM\",\"description\":\"Secretaria Municipal de Comunica\u00e7\u00e3o\",\"potentialAction\":[{\"@type\":\"SearchAction\",\"target\":{\"@type\":\"EntryPoint\",\"urlTemplate\":\"https:\/\/www.manaus.am.gov.br\/semcom\/?s={search_term_string}\"},\"query-input\":\"required name=search_term_string\"}],\"inLanguage\":\"pt-BR\"},{\"@type\":\"Person\",\"@id\":\"https:\/\/www.manaus.am.gov.br\/semcom\/#\/schema\/person\/a5ee5376db6e21af026374b369f30882\",\"name\":\"Thiago Fernando\",\"image\":{\"@type\":\"ImageObject\",\"inLanguage\":\"pt-BR\",\"@id\":\"https:\/\/www.manaus.am.gov.br\/semcom\/#\/schema\/person\/image\/\",\"url\":\"https:\/\/secure.gravatar.com\/avatar\/f5aab8722444041451501c077052ac07?s=96&d=mm&r=g\",\"contentUrl\":\"https:\/\/secure.gravatar.com\/avatar\/f5aab8722444041451501c077052ac07?s=96&d=mm&r=g\",\"caption\":\"Thiago Fernando\"}}]}<\/script>\n<!-- \/ Yoast SEO plugin. -->","yoast_head_json":{"title":"PMM retira at\u00e9 400 toneladas de lixo do rio Negro","description":"A Prefeitura de Manaus realizou neste s\u00e1bado, 20\/7, a 6\u00aa opera\u00e7\u00e3o de transbordo do lixo recolhido no leito do rio Negro.","robots":{"index":"index","follow":"follow","max-snippet":"max-snippet:-1","max-image-preview":"max-image-preview:large","max-video-preview":"max-video-preview:-1"},"canonical":"https:\/\/www.manaus.am.gov.br\/semcom\/lixo-do-rio-negro\/","og_locale":"pt_BR","og_type":"article","og_title":"PMM retira at\u00e9 400 toneladas de lixo do rio Negro","og_description":"A Prefeitura de Manaus realizou neste s\u00e1bado, 20\/7, a 6\u00aa opera\u00e7\u00e3o de transbordo do lixo recolhido no leito do rio Negro.","og_url":"https:\/\/www.manaus.am.gov.br\/semcom\/lixo-do-rio-negro\/","og_site_name":"SEMCOM","article_published_time":"2025-07-20T15:49:40+00:00","article_modified_time":"2025-07-20T15:49:41+00:00","og_image":[{"width":799,"height":533,"url":"https:\/\/www.manaus.am.gov.br\/semcom\/wp-content\/uploads\/sites\/5\/2025\/07\/lixo-do-rio-Negro-1.jpg","type":"image\/jpeg"}],"author":"Thiago Fernando","twitter_card":"summary_large_image","twitter_misc":{"Written by":"Thiago Fernando","Est. reading time":"3 minutos"},"schema":{"@context":"https:\/\/schema.org","@graph":[{"@type":"WebPage","@id":"https:\/\/www.manaus.am.gov.br\/semcom\/lixo-do-rio-negro\/","url":"https:\/\/www.manaus.am.gov.br\/semcom\/lixo-do-rio-negro\/","name":"PMM retira at\u00e9 400 toneladas de lixo do rio Negro","isPartOf":{"@id":"https:\/\/www.manaus.am.gov.br\/semcom\/#website"},"primaryImageOfPage":{"@id":"https:\/\/www.manaus.am.gov.br\/semcom\/lixo-do-rio-negro\/#primaryimage"},"image":{"@id":"https:\/\/www.manaus.am.gov.br\/semcom\/lixo-do-rio-negro\/#primaryimage"},"thumbnailUrl":"https:\/\/www.manaus.am.gov.br\/semcom\/wp-content\/uploads\/sites\/5\/2025\/07\/lixo-do-rio-Negro-1.jpg","datePublished":"2025-07-20T15:49:40+00:00","dateModified":"2025-07-20T15:49:41+00:00","author":{"@id":"https:\/\/www.manaus.am.gov.br\/semcom\/#\/schema\/person\/a5ee5376db6e21af026374b369f30882"},"description":"A Prefeitura de Manaus realizou neste s\u00e1bado, 20\/7, a 6\u00aa opera\u00e7\u00e3o de transbordo do lixo recolhido no leito do rio Negro.","inLanguage":"pt-BR","potentialAction":[{"@type":"ReadAction","target":["https:\/\/www.manaus.am.gov.br\/semcom\/lixo-do-rio-negro\/"]}]},{"@type":"ImageObject","inLanguage":"pt-BR","@id":"https:\/\/www.manaus.am.gov.br\/semcom\/lixo-do-rio-negro\/#primaryimage","url":"https:\/\/www.manaus.am.gov.br\/semcom\/wp-content\/uploads\/sites\/5\/2025\/07\/lixo-do-rio-Negro-1.jpg","contentUrl":"https:\/\/www.manaus.am.gov.br\/semcom\/wp-content\/uploads\/sites\/5\/2025\/07\/lixo-do-rio-Negro-1.jpg","width":799,"height":533,"caption":"lixo do rio Negro"},{"@type":"WebSite","@id":"https:\/\/www.manaus.am.gov.br\/semcom\/#website","url":"https:\/\/www.manaus.am.gov.br\/semcom\/","name":"SEMCOM","description":"Secretaria Municipal de Comunica\u00e7\u00e3o","potentialAction":[{"@type":"SearchAction","target":{"@type":"EntryPoint","urlTemplate":"https:\/\/www.manaus.am.gov.br\/semcom\/?s={search_term_string}"},"query-input":"required name=search_term_string"}],"inLanguage":"pt-BR"},{"@type":"Person","@id":"https:\/\/www.manaus.am.gov.br\/semcom\/#\/schema\/person\/a5ee5376db6e21af026374b369f30882","name":"Thiago Fernando","image":{"@type":"ImageObject","inLanguage":"pt-BR","@id":"https:\/\/www.manaus.am.gov.br\/semcom\/#\/schema\/person\/image\/","url":"https:\/\/secure.gravatar.com\/avatar\/f5aab8722444041451501c077052ac07?s=96&d=mm&r=g","contentUrl":"https:\/\/secure.gravatar.com\/avatar\/f5aab8722444041451501c077052ac07?s=96&d=mm&r=g","caption":"Thiago Fernando"}}]}},"_links":{"self":[{"href":"https:\/\/www.manaus.am.gov.br\/semcom\/wp-json\/wp\/v2\/posts\/242351"}],"collection":[{"href":"https:\/\/www.manaus.am.gov.br\/semcom\/wp-json\/wp\/v2\/posts"}],"about":[{"href":"https:\/\/www.manaus.am.gov.br\/semcom\/wp-json\/wp\/v2\/types\/post"}],"author":[{"embeddable":true,"href":"https:\/\/www.manaus.am.gov.br\/semcom\/wp-json\/wp\/v2\/users\/57"}],"replies":[{"embeddable":true,"href":"https:\/\/www.manaus.am.gov.br\/semcom\/wp-json\/wp\/v2\/comments?post=242351"}],"version-history":[{"count":0,"href":"https:\/\/www.manaus.am.gov.br\/semcom\/wp-json\/wp\/v2\/posts\/242351\/revisions"}],"wp:featuredmedia":[{"embeddable":true,"href":"https:\/\/www.manaus.am.gov.br\/semcom\/wp-json\/wp\/v2\/media\/242352"}],"wp:attachment":[{"href":"https:\/\/www.manaus.am.gov.br\/semcom\/wp-json\/wp\/v2\/media?parent=242351"}],"wp:term":[{"taxonomy":"category","embeddable":true,"href":"https:\/\/www.manaus.am.gov.br\/semcom\/wp-json\/wp\/v2\/categories?post=242351"},{"taxonomy":"post_tag","embeddable":true,"href":"https:\/\/www.manaus.am.gov.br\/semcom\/wp-json\/wp\/v2\/tags?post=242351"}],"curies":[{"name":"wp","href":"https:\/\/api.w.org\/{rel}","templated":true}]}}