{"id":242341,"date":"2025-07-18T22:43:21","date_gmt":"2025-07-19T01:43:21","guid":{"rendered":"https:\/\/www.manaus.am.gov.br\/semcom\/13a-feira-de-ciencias\/"},"modified":"2025-07-18T22:43:23","modified_gmt":"2025-07-19T01:43:23","slug":"13a-feira-de-ciencias","status":"publish","type":"post","link":"https:\/\/www.manaus.am.gov.br\/semcom\/13a-feira-de-ciencias\/","title":{"rendered":"Prefeitura de Manaus realiza 13\u00aa Feira de Ci\u00eancias em escola da zona Norte"},"content":{"rendered":"\n<p><br>Com muita cor, divers\u00e3o e saber amaz\u00f4nico, a Prefeitura de Manaus, por meio da Secretaria Municipal de Educa\u00e7\u00e3o (Semed), realizou, nesta sexta-feira, 18\/7, a 13\u00aa Feira de Ci\u00eancias do Centro Municipal de Educa\u00e7\u00e3o Infantil (Cmei) Irm\u00e3 Evelina Trindade, no bairro Col\u00f4nia Terra Nova, zona Norte da capital. Com o tema \u201cO Encontro das \u00c1guas: das lendas \u00e0 ci\u00eancia amaz\u00f4nica\u201d, o evento mobilizou cerca de 350 alunos, educadores e fam\u00edlias, promovendo uma imers\u00e3o no conhecimento regional por meio da ci\u00eancia e da ludicidade.<br><br>A feira, que j\u00e1 \u00e9 tradi\u00e7\u00e3o no calend\u00e1rio da unidade, apresentou projetos desenvolvidos ao longo do ano pelas crian\u00e7as da educa\u00e7\u00e3o infantil, com base na cultura local, frutas da regi\u00e3o, ecossistemas e o autismo. Durante a programa\u00e7\u00e3o, os alunos da Educa\u00e7\u00e3o Infantil foram os grandes destaques com suas apresenta\u00e7\u00f5es, demonstrando todo o conhecimento adquirido sobre a natureza e a preserva\u00e7\u00e3o do meio ambiente.<br><br>Edilena Silva, de 5 anos, estudante do 2\u00ba per\u00edodo, se mostrou empolgada com a experi\u00eancia de participar da feira na escola. \u201cHoje, eu falei um pouco sobre a natureza, os cuidados com os animais e com o nosso planeta. N\u00e3o pode jogar lixo no rio, nem na rua, nem no nosso planeta\u201d, disse Edilena.<br><br>Na ocasi\u00e3o, a gestora V\u00e2nia Santos destacou que a 13\u00aa Feira de Ci\u00eancias vai al\u00e9m de uma simples exposi\u00e7\u00e3o. \u201cEla representa o resultado de um trabalho cont\u00ednuo, que valoriza a escuta atenta das crian\u00e7as, sua capacidade de observar, levantar hip\u00f3teses e experimentar. Aqui, elas s\u00e3o verdadeiras protagonistas do processo de aprendizagem\u201d, afirmou V\u00e2nia.<br><br>Para a professora Aldilza Viana, que leciona para a turma do 1\u00ba per\u00edodo, \u00e9 fundamental abordar o tema do autismo e da seletividade alimentar desde as fases iniciais da educa\u00e7\u00e3o infantil.<br><br>\u201cTivemos, ao longo da semana, uma apresenta\u00e7\u00e3o na qual os alunos conheceram um salgadinho saud\u00e1vel que puderam levar para mostrar aos pais. Al\u00e9m disso, eles aprenderam sobre a import\u00e2ncia de manter uma alimenta\u00e7\u00e3o equilibrada, reduzindo o consumo de alimentos industrializados e aumentando a ingest\u00e3o de alimentos ricos em nutrientes\u201d, contou Aldilza.<\/p>\n\n\n\n<p>\u2014 \u2014 \u2014<br><strong>Texto &#8211; <\/strong>Thalia Rodrigues \/Semed<br><strong>Fotos &#8211; <\/strong>Divulga\u00e7\u00e3o Semed<\/p>\n","protected":false},"excerpt":{"rendered":"","protected":false},"author":68,"featured_media":242342,"comment_status":"closed","ping_status":"closed","sticky":false,"template":"","format":"standard","meta":{"footnotes":""},"categories":[49],"tags":[77,15834,62],"acf":[],"yoast_head":"<!-- This site is optimized with the Yoast SEO plugin v23.0 - https:\/\/yoast.com\/wordpress\/plugins\/seo\/ -->\n<title>Prefeitura de Manaus realiza 13\u00aa Feira de Ci\u00eancias em escola da zona Norte<\/title>\n<meta name=\"description\" content=\"Com muita cor, divers\u00e3o e saber amaz\u00f4nico, a Prefeitura de Manaus, por meio da Secretaria Municipal de Educa\u00e7\u00e3o (Semed), realizou, nesta sexta-feira, 18\/7, a 13\u00aa Feira de Ci\u00eancias do Centro Municipal de Educa\u00e7\u00e3o Infantil (Cmei) Irm\u00e3 Evelina Trindade, no bairro Col\u00f4nia Terra Nova, zona Norte da capital.\" \/>\n<meta name=\"robots\" content=\"index, follow, max-snippet:-1, max-image-preview:large, max-video-preview:-1\" \/>\n<link rel=\"canonical\" href=\"https:\/\/www.manaus.am.gov.br\/semcom\/13a-feira-de-ciencias\/\" \/>\n<meta property=\"og:locale\" content=\"pt_BR\" \/>\n<meta property=\"og:type\" content=\"article\" \/>\n<meta property=\"og:title\" content=\"Prefeitura de Manaus realiza 13\u00aa Feira de Ci\u00eancias em escola da zona Norte\" \/>\n<meta property=\"og:description\" content=\"Com muita cor, divers\u00e3o e saber amaz\u00f4nico, a Prefeitura de Manaus, por meio da Secretaria Municipal de Educa\u00e7\u00e3o (Semed), realizou, nesta sexta-feira, 18\/7, a 13\u00aa Feira de Ci\u00eancias do Centro Municipal de Educa\u00e7\u00e3o Infantil (Cmei) Irm\u00e3 Evelina Trindade, no bairro Col\u00f4nia Terra Nova, zona Norte da capital.\" \/>\n<meta property=\"og:url\" content=\"https:\/\/www.manaus.am.gov.br\/semcom\/13a-feira-de-ciencias\/\" \/>\n<meta property=\"og:site_name\" content=\"SEMCOM\" \/>\n<meta property=\"article:published_time\" content=\"2025-07-19T01:43:21+00:00\" \/>\n<meta property=\"article:modified_time\" content=\"2025-07-19T01:43:23+00:00\" \/>\n<meta property=\"og:image\" content=\"https:\/\/www.manaus.am.gov.br\/semcom\/wp-content\/uploads\/sites\/5\/2025\/07\/0392bfc6-f2fb-4f17-87a1-485b4fbf6ec5-1024x768.jpeg\" \/>\n\t<meta property=\"og:image:width\" content=\"1024\" \/>\n\t<meta property=\"og:image:height\" content=\"768\" \/>\n\t<meta property=\"og:image:type\" content=\"image\/jpeg\" \/>\n<meta name=\"author\" content=\"bvalente\" \/>\n<meta name=\"twitter:card\" content=\"summary_large_image\" \/>\n<meta name=\"twitter:label1\" content=\"Written by\" \/>\n\t<meta name=\"twitter:data1\" content=\"bvalente\" \/>\n\t<meta name=\"twitter:label2\" content=\"Est. reading time\" \/>\n\t<meta name=\"twitter:data2\" content=\"3 minutos\" \/>\n<script type=\"application\/ld+json\" class=\"yoast-schema-graph\">{\"@context\":\"https:\/\/schema.org\",\"@graph\":[{\"@type\":\"WebPage\",\"@id\":\"https:\/\/www.manaus.am.gov.br\/semcom\/13a-feira-de-ciencias\/\",\"url\":\"https:\/\/www.manaus.am.gov.br\/semcom\/13a-feira-de-ciencias\/\",\"name\":\"Prefeitura de Manaus realiza 13\u00aa Feira de Ci\u00eancias em escola da zona Norte\",\"isPartOf\":{\"@id\":\"https:\/\/www.manaus.am.gov.br\/semcom\/#website\"},\"primaryImageOfPage\":{\"@id\":\"https:\/\/www.manaus.am.gov.br\/semcom\/13a-feira-de-ciencias\/#primaryimage\"},\"image\":{\"@id\":\"https:\/\/www.manaus.am.gov.br\/semcom\/13a-feira-de-ciencias\/#primaryimage\"},\"thumbnailUrl\":\"https:\/\/www.manaus.am.gov.br\/semcom\/wp-content\/uploads\/sites\/5\/2025\/07\/0392bfc6-f2fb-4f17-87a1-485b4fbf6ec5.jpeg\",\"datePublished\":\"2025-07-19T01:43:21+00:00\",\"dateModified\":\"2025-07-19T01:43:23+00:00\",\"author\":{\"@id\":\"https:\/\/www.manaus.am.gov.br\/semcom\/#\/schema\/person\/466a0e03ae4b6062809046bd560ac955\"},\"description\":\"Com muita cor, divers\u00e3o e saber amaz\u00f4nico, a Prefeitura de Manaus, por meio da Secretaria Municipal de Educa\u00e7\u00e3o (Semed), realizou, nesta sexta-feira, 18\/7, a 13\u00aa Feira de Ci\u00eancias do Centro Municipal de Educa\u00e7\u00e3o Infantil (Cmei) Irm\u00e3 Evelina Trindade, no bairro Col\u00f4nia Terra Nova, zona Norte da capital.\",\"inLanguage\":\"pt-BR\",\"potentialAction\":[{\"@type\":\"ReadAction\",\"target\":[\"https:\/\/www.manaus.am.gov.br\/semcom\/13a-feira-de-ciencias\/\"]}]},{\"@type\":\"ImageObject\",\"inLanguage\":\"pt-BR\",\"@id\":\"https:\/\/www.manaus.am.gov.br\/semcom\/13a-feira-de-ciencias\/#primaryimage\",\"url\":\"https:\/\/www.manaus.am.gov.br\/semcom\/wp-content\/uploads\/sites\/5\/2025\/07\/0392bfc6-f2fb-4f17-87a1-485b4fbf6ec5.jpeg\",\"contentUrl\":\"https:\/\/www.manaus.am.gov.br\/semcom\/wp-content\/uploads\/sites\/5\/2025\/07\/0392bfc6-f2fb-4f17-87a1-485b4fbf6ec5.jpeg\",\"width\":4032,\"height\":3024},{\"@type\":\"WebSite\",\"@id\":\"https:\/\/www.manaus.am.gov.br\/semcom\/#website\",\"url\":\"https:\/\/www.manaus.am.gov.br\/semcom\/\",\"name\":\"SEMCOM\",\"description\":\"Secretaria Municipal de Comunica\u00e7\u00e3o\",\"potentialAction\":[{\"@type\":\"SearchAction\",\"target\":{\"@type\":\"EntryPoint\",\"urlTemplate\":\"https:\/\/www.manaus.am.gov.br\/semcom\/?s={search_term_string}\"},\"query-input\":\"required name=search_term_string\"}],\"inLanguage\":\"pt-BR\"},{\"@type\":\"Person\",\"@id\":\"https:\/\/www.manaus.am.gov.br\/semcom\/#\/schema\/person\/466a0e03ae4b6062809046bd560ac955\",\"name\":\"bvalente\",\"image\":{\"@type\":\"ImageObject\",\"inLanguage\":\"pt-BR\",\"@id\":\"https:\/\/www.manaus.am.gov.br\/semcom\/#\/schema\/person\/image\/\",\"url\":\"https:\/\/secure.gravatar.com\/avatar\/3e69bc2b014bdad41adfec3a39de07d2?s=96&d=mm&r=g\",\"contentUrl\":\"https:\/\/secure.gravatar.com\/avatar\/3e69bc2b014bdad41adfec3a39de07d2?s=96&d=mm&r=g\",\"caption\":\"bvalente\"}}]}<\/script>\n<!-- \/ Yoast SEO plugin. -->","yoast_head_json":{"title":"Prefeitura de Manaus realiza 13\u00aa Feira de Ci\u00eancias em escola da zona Norte","description":"Com muita cor, divers\u00e3o e saber amaz\u00f4nico, a Prefeitura de Manaus, por meio da Secretaria Municipal de Educa\u00e7\u00e3o (Semed), realizou, nesta sexta-feira, 18\/7, a 13\u00aa Feira de Ci\u00eancias do Centro Municipal de Educa\u00e7\u00e3o Infantil (Cmei) Irm\u00e3 Evelina Trindade, no bairro Col\u00f4nia Terra Nova, zona Norte da capital.","robots":{"index":"index","follow":"follow","max-snippet":"max-snippet:-1","max-image-preview":"max-image-preview:large","max-video-preview":"max-video-preview:-1"},"canonical":"https:\/\/www.manaus.am.gov.br\/semcom\/13a-feira-de-ciencias\/","og_locale":"pt_BR","og_type":"article","og_title":"Prefeitura de Manaus realiza 13\u00aa Feira de Ci\u00eancias em escola da zona Norte","og_description":"Com muita cor, divers\u00e3o e saber amaz\u00f4nico, a Prefeitura de Manaus, por meio da Secretaria Municipal de Educa\u00e7\u00e3o (Semed), realizou, nesta sexta-feira, 18\/7, a 13\u00aa Feira de Ci\u00eancias do Centro Municipal de Educa\u00e7\u00e3o Infantil (Cmei) Irm\u00e3 Evelina Trindade, no bairro Col\u00f4nia Terra Nova, zona Norte da capital.","og_url":"https:\/\/www.manaus.am.gov.br\/semcom\/13a-feira-de-ciencias\/","og_site_name":"SEMCOM","article_published_time":"2025-07-19T01:43:21+00:00","article_modified_time":"2025-07-19T01:43:23+00:00","og_image":[{"width":1024,"height":768,"url":"https:\/\/www.manaus.am.gov.br\/semcom\/wp-content\/uploads\/sites\/5\/2025\/07\/0392bfc6-f2fb-4f17-87a1-485b4fbf6ec5-1024x768.jpeg","type":"image\/jpeg"}],"author":"bvalente","twitter_card":"summary_large_image","twitter_misc":{"Written by":"bvalente","Est. reading time":"3 minutos"},"schema":{"@context":"https:\/\/schema.org","@graph":[{"@type":"WebPage","@id":"https:\/\/www.manaus.am.gov.br\/semcom\/13a-feira-de-ciencias\/","url":"https:\/\/www.manaus.am.gov.br\/semcom\/13a-feira-de-ciencias\/","name":"Prefeitura de Manaus realiza 13\u00aa Feira de Ci\u00eancias em escola da zona Norte","isPartOf":{"@id":"https:\/\/www.manaus.am.gov.br\/semcom\/#website"},"primaryImageOfPage":{"@id":"https:\/\/www.manaus.am.gov.br\/semcom\/13a-feira-de-ciencias\/#primaryimage"},"image":{"@id":"https:\/\/www.manaus.am.gov.br\/semcom\/13a-feira-de-ciencias\/#primaryimage"},"thumbnailUrl":"https:\/\/www.manaus.am.gov.br\/semcom\/wp-content\/uploads\/sites\/5\/2025\/07\/0392bfc6-f2fb-4f17-87a1-485b4fbf6ec5.jpeg","datePublished":"2025-07-19T01:43:21+00:00","dateModified":"2025-07-19T01:43:23+00:00","author":{"@id":"https:\/\/www.manaus.am.gov.br\/semcom\/#\/schema\/person\/466a0e03ae4b6062809046bd560ac955"},"description":"Com muita cor, divers\u00e3o e saber amaz\u00f4nico, a Prefeitura de Manaus, por meio da Secretaria Municipal de Educa\u00e7\u00e3o (Semed), realizou, nesta sexta-feira, 18\/7, a 13\u00aa Feira de Ci\u00eancias do Centro Municipal de Educa\u00e7\u00e3o Infantil (Cmei) Irm\u00e3 Evelina Trindade, no bairro Col\u00f4nia Terra Nova, zona Norte da capital.","inLanguage":"pt-BR","potentialAction":[{"@type":"ReadAction","target":["https:\/\/www.manaus.am.gov.br\/semcom\/13a-feira-de-ciencias\/"]}]},{"@type":"ImageObject","inLanguage":"pt-BR","@id":"https:\/\/www.manaus.am.gov.br\/semcom\/13a-feira-de-ciencias\/#primaryimage","url":"https:\/\/www.manaus.am.gov.br\/semcom\/wp-content\/uploads\/sites\/5\/2025\/07\/0392bfc6-f2fb-4f17-87a1-485b4fbf6ec5.jpeg","contentUrl":"https:\/\/www.manaus.am.gov.br\/semcom\/wp-content\/uploads\/sites\/5\/2025\/07\/0392bfc6-f2fb-4f17-87a1-485b4fbf6ec5.jpeg","width":4032,"height":3024},{"@type":"WebSite","@id":"https:\/\/www.manaus.am.gov.br\/semcom\/#website","url":"https:\/\/www.manaus.am.gov.br\/semcom\/","name":"SEMCOM","description":"Secretaria Municipal de Comunica\u00e7\u00e3o","potentialAction":[{"@type":"SearchAction","target":{"@type":"EntryPoint","urlTemplate":"https:\/\/www.manaus.am.gov.br\/semcom\/?s={search_term_string}"},"query-input":"required name=search_term_string"}],"inLanguage":"pt-BR"},{"@type":"Person","@id":"https:\/\/www.manaus.am.gov.br\/semcom\/#\/schema\/person\/466a0e03ae4b6062809046bd560ac955","name":"bvalente","image":{"@type":"ImageObject","inLanguage":"pt-BR","@id":"https:\/\/www.manaus.am.gov.br\/semcom\/#\/schema\/person\/image\/","url":"https:\/\/secure.gravatar.com\/avatar\/3e69bc2b014bdad41adfec3a39de07d2?s=96&d=mm&r=g","contentUrl":"https:\/\/secure.gravatar.com\/avatar\/3e69bc2b014bdad41adfec3a39de07d2?s=96&d=mm&r=g","caption":"bvalente"}}]}},"_links":{"self":[{"href":"https:\/\/www.manaus.am.gov.br\/semcom\/wp-json\/wp\/v2\/posts\/242341"}],"collection":[{"href":"https:\/\/www.manaus.am.gov.br\/semcom\/wp-json\/wp\/v2\/posts"}],"about":[{"href":"https:\/\/www.manaus.am.gov.br\/semcom\/wp-json\/wp\/v2\/types\/post"}],"author":[{"embeddable":true,"href":"https:\/\/www.manaus.am.gov.br\/semcom\/wp-json\/wp\/v2\/users\/68"}],"replies":[{"embeddable":true,"href":"https:\/\/www.manaus.am.gov.br\/semcom\/wp-json\/wp\/v2\/comments?post=242341"}],"version-history":[{"count":0,"href":"https:\/\/www.manaus.am.gov.br\/semcom\/wp-json\/wp\/v2\/posts\/242341\/revisions"}],"wp:featuredmedia":[{"embeddable":true,"href":"https:\/\/www.manaus.am.gov.br\/semcom\/wp-json\/wp\/v2\/media\/242342"}],"wp:attachment":[{"href":"https:\/\/www.manaus.am.gov.br\/semcom\/wp-json\/wp\/v2\/media?parent=242341"}],"wp:term":[{"taxonomy":"category","embeddable":true,"href":"https:\/\/www.manaus.am.gov.br\/semcom\/wp-json\/wp\/v2\/categories?post=242341"},{"taxonomy":"post_tag","embeddable":true,"href":"https:\/\/www.manaus.am.gov.br\/semcom\/wp-json\/wp\/v2\/tags?post=242341"}],"curies":[{"name":"wp","href":"https:\/\/api.w.org\/{rel}","templated":true}]}}