{"id":242262,"date":"2025-07-17T21:11:20","date_gmt":"2025-07-18T00:11:20","guid":{"rendered":"https:\/\/www.manaus.am.gov.br\/semcom\/casas-reformadas-pelo-programa-casa-manauara\/"},"modified":"2025-07-17T21:11:22","modified_gmt":"2025-07-18T00:11:22","slug":"casas-reformadas-pelo-programa-casa-manauara","status":"publish","type":"post","link":"https:\/\/www.manaus.am.gov.br\/semcom\/casas-reformadas-pelo-programa-casa-manauara\/","title":{"rendered":"Prefeito em exerc\u00edcio Renato Junior entrega casas reformadas pelo programa \u2018Casa Manauara\u2019, na zona Sul da capital"},"content":{"rendered":"\n<p>O prefeito de Manaus em exerc\u00edcio, Renato Junior, entregou, nesta quinta-feira, 17\/7, quatro casas reformadas pelo programa \u201cCasa Manauara\u201d, no bairro Morro da Liberdade, zona Sul da cidade. Ao lado de moradores e t\u00e9cnicos da Secretaria Municipal de Habita\u00e7\u00e3o e Assuntos Fundi\u00e1rios (Semhaf), ele percorreu as resid\u00eancias beneficiadas e destacou o papel da prefeitura em garantir dignidade a quem vive em situa\u00e7\u00e3o de vulnerabilidade.<\/p>\n\n\n\n<p>\u201cA gente precisa cuidar de gente, e \u00e9 isso que estamos fazendo com esse programa. Cada casa entregue \u00e9 mais que obra: \u00e9 reparo de hist\u00f3ria, \u00e9 respeito com quem sempre ficou \u00e0 margem\u201d, afirma Renato Junior.<\/p>\n\n\n\n<p>Dona Jelcina, 66 anos, aposentada, abriu a porta de casa para a prefeitura e viu sua vida mudar. \u201cNunca pensei que fosse ver minha casa assim, com tudo novinho. Telhado, janela, tudo arrumado. Nem se eu trabalhasse mais 10 anos conseguiria fazer isso sozinha\u201d, disse.&nbsp;<\/p>\n\n\n\n<p>Assim como ela, outras fam\u00edlias da zona Sul receberam melhorias estruturais em suas moradias, no Santa Luzia e S\u00e3o L\u00e1zaro, com trocas de telhado, pintura, revestimentos, reparos el\u00e9tricos e hidr\u00e1ulicos, al\u00e9m de adapta\u00e7\u00f5es de acessibilidade.<\/p>\n\n\n\n<p>Com mais de 400 unidades j\u00e1 reformadas, o \u201cCasa Manauara\u201d se tornou uma pol\u00edtica p\u00fablica permanente, por meio de lei sancionada pela Prefeitura de Manaus. \u201cIsso significa que o programa continua, independente de quem esteja no comando. Ele est\u00e1 garantido por lei. Estamos falando de mais de 40 mil casas em situa\u00e7\u00e3o prec\u00e1ria na cidade e nossa meta \u00e9 reformar pelo menos 10% delas. \u00c9 ousado, mas \u00e9 poss\u00edvel\u201d, explicou Renato Junior, que tamb\u00e9m \u00e9 titular da Seminf.<\/p>\n\n\n\n<p>O programa j\u00e1 chegou a comunidades como S\u00e3o L\u00e1zaro, Santa Luzia, Col\u00f4nia Ant\u00f4nio Aleixo e Mauazinho. As reformas s\u00e3o definidas a partir de um diagn\u00f3stico t\u00e9cnico e social, feito por assistentes sociais e engenheiros da Semhaf. \u201cN\u00e3o \u00e9 sorteio, n\u00e3o \u00e9 favor. \u00c9 crit\u00e9rio t\u00e9cnico, \u00e9 pol\u00edtica p\u00fablica feita com seriedade\u201d, afirmou o secret\u00e1rio municipal de Habita\u00e7\u00e3o, Jesus Alves.<\/p>\n\n\n\n<p>No Morro, os oper\u00e1rios entraram em campo poucos dias ap\u00f3s a visita da equipe t\u00e9cnica. O comerciante Ivan Rego, 65 anos, diz que se surpreendeu com a rapidez. \u201cVieram ver minha casa, anotaram tudo e dois dias depois come\u00e7aram. Em dez dias estava pronta. Eu mesmo nunca conseguiria fazer isso. \u00c9 muito al\u00e9m da minha for\u00e7a\u201d.<\/p>\n\n\n\n<p>Com a institucionaliza\u00e7\u00e3o do programa, a prefeitura deve iniciar uma nova frente de reformas j\u00e1 nas pr\u00f3ximas semanas. A pr\u00f3xima etapa vai contemplar bairros da zona Leste e comunidades ribeirinhas impactadas pela cheia. \u201cManaus ainda tem muita ferida aberta. Mas se cada casa recuperada representar uma vida acolhida, a gente vai estar no caminho certo\u201d, concluiu o prefeito em exerc\u00edcio Renato Junior.<\/p>\n\n\n\n<p>\u2014 \u2014 \u2014<br><strong>Texto &#8211;<\/strong> Alessandra Taveira \/ Vice-Prefeito e Leonardo Fierro \/ Semhaf<\/p>\n\n\n\n<p><strong>Fotos &#8211; <\/strong>Carlos Oliveira \/ Vice-Prefeito e Valdo Le\u00e3o \/ Semcom<br><strong>Dispon\u00edveis em &#8211; <\/strong><a href=\"https:\/\/flic.kr\/s\/aHBqjCmNMd\">https:\/\/flic.kr\/s\/aHBqjCmNMd<\/a><\/p>\n","protected":false},"excerpt":{"rendered":"","protected":false},"author":68,"featured_media":242263,"comment_status":"closed","ping_status":"closed","sticky":false,"template":"","format":"standard","meta":{"footnotes":""},"categories":[2162],"tags":[15807,15808,77],"acf":[],"yoast_head":"<!-- This site is optimized with the Yoast SEO plugin v23.0 - https:\/\/yoast.com\/wordpress\/plugins\/seo\/ -->\n<title>Prefeito em exerc\u00edcio Renato Junior entrega casas reformadas pelo programa \u2018Casa Manauara\u2019, na zona Sul da capital<\/title>\n<meta name=\"description\" content=\"O prefeito de Manaus em exerc\u00edcio, Renato Junior, entregou, nesta quinta-feira, 17\/7, quatro casas reformadas pelo programa \u201cCasa Manauara\u201d, no bairro Morro da Liberdade, zona Sul da cidade. Ao lado de moradores e t\u00e9cnicos da Secretaria Municipal de Habita\u00e7\u00e3o e Assuntos Fundi\u00e1rios (Semhaf), ele percorreu as resid\u00eancias beneficiadas e destacou o papel da prefeitura em garantir dignidade a quem vive em situa\u00e7\u00e3o de vulnerabilidade.\" \/>\n<meta name=\"robots\" content=\"index, follow, max-snippet:-1, max-image-preview:large, max-video-preview:-1\" \/>\n<link rel=\"canonical\" href=\"https:\/\/www.manaus.am.gov.br\/semcom\/casas-reformadas-pelo-programa-casa-manauara\/\" \/>\n<meta property=\"og:locale\" content=\"pt_BR\" \/>\n<meta property=\"og:type\" content=\"article\" \/>\n<meta property=\"og:title\" content=\"Prefeito em exerc\u00edcio Renato Junior entrega casas reformadas pelo programa \u2018Casa Manauara\u2019, na zona Sul da capital\" \/>\n<meta property=\"og:description\" content=\"O prefeito de Manaus em exerc\u00edcio, Renato Junior, entregou, nesta quinta-feira, 17\/7, quatro casas reformadas pelo programa \u201cCasa Manauara\u201d, no bairro Morro da Liberdade, zona Sul da cidade. Ao lado de moradores e t\u00e9cnicos da Secretaria Municipal de Habita\u00e7\u00e3o e Assuntos Fundi\u00e1rios (Semhaf), ele percorreu as resid\u00eancias beneficiadas e destacou o papel da prefeitura em garantir dignidade a quem vive em situa\u00e7\u00e3o de vulnerabilidade.\" \/>\n<meta property=\"og:url\" content=\"https:\/\/www.manaus.am.gov.br\/semcom\/casas-reformadas-pelo-programa-casa-manauara\/\" \/>\n<meta property=\"og:site_name\" content=\"SEMCOM\" \/>\n<meta property=\"article:published_time\" content=\"2025-07-18T00:11:20+00:00\" \/>\n<meta property=\"article:modified_time\" content=\"2025-07-18T00:11:22+00:00\" \/>\n<meta property=\"og:image\" content=\"https:\/\/www.manaus.am.gov.br\/semcom\/wp-content\/uploads\/sites\/5\/2025\/07\/WhatsApp-Image-2025-07-17-at-19.24.40.jpeg\" \/>\n\t<meta property=\"og:image:width\" content=\"4160\" \/>\n\t<meta property=\"og:image:height\" content=\"2774\" \/>\n\t<meta property=\"og:image:type\" content=\"image\/jpeg\" \/>\n<meta name=\"author\" content=\"bvalente\" \/>\n<meta name=\"twitter:card\" content=\"summary_large_image\" \/>\n<meta name=\"twitter:label1\" content=\"Written by\" \/>\n\t<meta name=\"twitter:data1\" content=\"bvalente\" \/>\n\t<meta name=\"twitter:label2\" content=\"Est. reading time\" \/>\n\t<meta name=\"twitter:data2\" content=\"3 minutos\" \/>\n<script type=\"application\/ld+json\" class=\"yoast-schema-graph\">{\"@context\":\"https:\/\/schema.org\",\"@graph\":[{\"@type\":\"WebPage\",\"@id\":\"https:\/\/www.manaus.am.gov.br\/semcom\/casas-reformadas-pelo-programa-casa-manauara\/\",\"url\":\"https:\/\/www.manaus.am.gov.br\/semcom\/casas-reformadas-pelo-programa-casa-manauara\/\",\"name\":\"Prefeito em exerc\u00edcio Renato Junior entrega casas reformadas pelo programa \u2018Casa Manauara\u2019, na zona Sul da capital\",\"isPartOf\":{\"@id\":\"https:\/\/www.manaus.am.gov.br\/semcom\/#website\"},\"primaryImageOfPage\":{\"@id\":\"https:\/\/www.manaus.am.gov.br\/semcom\/casas-reformadas-pelo-programa-casa-manauara\/#primaryimage\"},\"image\":{\"@id\":\"https:\/\/www.manaus.am.gov.br\/semcom\/casas-reformadas-pelo-programa-casa-manauara\/#primaryimage\"},\"thumbnailUrl\":\"https:\/\/www.manaus.am.gov.br\/semcom\/wp-content\/uploads\/sites\/5\/2025\/07\/WhatsApp-Image-2025-07-17-at-19.24.40.jpeg\",\"datePublished\":\"2025-07-18T00:11:20+00:00\",\"dateModified\":\"2025-07-18T00:11:22+00:00\",\"author\":{\"@id\":\"https:\/\/www.manaus.am.gov.br\/semcom\/#\/schema\/person\/466a0e03ae4b6062809046bd560ac955\"},\"description\":\"O prefeito de Manaus em exerc\u00edcio, Renato Junior, entregou, nesta quinta-feira, 17\/7, quatro casas reformadas pelo programa \u201cCasa Manauara\u201d, no bairro Morro da Liberdade, zona Sul da cidade. Ao lado de moradores e t\u00e9cnicos da Secretaria Municipal de Habita\u00e7\u00e3o e Assuntos Fundi\u00e1rios (Semhaf), ele percorreu as resid\u00eancias beneficiadas e destacou o papel da prefeitura em garantir dignidade a quem vive em situa\u00e7\u00e3o de vulnerabilidade.\",\"inLanguage\":\"pt-BR\",\"potentialAction\":[{\"@type\":\"ReadAction\",\"target\":[\"https:\/\/www.manaus.am.gov.br\/semcom\/casas-reformadas-pelo-programa-casa-manauara\/\"]}]},{\"@type\":\"ImageObject\",\"inLanguage\":\"pt-BR\",\"@id\":\"https:\/\/www.manaus.am.gov.br\/semcom\/casas-reformadas-pelo-programa-casa-manauara\/#primaryimage\",\"url\":\"https:\/\/www.manaus.am.gov.br\/semcom\/wp-content\/uploads\/sites\/5\/2025\/07\/WhatsApp-Image-2025-07-17-at-19.24.40.jpeg\",\"contentUrl\":\"https:\/\/www.manaus.am.gov.br\/semcom\/wp-content\/uploads\/sites\/5\/2025\/07\/WhatsApp-Image-2025-07-17-at-19.24.40.jpeg\",\"width\":4160,\"height\":2774},{\"@type\":\"WebSite\",\"@id\":\"https:\/\/www.manaus.am.gov.br\/semcom\/#website\",\"url\":\"https:\/\/www.manaus.am.gov.br\/semcom\/\",\"name\":\"SEMCOM\",\"description\":\"Secretaria Municipal de Comunica\u00e7\u00e3o\",\"potentialAction\":[{\"@type\":\"SearchAction\",\"target\":{\"@type\":\"EntryPoint\",\"urlTemplate\":\"https:\/\/www.manaus.am.gov.br\/semcom\/?s={search_term_string}\"},\"query-input\":\"required name=search_term_string\"}],\"inLanguage\":\"pt-BR\"},{\"@type\":\"Person\",\"@id\":\"https:\/\/www.manaus.am.gov.br\/semcom\/#\/schema\/person\/466a0e03ae4b6062809046bd560ac955\",\"name\":\"bvalente\",\"image\":{\"@type\":\"ImageObject\",\"inLanguage\":\"pt-BR\",\"@id\":\"https:\/\/www.manaus.am.gov.br\/semcom\/#\/schema\/person\/image\/\",\"url\":\"https:\/\/secure.gravatar.com\/avatar\/3e69bc2b014bdad41adfec3a39de07d2?s=96&d=mm&r=g\",\"contentUrl\":\"https:\/\/secure.gravatar.com\/avatar\/3e69bc2b014bdad41adfec3a39de07d2?s=96&d=mm&r=g\",\"caption\":\"bvalente\"}}]}<\/script>\n<!-- \/ Yoast SEO plugin. -->","yoast_head_json":{"title":"Prefeito em exerc\u00edcio Renato Junior entrega casas reformadas pelo programa \u2018Casa Manauara\u2019, na zona Sul da capital","description":"O prefeito de Manaus em exerc\u00edcio, Renato Junior, entregou, nesta quinta-feira, 17\/7, quatro casas reformadas pelo programa \u201cCasa Manauara\u201d, no bairro Morro da Liberdade, zona Sul da cidade. Ao lado de moradores e t\u00e9cnicos da Secretaria Municipal de Habita\u00e7\u00e3o e Assuntos Fundi\u00e1rios (Semhaf), ele percorreu as resid\u00eancias beneficiadas e destacou o papel da prefeitura em garantir dignidade a quem vive em situa\u00e7\u00e3o de vulnerabilidade.","robots":{"index":"index","follow":"follow","max-snippet":"max-snippet:-1","max-image-preview":"max-image-preview:large","max-video-preview":"max-video-preview:-1"},"canonical":"https:\/\/www.manaus.am.gov.br\/semcom\/casas-reformadas-pelo-programa-casa-manauara\/","og_locale":"pt_BR","og_type":"article","og_title":"Prefeito em exerc\u00edcio Renato Junior entrega casas reformadas pelo programa \u2018Casa Manauara\u2019, na zona Sul da capital","og_description":"O prefeito de Manaus em exerc\u00edcio, Renato Junior, entregou, nesta quinta-feira, 17\/7, quatro casas reformadas pelo programa \u201cCasa Manauara\u201d, no bairro Morro da Liberdade, zona Sul da cidade. Ao lado de moradores e t\u00e9cnicos da Secretaria Municipal de Habita\u00e7\u00e3o e Assuntos Fundi\u00e1rios (Semhaf), ele percorreu as resid\u00eancias beneficiadas e destacou o papel da prefeitura em garantir dignidade a quem vive em situa\u00e7\u00e3o de vulnerabilidade.","og_url":"https:\/\/www.manaus.am.gov.br\/semcom\/casas-reformadas-pelo-programa-casa-manauara\/","og_site_name":"SEMCOM","article_published_time":"2025-07-18T00:11:20+00:00","article_modified_time":"2025-07-18T00:11:22+00:00","og_image":[{"width":4160,"height":2774,"url":"https:\/\/www.manaus.am.gov.br\/semcom\/wp-content\/uploads\/sites\/5\/2025\/07\/WhatsApp-Image-2025-07-17-at-19.24.40.jpeg","type":"image\/jpeg"}],"author":"bvalente","twitter_card":"summary_large_image","twitter_misc":{"Written by":"bvalente","Est. reading time":"3 minutos"},"schema":{"@context":"https:\/\/schema.org","@graph":[{"@type":"WebPage","@id":"https:\/\/www.manaus.am.gov.br\/semcom\/casas-reformadas-pelo-programa-casa-manauara\/","url":"https:\/\/www.manaus.am.gov.br\/semcom\/casas-reformadas-pelo-programa-casa-manauara\/","name":"Prefeito em exerc\u00edcio Renato Junior entrega casas reformadas pelo programa \u2018Casa Manauara\u2019, na zona Sul da capital","isPartOf":{"@id":"https:\/\/www.manaus.am.gov.br\/semcom\/#website"},"primaryImageOfPage":{"@id":"https:\/\/www.manaus.am.gov.br\/semcom\/casas-reformadas-pelo-programa-casa-manauara\/#primaryimage"},"image":{"@id":"https:\/\/www.manaus.am.gov.br\/semcom\/casas-reformadas-pelo-programa-casa-manauara\/#primaryimage"},"thumbnailUrl":"https:\/\/www.manaus.am.gov.br\/semcom\/wp-content\/uploads\/sites\/5\/2025\/07\/WhatsApp-Image-2025-07-17-at-19.24.40.jpeg","datePublished":"2025-07-18T00:11:20+00:00","dateModified":"2025-07-18T00:11:22+00:00","author":{"@id":"https:\/\/www.manaus.am.gov.br\/semcom\/#\/schema\/person\/466a0e03ae4b6062809046bd560ac955"},"description":"O prefeito de Manaus em exerc\u00edcio, Renato Junior, entregou, nesta quinta-feira, 17\/7, quatro casas reformadas pelo programa \u201cCasa Manauara\u201d, no bairro Morro da Liberdade, zona Sul da cidade. Ao lado de moradores e t\u00e9cnicos da Secretaria Municipal de Habita\u00e7\u00e3o e Assuntos Fundi\u00e1rios (Semhaf), ele percorreu as resid\u00eancias beneficiadas e destacou o papel da prefeitura em garantir dignidade a quem vive em situa\u00e7\u00e3o de vulnerabilidade.","inLanguage":"pt-BR","potentialAction":[{"@type":"ReadAction","target":["https:\/\/www.manaus.am.gov.br\/semcom\/casas-reformadas-pelo-programa-casa-manauara\/"]}]},{"@type":"ImageObject","inLanguage":"pt-BR","@id":"https:\/\/www.manaus.am.gov.br\/semcom\/casas-reformadas-pelo-programa-casa-manauara\/#primaryimage","url":"https:\/\/www.manaus.am.gov.br\/semcom\/wp-content\/uploads\/sites\/5\/2025\/07\/WhatsApp-Image-2025-07-17-at-19.24.40.jpeg","contentUrl":"https:\/\/www.manaus.am.gov.br\/semcom\/wp-content\/uploads\/sites\/5\/2025\/07\/WhatsApp-Image-2025-07-17-at-19.24.40.jpeg","width":4160,"height":2774},{"@type":"WebSite","@id":"https:\/\/www.manaus.am.gov.br\/semcom\/#website","url":"https:\/\/www.manaus.am.gov.br\/semcom\/","name":"SEMCOM","description":"Secretaria Municipal de Comunica\u00e7\u00e3o","potentialAction":[{"@type":"SearchAction","target":{"@type":"EntryPoint","urlTemplate":"https:\/\/www.manaus.am.gov.br\/semcom\/?s={search_term_string}"},"query-input":"required name=search_term_string"}],"inLanguage":"pt-BR"},{"@type":"Person","@id":"https:\/\/www.manaus.am.gov.br\/semcom\/#\/schema\/person\/466a0e03ae4b6062809046bd560ac955","name":"bvalente","image":{"@type":"ImageObject","inLanguage":"pt-BR","@id":"https:\/\/www.manaus.am.gov.br\/semcom\/#\/schema\/person\/image\/","url":"https:\/\/secure.gravatar.com\/avatar\/3e69bc2b014bdad41adfec3a39de07d2?s=96&d=mm&r=g","contentUrl":"https:\/\/secure.gravatar.com\/avatar\/3e69bc2b014bdad41adfec3a39de07d2?s=96&d=mm&r=g","caption":"bvalente"}}]}},"_links":{"self":[{"href":"https:\/\/www.manaus.am.gov.br\/semcom\/wp-json\/wp\/v2\/posts\/242262"}],"collection":[{"href":"https:\/\/www.manaus.am.gov.br\/semcom\/wp-json\/wp\/v2\/posts"}],"about":[{"href":"https:\/\/www.manaus.am.gov.br\/semcom\/wp-json\/wp\/v2\/types\/post"}],"author":[{"embeddable":true,"href":"https:\/\/www.manaus.am.gov.br\/semcom\/wp-json\/wp\/v2\/users\/68"}],"replies":[{"embeddable":true,"href":"https:\/\/www.manaus.am.gov.br\/semcom\/wp-json\/wp\/v2\/comments?post=242262"}],"version-history":[{"count":0,"href":"https:\/\/www.manaus.am.gov.br\/semcom\/wp-json\/wp\/v2\/posts\/242262\/revisions"}],"wp:featuredmedia":[{"embeddable":true,"href":"https:\/\/www.manaus.am.gov.br\/semcom\/wp-json\/wp\/v2\/media\/242263"}],"wp:attachment":[{"href":"https:\/\/www.manaus.am.gov.br\/semcom\/wp-json\/wp\/v2\/media?parent=242262"}],"wp:term":[{"taxonomy":"category","embeddable":true,"href":"https:\/\/www.manaus.am.gov.br\/semcom\/wp-json\/wp\/v2\/categories?post=242262"},{"taxonomy":"post_tag","embeddable":true,"href":"https:\/\/www.manaus.am.gov.br\/semcom\/wp-json\/wp\/v2\/tags?post=242262"}],"curies":[{"name":"wp","href":"https:\/\/api.w.org\/{rel}","templated":true}]}}