{"id":242197,"date":"2025-07-17T00:11:38","date_gmt":"2025-07-17T03:11:38","guid":{"rendered":"https:\/\/www.manaus.am.gov.br\/semcom\/proximas-intervencoes-da-gestao\/"},"modified":"2025-07-17T00:15:38","modified_gmt":"2025-07-17T03:15:38","slug":"proximas-intervencoes-da-gestao","status":"publish","type":"post","link":"https:\/\/www.manaus.am.gov.br\/semcom\/proximas-intervencoes-da-gestao\/","title":{"rendered":"Prefeito em exerc\u00edcio Renato Junior destaca pr\u00f3ximas interven\u00e7\u00f5es da gest\u00e3o durante entrevista"},"content":{"rendered":"\n<p>Em entrevista concedida na manh\u00e3 desta quarta-feira, 16\/7, ao programa do jornalista Valdir Corr\u00eaa, na r\u00e1dio Difusora FM, o prefeito de Manaus em exerc\u00edcio, Renato Junior, apresentou uma s\u00e9rie de an\u00fancios que refor\u00e7am o cuidado da gest\u00e3o municipal com o Centro da cidade, as feiras p\u00fablicas e a moderniza\u00e7\u00e3o da infraestrutura urbana. Renato falou diretamente com a popula\u00e7\u00e3o, do feirante da zona Leste ao camel\u00f4 da Eduardo Ribeiro.<\/p>\n\n\n\n<p>Um dos projetos mais simb\u00f3licos da conversa foi para a zona Leste. \u201cA ordem de servi\u00e7o da reforma da feira do Produtor sai ainda este ano, at\u00e9 dezembro. O prefeito David Almeida e eu j\u00e1 conversamos bastante sobre esse assunto, e estamos fazendo primeiro um banheiro dentro da feira, mas vamos al\u00e9m. Vamos realizar a reforma definitiva como j\u00e1 fizemos em mais de 30 feiras da cidade de Manaus\u201d, garantiu.<\/p>\n\n\n\n<p>Ao falar diretamente do est\u00fadio no Centro, na avenida Eduardo Ribeiro, o prefeito em exerc\u00edcio aproveitou para dar uma not\u00edcia em primeira m\u00e3o. Ele anunciou que o bairro, considerado cart\u00e3o-postal da cidade, ser\u00e1 o pr\u00f3ximo a receber o \u201cMutir\u00e3o da prefeitura\u201d, programa que j\u00e1 percorre as zonas Norte, Leste e Oeste com a\u00e7\u00f5es integradas.<\/p>\n\n\n\n<p>\u201cDia 4 de agosto a gente come\u00e7a o mutir\u00e3o no Centro de Manaus. J\u00e1 avisei toda a equipe. Vamos tapar buraco, reorganizar as pedras da Eduardo Ribeiro, arrumar drenagem, fazer poda, varri\u00e7\u00e3o e sinaliza\u00e7\u00e3o. Al\u00f4 meus amigos camel\u00f4s, lojistas e todos os que geram emprego e renda no Centro: essa \u00e9 para voc\u00eas\u201d, anunciou.&nbsp;<\/p>\n\n\n\n<p>Conforme o prefeito em exerc\u00edcio, a preven\u00e7\u00e3o foi fundamental para evitar alagamentos no Centro Hist\u00f3rico durante a cheia. \u201cEstamos vivendo a cheia de 28.9 e n\u00e3o alagou o Centro nem os bairros da cidade. Por qu\u00ea? Porque fizemos tr\u00eas anos de preven\u00e7\u00e3o. Limpamos, desassoreamos, desobstru\u00edmos bueiros e igarap\u00e9s. Isso tem nome: planejamento\u201d, afirmou, citando tamb\u00e9m o trabalho liderado pela Secretaria Municipal de Limpeza Urbana (Semulsp).<\/p>\n\n\n\n<p>Renato ainda revelou que est\u00e1 finalizando tratativas com uma empresa internacional para a contrata\u00e7\u00e3o de uma tecnologia inovadora, que ter\u00e1 sensores instalados em ve\u00edculos de aplicativo, \u00f4nibus e motocicletas, para detectar buracos automaticamente.<\/p>\n\n\n\n<p>\u201cEles filmam a trepida\u00e7\u00e3o, j\u00e1 d\u00e3o o tamanho, a localiza\u00e7\u00e3o e a imagem do buraco. \u00c9 impressionante. E o melhor: o sistema j\u00e1 gera a ordem de servi\u00e7o com a quantidade exata de massa. \u00c9 barato e o custo-benef\u00edcio \u00e9 gigantesco\u201d, explicou.<\/p>\n\n\n\n<p>\u2014 \u2014 \u2014<br><strong>Texto &#8211; <\/strong>Alessandra Taveira\/Vice-Prefeito<br><strong>Fotos &#8211; <\/strong>Carlos Oliveira\/Vice-Prefeito<\/p>\n","protected":false},"excerpt":{"rendered":"","protected":false},"author":68,"featured_media":242200,"comment_status":"closed","ping_status":"closed","sticky":false,"template":"","format":"standard","meta":{"footnotes":""},"categories":[57],"tags":[15787,77],"acf":[],"yoast_head":"<!-- This site is optimized with the Yoast SEO plugin v23.0 - https:\/\/yoast.com\/wordpress\/plugins\/seo\/ -->\n<title>Prefeito em exerc\u00edcio Renato Junior destaca pr\u00f3ximas interven\u00e7\u00f5es da gest\u00e3o durante entrevista<\/title>\n<meta name=\"description\" content=\"Em entrevista concedida na manh\u00e3 desta quarta-feira, 16\/7, ao programa do jornalista Valdir Corr\u00eaa, na r\u00e1dio Difusora FM, o prefeito de Manaus em exerc\u00edcio, Renato Junior, apresentou uma s\u00e9rie de an\u00fancios que refor\u00e7am o cuidado da gest\u00e3o municipal com o Centro da cidade, as feiras p\u00fablicas e a moderniza\u00e7\u00e3o da infraestrutura urbana. Renato falou diretamente com a popula\u00e7\u00e3o, do feirante da zona Leste ao camel\u00f4 da Eduardo Ribeiro.\" \/>\n<meta name=\"robots\" content=\"index, follow, max-snippet:-1, max-image-preview:large, max-video-preview:-1\" \/>\n<link rel=\"canonical\" href=\"https:\/\/www.manaus.am.gov.br\/semcom\/proximas-intervencoes-da-gestao\/\" \/>\n<meta property=\"og:locale\" content=\"pt_BR\" \/>\n<meta property=\"og:type\" content=\"article\" \/>\n<meta property=\"og:title\" content=\"Prefeito em exerc\u00edcio Renato Junior destaca pr\u00f3ximas interven\u00e7\u00f5es da gest\u00e3o durante entrevista\" \/>\n<meta property=\"og:description\" content=\"Em entrevista concedida na manh\u00e3 desta quarta-feira, 16\/7, ao programa do jornalista Valdir Corr\u00eaa, na r\u00e1dio Difusora FM, o prefeito de Manaus em exerc\u00edcio, Renato Junior, apresentou uma s\u00e9rie de an\u00fancios que refor\u00e7am o cuidado da gest\u00e3o municipal com o Centro da cidade, as feiras p\u00fablicas e a moderniza\u00e7\u00e3o da infraestrutura urbana. Renato falou diretamente com a popula\u00e7\u00e3o, do feirante da zona Leste ao camel\u00f4 da Eduardo Ribeiro.\" \/>\n<meta property=\"og:url\" content=\"https:\/\/www.manaus.am.gov.br\/semcom\/proximas-intervencoes-da-gestao\/\" \/>\n<meta property=\"og:site_name\" content=\"SEMCOM\" \/>\n<meta property=\"article:published_time\" content=\"2025-07-17T03:11:38+00:00\" \/>\n<meta property=\"article:modified_time\" content=\"2025-07-17T03:15:38+00:00\" \/>\n<meta property=\"og:image\" content=\"https:\/\/www.manaus.am.gov.br\/semcom\/wp-content\/uploads\/sites\/5\/2025\/07\/WhatsApp-Image-2025-07-16-at-22.29.53-4.jpeg\" \/>\n\t<meta property=\"og:image:width\" content=\"4160\" \/>\n\t<meta property=\"og:image:height\" content=\"2773\" \/>\n\t<meta property=\"og:image:type\" content=\"image\/jpeg\" \/>\n<meta name=\"author\" content=\"bvalente\" \/>\n<meta name=\"twitter:card\" content=\"summary_large_image\" \/>\n<meta name=\"twitter:label1\" content=\"Written by\" \/>\n\t<meta name=\"twitter:data1\" content=\"bvalente\" \/>\n\t<meta name=\"twitter:label2\" content=\"Est. reading time\" \/>\n\t<meta name=\"twitter:data2\" content=\"3 minutos\" \/>\n<script type=\"application\/ld+json\" class=\"yoast-schema-graph\">{\"@context\":\"https:\/\/schema.org\",\"@graph\":[{\"@type\":\"WebPage\",\"@id\":\"https:\/\/www.manaus.am.gov.br\/semcom\/proximas-intervencoes-da-gestao\/\",\"url\":\"https:\/\/www.manaus.am.gov.br\/semcom\/proximas-intervencoes-da-gestao\/\",\"name\":\"Prefeito em exerc\u00edcio Renato Junior destaca pr\u00f3ximas interven\u00e7\u00f5es da gest\u00e3o durante entrevista\",\"isPartOf\":{\"@id\":\"https:\/\/www.manaus.am.gov.br\/semcom\/#website\"},\"primaryImageOfPage\":{\"@id\":\"https:\/\/www.manaus.am.gov.br\/semcom\/proximas-intervencoes-da-gestao\/#primaryimage\"},\"image\":{\"@id\":\"https:\/\/www.manaus.am.gov.br\/semcom\/proximas-intervencoes-da-gestao\/#primaryimage\"},\"thumbnailUrl\":\"https:\/\/www.manaus.am.gov.br\/semcom\/wp-content\/uploads\/sites\/5\/2025\/07\/WhatsApp-Image-2025-07-16-at-22.29.53-4.jpeg\",\"datePublished\":\"2025-07-17T03:11:38+00:00\",\"dateModified\":\"2025-07-17T03:15:38+00:00\",\"author\":{\"@id\":\"https:\/\/www.manaus.am.gov.br\/semcom\/#\/schema\/person\/466a0e03ae4b6062809046bd560ac955\"},\"description\":\"Em entrevista concedida na manh\u00e3 desta quarta-feira, 16\/7, ao programa do jornalista Valdir Corr\u00eaa, na r\u00e1dio Difusora FM, o prefeito de Manaus em exerc\u00edcio, Renato Junior, apresentou uma s\u00e9rie de an\u00fancios que refor\u00e7am o cuidado da gest\u00e3o municipal com o Centro da cidade, as feiras p\u00fablicas e a moderniza\u00e7\u00e3o da infraestrutura urbana. Renato falou diretamente com a popula\u00e7\u00e3o, do feirante da zona Leste ao camel\u00f4 da Eduardo Ribeiro.\",\"inLanguage\":\"pt-BR\",\"potentialAction\":[{\"@type\":\"ReadAction\",\"target\":[\"https:\/\/www.manaus.am.gov.br\/semcom\/proximas-intervencoes-da-gestao\/\"]}]},{\"@type\":\"ImageObject\",\"inLanguage\":\"pt-BR\",\"@id\":\"https:\/\/www.manaus.am.gov.br\/semcom\/proximas-intervencoes-da-gestao\/#primaryimage\",\"url\":\"https:\/\/www.manaus.am.gov.br\/semcom\/wp-content\/uploads\/sites\/5\/2025\/07\/WhatsApp-Image-2025-07-16-at-22.29.53-4.jpeg\",\"contentUrl\":\"https:\/\/www.manaus.am.gov.br\/semcom\/wp-content\/uploads\/sites\/5\/2025\/07\/WhatsApp-Image-2025-07-16-at-22.29.53-4.jpeg\",\"width\":4160,\"height\":2773},{\"@type\":\"WebSite\",\"@id\":\"https:\/\/www.manaus.am.gov.br\/semcom\/#website\",\"url\":\"https:\/\/www.manaus.am.gov.br\/semcom\/\",\"name\":\"SEMCOM\",\"description\":\"Secretaria Municipal de Comunica\u00e7\u00e3o\",\"potentialAction\":[{\"@type\":\"SearchAction\",\"target\":{\"@type\":\"EntryPoint\",\"urlTemplate\":\"https:\/\/www.manaus.am.gov.br\/semcom\/?s={search_term_string}\"},\"query-input\":\"required name=search_term_string\"}],\"inLanguage\":\"pt-BR\"},{\"@type\":\"Person\",\"@id\":\"https:\/\/www.manaus.am.gov.br\/semcom\/#\/schema\/person\/466a0e03ae4b6062809046bd560ac955\",\"name\":\"bvalente\",\"image\":{\"@type\":\"ImageObject\",\"inLanguage\":\"pt-BR\",\"@id\":\"https:\/\/www.manaus.am.gov.br\/semcom\/#\/schema\/person\/image\/\",\"url\":\"https:\/\/secure.gravatar.com\/avatar\/3e69bc2b014bdad41adfec3a39de07d2?s=96&d=mm&r=g\",\"contentUrl\":\"https:\/\/secure.gravatar.com\/avatar\/3e69bc2b014bdad41adfec3a39de07d2?s=96&d=mm&r=g\",\"caption\":\"bvalente\"}}]}<\/script>\n<!-- \/ Yoast SEO plugin. -->","yoast_head_json":{"title":"Prefeito em exerc\u00edcio Renato Junior destaca pr\u00f3ximas interven\u00e7\u00f5es da gest\u00e3o durante entrevista","description":"Em entrevista concedida na manh\u00e3 desta quarta-feira, 16\/7, ao programa do jornalista Valdir Corr\u00eaa, na r\u00e1dio Difusora FM, o prefeito de Manaus em exerc\u00edcio, Renato Junior, apresentou uma s\u00e9rie de an\u00fancios que refor\u00e7am o cuidado da gest\u00e3o municipal com o Centro da cidade, as feiras p\u00fablicas e a moderniza\u00e7\u00e3o da infraestrutura urbana. Renato falou diretamente com a popula\u00e7\u00e3o, do feirante da zona Leste ao camel\u00f4 da Eduardo Ribeiro.","robots":{"index":"index","follow":"follow","max-snippet":"max-snippet:-1","max-image-preview":"max-image-preview:large","max-video-preview":"max-video-preview:-1"},"canonical":"https:\/\/www.manaus.am.gov.br\/semcom\/proximas-intervencoes-da-gestao\/","og_locale":"pt_BR","og_type":"article","og_title":"Prefeito em exerc\u00edcio Renato Junior destaca pr\u00f3ximas interven\u00e7\u00f5es da gest\u00e3o durante entrevista","og_description":"Em entrevista concedida na manh\u00e3 desta quarta-feira, 16\/7, ao programa do jornalista Valdir Corr\u00eaa, na r\u00e1dio Difusora FM, o prefeito de Manaus em exerc\u00edcio, Renato Junior, apresentou uma s\u00e9rie de an\u00fancios que refor\u00e7am o cuidado da gest\u00e3o municipal com o Centro da cidade, as feiras p\u00fablicas e a moderniza\u00e7\u00e3o da infraestrutura urbana. Renato falou diretamente com a popula\u00e7\u00e3o, do feirante da zona Leste ao camel\u00f4 da Eduardo Ribeiro.","og_url":"https:\/\/www.manaus.am.gov.br\/semcom\/proximas-intervencoes-da-gestao\/","og_site_name":"SEMCOM","article_published_time":"2025-07-17T03:11:38+00:00","article_modified_time":"2025-07-17T03:15:38+00:00","og_image":[{"width":4160,"height":2773,"url":"https:\/\/www.manaus.am.gov.br\/semcom\/wp-content\/uploads\/sites\/5\/2025\/07\/WhatsApp-Image-2025-07-16-at-22.29.53-4.jpeg","type":"image\/jpeg"}],"author":"bvalente","twitter_card":"summary_large_image","twitter_misc":{"Written by":"bvalente","Est. reading time":"3 minutos"},"schema":{"@context":"https:\/\/schema.org","@graph":[{"@type":"WebPage","@id":"https:\/\/www.manaus.am.gov.br\/semcom\/proximas-intervencoes-da-gestao\/","url":"https:\/\/www.manaus.am.gov.br\/semcom\/proximas-intervencoes-da-gestao\/","name":"Prefeito em exerc\u00edcio Renato Junior destaca pr\u00f3ximas interven\u00e7\u00f5es da gest\u00e3o durante entrevista","isPartOf":{"@id":"https:\/\/www.manaus.am.gov.br\/semcom\/#website"},"primaryImageOfPage":{"@id":"https:\/\/www.manaus.am.gov.br\/semcom\/proximas-intervencoes-da-gestao\/#primaryimage"},"image":{"@id":"https:\/\/www.manaus.am.gov.br\/semcom\/proximas-intervencoes-da-gestao\/#primaryimage"},"thumbnailUrl":"https:\/\/www.manaus.am.gov.br\/semcom\/wp-content\/uploads\/sites\/5\/2025\/07\/WhatsApp-Image-2025-07-16-at-22.29.53-4.jpeg","datePublished":"2025-07-17T03:11:38+00:00","dateModified":"2025-07-17T03:15:38+00:00","author":{"@id":"https:\/\/www.manaus.am.gov.br\/semcom\/#\/schema\/person\/466a0e03ae4b6062809046bd560ac955"},"description":"Em entrevista concedida na manh\u00e3 desta quarta-feira, 16\/7, ao programa do jornalista Valdir Corr\u00eaa, na r\u00e1dio Difusora FM, o prefeito de Manaus em exerc\u00edcio, Renato Junior, apresentou uma s\u00e9rie de an\u00fancios que refor\u00e7am o cuidado da gest\u00e3o municipal com o Centro da cidade, as feiras p\u00fablicas e a moderniza\u00e7\u00e3o da infraestrutura urbana. Renato falou diretamente com a popula\u00e7\u00e3o, do feirante da zona Leste ao camel\u00f4 da Eduardo Ribeiro.","inLanguage":"pt-BR","potentialAction":[{"@type":"ReadAction","target":["https:\/\/www.manaus.am.gov.br\/semcom\/proximas-intervencoes-da-gestao\/"]}]},{"@type":"ImageObject","inLanguage":"pt-BR","@id":"https:\/\/www.manaus.am.gov.br\/semcom\/proximas-intervencoes-da-gestao\/#primaryimage","url":"https:\/\/www.manaus.am.gov.br\/semcom\/wp-content\/uploads\/sites\/5\/2025\/07\/WhatsApp-Image-2025-07-16-at-22.29.53-4.jpeg","contentUrl":"https:\/\/www.manaus.am.gov.br\/semcom\/wp-content\/uploads\/sites\/5\/2025\/07\/WhatsApp-Image-2025-07-16-at-22.29.53-4.jpeg","width":4160,"height":2773},{"@type":"WebSite","@id":"https:\/\/www.manaus.am.gov.br\/semcom\/#website","url":"https:\/\/www.manaus.am.gov.br\/semcom\/","name":"SEMCOM","description":"Secretaria Municipal de Comunica\u00e7\u00e3o","potentialAction":[{"@type":"SearchAction","target":{"@type":"EntryPoint","urlTemplate":"https:\/\/www.manaus.am.gov.br\/semcom\/?s={search_term_string}"},"query-input":"required name=search_term_string"}],"inLanguage":"pt-BR"},{"@type":"Person","@id":"https:\/\/www.manaus.am.gov.br\/semcom\/#\/schema\/person\/466a0e03ae4b6062809046bd560ac955","name":"bvalente","image":{"@type":"ImageObject","inLanguage":"pt-BR","@id":"https:\/\/www.manaus.am.gov.br\/semcom\/#\/schema\/person\/image\/","url":"https:\/\/secure.gravatar.com\/avatar\/3e69bc2b014bdad41adfec3a39de07d2?s=96&d=mm&r=g","contentUrl":"https:\/\/secure.gravatar.com\/avatar\/3e69bc2b014bdad41adfec3a39de07d2?s=96&d=mm&r=g","caption":"bvalente"}}]}},"_links":{"self":[{"href":"https:\/\/www.manaus.am.gov.br\/semcom\/wp-json\/wp\/v2\/posts\/242197"}],"collection":[{"href":"https:\/\/www.manaus.am.gov.br\/semcom\/wp-json\/wp\/v2\/posts"}],"about":[{"href":"https:\/\/www.manaus.am.gov.br\/semcom\/wp-json\/wp\/v2\/types\/post"}],"author":[{"embeddable":true,"href":"https:\/\/www.manaus.am.gov.br\/semcom\/wp-json\/wp\/v2\/users\/68"}],"replies":[{"embeddable":true,"href":"https:\/\/www.manaus.am.gov.br\/semcom\/wp-json\/wp\/v2\/comments?post=242197"}],"version-history":[{"count":1,"href":"https:\/\/www.manaus.am.gov.br\/semcom\/wp-json\/wp\/v2\/posts\/242197\/revisions"}],"predecessor-version":[{"id":242199,"href":"https:\/\/www.manaus.am.gov.br\/semcom\/wp-json\/wp\/v2\/posts\/242197\/revisions\/242199"}],"wp:featuredmedia":[{"embeddable":true,"href":"https:\/\/www.manaus.am.gov.br\/semcom\/wp-json\/wp\/v2\/media\/242200"}],"wp:attachment":[{"href":"https:\/\/www.manaus.am.gov.br\/semcom\/wp-json\/wp\/v2\/media?parent=242197"}],"wp:term":[{"taxonomy":"category","embeddable":true,"href":"https:\/\/www.manaus.am.gov.br\/semcom\/wp-json\/wp\/v2\/categories?post=242197"},{"taxonomy":"post_tag","embeddable":true,"href":"https:\/\/www.manaus.am.gov.br\/semcom\/wp-json\/wp\/v2\/tags?post=242197"}],"curies":[{"name":"wp","href":"https:\/\/api.w.org\/{rel}","templated":true}]}}