{"id":242091,"date":"2025-07-15T19:08:44","date_gmt":"2025-07-15T22:08:44","guid":{"rendered":"https:\/\/www.manaus.am.gov.br\/semcom\/saneamento-basico-investimentos-manaus\/"},"modified":"2025-07-15T19:30:30","modified_gmt":"2025-07-15T22:30:30","slug":"saneamento-basico-investimentos-manaus","status":"publish","type":"post","link":"https:\/\/www.manaus.am.gov.br\/semcom\/saneamento-basico-investimentos-manaus\/","title":{"rendered":"Manaus \u00e9 a capital do Norte que mais investe em saneamento b\u00e1sico e a 6\u00aa do Brasil"},"content":{"rendered":"\n<p>Nos \u00faltimos cinco anos, entre 2019 e 2023, <a href=\"https:\/\/www.instagram.com\/prefeiturademanaus\/\">Manaus <\/a>foi a cidade da regi\u00e3o Norte que mais investiu em saneamento b\u00e1sico, sendo o sexto maior investimento do Brasil, segundo o ranking do Instituto Trata Brasil. Foram investidos R$ 1.158 bilh\u00e3o em saneamento b\u00e1sico no per\u00edodo, quase o mesmo montante das demais capitais da regi\u00e3o que, somadas, investiram R$ 1,3 bilh\u00e3o.<\/p>\n\n\n\n<p>O resultado do investimento \u00e9 demonstrado com o aumento da cobertura do servi\u00e7o de \u00e1gua e esgoto na capital amazonense, saindo de 18% para 35% de cobertura, com previs\u00e3o de atingir 40% at\u00e9 o fim de 2025.<\/p>\n\n\n\n<p>A meta \u00e9 ainda mais ousada com o lan\u00e7amento, em 2024, do programa \u201cTrata Bem Manaus\u201d, que visa universalizar o servi\u00e7o de esgotamento at\u00e9 2033. Est\u00e3o previstos mais de 2,7 milh\u00f5es de metros de redes coletoras e a constru\u00e7\u00e3o ou amplia\u00e7\u00e3o de 70 Esta\u00e7\u00f5es de Tratamento de Esgoto (ETEs), com investimentos estimados em R$ 2 bilh\u00f5es. As a\u00e7\u00f5es constam no Plano Diretor de Esgoto, aprovado em 2024, o qual vem sendo acompanhado criteriosamente pela Ag\u00eancia Reguladora dos Servi\u00e7os P\u00fablicos Delegados do Munic\u00edpio de <a href=\"https:\/\/www.manaus.am.gov.br\/\">Manaus <\/a>(Ageman).<\/p>\n\n\n\n<p>\u201cInvestir em saneamento \u00e9 salvar vidas. \u00c9 dar dignidade para quem sempre foi esquecido. Manaus est\u00e1 mostrando que \u00e9 poss\u00edvel fazer diferente: mais de R$ 1 bilh\u00e3o investidos, rede de esgoto chegando onde nunca tinha chegado, \u00e1gua tratada nos becos, nos rip-raps, nas \u00e1reas mais vulner\u00e1veis da cidade. Isso \u00e9 justi\u00e7a social. Isso \u00e9 cuidar de gente. E a gente vai seguir avan\u00e7ando, porque a meta \u00e9 clara: at\u00e9 2033, mais de 90% da nossa cidade com esgoto tratado. E com tarifa acess\u00edvel, para ningu\u00e9m ficar de fora. Saneamento n\u00e3o \u00e9 luxo, \u00e9 prioridade\u201d, afirma o prefeito em exerc\u00edcio Renato Junior.<\/p>\n\n\n\n<p>Apenas oito capitais brasileiras investiram mais de um bilh\u00e3o de reais em abastecimento de \u00e1gua, coleta e tratamento de esgoto entre 2019 e 2023. Manaus, sexto maior investimento dentre os munic\u00edpios brasileiros, investiu R$ 1.158 bilh\u00e3o. Esse montante representa quase o dobro de Bel\u00e9m\/PA, que foi de R$ 612,25 milh\u00f5es.<\/p>\n\n\n\n<p>O levantamento do Instituto Trata Brasil destaca tamb\u00e9m que Manaus \u00e9 a quinta capital do pa\u00eds que mais reduziu o volume de desperd\u00edcio de \u00e1gua. A capital do Amazonas est\u00e1 entre as 10 capitais brasileiras que mais evolui com cobertura de \u00e1gua e esgoto no per\u00edodo aferido pelo ranking.<\/p>\n\n\n\n<p>A Prefeitura de Manaus ressalta que o \u00faltimo relat\u00f3rio do Instituto Trata Brasil compilou os dados at\u00e9 o ano de 2023. Em 2024, foi lan\u00e7ado o Trata Bem Manaus. O programa acelerou os investimentos com meta de universalizar o acesso \u00e0 coleta e tratamento de esgoto na \u00e1rea urbana do munic\u00edpio at\u00e9 2023.<\/p>\n\n\n\n<p><strong>Tarifas Sociais<\/strong><\/p>\n\n\n\n<p>Para garantir o acesso da popula\u00e7\u00e3o mais vulner\u00e1vel, a concession\u00e1ria mant\u00e9m programas como a \u201cTarifa 10\u201d e a \u201cTarifa Manauara\u201d, que beneficiam juntos aproximadamente 550 mil pessoas em Manaus. A \u201cTarifa Manauara\u201d, que oferece 50% de desconto, saltou de 35 mil para mais de 107 mil fam\u00edlias atendidas.<\/p>\n\n\n\n<p>J\u00e1 a \u201cTarifa 10\u201d fixa o valor da conta em R$ 10 para cerca de 28 mil fam\u00edlias. Essas tarifas s\u00e3o concedidas com base em crit\u00e9rios t\u00e9cnicos, objetivos, e audit\u00e1veis, que passam por fiscaliza\u00e7\u00e3o dos diversos \u00f3rg\u00e3os de controle, dentre eles a Controladoria-Geral da Uni\u00e3o (CGU), assegurando a transpar\u00eancia e a efici\u00eancia do programa. Os modelos inspiraram pol\u00edticas em n\u00edvel nacional e apresentam alta adimpl\u00eancia, evidenciando a confian\u00e7a da popula\u00e7\u00e3o no servi\u00e7o.<\/p>\n\n\n\n<p>Desde que o munic\u00edpio de Manaus assumiu a regula\u00e7\u00e3o local dos servi\u00e7os de \u00e1gua e esgoto, a partir da cria\u00e7\u00e3o da Ageman, o \u00f3rg\u00e3o regulador municipal tem desempenhado papel central no acompanhamento das metas contratuais e no controle da qualidade dos servi\u00e7os prestados. A ag\u00eancia atua analisando os planos de expans\u00e3o, metas e de melhorias cont\u00ednuas, adota instrumentos de monitoramento e aplica medidas sancionat\u00f3rias sempre que necess\u00e1rio, com respaldo do Conselho Municipal de Regula\u00e7\u00e3o dos Servi\u00e7os P\u00fablicos Delegados do Munic\u00edpio de Manaus.<\/p>\n\n\n\n<p>\u201cA atua\u00e7\u00e3o da Ageman vai muito al\u00e9m do papel formal de ag\u00eancia reguladora. Estamos nas ruas todos os dias, ouvindo a popula\u00e7\u00e3o, fiscalizando, in loco, cada etapa dos servi\u00e7os e cobrando efici\u00eancia operacional e rapidez nas respostas aos usu\u00e1rios. Manaus enfrenta desafios \u00fanicos, semelhantes aos de uma cidade-estado: crescimento populacional acelerado, alta densidade urbana, expans\u00e3o cont\u00ednua de novas \u00e1reas e uma demanda reprimida que exige a\u00e7\u00e3o firme do poder p\u00fablico para levar \u00e1gua e esgoto a regi\u00f5es geograficamente distantes\u201d, afirma o diretor-presidente da Ageman, Elson Ferreira.<\/p>\n\n\n\n<p><strong>Plano Municipal de Saneamento B\u00e1sico<\/strong><\/p>\n\n\n\n<p>De iniciativa da Prefeitura de Manaus, o novo Plano Municipal de Saneamento B\u00e1sico de Manaus (PMSBM) est\u00e1 sendo elaborado por especialistas locais e nacionais, com a colabora\u00e7\u00e3o de profissionais e empresas de saneamento de Portugal, em conson\u00e2ncia com os princ\u00edpios estabelecidos pela Pol\u00edtica Nacional de Saneamento B\u00e1sico (Lei n\u00b0 11.445\/07), pelo novo Marco Regulat\u00f3rio (Lei 14.026\/2020) e pela Pol\u00edtica Nacional de Res\u00edduos S\u00f3lidos (Lei n\u00b0 12.305\/2010). A nova proposta visa planejar as a\u00e7\u00f5es de saneamento da cidade para os pr\u00f3ximos 20 anos, abrangendo abastecimento de \u00e1gua, coleta e tratamento de esgoto, manejo de res\u00edduos s\u00f3lidos e drenagem de \u00e1guas pluviais.<\/p>\n\n\n\n<p>O plano busca melhorar a qualidade de vida da popula\u00e7\u00e3o e a sustentabilidade urbana, integrando pol\u00edticas p\u00fablicas e promovendo a gest\u00e3o eficiente dos recursos. A iniciativa est\u00e1 sendo constru\u00edda com ampla participa\u00e7\u00e3o social e de acordo com o cronograma, o progn\u00f3stico deve ser entregue j\u00e1 no segundo semestre de 2025. Em seguida, o Plano segue para a fase de realiza\u00e7\u00e3o de audi\u00eancias p\u00fablicas e aprova\u00e7\u00e3o pelo legislativo municipal.<\/p>\n\n\n\n<p><strong>Prepara\u00e7\u00e3o para COP30<\/strong><\/p>\n\n\n\n<p>Manaus se prepara para apresentar na COP30 seus avan\u00e7os em saneamento b\u00e1sico. A universaliza\u00e7\u00e3o do acesso \u00e0 \u00e1gua pot\u00e1vel, os investimentos para universaliza\u00e7\u00e3o da coleta e tratamento de esgoto at\u00e9 2033, a coleta seletiva, o reaproveitamento dos res\u00edduos s\u00f3lidos, o combate ao descarte irregular, a Central de Valoriza\u00e7\u00e3o de Res\u00edduos S\u00f3lidos, a Escola Ambiental, o retrofit do atual aterro controlado e os servi\u00e7os de drenagem. Investimentos que est\u00e3o sendo realizados e\/ou estruturados com apoio do Minist\u00e9rio da Integra\u00e7\u00e3o e Desenvolvimento Regional (MIDR) e recursos a fundo perdido do Fundo de Desenvolvimento da Infraestrutura Regional Sustent\u00e1vel (FDIRS). Solu\u00e7\u00f5es de Parcerias P\u00fablico-Privadas e Concess\u00f5es que aceleram investimentos. E ainda existem as apostas em solu\u00e7\u00f5es baseadas na natureza, tais como a planta mureru, que utilizamos na recupera\u00e7\u00e3o de lagoas, e da criatividade das ecobarreiras em nossos igarap\u00e9s, minimizando a contamina\u00e7\u00e3o do rio Negro.<\/p>\n\n\n\n<p>&#8212; &#8212; &#8212;<\/p>\n\n\n\n<p><strong>Texto \u2013<\/strong> Geraldo Farias \/ Semcom e Tereza Te\u00f3filo \/ Ageman<\/p>\n\n\n\n<p><strong>Fotos \u2013<\/strong> Divulga\u00e7\u00e3o \/ Manaus<\/p>\n\n\n\n<p><\/p>\n","protected":false},"excerpt":{"rendered":"","protected":false},"author":57,"featured_media":242092,"comment_status":"closed","ping_status":"closed","sticky":false,"template":"","format":"standard","meta":{"footnotes":""},"categories":[2371],"tags":[215,77,439,221,33],"acf":[],"yoast_head":"<!-- This site is optimized with the Yoast SEO plugin v23.0 - https:\/\/yoast.com\/wordpress\/plugins\/seo\/ -->\n<title>Manaus \u00e9 a capital do Norte que mais investe em saneamento b\u00e1sico<\/title>\n<meta name=\"description\" content=\"Foram investidos R$ 1.158 bilh\u00e3o em saneamento b\u00e1sico no per\u00edodo, quase o mesmo montante das demais capitais da regi\u00e3o que, somadas.\" \/>\n<meta name=\"robots\" content=\"index, follow, max-snippet:-1, max-image-preview:large, max-video-preview:-1\" \/>\n<link rel=\"canonical\" href=\"https:\/\/www.manaus.am.gov.br\/semcom\/saneamento-basico-investimentos-manaus\/\" \/>\n<meta property=\"og:locale\" content=\"pt_BR\" \/>\n<meta property=\"og:type\" content=\"article\" \/>\n<meta property=\"og:title\" content=\"Manaus \u00e9 a capital do Norte que mais investe em saneamento b\u00e1sico\" \/>\n<meta property=\"og:description\" content=\"Foram investidos R$ 1.158 bilh\u00e3o em saneamento b\u00e1sico no per\u00edodo, quase o mesmo montante das demais capitais da regi\u00e3o que, somadas.\" \/>\n<meta property=\"og:url\" content=\"https:\/\/www.manaus.am.gov.br\/semcom\/saneamento-basico-investimentos-manaus\/\" \/>\n<meta property=\"og:site_name\" content=\"SEMCOM\" \/>\n<meta property=\"article:published_time\" content=\"2025-07-15T22:08:44+00:00\" \/>\n<meta property=\"article:modified_time\" content=\"2025-07-15T22:30:30+00:00\" \/>\n<meta property=\"og:image\" content=\"https:\/\/www.manaus.am.gov.br\/semcom\/wp-content\/uploads\/sites\/5\/2025\/07\/saneamento-basico-3.jpeg\" \/>\n\t<meta property=\"og:image:width\" content=\"1280\" \/>\n\t<meta property=\"og:image:height\" content=\"853\" \/>\n\t<meta property=\"og:image:type\" content=\"image\/jpeg\" \/>\n<meta name=\"author\" content=\"Thiago Fernando\" \/>\n<meta name=\"twitter:card\" content=\"summary_large_image\" \/>\n<meta name=\"twitter:label1\" content=\"Written by\" \/>\n\t<meta name=\"twitter:data1\" content=\"Thiago Fernando\" \/>\n\t<meta name=\"twitter:label2\" content=\"Est. reading time\" \/>\n\t<meta name=\"twitter:data2\" content=\"7 minutos\" \/>\n<script type=\"application\/ld+json\" class=\"yoast-schema-graph\">{\"@context\":\"https:\/\/schema.org\",\"@graph\":[{\"@type\":\"WebPage\",\"@id\":\"https:\/\/www.manaus.am.gov.br\/semcom\/saneamento-basico-investimentos-manaus\/\",\"url\":\"https:\/\/www.manaus.am.gov.br\/semcom\/saneamento-basico-investimentos-manaus\/\",\"name\":\"Manaus \u00e9 a capital do Norte que mais investe em saneamento b\u00e1sico\",\"isPartOf\":{\"@id\":\"https:\/\/www.manaus.am.gov.br\/semcom\/#website\"},\"primaryImageOfPage\":{\"@id\":\"https:\/\/www.manaus.am.gov.br\/semcom\/saneamento-basico-investimentos-manaus\/#primaryimage\"},\"image\":{\"@id\":\"https:\/\/www.manaus.am.gov.br\/semcom\/saneamento-basico-investimentos-manaus\/#primaryimage\"},\"thumbnailUrl\":\"https:\/\/www.manaus.am.gov.br\/semcom\/wp-content\/uploads\/sites\/5\/2025\/07\/saneamento-basico-3.jpeg\",\"datePublished\":\"2025-07-15T22:08:44+00:00\",\"dateModified\":\"2025-07-15T22:30:30+00:00\",\"author\":{\"@id\":\"https:\/\/www.manaus.am.gov.br\/semcom\/#\/schema\/person\/a5ee5376db6e21af026374b369f30882\"},\"description\":\"Foram investidos R$ 1.158 bilh\u00e3o em saneamento b\u00e1sico no per\u00edodo, quase o mesmo montante das demais capitais da regi\u00e3o que, somadas.\",\"inLanguage\":\"pt-BR\",\"potentialAction\":[{\"@type\":\"ReadAction\",\"target\":[\"https:\/\/www.manaus.am.gov.br\/semcom\/saneamento-basico-investimentos-manaus\/\"]}]},{\"@type\":\"ImageObject\",\"inLanguage\":\"pt-BR\",\"@id\":\"https:\/\/www.manaus.am.gov.br\/semcom\/saneamento-basico-investimentos-manaus\/#primaryimage\",\"url\":\"https:\/\/www.manaus.am.gov.br\/semcom\/wp-content\/uploads\/sites\/5\/2025\/07\/saneamento-basico-3.jpeg\",\"contentUrl\":\"https:\/\/www.manaus.am.gov.br\/semcom\/wp-content\/uploads\/sites\/5\/2025\/07\/saneamento-basico-3.jpeg\",\"width\":1280,\"height\":853,\"caption\":\"saneamento b\u00e1sico\"},{\"@type\":\"WebSite\",\"@id\":\"https:\/\/www.manaus.am.gov.br\/semcom\/#website\",\"url\":\"https:\/\/www.manaus.am.gov.br\/semcom\/\",\"name\":\"SEMCOM\",\"description\":\"Secretaria Municipal de Comunica\u00e7\u00e3o\",\"potentialAction\":[{\"@type\":\"SearchAction\",\"target\":{\"@type\":\"EntryPoint\",\"urlTemplate\":\"https:\/\/www.manaus.am.gov.br\/semcom\/?s={search_term_string}\"},\"query-input\":\"required name=search_term_string\"}],\"inLanguage\":\"pt-BR\"},{\"@type\":\"Person\",\"@id\":\"https:\/\/www.manaus.am.gov.br\/semcom\/#\/schema\/person\/a5ee5376db6e21af026374b369f30882\",\"name\":\"Thiago Fernando\",\"image\":{\"@type\":\"ImageObject\",\"inLanguage\":\"pt-BR\",\"@id\":\"https:\/\/www.manaus.am.gov.br\/semcom\/#\/schema\/person\/image\/\",\"url\":\"https:\/\/secure.gravatar.com\/avatar\/f5aab8722444041451501c077052ac07?s=96&d=mm&r=g\",\"contentUrl\":\"https:\/\/secure.gravatar.com\/avatar\/f5aab8722444041451501c077052ac07?s=96&d=mm&r=g\",\"caption\":\"Thiago Fernando\"}}]}<\/script>\n<!-- \/ Yoast SEO plugin. -->","yoast_head_json":{"title":"Manaus \u00e9 a capital do Norte que mais investe em saneamento b\u00e1sico","description":"Foram investidos R$ 1.158 bilh\u00e3o em saneamento b\u00e1sico no per\u00edodo, quase o mesmo montante das demais capitais da regi\u00e3o que, somadas.","robots":{"index":"index","follow":"follow","max-snippet":"max-snippet:-1","max-image-preview":"max-image-preview:large","max-video-preview":"max-video-preview:-1"},"canonical":"https:\/\/www.manaus.am.gov.br\/semcom\/saneamento-basico-investimentos-manaus\/","og_locale":"pt_BR","og_type":"article","og_title":"Manaus \u00e9 a capital do Norte que mais investe em saneamento b\u00e1sico","og_description":"Foram investidos R$ 1.158 bilh\u00e3o em saneamento b\u00e1sico no per\u00edodo, quase o mesmo montante das demais capitais da regi\u00e3o que, somadas.","og_url":"https:\/\/www.manaus.am.gov.br\/semcom\/saneamento-basico-investimentos-manaus\/","og_site_name":"SEMCOM","article_published_time":"2025-07-15T22:08:44+00:00","article_modified_time":"2025-07-15T22:30:30+00:00","og_image":[{"width":1280,"height":853,"url":"https:\/\/www.manaus.am.gov.br\/semcom\/wp-content\/uploads\/sites\/5\/2025\/07\/saneamento-basico-3.jpeg","type":"image\/jpeg"}],"author":"Thiago Fernando","twitter_card":"summary_large_image","twitter_misc":{"Written by":"Thiago Fernando","Est. reading time":"7 minutos"},"schema":{"@context":"https:\/\/schema.org","@graph":[{"@type":"WebPage","@id":"https:\/\/www.manaus.am.gov.br\/semcom\/saneamento-basico-investimentos-manaus\/","url":"https:\/\/www.manaus.am.gov.br\/semcom\/saneamento-basico-investimentos-manaus\/","name":"Manaus \u00e9 a capital do Norte que mais investe em saneamento b\u00e1sico","isPartOf":{"@id":"https:\/\/www.manaus.am.gov.br\/semcom\/#website"},"primaryImageOfPage":{"@id":"https:\/\/www.manaus.am.gov.br\/semcom\/saneamento-basico-investimentos-manaus\/#primaryimage"},"image":{"@id":"https:\/\/www.manaus.am.gov.br\/semcom\/saneamento-basico-investimentos-manaus\/#primaryimage"},"thumbnailUrl":"https:\/\/www.manaus.am.gov.br\/semcom\/wp-content\/uploads\/sites\/5\/2025\/07\/saneamento-basico-3.jpeg","datePublished":"2025-07-15T22:08:44+00:00","dateModified":"2025-07-15T22:30:30+00:00","author":{"@id":"https:\/\/www.manaus.am.gov.br\/semcom\/#\/schema\/person\/a5ee5376db6e21af026374b369f30882"},"description":"Foram investidos R$ 1.158 bilh\u00e3o em saneamento b\u00e1sico no per\u00edodo, quase o mesmo montante das demais capitais da regi\u00e3o que, somadas.","inLanguage":"pt-BR","potentialAction":[{"@type":"ReadAction","target":["https:\/\/www.manaus.am.gov.br\/semcom\/saneamento-basico-investimentos-manaus\/"]}]},{"@type":"ImageObject","inLanguage":"pt-BR","@id":"https:\/\/www.manaus.am.gov.br\/semcom\/saneamento-basico-investimentos-manaus\/#primaryimage","url":"https:\/\/www.manaus.am.gov.br\/semcom\/wp-content\/uploads\/sites\/5\/2025\/07\/saneamento-basico-3.jpeg","contentUrl":"https:\/\/www.manaus.am.gov.br\/semcom\/wp-content\/uploads\/sites\/5\/2025\/07\/saneamento-basico-3.jpeg","width":1280,"height":853,"caption":"saneamento b\u00e1sico"},{"@type":"WebSite","@id":"https:\/\/www.manaus.am.gov.br\/semcom\/#website","url":"https:\/\/www.manaus.am.gov.br\/semcom\/","name":"SEMCOM","description":"Secretaria Municipal de Comunica\u00e7\u00e3o","potentialAction":[{"@type":"SearchAction","target":{"@type":"EntryPoint","urlTemplate":"https:\/\/www.manaus.am.gov.br\/semcom\/?s={search_term_string}"},"query-input":"required name=search_term_string"}],"inLanguage":"pt-BR"},{"@type":"Person","@id":"https:\/\/www.manaus.am.gov.br\/semcom\/#\/schema\/person\/a5ee5376db6e21af026374b369f30882","name":"Thiago Fernando","image":{"@type":"ImageObject","inLanguage":"pt-BR","@id":"https:\/\/www.manaus.am.gov.br\/semcom\/#\/schema\/person\/image\/","url":"https:\/\/secure.gravatar.com\/avatar\/f5aab8722444041451501c077052ac07?s=96&d=mm&r=g","contentUrl":"https:\/\/secure.gravatar.com\/avatar\/f5aab8722444041451501c077052ac07?s=96&d=mm&r=g","caption":"Thiago Fernando"}}]}},"_links":{"self":[{"href":"https:\/\/www.manaus.am.gov.br\/semcom\/wp-json\/wp\/v2\/posts\/242091"}],"collection":[{"href":"https:\/\/www.manaus.am.gov.br\/semcom\/wp-json\/wp\/v2\/posts"}],"about":[{"href":"https:\/\/www.manaus.am.gov.br\/semcom\/wp-json\/wp\/v2\/types\/post"}],"author":[{"embeddable":true,"href":"https:\/\/www.manaus.am.gov.br\/semcom\/wp-json\/wp\/v2\/users\/57"}],"replies":[{"embeddable":true,"href":"https:\/\/www.manaus.am.gov.br\/semcom\/wp-json\/wp\/v2\/comments?post=242091"}],"version-history":[{"count":2,"href":"https:\/\/www.manaus.am.gov.br\/semcom\/wp-json\/wp\/v2\/posts\/242091\/revisions"}],"predecessor-version":[{"id":242096,"href":"https:\/\/www.manaus.am.gov.br\/semcom\/wp-json\/wp\/v2\/posts\/242091\/revisions\/242096"}],"wp:featuredmedia":[{"embeddable":true,"href":"https:\/\/www.manaus.am.gov.br\/semcom\/wp-json\/wp\/v2\/media\/242092"}],"wp:attachment":[{"href":"https:\/\/www.manaus.am.gov.br\/semcom\/wp-json\/wp\/v2\/media?parent=242091"}],"wp:term":[{"taxonomy":"category","embeddable":true,"href":"https:\/\/www.manaus.am.gov.br\/semcom\/wp-json\/wp\/v2\/categories?post=242091"},{"taxonomy":"post_tag","embeddable":true,"href":"https:\/\/www.manaus.am.gov.br\/semcom\/wp-json\/wp\/v2\/tags?post=242091"}],"curies":[{"name":"wp","href":"https:\/\/api.w.org\/{rel}","templated":true}]}}