{"id":241998,"date":"2025-07-14T13:18:29","date_gmt":"2025-07-14T17:18:29","guid":{"rendered":"https:\/\/www.manaus.am.gov.br\/semcom\/fiscalizacao-obras-esgoto-conjuntos-francisca-mendes-sergio-pessoa\/"},"modified":"2025-07-14T13:18:29","modified_gmt":"2025-07-14T17:18:29","slug":"fiscalizacao-obras-esgoto-conjuntos-francisca-mendes-sergio-pessoa","status":"publish","type":"post","link":"https:\/\/www.manaus.am.gov.br\/semcom\/fiscalizacao-obras-esgoto-conjuntos-francisca-mendes-sergio-pessoa\/","title":{"rendered":"Ageman cobra melhorias e refor\u00e7a fiscaliza\u00e7\u00e3o em obras de esgoto nos conjuntos Francisca Mendes e S\u00e9rgio Pessoa"},"content":{"rendered":"\n<p>A qualidade das obras de implanta\u00e7\u00e3o da rede de esgotamento sanit\u00e1rio executada nos conjuntos Francisca Mendes e S\u00e9rgio Pessoa Neto, ambos no bairro Cidade Nova, zona Norte da capital, levou a Ag\u00eancia Reguladora dos Servi\u00e7os P\u00fablicos Delegados do Munic\u00edpio de Manaus (Ageman) a notificar a empresa \u00c1guas de Manaus.<\/p>\n\n\n\n<p>Uma vistoria realizada pela Diretoria T\u00e9cnica de Concess\u00f5es, Obras e Saneamento da Ageman identificou n\u00e3o conformidades em diversas ruas. O Minist\u00e9rio P\u00fablico do Estado do Amazonas (MP-AM), por meio da 52\u00aa Promotoria de Justi\u00e7a dos Direitos do Consumidor (Prodecon), tamb\u00e9m acompanha o caso.<\/p>\n\n\n\n<p>Entre os problemas mais comuns identificados pela equipe t\u00e9cnica da Ageman est\u00e3o\u00a0a falta de informa\u00e7\u00e3o, pois os moradores n\u00e3o foram devidamente informados sobre as obras e seus impactos, falhas como pavimenta\u00e7\u00e3o prec\u00e1ria e afundamentos e obras inacabadas, dificultando a mobilidade.<\/p>\n\n\n\n<p>\u201cS\u00e3o n\u00e3o conformidades que comprometem a qualidade do servi\u00e7o, pois se n\u00e3o forem sanadas poder\u00e3o danificar a rede que foi implantada, al\u00e9m de impactar negativamente na circula\u00e7\u00e3o dos ve\u00edculos, na passagem dos pedestres. Sabemos que as obras s\u00e3o necess\u00e1rias, mas a empresa \u00e9 obrigada a prestar um servi\u00e7o de qualidade e quando isso n\u00e3o acontece, como foi o caso em que a nossa equipe identificou o problema, n\u00f3s notificamos a concession\u00e1ria, damos um prazo para ela corrigir as falhas e se isso n\u00e3o ocorrer poderemos advertir e multar. Essa tem sido a nossa postura e a popula\u00e7\u00e3o tem sido uma importante aliada nesse processo\u201d, destacou o diretor-presidente da Ageman, Elson Andrade.<\/p>\n\n\n\n<p>Conforme a&nbsp;notifica\u00e7\u00e3o, a concession\u00e1ria de \u00e1gua e esgoto, respons\u00e1vel pela execu\u00e7\u00e3o das obras, dever\u00e1 realizar a mobiliza\u00e7\u00e3o da equipe de conscientiza\u00e7\u00e3o e relacionamento comunit\u00e1rio, a fim de promover uma comunica\u00e7\u00e3o transparente junto aos moradores, reavalia\u00e7\u00e3o t\u00e9cnica das liga\u00e7\u00f5es executadas com falhas e reparos estruturais, finaliza\u00e7\u00e3o da pavimenta\u00e7\u00e3o das vias impactadas, com defini\u00e7\u00e3o e ampla divulga\u00e7\u00e3o de cronograma junto \u00e0 popula\u00e7\u00e3o, refor\u00e7o na fiscaliza\u00e7\u00e3o das obras com emiss\u00e3o de relat\u00f3rios t\u00e9cnicos peri\u00f3dicos e a limpeza e acabamento das obras, garantindo condi\u00e7\u00f5es adequadas de uso e circula\u00e7\u00e3o.<\/p>\n\n\n\n<p>Todas as provid\u00eancias solicitadas est\u00e3o fundamentadas no Contrato de Concess\u00e3o firmado entre a empresa \u00c1guas de Manaus e a Prefeitura de Manaus.<\/p>\n\n\n\n<p>A Ageman concedeu um prazo de 20 dias para que a empresa \u00c1guas de Manaus execute as provid\u00eancias solicitadas no termo de notifica\u00e7\u00e3o e os servi\u00e7os j\u00e1 foram iniciados.&nbsp; O \u00f3rg\u00e3o regulador segue acompanhando os trabalhos nos dois locais.<\/p>\n\n\n\n<p>O \u00f3rg\u00e3o regulador municipal refor\u00e7a que problemas envolvendo os servi\u00e7os de abastecimento de \u00e1gua, esgotamento sanit\u00e1rio, ilumina\u00e7\u00e3o p\u00fablica e Zona Azul poder\u00e3o ser registrados pelos usu\u00e1rios nos canais oficiais da Ageman como o Instagram @ageman_manaus, Facebook Ageman Manaus, site\u00a0<a href=\"https:\/\/ageman.manaus.am.gov.br\/ouvidoria-agua\/\" target=\"_blank\" rel=\"noreferrer noopener\">https:\/\/ageman.manaus.am.gov.br\/ouvidoria-agua\/<\/a>, e tamb\u00e9m junto \u00e0 Ouvidoria por meio do Whatsapp (92) 98842-2919 e 98410-3247.<\/p>\n\n\n\n<figure class=\"wp-block-image size-large\"><img loading=\"lazy\" decoding=\"async\" width=\"1024\" height=\"576\" src=\"https:\/\/www.manaus.am.gov.br\/semcom\/wp-content\/uploads\/sites\/5\/2025\/07\/WhatsApp-Image-2025-07-14-at-09.17.34-1024x576.jpeg\" alt=\"\" class=\"wp-image-241999\" srcset=\"https:\/\/www.manaus.am.gov.br\/semcom\/wp-content\/uploads\/sites\/5\/2025\/07\/WhatsApp-Image-2025-07-14-at-09.17.34-1024x576.jpeg 1024w, https:\/\/www.manaus.am.gov.br\/semcom\/wp-content\/uploads\/sites\/5\/2025\/07\/WhatsApp-Image-2025-07-14-at-09.17.34-300x169.jpeg 300w, https:\/\/www.manaus.am.gov.br\/semcom\/wp-content\/uploads\/sites\/5\/2025\/07\/WhatsApp-Image-2025-07-14-at-09.17.34-768x432.jpeg 768w, https:\/\/www.manaus.am.gov.br\/semcom\/wp-content\/uploads\/sites\/5\/2025\/07\/WhatsApp-Image-2025-07-14-at-09.17.34-1536x864.jpeg 1536w, https:\/\/www.manaus.am.gov.br\/semcom\/wp-content\/uploads\/sites\/5\/2025\/07\/WhatsApp-Image-2025-07-14-at-09.17.34.jpeg 1599w\" sizes=\"(max-width: 1024px) 100vw, 1024px\" \/><\/figure>\n\n\n\n<p>&#8212; &#8212; &#8212;<\/p>\n\n\n\n<p><strong>Texto &#8211;\u00a0<\/strong>Tereza Te\u00f3filo\/Ageman<\/p>\n\n\n\n<p><strong>Fotos \u2013<\/strong> Divulga\u00e7\u00e3o\/Ageman<\/p>\n","protected":false},"excerpt":{"rendered":"","protected":false},"author":39,"featured_media":242000,"comment_status":"closed","ping_status":"closed","sticky":false,"template":"","format":"standard","meta":{"footnotes":""},"categories":[144],"tags":[215,321,15730,88,14502,77],"acf":[],"yoast_head":"<!-- This site is optimized with the Yoast SEO plugin v23.0 - https:\/\/yoast.com\/wordpress\/plugins\/seo\/ -->\n<title>Ageman cobra melhorias e refor\u00e7a fiscaliza\u00e7\u00e3o em obras de esgoto<\/title>\n<meta name=\"description\" content=\"Ageman cobra melhorias e refor\u00e7a fiscaliza\u00e7\u00e3o em obras de esgoto nos conjuntos Francisca Mendes e S\u00e9rgio Pessoa.\" \/>\n<meta name=\"robots\" content=\"index, follow, max-snippet:-1, max-image-preview:large, max-video-preview:-1\" \/>\n<link rel=\"canonical\" href=\"https:\/\/www.manaus.am.gov.br\/semcom\/fiscalizacao-obras-esgoto-conjuntos-francisca-mendes-sergio-pessoa\/\" \/>\n<meta property=\"og:locale\" content=\"pt_BR\" \/>\n<meta property=\"og:type\" content=\"article\" \/>\n<meta property=\"og:title\" content=\"Ageman cobra melhorias e refor\u00e7a fiscaliza\u00e7\u00e3o em obras de esgoto\" \/>\n<meta property=\"og:description\" content=\"Ageman cobra melhorias e refor\u00e7a fiscaliza\u00e7\u00e3o em obras de esgoto nos conjuntos Francisca Mendes e S\u00e9rgio Pessoa.\" \/>\n<meta property=\"og:url\" content=\"https:\/\/www.manaus.am.gov.br\/semcom\/fiscalizacao-obras-esgoto-conjuntos-francisca-mendes-sergio-pessoa\/\" \/>\n<meta property=\"og:site_name\" content=\"SEMCOM\" \/>\n<meta property=\"article:published_time\" content=\"2025-07-14T17:18:29+00:00\" \/>\n<meta property=\"og:image\" content=\"https:\/\/www.manaus.am.gov.br\/semcom\/wp-content\/uploads\/sites\/5\/2025\/07\/WhatsApp-Image-2025-07-14-at-09.17.28.jpeg\" \/>\n\t<meta property=\"og:image:width\" content=\"1599\" \/>\n\t<meta property=\"og:image:height\" content=\"899\" \/>\n\t<meta property=\"og:image:type\" content=\"image\/jpeg\" \/>\n<meta name=\"author\" content=\"Bruna Greco\" \/>\n<meta name=\"twitter:card\" content=\"summary_large_image\" \/>\n<meta name=\"twitter:label1\" content=\"Written by\" \/>\n\t<meta name=\"twitter:data1\" content=\"Bruna Greco\" \/>\n\t<meta name=\"twitter:label2\" content=\"Est. reading time\" \/>\n\t<meta name=\"twitter:data2\" content=\"3 minutos\" \/>\n<script type=\"application\/ld+json\" class=\"yoast-schema-graph\">{\"@context\":\"https:\/\/schema.org\",\"@graph\":[{\"@type\":\"WebPage\",\"@id\":\"https:\/\/www.manaus.am.gov.br\/semcom\/fiscalizacao-obras-esgoto-conjuntos-francisca-mendes-sergio-pessoa\/\",\"url\":\"https:\/\/www.manaus.am.gov.br\/semcom\/fiscalizacao-obras-esgoto-conjuntos-francisca-mendes-sergio-pessoa\/\",\"name\":\"Ageman cobra melhorias e refor\u00e7a fiscaliza\u00e7\u00e3o em obras de esgoto\",\"isPartOf\":{\"@id\":\"https:\/\/www.manaus.am.gov.br\/semcom\/#website\"},\"primaryImageOfPage\":{\"@id\":\"https:\/\/www.manaus.am.gov.br\/semcom\/fiscalizacao-obras-esgoto-conjuntos-francisca-mendes-sergio-pessoa\/#primaryimage\"},\"image\":{\"@id\":\"https:\/\/www.manaus.am.gov.br\/semcom\/fiscalizacao-obras-esgoto-conjuntos-francisca-mendes-sergio-pessoa\/#primaryimage\"},\"thumbnailUrl\":\"https:\/\/www.manaus.am.gov.br\/semcom\/wp-content\/uploads\/sites\/5\/2025\/07\/WhatsApp-Image-2025-07-14-at-09.17.28.jpeg\",\"datePublished\":\"2025-07-14T17:18:29+00:00\",\"dateModified\":\"2025-07-14T17:18:29+00:00\",\"author\":{\"@id\":\"https:\/\/www.manaus.am.gov.br\/semcom\/#\/schema\/person\/05d223aea2bf115f9883a6ff3683d81b\"},\"description\":\"Ageman cobra melhorias e refor\u00e7a fiscaliza\u00e7\u00e3o em obras de esgoto nos conjuntos Francisca Mendes e S\u00e9rgio Pessoa.\",\"inLanguage\":\"pt-BR\",\"potentialAction\":[{\"@type\":\"ReadAction\",\"target\":[\"https:\/\/www.manaus.am.gov.br\/semcom\/fiscalizacao-obras-esgoto-conjuntos-francisca-mendes-sergio-pessoa\/\"]}]},{\"@type\":\"ImageObject\",\"inLanguage\":\"pt-BR\",\"@id\":\"https:\/\/www.manaus.am.gov.br\/semcom\/fiscalizacao-obras-esgoto-conjuntos-francisca-mendes-sergio-pessoa\/#primaryimage\",\"url\":\"https:\/\/www.manaus.am.gov.br\/semcom\/wp-content\/uploads\/sites\/5\/2025\/07\/WhatsApp-Image-2025-07-14-at-09.17.28.jpeg\",\"contentUrl\":\"https:\/\/www.manaus.am.gov.br\/semcom\/wp-content\/uploads\/sites\/5\/2025\/07\/WhatsApp-Image-2025-07-14-at-09.17.28.jpeg\",\"width\":1599,\"height\":899,\"caption\":\"#paratodosverem - Imagem de servi\u00e7o inadequado da concession\u00e1ria de \u00e1gua e esgota em via p\u00fablica de Manaus\"},{\"@type\":\"WebSite\",\"@id\":\"https:\/\/www.manaus.am.gov.br\/semcom\/#website\",\"url\":\"https:\/\/www.manaus.am.gov.br\/semcom\/\",\"name\":\"SEMCOM\",\"description\":\"Secretaria Municipal de Comunica\u00e7\u00e3o\",\"potentialAction\":[{\"@type\":\"SearchAction\",\"target\":{\"@type\":\"EntryPoint\",\"urlTemplate\":\"https:\/\/www.manaus.am.gov.br\/semcom\/?s={search_term_string}\"},\"query-input\":\"required name=search_term_string\"}],\"inLanguage\":\"pt-BR\"},{\"@type\":\"Person\",\"@id\":\"https:\/\/www.manaus.am.gov.br\/semcom\/#\/schema\/person\/05d223aea2bf115f9883a6ff3683d81b\",\"name\":\"Bruna Greco\",\"image\":{\"@type\":\"ImageObject\",\"inLanguage\":\"pt-BR\",\"@id\":\"https:\/\/www.manaus.am.gov.br\/semcom\/#\/schema\/person\/image\/\",\"url\":\"https:\/\/secure.gravatar.com\/avatar\/9c877d1a6adc2a055330e5c09a8653ce?s=96&d=mm&r=g\",\"contentUrl\":\"https:\/\/secure.gravatar.com\/avatar\/9c877d1a6adc2a055330e5c09a8653ce?s=96&d=mm&r=g\",\"caption\":\"Bruna Greco\"}}]}<\/script>\n<!-- \/ Yoast SEO plugin. -->","yoast_head_json":{"title":"Ageman cobra melhorias e refor\u00e7a fiscaliza\u00e7\u00e3o em obras de esgoto","description":"Ageman cobra melhorias e refor\u00e7a fiscaliza\u00e7\u00e3o em obras de esgoto nos conjuntos Francisca Mendes e S\u00e9rgio Pessoa.","robots":{"index":"index","follow":"follow","max-snippet":"max-snippet:-1","max-image-preview":"max-image-preview:large","max-video-preview":"max-video-preview:-1"},"canonical":"https:\/\/www.manaus.am.gov.br\/semcom\/fiscalizacao-obras-esgoto-conjuntos-francisca-mendes-sergio-pessoa\/","og_locale":"pt_BR","og_type":"article","og_title":"Ageman cobra melhorias e refor\u00e7a fiscaliza\u00e7\u00e3o em obras de esgoto","og_description":"Ageman cobra melhorias e refor\u00e7a fiscaliza\u00e7\u00e3o em obras de esgoto nos conjuntos Francisca Mendes e S\u00e9rgio Pessoa.","og_url":"https:\/\/www.manaus.am.gov.br\/semcom\/fiscalizacao-obras-esgoto-conjuntos-francisca-mendes-sergio-pessoa\/","og_site_name":"SEMCOM","article_published_time":"2025-07-14T17:18:29+00:00","og_image":[{"width":1599,"height":899,"url":"https:\/\/www.manaus.am.gov.br\/semcom\/wp-content\/uploads\/sites\/5\/2025\/07\/WhatsApp-Image-2025-07-14-at-09.17.28.jpeg","type":"image\/jpeg"}],"author":"Bruna Greco","twitter_card":"summary_large_image","twitter_misc":{"Written by":"Bruna Greco","Est. reading time":"3 minutos"},"schema":{"@context":"https:\/\/schema.org","@graph":[{"@type":"WebPage","@id":"https:\/\/www.manaus.am.gov.br\/semcom\/fiscalizacao-obras-esgoto-conjuntos-francisca-mendes-sergio-pessoa\/","url":"https:\/\/www.manaus.am.gov.br\/semcom\/fiscalizacao-obras-esgoto-conjuntos-francisca-mendes-sergio-pessoa\/","name":"Ageman cobra melhorias e refor\u00e7a fiscaliza\u00e7\u00e3o em obras de esgoto","isPartOf":{"@id":"https:\/\/www.manaus.am.gov.br\/semcom\/#website"},"primaryImageOfPage":{"@id":"https:\/\/www.manaus.am.gov.br\/semcom\/fiscalizacao-obras-esgoto-conjuntos-francisca-mendes-sergio-pessoa\/#primaryimage"},"image":{"@id":"https:\/\/www.manaus.am.gov.br\/semcom\/fiscalizacao-obras-esgoto-conjuntos-francisca-mendes-sergio-pessoa\/#primaryimage"},"thumbnailUrl":"https:\/\/www.manaus.am.gov.br\/semcom\/wp-content\/uploads\/sites\/5\/2025\/07\/WhatsApp-Image-2025-07-14-at-09.17.28.jpeg","datePublished":"2025-07-14T17:18:29+00:00","dateModified":"2025-07-14T17:18:29+00:00","author":{"@id":"https:\/\/www.manaus.am.gov.br\/semcom\/#\/schema\/person\/05d223aea2bf115f9883a6ff3683d81b"},"description":"Ageman cobra melhorias e refor\u00e7a fiscaliza\u00e7\u00e3o em obras de esgoto nos conjuntos Francisca Mendes e S\u00e9rgio Pessoa.","inLanguage":"pt-BR","potentialAction":[{"@type":"ReadAction","target":["https:\/\/www.manaus.am.gov.br\/semcom\/fiscalizacao-obras-esgoto-conjuntos-francisca-mendes-sergio-pessoa\/"]}]},{"@type":"ImageObject","inLanguage":"pt-BR","@id":"https:\/\/www.manaus.am.gov.br\/semcom\/fiscalizacao-obras-esgoto-conjuntos-francisca-mendes-sergio-pessoa\/#primaryimage","url":"https:\/\/www.manaus.am.gov.br\/semcom\/wp-content\/uploads\/sites\/5\/2025\/07\/WhatsApp-Image-2025-07-14-at-09.17.28.jpeg","contentUrl":"https:\/\/www.manaus.am.gov.br\/semcom\/wp-content\/uploads\/sites\/5\/2025\/07\/WhatsApp-Image-2025-07-14-at-09.17.28.jpeg","width":1599,"height":899,"caption":"#paratodosverem - Imagem de servi\u00e7o inadequado da concession\u00e1ria de \u00e1gua e esgota em via p\u00fablica de Manaus"},{"@type":"WebSite","@id":"https:\/\/www.manaus.am.gov.br\/semcom\/#website","url":"https:\/\/www.manaus.am.gov.br\/semcom\/","name":"SEMCOM","description":"Secretaria Municipal de Comunica\u00e7\u00e3o","potentialAction":[{"@type":"SearchAction","target":{"@type":"EntryPoint","urlTemplate":"https:\/\/www.manaus.am.gov.br\/semcom\/?s={search_term_string}"},"query-input":"required name=search_term_string"}],"inLanguage":"pt-BR"},{"@type":"Person","@id":"https:\/\/www.manaus.am.gov.br\/semcom\/#\/schema\/person\/05d223aea2bf115f9883a6ff3683d81b","name":"Bruna Greco","image":{"@type":"ImageObject","inLanguage":"pt-BR","@id":"https:\/\/www.manaus.am.gov.br\/semcom\/#\/schema\/person\/image\/","url":"https:\/\/secure.gravatar.com\/avatar\/9c877d1a6adc2a055330e5c09a8653ce?s=96&d=mm&r=g","contentUrl":"https:\/\/secure.gravatar.com\/avatar\/9c877d1a6adc2a055330e5c09a8653ce?s=96&d=mm&r=g","caption":"Bruna Greco"}}]}},"_links":{"self":[{"href":"https:\/\/www.manaus.am.gov.br\/semcom\/wp-json\/wp\/v2\/posts\/241998"}],"collection":[{"href":"https:\/\/www.manaus.am.gov.br\/semcom\/wp-json\/wp\/v2\/posts"}],"about":[{"href":"https:\/\/www.manaus.am.gov.br\/semcom\/wp-json\/wp\/v2\/types\/post"}],"author":[{"embeddable":true,"href":"https:\/\/www.manaus.am.gov.br\/semcom\/wp-json\/wp\/v2\/users\/39"}],"replies":[{"embeddable":true,"href":"https:\/\/www.manaus.am.gov.br\/semcom\/wp-json\/wp\/v2\/comments?post=241998"}],"version-history":[{"count":1,"href":"https:\/\/www.manaus.am.gov.br\/semcom\/wp-json\/wp\/v2\/posts\/241998\/revisions"}],"predecessor-version":[{"id":242001,"href":"https:\/\/www.manaus.am.gov.br\/semcom\/wp-json\/wp\/v2\/posts\/241998\/revisions\/242001"}],"wp:featuredmedia":[{"embeddable":true,"href":"https:\/\/www.manaus.am.gov.br\/semcom\/wp-json\/wp\/v2\/media\/242000"}],"wp:attachment":[{"href":"https:\/\/www.manaus.am.gov.br\/semcom\/wp-json\/wp\/v2\/media?parent=241998"}],"wp:term":[{"taxonomy":"category","embeddable":true,"href":"https:\/\/www.manaus.am.gov.br\/semcom\/wp-json\/wp\/v2\/categories?post=241998"},{"taxonomy":"post_tag","embeddable":true,"href":"https:\/\/www.manaus.am.gov.br\/semcom\/wp-json\/wp\/v2\/tags?post=241998"}],"curies":[{"name":"wp","href":"https:\/\/api.w.org\/{rel}","templated":true}]}}