{"id":241953,"date":"2025-07-11T19:45:01","date_gmt":"2025-07-11T22:45:01","guid":{"rendered":"https:\/\/www.manaus.am.gov.br\/semcom\/galeria-subterranea\/"},"modified":"2025-07-11T19:45:03","modified_gmt":"2025-07-11T22:45:03","slug":"galeria-subterranea","status":"publish","type":"post","link":"https:\/\/www.manaus.am.gov.br\/semcom\/galeria-subterranea\/","title":{"rendered":"Prefeitura de Manaus recupera galeria subterr\u00e2nea e refor\u00e7a drenagem no bairro Amazonino Mendes"},"content":{"rendered":"\n<p>A <a href=\"https:\/\/www.instagram.com\/prefeiturademanaus\/\">Prefeitura de Manaus<\/a> segue avan\u00e7ando com a\u00e7\u00f5es emergenciais de infraestrutura para garantir seguran\u00e7a e qualidade de vida \u00e0 popula\u00e7\u00e3o. Nesta sexta-feira, 11\/7, a <a href=\"https:\/\/www.manaus.am.gov.br\/seminf\/\">Secretaria Municipal de Infraestrutura (Seminf)<\/a> realizou a recupera\u00e7\u00e3o de uma galeria subterr\u00e2nea na rua Cartola, no bairro Amazonino Mendes, zona Leste da cidade, ap\u00f3s o rompimento da rede de drenagem provocado pelo grande volume de \u00e1guas das chuvas.<\/p>\n\n\n\n<p>Com a eros\u00e3o causada pela fuga de material, uma cratera se formou na via, comprometendo a seguran\u00e7a de moradores e motoristas. As equipes da Seminf agiram com rapidez, atendendo \u00e0 solicita\u00e7\u00e3o da comunidade e iniciando imediatamente a recupera\u00e7\u00e3o da rede.<\/p>\n\n\n\n<p>A antiga tubula\u00e7\u00e3o foi substitu\u00edda por novos tubos de concreto armado, material mais resistente e dur\u00e1vel, ideal para suportar o fluxo intenso de \u00e1guas pluviais. A interven\u00e7\u00e3o garante o restabelecimento do escoamento adequado e previne novos danos \u00e0 via.<\/p>\n\n\n\n<p>Segundo o prefeito em exerc\u00edcio, Renato Junior, o servi\u00e7o atende a determina\u00e7\u00e3o do prefeito David Almeida, que tem como prioridade fortalecer a infraestrutura urbana, especialmente nas \u00e1reas mais vulner\u00e1veis.<\/p>\n\n\n\n<p>\u201cEm casos como esse, onde a drenagem n\u00e3o suporta o volume de \u00e1gua, nossa resposta precisa ser \u00e1gil e eficiente. Seguimos o compromisso de atuar com responsabilidade, garantindo seguran\u00e7a e tranquilidade para quem vive nessas \u00e1reas\u201d, afirmou Renato Junior.<\/p>\n\n\n\n<p>Morador da rua Cartola, o servidor p\u00fablico Paulo S\u00e9rgio Ferreira, de 56 anos, acompanhou de perto a execu\u00e7\u00e3o dos trabalhos e agradeceu a aten\u00e7\u00e3o da prefeitura.<\/p>\n\n\n\n<p>\u201cA atividade de hoje mostra que a prefeitura tem compromisso com o povo. Fizemos a solicita\u00e7\u00e3o, fomos ouvidos e agora vemos a solu\u00e7\u00e3o acontecendo. Estamos muito satisfeitos com a resposta r\u00e1pida\u201d, declarou o morador.<\/p>\n\n\n\n<p>A Prefeitura de Manaus segue com equipes mobilizadas em todas as zonas da capital, promovendo melhorias estruturais e refor\u00e7ando o sistema de drenagem para prevenir alagamentos e preservar a seguran\u00e7a da popula\u00e7\u00e3o.<\/p>\n\n\n\n<p>&#8212; &#8212; &#8212;<\/p>\n\n\n\n<p><strong>Texto &#8211;<\/strong> Eduarda Lira \/ Seminf<\/p>\n\n\n\n<p><strong>Fotos &#8211;<\/strong> M\u00e1rcio Melo \/ Seminf<\/p>\n","protected":false},"excerpt":{"rendered":"","protected":false},"author":57,"featured_media":241954,"comment_status":"closed","ping_status":"closed","sticky":false,"template":"","format":"standard","meta":{"footnotes":""},"categories":[8],"tags":[3864,77,33],"acf":[],"yoast_head":"<!-- This site is optimized with the Yoast SEO plugin v23.0 - https:\/\/yoast.com\/wordpress\/plugins\/seo\/ -->\n<title>PMM recupera galeria subterr\u00e2nea no bairro Amazonino Mendes<\/title>\n<meta name=\"description\" content=\"Nesta sexta-feira, 11\/7, a Secretaria Municipal de Infraestrutura (Seminf) realizou a recupera\u00e7\u00e3o de uma galeria subterr\u00e2nea na rua Cartola.\" \/>\n<meta name=\"robots\" content=\"index, follow, max-snippet:-1, max-image-preview:large, max-video-preview:-1\" \/>\n<link rel=\"canonical\" href=\"https:\/\/www.manaus.am.gov.br\/semcom\/galeria-subterranea\/\" \/>\n<meta property=\"og:locale\" content=\"pt_BR\" \/>\n<meta property=\"og:type\" content=\"article\" \/>\n<meta property=\"og:title\" content=\"PMM recupera galeria subterr\u00e2nea no bairro Amazonino Mendes\" \/>\n<meta property=\"og:description\" content=\"Nesta sexta-feira, 11\/7, a Secretaria Municipal de Infraestrutura (Seminf) realizou a recupera\u00e7\u00e3o de uma galeria subterr\u00e2nea na rua Cartola.\" \/>\n<meta property=\"og:url\" content=\"https:\/\/www.manaus.am.gov.br\/semcom\/galeria-subterranea\/\" \/>\n<meta property=\"og:site_name\" content=\"SEMCOM\" \/>\n<meta property=\"article:published_time\" content=\"2025-07-11T22:45:01+00:00\" \/>\n<meta property=\"article:modified_time\" content=\"2025-07-11T22:45:03+00:00\" \/>\n<meta property=\"og:image\" content=\"https:\/\/www.manaus.am.gov.br\/semcom\/wp-content\/uploads\/sites\/5\/2025\/07\/galeria-subterranea-4.jpg\" \/>\n\t<meta property=\"og:image:width\" content=\"1200\" \/>\n\t<meta property=\"og:image:height\" content=\"800\" \/>\n\t<meta property=\"og:image:type\" content=\"image\/jpeg\" \/>\n<meta name=\"author\" content=\"Thiago Fernando\" \/>\n<meta name=\"twitter:card\" content=\"summary_large_image\" \/>\n<meta name=\"twitter:label1\" content=\"Written by\" \/>\n\t<meta name=\"twitter:data1\" content=\"Thiago Fernando\" \/>\n\t<meta name=\"twitter:label2\" content=\"Est. reading time\" \/>\n\t<meta name=\"twitter:data2\" content=\"2 minutos\" \/>\n<script type=\"application\/ld+json\" class=\"yoast-schema-graph\">{\"@context\":\"https:\/\/schema.org\",\"@graph\":[{\"@type\":\"WebPage\",\"@id\":\"https:\/\/www.manaus.am.gov.br\/semcom\/galeria-subterranea\/\",\"url\":\"https:\/\/www.manaus.am.gov.br\/semcom\/galeria-subterranea\/\",\"name\":\"PMM recupera galeria subterr\u00e2nea no bairro Amazonino Mendes\",\"isPartOf\":{\"@id\":\"https:\/\/www.manaus.am.gov.br\/semcom\/#website\"},\"primaryImageOfPage\":{\"@id\":\"https:\/\/www.manaus.am.gov.br\/semcom\/galeria-subterranea\/#primaryimage\"},\"image\":{\"@id\":\"https:\/\/www.manaus.am.gov.br\/semcom\/galeria-subterranea\/#primaryimage\"},\"thumbnailUrl\":\"https:\/\/www.manaus.am.gov.br\/semcom\/wp-content\/uploads\/sites\/5\/2025\/07\/galeria-subterranea-4.jpg\",\"datePublished\":\"2025-07-11T22:45:01+00:00\",\"dateModified\":\"2025-07-11T22:45:03+00:00\",\"author\":{\"@id\":\"https:\/\/www.manaus.am.gov.br\/semcom\/#\/schema\/person\/a5ee5376db6e21af026374b369f30882\"},\"description\":\"Nesta sexta-feira, 11\/7, a Secretaria Municipal de Infraestrutura (Seminf) realizou a recupera\u00e7\u00e3o de uma galeria subterr\u00e2nea na rua Cartola.\",\"inLanguage\":\"pt-BR\",\"potentialAction\":[{\"@type\":\"ReadAction\",\"target\":[\"https:\/\/www.manaus.am.gov.br\/semcom\/galeria-subterranea\/\"]}]},{\"@type\":\"ImageObject\",\"inLanguage\":\"pt-BR\",\"@id\":\"https:\/\/www.manaus.am.gov.br\/semcom\/galeria-subterranea\/#primaryimage\",\"url\":\"https:\/\/www.manaus.am.gov.br\/semcom\/wp-content\/uploads\/sites\/5\/2025\/07\/galeria-subterranea-4.jpg\",\"contentUrl\":\"https:\/\/www.manaus.am.gov.br\/semcom\/wp-content\/uploads\/sites\/5\/2025\/07\/galeria-subterranea-4.jpg\",\"width\":1200,\"height\":800,\"caption\":\"galeria subterr\u00e2nea\"},{\"@type\":\"WebSite\",\"@id\":\"https:\/\/www.manaus.am.gov.br\/semcom\/#website\",\"url\":\"https:\/\/www.manaus.am.gov.br\/semcom\/\",\"name\":\"SEMCOM\",\"description\":\"Secretaria Municipal de Comunica\u00e7\u00e3o\",\"potentialAction\":[{\"@type\":\"SearchAction\",\"target\":{\"@type\":\"EntryPoint\",\"urlTemplate\":\"https:\/\/www.manaus.am.gov.br\/semcom\/?s={search_term_string}\"},\"query-input\":\"required name=search_term_string\"}],\"inLanguage\":\"pt-BR\"},{\"@type\":\"Person\",\"@id\":\"https:\/\/www.manaus.am.gov.br\/semcom\/#\/schema\/person\/a5ee5376db6e21af026374b369f30882\",\"name\":\"Thiago Fernando\",\"image\":{\"@type\":\"ImageObject\",\"inLanguage\":\"pt-BR\",\"@id\":\"https:\/\/www.manaus.am.gov.br\/semcom\/#\/schema\/person\/image\/\",\"url\":\"https:\/\/secure.gravatar.com\/avatar\/f5aab8722444041451501c077052ac07?s=96&d=mm&r=g\",\"contentUrl\":\"https:\/\/secure.gravatar.com\/avatar\/f5aab8722444041451501c077052ac07?s=96&d=mm&r=g\",\"caption\":\"Thiago Fernando\"}}]}<\/script>\n<!-- \/ Yoast SEO plugin. -->","yoast_head_json":{"title":"PMM recupera galeria subterr\u00e2nea no bairro Amazonino Mendes","description":"Nesta sexta-feira, 11\/7, a Secretaria Municipal de Infraestrutura (Seminf) realizou a recupera\u00e7\u00e3o de uma galeria subterr\u00e2nea na rua Cartola.","robots":{"index":"index","follow":"follow","max-snippet":"max-snippet:-1","max-image-preview":"max-image-preview:large","max-video-preview":"max-video-preview:-1"},"canonical":"https:\/\/www.manaus.am.gov.br\/semcom\/galeria-subterranea\/","og_locale":"pt_BR","og_type":"article","og_title":"PMM recupera galeria subterr\u00e2nea no bairro Amazonino Mendes","og_description":"Nesta sexta-feira, 11\/7, a Secretaria Municipal de Infraestrutura (Seminf) realizou a recupera\u00e7\u00e3o de uma galeria subterr\u00e2nea na rua Cartola.","og_url":"https:\/\/www.manaus.am.gov.br\/semcom\/galeria-subterranea\/","og_site_name":"SEMCOM","article_published_time":"2025-07-11T22:45:01+00:00","article_modified_time":"2025-07-11T22:45:03+00:00","og_image":[{"width":1200,"height":800,"url":"https:\/\/www.manaus.am.gov.br\/semcom\/wp-content\/uploads\/sites\/5\/2025\/07\/galeria-subterranea-4.jpg","type":"image\/jpeg"}],"author":"Thiago Fernando","twitter_card":"summary_large_image","twitter_misc":{"Written by":"Thiago Fernando","Est. reading time":"2 minutos"},"schema":{"@context":"https:\/\/schema.org","@graph":[{"@type":"WebPage","@id":"https:\/\/www.manaus.am.gov.br\/semcom\/galeria-subterranea\/","url":"https:\/\/www.manaus.am.gov.br\/semcom\/galeria-subterranea\/","name":"PMM recupera galeria subterr\u00e2nea no bairro Amazonino Mendes","isPartOf":{"@id":"https:\/\/www.manaus.am.gov.br\/semcom\/#website"},"primaryImageOfPage":{"@id":"https:\/\/www.manaus.am.gov.br\/semcom\/galeria-subterranea\/#primaryimage"},"image":{"@id":"https:\/\/www.manaus.am.gov.br\/semcom\/galeria-subterranea\/#primaryimage"},"thumbnailUrl":"https:\/\/www.manaus.am.gov.br\/semcom\/wp-content\/uploads\/sites\/5\/2025\/07\/galeria-subterranea-4.jpg","datePublished":"2025-07-11T22:45:01+00:00","dateModified":"2025-07-11T22:45:03+00:00","author":{"@id":"https:\/\/www.manaus.am.gov.br\/semcom\/#\/schema\/person\/a5ee5376db6e21af026374b369f30882"},"description":"Nesta sexta-feira, 11\/7, a Secretaria Municipal de Infraestrutura (Seminf) realizou a recupera\u00e7\u00e3o de uma galeria subterr\u00e2nea na rua Cartola.","inLanguage":"pt-BR","potentialAction":[{"@type":"ReadAction","target":["https:\/\/www.manaus.am.gov.br\/semcom\/galeria-subterranea\/"]}]},{"@type":"ImageObject","inLanguage":"pt-BR","@id":"https:\/\/www.manaus.am.gov.br\/semcom\/galeria-subterranea\/#primaryimage","url":"https:\/\/www.manaus.am.gov.br\/semcom\/wp-content\/uploads\/sites\/5\/2025\/07\/galeria-subterranea-4.jpg","contentUrl":"https:\/\/www.manaus.am.gov.br\/semcom\/wp-content\/uploads\/sites\/5\/2025\/07\/galeria-subterranea-4.jpg","width":1200,"height":800,"caption":"galeria subterr\u00e2nea"},{"@type":"WebSite","@id":"https:\/\/www.manaus.am.gov.br\/semcom\/#website","url":"https:\/\/www.manaus.am.gov.br\/semcom\/","name":"SEMCOM","description":"Secretaria Municipal de Comunica\u00e7\u00e3o","potentialAction":[{"@type":"SearchAction","target":{"@type":"EntryPoint","urlTemplate":"https:\/\/www.manaus.am.gov.br\/semcom\/?s={search_term_string}"},"query-input":"required name=search_term_string"}],"inLanguage":"pt-BR"},{"@type":"Person","@id":"https:\/\/www.manaus.am.gov.br\/semcom\/#\/schema\/person\/a5ee5376db6e21af026374b369f30882","name":"Thiago Fernando","image":{"@type":"ImageObject","inLanguage":"pt-BR","@id":"https:\/\/www.manaus.am.gov.br\/semcom\/#\/schema\/person\/image\/","url":"https:\/\/secure.gravatar.com\/avatar\/f5aab8722444041451501c077052ac07?s=96&d=mm&r=g","contentUrl":"https:\/\/secure.gravatar.com\/avatar\/f5aab8722444041451501c077052ac07?s=96&d=mm&r=g","caption":"Thiago Fernando"}}]}},"_links":{"self":[{"href":"https:\/\/www.manaus.am.gov.br\/semcom\/wp-json\/wp\/v2\/posts\/241953"}],"collection":[{"href":"https:\/\/www.manaus.am.gov.br\/semcom\/wp-json\/wp\/v2\/posts"}],"about":[{"href":"https:\/\/www.manaus.am.gov.br\/semcom\/wp-json\/wp\/v2\/types\/post"}],"author":[{"embeddable":true,"href":"https:\/\/www.manaus.am.gov.br\/semcom\/wp-json\/wp\/v2\/users\/57"}],"replies":[{"embeddable":true,"href":"https:\/\/www.manaus.am.gov.br\/semcom\/wp-json\/wp\/v2\/comments?post=241953"}],"version-history":[{"count":0,"href":"https:\/\/www.manaus.am.gov.br\/semcom\/wp-json\/wp\/v2\/posts\/241953\/revisions"}],"wp:featuredmedia":[{"embeddable":true,"href":"https:\/\/www.manaus.am.gov.br\/semcom\/wp-json\/wp\/v2\/media\/241954"}],"wp:attachment":[{"href":"https:\/\/www.manaus.am.gov.br\/semcom\/wp-json\/wp\/v2\/media?parent=241953"}],"wp:term":[{"taxonomy":"category","embeddable":true,"href":"https:\/\/www.manaus.am.gov.br\/semcom\/wp-json\/wp\/v2\/categories?post=241953"},{"taxonomy":"post_tag","embeddable":true,"href":"https:\/\/www.manaus.am.gov.br\/semcom\/wp-json\/wp\/v2\/tags?post=241953"}],"curies":[{"name":"wp","href":"https:\/\/api.w.org\/{rel}","templated":true}]}}