{"id":241943,"date":"2025-07-11T18:03:36","date_gmt":"2025-07-11T21:03:36","guid":{"rendered":"https:\/\/www.manaus.am.gov.br\/semcom\/manausprev-conclui-auditoria-interna-em-100-dos-setores-para-garantir-gestao-de-qualidade\/"},"modified":"2025-07-11T18:03:38","modified_gmt":"2025-07-11T21:03:38","slug":"manausprev-conclui-auditoria-interna-em-100-dos-setores-para-garantir-gestao-de-qualidade","status":"publish","type":"post","link":"https:\/\/www.manaus.am.gov.br\/semcom\/manausprev-conclui-auditoria-interna-em-100-dos-setores-para-garantir-gestao-de-qualidade\/","title":{"rendered":"Manausprev conclui auditoria interna em 100% dos setores para garantir gest\u00e3o de qualidade"},"content":{"rendered":"\n<p>A Manaus Previd\u00eancia, autarquia da Prefeitura de Manaus, concluiu a sua auditoria interna do Sistema de Gest\u00e3o da Qualidade (SGQ), nesta sexta-feira, 11\/7, ap\u00f3s oito dias do processo que foi realizado em todos os 20 setores do \u00f3rg\u00e3o. As atividades iniciaram no \u00faltimo dia 11 e as verifica\u00e7\u00f5es foram realizadas por auditores formados pela pr\u00f3pria institui\u00e7\u00e3o.<\/p>\n\n\n\n<p>O intuito \u00e9 aprimorar-se constantemente e continuar ofertando um servi\u00e7o de excel\u00eancia aos segurados e benefici\u00e1rios municipais, pois as verifica\u00e7\u00f5es identificaram, al\u00e9m das conformidades com a norma ISO 9001:2015, pontos de melhoria e tamb\u00e9m o que n\u00e3o estava sendo bem executado.<\/p>\n\n\n\n<p>\u201cMais uma atividade da Manaus Previd\u00eancia conclu\u00edda com \u00eaxito em que todos os servidores estavam envolvidos, seja auditando ou com o seu setor sendo auditado. Essa etapa \u00e9 important\u00edssima para mantermos a Manausprev no topo dos melhores RPPS do Brasil, pois antecede as auditorias externas de certifica\u00e7\u00e3o ISO 9001:2015 e a manuten\u00e7\u00e3o da certifica\u00e7\u00e3o do Pr\u00f3-Gest\u00e3o\u201d, detalha a diretora-presidente da autarquia, Daniela Benayon.<\/p>\n\n\n\n<p>Devido ao SGQ adotado e as constantes auditorias para aperfei\u00e7o\u00e1-lo, a autarquia vem se destacando ano a ano como um Regime Pr\u00f3prio de Previd\u00eancia Social (RPPS) comprometido. Neste ano, foi agraciada com duas premia\u00e7\u00f5es importantes nas categorias &#8220;Responsabilidade Previdenci\u00e1ria&#8221; e &#8220;Investimentos&#8221;, refor\u00e7ando sua posi\u00e7\u00e3o.<\/p>\n\n\n\n<p><strong>Cronograma<\/strong><\/p>\n\n\n\n<p>Os setores auditados foram Atendimento (Sate), Assessoria T\u00e9cnica (Astec), Superintend\u00eancia de Investimentos (Supinv), Alta Dire\u00e7\u00e3o, Compensa\u00e7\u00e3o Previdenci\u00e1ria (Comprev), Contabilidade (Scont), Financeiro (Sfin), Manuten\u00e7\u00e3o e Material (Smat), Call Center, Comunica\u00e7\u00e3o (Ascom), Auditoria Interna (Audin), Chefia de Gabinete (Cgab), Procuradoria Jur\u00eddica (Projur), Psicossocial (Psico), Arquivo (Sarq), Concess\u00e3o de Benef\u00edcios (Scon), Manuten\u00e7\u00e3o de Benef\u00edcios (Sman), Planejamento (Splan), Tecnologia da Informa\u00e7\u00e3o (Stin) e Gest\u00e3o de Pessoas (Sgep).&nbsp;<\/p>\n\n\n\n<p>&#8212; &#8212; &#8212;<\/p>\n\n\n\n<p><strong>Texto<\/strong>&nbsp;\u2013 Renata Felix \/&nbsp;Manaus&nbsp;Previd\u00eancia<\/p>\n\n\n\n<p><strong>Fotos<\/strong>&nbsp;\u2013 Raquel Dedier \/&nbsp;Manaus&nbsp;Previd\u00eancia<\/p>\n","protected":false},"excerpt":{"rendered":"","protected":false},"author":57,"featured_media":241944,"comment_status":"closed","ping_status":"closed","sticky":false,"template":"","format":"standard","meta":{"footnotes":""},"categories":[2205],"tags":[9617,77,366],"acf":[],"yoast_head":"<!-- This site is optimized with the Yoast SEO plugin v23.0 - https:\/\/yoast.com\/wordpress\/plugins\/seo\/ -->\n<title>Manausprev conclui auditoria interna em 100% dos setores para garantir gest\u00e3o de qualidade<\/title>\n<meta name=\"robots\" content=\"index, follow, max-snippet:-1, max-image-preview:large, max-video-preview:-1\" \/>\n<link rel=\"canonical\" href=\"https:\/\/www.manaus.am.gov.br\/semcom\/manausprev-conclui-auditoria-interna-em-100-dos-setores-para-garantir-gestao-de-qualidade\/\" \/>\n<meta property=\"og:locale\" content=\"pt_BR\" \/>\n<meta property=\"og:type\" content=\"article\" \/>\n<meta property=\"og:title\" content=\"Manausprev conclui auditoria interna em 100% dos setores para garantir gest\u00e3o de qualidade\" \/>\n<meta property=\"og:url\" content=\"https:\/\/www.manaus.am.gov.br\/semcom\/manausprev-conclui-auditoria-interna-em-100-dos-setores-para-garantir-gestao-de-qualidade\/\" \/>\n<meta property=\"og:site_name\" content=\"SEMCOM\" \/>\n<meta property=\"article:published_time\" content=\"2025-07-11T21:03:36+00:00\" \/>\n<meta property=\"article:modified_time\" content=\"2025-07-11T21:03:38+00:00\" \/>\n<meta property=\"og:image\" content=\"https:\/\/www.manaus.am.gov.br\/semcom\/wp-content\/uploads\/sites\/5\/2025\/07\/Sem-titulo.jpg\" \/>\n\t<meta property=\"og:image:width\" content=\"1200\" \/>\n\t<meta property=\"og:image:height\" content=\"673\" \/>\n\t<meta property=\"og:image:type\" content=\"image\/jpeg\" \/>\n<meta name=\"author\" content=\"Thiago Fernando\" \/>\n<meta name=\"twitter:card\" content=\"summary_large_image\" \/>\n<meta name=\"twitter:label1\" content=\"Written by\" \/>\n\t<meta name=\"twitter:data1\" content=\"Thiago Fernando\" \/>\n\t<meta name=\"twitter:label2\" content=\"Est. reading time\" \/>\n\t<meta name=\"twitter:data2\" content=\"2 minutos\" \/>\n<script type=\"application\/ld+json\" class=\"yoast-schema-graph\">{\"@context\":\"https:\/\/schema.org\",\"@graph\":[{\"@type\":\"WebPage\",\"@id\":\"https:\/\/www.manaus.am.gov.br\/semcom\/manausprev-conclui-auditoria-interna-em-100-dos-setores-para-garantir-gestao-de-qualidade\/\",\"url\":\"https:\/\/www.manaus.am.gov.br\/semcom\/manausprev-conclui-auditoria-interna-em-100-dos-setores-para-garantir-gestao-de-qualidade\/\",\"name\":\"Manausprev conclui auditoria interna em 100% dos setores para garantir gest\u00e3o de qualidade\",\"isPartOf\":{\"@id\":\"https:\/\/www.manaus.am.gov.br\/semcom\/#website\"},\"primaryImageOfPage\":{\"@id\":\"https:\/\/www.manaus.am.gov.br\/semcom\/manausprev-conclui-auditoria-interna-em-100-dos-setores-para-garantir-gestao-de-qualidade\/#primaryimage\"},\"image\":{\"@id\":\"https:\/\/www.manaus.am.gov.br\/semcom\/manausprev-conclui-auditoria-interna-em-100-dos-setores-para-garantir-gestao-de-qualidade\/#primaryimage\"},\"thumbnailUrl\":\"https:\/\/www.manaus.am.gov.br\/semcom\/wp-content\/uploads\/sites\/5\/2025\/07\/Sem-titulo.jpg\",\"datePublished\":\"2025-07-11T21:03:36+00:00\",\"dateModified\":\"2025-07-11T21:03:38+00:00\",\"author\":{\"@id\":\"https:\/\/www.manaus.am.gov.br\/semcom\/#\/schema\/person\/a5ee5376db6e21af026374b369f30882\"},\"inLanguage\":\"pt-BR\",\"potentialAction\":[{\"@type\":\"ReadAction\",\"target\":[\"https:\/\/www.manaus.am.gov.br\/semcom\/manausprev-conclui-auditoria-interna-em-100-dos-setores-para-garantir-gestao-de-qualidade\/\"]}]},{\"@type\":\"ImageObject\",\"inLanguage\":\"pt-BR\",\"@id\":\"https:\/\/www.manaus.am.gov.br\/semcom\/manausprev-conclui-auditoria-interna-em-100-dos-setores-para-garantir-gestao-de-qualidade\/#primaryimage\",\"url\":\"https:\/\/www.manaus.am.gov.br\/semcom\/wp-content\/uploads\/sites\/5\/2025\/07\/Sem-titulo.jpg\",\"contentUrl\":\"https:\/\/www.manaus.am.gov.br\/semcom\/wp-content\/uploads\/sites\/5\/2025\/07\/Sem-titulo.jpg\",\"width\":1200,\"height\":673},{\"@type\":\"WebSite\",\"@id\":\"https:\/\/www.manaus.am.gov.br\/semcom\/#website\",\"url\":\"https:\/\/www.manaus.am.gov.br\/semcom\/\",\"name\":\"SEMCOM\",\"description\":\"Secretaria Municipal de Comunica\u00e7\u00e3o\",\"potentialAction\":[{\"@type\":\"SearchAction\",\"target\":{\"@type\":\"EntryPoint\",\"urlTemplate\":\"https:\/\/www.manaus.am.gov.br\/semcom\/?s={search_term_string}\"},\"query-input\":\"required name=search_term_string\"}],\"inLanguage\":\"pt-BR\"},{\"@type\":\"Person\",\"@id\":\"https:\/\/www.manaus.am.gov.br\/semcom\/#\/schema\/person\/a5ee5376db6e21af026374b369f30882\",\"name\":\"Thiago Fernando\",\"image\":{\"@type\":\"ImageObject\",\"inLanguage\":\"pt-BR\",\"@id\":\"https:\/\/www.manaus.am.gov.br\/semcom\/#\/schema\/person\/image\/\",\"url\":\"https:\/\/secure.gravatar.com\/avatar\/f5aab8722444041451501c077052ac07?s=96&d=mm&r=g\",\"contentUrl\":\"https:\/\/secure.gravatar.com\/avatar\/f5aab8722444041451501c077052ac07?s=96&d=mm&r=g\",\"caption\":\"Thiago Fernando\"}}]}<\/script>\n<!-- \/ Yoast SEO plugin. -->","yoast_head_json":{"title":"Manausprev conclui auditoria interna em 100% dos setores para garantir gest\u00e3o de qualidade","robots":{"index":"index","follow":"follow","max-snippet":"max-snippet:-1","max-image-preview":"max-image-preview:large","max-video-preview":"max-video-preview:-1"},"canonical":"https:\/\/www.manaus.am.gov.br\/semcom\/manausprev-conclui-auditoria-interna-em-100-dos-setores-para-garantir-gestao-de-qualidade\/","og_locale":"pt_BR","og_type":"article","og_title":"Manausprev conclui auditoria interna em 100% dos setores para garantir gest\u00e3o de qualidade","og_url":"https:\/\/www.manaus.am.gov.br\/semcom\/manausprev-conclui-auditoria-interna-em-100-dos-setores-para-garantir-gestao-de-qualidade\/","og_site_name":"SEMCOM","article_published_time":"2025-07-11T21:03:36+00:00","article_modified_time":"2025-07-11T21:03:38+00:00","og_image":[{"width":1200,"height":673,"url":"https:\/\/www.manaus.am.gov.br\/semcom\/wp-content\/uploads\/sites\/5\/2025\/07\/Sem-titulo.jpg","type":"image\/jpeg"}],"author":"Thiago Fernando","twitter_card":"summary_large_image","twitter_misc":{"Written by":"Thiago Fernando","Est. reading time":"2 minutos"},"schema":{"@context":"https:\/\/schema.org","@graph":[{"@type":"WebPage","@id":"https:\/\/www.manaus.am.gov.br\/semcom\/manausprev-conclui-auditoria-interna-em-100-dos-setores-para-garantir-gestao-de-qualidade\/","url":"https:\/\/www.manaus.am.gov.br\/semcom\/manausprev-conclui-auditoria-interna-em-100-dos-setores-para-garantir-gestao-de-qualidade\/","name":"Manausprev conclui auditoria interna em 100% dos setores para garantir gest\u00e3o de qualidade","isPartOf":{"@id":"https:\/\/www.manaus.am.gov.br\/semcom\/#website"},"primaryImageOfPage":{"@id":"https:\/\/www.manaus.am.gov.br\/semcom\/manausprev-conclui-auditoria-interna-em-100-dos-setores-para-garantir-gestao-de-qualidade\/#primaryimage"},"image":{"@id":"https:\/\/www.manaus.am.gov.br\/semcom\/manausprev-conclui-auditoria-interna-em-100-dos-setores-para-garantir-gestao-de-qualidade\/#primaryimage"},"thumbnailUrl":"https:\/\/www.manaus.am.gov.br\/semcom\/wp-content\/uploads\/sites\/5\/2025\/07\/Sem-titulo.jpg","datePublished":"2025-07-11T21:03:36+00:00","dateModified":"2025-07-11T21:03:38+00:00","author":{"@id":"https:\/\/www.manaus.am.gov.br\/semcom\/#\/schema\/person\/a5ee5376db6e21af026374b369f30882"},"inLanguage":"pt-BR","potentialAction":[{"@type":"ReadAction","target":["https:\/\/www.manaus.am.gov.br\/semcom\/manausprev-conclui-auditoria-interna-em-100-dos-setores-para-garantir-gestao-de-qualidade\/"]}]},{"@type":"ImageObject","inLanguage":"pt-BR","@id":"https:\/\/www.manaus.am.gov.br\/semcom\/manausprev-conclui-auditoria-interna-em-100-dos-setores-para-garantir-gestao-de-qualidade\/#primaryimage","url":"https:\/\/www.manaus.am.gov.br\/semcom\/wp-content\/uploads\/sites\/5\/2025\/07\/Sem-titulo.jpg","contentUrl":"https:\/\/www.manaus.am.gov.br\/semcom\/wp-content\/uploads\/sites\/5\/2025\/07\/Sem-titulo.jpg","width":1200,"height":673},{"@type":"WebSite","@id":"https:\/\/www.manaus.am.gov.br\/semcom\/#website","url":"https:\/\/www.manaus.am.gov.br\/semcom\/","name":"SEMCOM","description":"Secretaria Municipal de Comunica\u00e7\u00e3o","potentialAction":[{"@type":"SearchAction","target":{"@type":"EntryPoint","urlTemplate":"https:\/\/www.manaus.am.gov.br\/semcom\/?s={search_term_string}"},"query-input":"required name=search_term_string"}],"inLanguage":"pt-BR"},{"@type":"Person","@id":"https:\/\/www.manaus.am.gov.br\/semcom\/#\/schema\/person\/a5ee5376db6e21af026374b369f30882","name":"Thiago Fernando","image":{"@type":"ImageObject","inLanguage":"pt-BR","@id":"https:\/\/www.manaus.am.gov.br\/semcom\/#\/schema\/person\/image\/","url":"https:\/\/secure.gravatar.com\/avatar\/f5aab8722444041451501c077052ac07?s=96&d=mm&r=g","contentUrl":"https:\/\/secure.gravatar.com\/avatar\/f5aab8722444041451501c077052ac07?s=96&d=mm&r=g","caption":"Thiago Fernando"}}]}},"_links":{"self":[{"href":"https:\/\/www.manaus.am.gov.br\/semcom\/wp-json\/wp\/v2\/posts\/241943"}],"collection":[{"href":"https:\/\/www.manaus.am.gov.br\/semcom\/wp-json\/wp\/v2\/posts"}],"about":[{"href":"https:\/\/www.manaus.am.gov.br\/semcom\/wp-json\/wp\/v2\/types\/post"}],"author":[{"embeddable":true,"href":"https:\/\/www.manaus.am.gov.br\/semcom\/wp-json\/wp\/v2\/users\/57"}],"replies":[{"embeddable":true,"href":"https:\/\/www.manaus.am.gov.br\/semcom\/wp-json\/wp\/v2\/comments?post=241943"}],"version-history":[{"count":0,"href":"https:\/\/www.manaus.am.gov.br\/semcom\/wp-json\/wp\/v2\/posts\/241943\/revisions"}],"wp:featuredmedia":[{"embeddable":true,"href":"https:\/\/www.manaus.am.gov.br\/semcom\/wp-json\/wp\/v2\/media\/241944"}],"wp:attachment":[{"href":"https:\/\/www.manaus.am.gov.br\/semcom\/wp-json\/wp\/v2\/media?parent=241943"}],"wp:term":[{"taxonomy":"category","embeddable":true,"href":"https:\/\/www.manaus.am.gov.br\/semcom\/wp-json\/wp\/v2\/categories?post=241943"},{"taxonomy":"post_tag","embeddable":true,"href":"https:\/\/www.manaus.am.gov.br\/semcom\/wp-json\/wp\/v2\/tags?post=241943"}],"curies":[{"name":"wp","href":"https:\/\/api.w.org\/{rel}","templated":true}]}}