{"id":241925,"date":"2025-07-11T14:00:18","date_gmt":"2025-07-11T18:00:18","guid":{"rendered":"https:\/\/www.manaus.am.gov.br\/semcom\/visita-tj-am\/"},"modified":"2025-07-11T15:01:56","modified_gmt":"2025-07-11T18:01:56","slug":"visita-tj-am","status":"publish","type":"post","link":"https:\/\/www.manaus.am.gov.br\/semcom\/visita-tj-am\/","title":{"rendered":"Prefeito em exerc\u00edcio Renato Junior visita TJ-AM e defende di\u00e1logo entre os poderes: \u2018Harmonia institucional beneficia o povo\u2019"},"content":{"rendered":"\n<p>Em visita institucional ao Tribunal de Justi\u00e7a do Estado do Amazonas (TJ-AM), o prefeito em exerc\u00edcio de Manaus, Renato Junior, destacou, na manh\u00e3 desta sexta-feira, 11\/7, a pertin\u00eancia do di\u00e1logo entre os poderes para fortalecer pol\u00edticas p\u00fablicas em favor da popula\u00e7\u00e3o. Acompanhado do procurador-geral do Munic\u00edpio, Rafael Bertazzo, Renato foi recebido pelo presidente do TJ-AM, desembargador Jomar Fernandes, em um gesto que refor\u00e7a a sintonia entre o Executivo e o Judici\u00e1rio no Estado.<\/p>\n\n\n\n<p>\u201cEstamos aqui fortalecendo os la\u00e7os institucionais, o poder p\u00fablico da Prefeitura de Manaus com o Tribunal de Justi\u00e7a. Fomos muito bem recebidos aqui pelo presidente, o desembargador Jomar Fernandes, que nos tratou com todo carinho, como tem tratado a cidade de Manaus. Os pleitos da capital t\u00eam como maior beneficiado o pr\u00f3prio povo de Manaus. Os poderes s\u00e3o independentes, mas harm\u00f4nicos, e essa harmonia \u00e9 o que traz benef\u00edcios reais aos cidad\u00e3os e \u00e0s cidad\u00e3s\u201d, afirmou Renato.<\/p>\n\n\n\n<p>Do outro lado da rela\u00e7\u00e3o, o desembargador tamb\u00e9m enfatizou a relev\u00e2ncia do encontro. \u201cAs visitas institucionais, como a que recebemos hoje do vice-prefeito de Manaus, Renato Junior, e do procurador-geral do Munic\u00edpio, Rafael Bertazzo, reafirmam a import\u00e2ncia do di\u00e1logo constante e do relacionamento harm\u00f4nico entre os poderes. O Tribunal de Justi\u00e7a do Estado do Amazonas mant\u00e9m-se sempre aberto ao di\u00e1logo institucional, com foco no fortalecimento das parcerias e nas a\u00e7\u00f5es que possam beneficiar a sociedade amazonense\u201d, comentou o presidente do TJ-AM.<\/p>\n\n\n\n<p>A reuni\u00e3o tamb\u00e9m abriu espa\u00e7o para tratar de temas sens\u00edveis \u00e0 popula\u00e7\u00e3o, como o andamento de projetos conjuntos e a agilidade em processos que envolvem o interesse p\u00fablico. Renato Junior refor\u00e7ou que a Prefeitura de Manaus est\u00e1 comprometida em manter uma rela\u00e7\u00e3o colaborativa com o Judici\u00e1rio, respeitando a autonomia de cada poder, mas buscando sempre a converg\u00eancia em pautas que impactam diretamente o cotidiano dos manauaras.<\/p>\n\n\n\n<p>A reuni\u00e3o tamb\u00e9m contou com a presen\u00e7a do diretor-presidente do Instituto Municipal de Mobilidade Urbana (IMMU), Arnaldo Flores, que acompanhou as tratativas ao lado do prefeito em exerc\u00edcio. O encontro refor\u00e7ou o compromisso da prefeitura em dialogar com o Judici\u00e1rio sobre temas como mobilidade urbana e infraestrutura para projetos priorit\u00e1rios da capital.<\/p>\n\n\n\n<p>\u201cEstamos aqui para fortalecer o di\u00e1logo entre as institui\u00e7\u00f5es e garantir que projetos essenciais para a mobilidade e a organiza\u00e7\u00e3o da cidade tenham respaldo jur\u00eddico e fluidez administrativa. Essa parceria com o Judici\u00e1rio \u00e9 fundamental para que possamos avan\u00e7ar com responsabilidade e seguran\u00e7a\u201d, concluiu Arnaldo Flores.<\/p>\n\n\n\n<figure class=\"wp-block-image size-large\"><img loading=\"lazy\" decoding=\"async\" width=\"1024\" height=\"682\" src=\"https:\/\/www.manaus.am.gov.br\/semcom\/wp-content\/uploads\/sites\/5\/2025\/07\/WhatsApp-Image-2025-07-11-at-12.22.16-1024x682.jpeg\" alt=\"\" class=\"wp-image-241926\" srcset=\"https:\/\/www.manaus.am.gov.br\/semcom\/wp-content\/uploads\/sites\/5\/2025\/07\/WhatsApp-Image-2025-07-11-at-12.22.16-1024x682.jpeg 1024w, https:\/\/www.manaus.am.gov.br\/semcom\/wp-content\/uploads\/sites\/5\/2025\/07\/WhatsApp-Image-2025-07-11-at-12.22.16-300x200.jpeg 300w, https:\/\/www.manaus.am.gov.br\/semcom\/wp-content\/uploads\/sites\/5\/2025\/07\/WhatsApp-Image-2025-07-11-at-12.22.16-768x512.jpeg 768w, https:\/\/www.manaus.am.gov.br\/semcom\/wp-content\/uploads\/sites\/5\/2025\/07\/WhatsApp-Image-2025-07-11-at-12.22.16-1536x1023.jpeg 1536w, https:\/\/www.manaus.am.gov.br\/semcom\/wp-content\/uploads\/sites\/5\/2025\/07\/WhatsApp-Image-2025-07-11-at-12.22.16.jpeg 1600w\" sizes=\"(max-width: 1024px) 100vw, 1024px\" \/><\/figure>\n\n\n\n<p>&#8212; &#8212; &#8212;<\/p>\n\n\n\n<p><strong>Texto &#8211;<\/strong>&nbsp;Alessandra Taveira\/Vice-Prefeito e Acyanne do Valle\/TJ-AM<\/p>\n\n\n\n<p><strong>Fotos &#8211;<\/strong> Carlos Oliveira\/Vice-Prefeito<\/p>\n","protected":false},"excerpt":{"rendered":"","protected":false},"author":39,"featured_media":241927,"comment_status":"closed","ping_status":"closed","sticky":false,"template":"","format":"standard","meta":{"footnotes":""},"categories":[338],"tags":[15712,518,13167,77,15713],"acf":[],"yoast_head":"<!-- This site is optimized with the Yoast SEO plugin v23.0 - https:\/\/yoast.com\/wordpress\/plugins\/seo\/ -->\n<title>Prefeito em exerc\u00edcio Renato Junior visita TJ-AM<\/title>\n<meta name=\"description\" content=\"Prefeito em exerc\u00edcio Renato Junior visita TJ-AM e defende di\u00e1logo entre os poderes: \u2018Harmonia institucional beneficia o povo\u2019.\" \/>\n<meta name=\"robots\" content=\"index, follow, max-snippet:-1, max-image-preview:large, max-video-preview:-1\" \/>\n<link rel=\"canonical\" href=\"https:\/\/www.manaus.am.gov.br\/semcom\/visita-tj-am\/\" \/>\n<meta property=\"og:locale\" content=\"pt_BR\" \/>\n<meta property=\"og:type\" content=\"article\" \/>\n<meta property=\"og:title\" content=\"Prefeito em exerc\u00edcio Renato Junior visita TJ-AM\" \/>\n<meta property=\"og:description\" content=\"Prefeito em exerc\u00edcio Renato Junior visita TJ-AM e defende di\u00e1logo entre os poderes: \u2018Harmonia institucional beneficia o povo\u2019.\" \/>\n<meta property=\"og:url\" content=\"https:\/\/www.manaus.am.gov.br\/semcom\/visita-tj-am\/\" \/>\n<meta property=\"og:site_name\" content=\"SEMCOM\" \/>\n<meta property=\"article:published_time\" content=\"2025-07-11T18:00:18+00:00\" \/>\n<meta property=\"article:modified_time\" content=\"2025-07-11T18:01:56+00:00\" \/>\n<meta property=\"og:image\" content=\"https:\/\/www.manaus.am.gov.br\/semcom\/wp-content\/uploads\/sites\/5\/2025\/07\/WhatsApp-Image-2025-07-11-at-12.22.59-1-e1752256681935.jpeg\" \/>\n\t<meta property=\"og:image:width\" content=\"2663\" \/>\n\t<meta property=\"og:image:height\" content=\"2763\" \/>\n\t<meta property=\"og:image:type\" content=\"image\/jpeg\" \/>\n<meta name=\"author\" content=\"Bruna Greco\" \/>\n<meta name=\"twitter:card\" content=\"summary_large_image\" \/>\n<meta name=\"twitter:label1\" content=\"Written by\" \/>\n\t<meta name=\"twitter:data1\" content=\"Bruna Greco\" \/>\n\t<meta name=\"twitter:label2\" content=\"Est. reading time\" \/>\n\t<meta name=\"twitter:data2\" content=\"3 minutos\" \/>\n<script type=\"application\/ld+json\" class=\"yoast-schema-graph\">{\"@context\":\"https:\/\/schema.org\",\"@graph\":[{\"@type\":\"WebPage\",\"@id\":\"https:\/\/www.manaus.am.gov.br\/semcom\/visita-tj-am\/\",\"url\":\"https:\/\/www.manaus.am.gov.br\/semcom\/visita-tj-am\/\",\"name\":\"Prefeito em exerc\u00edcio Renato Junior visita TJ-AM\",\"isPartOf\":{\"@id\":\"https:\/\/www.manaus.am.gov.br\/semcom\/#website\"},\"primaryImageOfPage\":{\"@id\":\"https:\/\/www.manaus.am.gov.br\/semcom\/visita-tj-am\/#primaryimage\"},\"image\":{\"@id\":\"https:\/\/www.manaus.am.gov.br\/semcom\/visita-tj-am\/#primaryimage\"},\"thumbnailUrl\":\"https:\/\/www.manaus.am.gov.br\/semcom\/wp-content\/uploads\/sites\/5\/2025\/07\/WhatsApp-Image-2025-07-11-at-12.22.59-1-e1752256681935.jpeg\",\"datePublished\":\"2025-07-11T18:00:18+00:00\",\"dateModified\":\"2025-07-11T18:01:56+00:00\",\"author\":{\"@id\":\"https:\/\/www.manaus.am.gov.br\/semcom\/#\/schema\/person\/05d223aea2bf115f9883a6ff3683d81b\"},\"description\":\"Prefeito em exerc\u00edcio Renato Junior visita TJ-AM e defende di\u00e1logo entre os poderes: \u2018Harmonia institucional beneficia o povo\u2019.\",\"inLanguage\":\"pt-BR\",\"potentialAction\":[{\"@type\":\"ReadAction\",\"target\":[\"https:\/\/www.manaus.am.gov.br\/semcom\/visita-tj-am\/\"]}]},{\"@type\":\"ImageObject\",\"inLanguage\":\"pt-BR\",\"@id\":\"https:\/\/www.manaus.am.gov.br\/semcom\/visita-tj-am\/#primaryimage\",\"url\":\"https:\/\/www.manaus.am.gov.br\/semcom\/wp-content\/uploads\/sites\/5\/2025\/07\/WhatsApp-Image-2025-07-11-at-12.22.59-1-e1752256681935.jpeg\",\"contentUrl\":\"https:\/\/www.manaus.am.gov.br\/semcom\/wp-content\/uploads\/sites\/5\/2025\/07\/WhatsApp-Image-2025-07-11-at-12.22.59-1-e1752256681935.jpeg\",\"width\":2663,\"height\":2763,\"caption\":\"#paratodosverem - Prefeito em exerc\u00edcio de Manaus, Renato Junior, acompanhado do presidente do TJ-AM, Jomar Fernandes, procurador-geral do Munic\u00edpio, Rafael Bertazzo, e diretor-presidente do IMMU, Arnaldo Flores, durante visita ao TJ-AM\"},{\"@type\":\"WebSite\",\"@id\":\"https:\/\/www.manaus.am.gov.br\/semcom\/#website\",\"url\":\"https:\/\/www.manaus.am.gov.br\/semcom\/\",\"name\":\"SEMCOM\",\"description\":\"Secretaria Municipal de Comunica\u00e7\u00e3o\",\"potentialAction\":[{\"@type\":\"SearchAction\",\"target\":{\"@type\":\"EntryPoint\",\"urlTemplate\":\"https:\/\/www.manaus.am.gov.br\/semcom\/?s={search_term_string}\"},\"query-input\":\"required name=search_term_string\"}],\"inLanguage\":\"pt-BR\"},{\"@type\":\"Person\",\"@id\":\"https:\/\/www.manaus.am.gov.br\/semcom\/#\/schema\/person\/05d223aea2bf115f9883a6ff3683d81b\",\"name\":\"Bruna Greco\",\"image\":{\"@type\":\"ImageObject\",\"inLanguage\":\"pt-BR\",\"@id\":\"https:\/\/www.manaus.am.gov.br\/semcom\/#\/schema\/person\/image\/\",\"url\":\"https:\/\/secure.gravatar.com\/avatar\/9c877d1a6adc2a055330e5c09a8653ce?s=96&d=mm&r=g\",\"contentUrl\":\"https:\/\/secure.gravatar.com\/avatar\/9c877d1a6adc2a055330e5c09a8653ce?s=96&d=mm&r=g\",\"caption\":\"Bruna Greco\"}}]}<\/script>\n<!-- \/ Yoast SEO plugin. -->","yoast_head_json":{"title":"Prefeito em exerc\u00edcio Renato Junior visita TJ-AM","description":"Prefeito em exerc\u00edcio Renato Junior visita TJ-AM e defende di\u00e1logo entre os poderes: \u2018Harmonia institucional beneficia o povo\u2019.","robots":{"index":"index","follow":"follow","max-snippet":"max-snippet:-1","max-image-preview":"max-image-preview:large","max-video-preview":"max-video-preview:-1"},"canonical":"https:\/\/www.manaus.am.gov.br\/semcom\/visita-tj-am\/","og_locale":"pt_BR","og_type":"article","og_title":"Prefeito em exerc\u00edcio Renato Junior visita TJ-AM","og_description":"Prefeito em exerc\u00edcio Renato Junior visita TJ-AM e defende di\u00e1logo entre os poderes: \u2018Harmonia institucional beneficia o povo\u2019.","og_url":"https:\/\/www.manaus.am.gov.br\/semcom\/visita-tj-am\/","og_site_name":"SEMCOM","article_published_time":"2025-07-11T18:00:18+00:00","article_modified_time":"2025-07-11T18:01:56+00:00","og_image":[{"width":2663,"height":2763,"url":"https:\/\/www.manaus.am.gov.br\/semcom\/wp-content\/uploads\/sites\/5\/2025\/07\/WhatsApp-Image-2025-07-11-at-12.22.59-1-e1752256681935.jpeg","type":"image\/jpeg"}],"author":"Bruna Greco","twitter_card":"summary_large_image","twitter_misc":{"Written by":"Bruna Greco","Est. reading time":"3 minutos"},"schema":{"@context":"https:\/\/schema.org","@graph":[{"@type":"WebPage","@id":"https:\/\/www.manaus.am.gov.br\/semcom\/visita-tj-am\/","url":"https:\/\/www.manaus.am.gov.br\/semcom\/visita-tj-am\/","name":"Prefeito em exerc\u00edcio Renato Junior visita TJ-AM","isPartOf":{"@id":"https:\/\/www.manaus.am.gov.br\/semcom\/#website"},"primaryImageOfPage":{"@id":"https:\/\/www.manaus.am.gov.br\/semcom\/visita-tj-am\/#primaryimage"},"image":{"@id":"https:\/\/www.manaus.am.gov.br\/semcom\/visita-tj-am\/#primaryimage"},"thumbnailUrl":"https:\/\/www.manaus.am.gov.br\/semcom\/wp-content\/uploads\/sites\/5\/2025\/07\/WhatsApp-Image-2025-07-11-at-12.22.59-1-e1752256681935.jpeg","datePublished":"2025-07-11T18:00:18+00:00","dateModified":"2025-07-11T18:01:56+00:00","author":{"@id":"https:\/\/www.manaus.am.gov.br\/semcom\/#\/schema\/person\/05d223aea2bf115f9883a6ff3683d81b"},"description":"Prefeito em exerc\u00edcio Renato Junior visita TJ-AM e defende di\u00e1logo entre os poderes: \u2018Harmonia institucional beneficia o povo\u2019.","inLanguage":"pt-BR","potentialAction":[{"@type":"ReadAction","target":["https:\/\/www.manaus.am.gov.br\/semcom\/visita-tj-am\/"]}]},{"@type":"ImageObject","inLanguage":"pt-BR","@id":"https:\/\/www.manaus.am.gov.br\/semcom\/visita-tj-am\/#primaryimage","url":"https:\/\/www.manaus.am.gov.br\/semcom\/wp-content\/uploads\/sites\/5\/2025\/07\/WhatsApp-Image-2025-07-11-at-12.22.59-1-e1752256681935.jpeg","contentUrl":"https:\/\/www.manaus.am.gov.br\/semcom\/wp-content\/uploads\/sites\/5\/2025\/07\/WhatsApp-Image-2025-07-11-at-12.22.59-1-e1752256681935.jpeg","width":2663,"height":2763,"caption":"#paratodosverem - Prefeito em exerc\u00edcio de Manaus, Renato Junior, acompanhado do presidente do TJ-AM, Jomar Fernandes, procurador-geral do Munic\u00edpio, Rafael Bertazzo, e diretor-presidente do IMMU, Arnaldo Flores, durante visita ao TJ-AM"},{"@type":"WebSite","@id":"https:\/\/www.manaus.am.gov.br\/semcom\/#website","url":"https:\/\/www.manaus.am.gov.br\/semcom\/","name":"SEMCOM","description":"Secretaria Municipal de Comunica\u00e7\u00e3o","potentialAction":[{"@type":"SearchAction","target":{"@type":"EntryPoint","urlTemplate":"https:\/\/www.manaus.am.gov.br\/semcom\/?s={search_term_string}"},"query-input":"required name=search_term_string"}],"inLanguage":"pt-BR"},{"@type":"Person","@id":"https:\/\/www.manaus.am.gov.br\/semcom\/#\/schema\/person\/05d223aea2bf115f9883a6ff3683d81b","name":"Bruna Greco","image":{"@type":"ImageObject","inLanguage":"pt-BR","@id":"https:\/\/www.manaus.am.gov.br\/semcom\/#\/schema\/person\/image\/","url":"https:\/\/secure.gravatar.com\/avatar\/9c877d1a6adc2a055330e5c09a8653ce?s=96&d=mm&r=g","contentUrl":"https:\/\/secure.gravatar.com\/avatar\/9c877d1a6adc2a055330e5c09a8653ce?s=96&d=mm&r=g","caption":"Bruna Greco"}}]}},"_links":{"self":[{"href":"https:\/\/www.manaus.am.gov.br\/semcom\/wp-json\/wp\/v2\/posts\/241925"}],"collection":[{"href":"https:\/\/www.manaus.am.gov.br\/semcom\/wp-json\/wp\/v2\/posts"}],"about":[{"href":"https:\/\/www.manaus.am.gov.br\/semcom\/wp-json\/wp\/v2\/types\/post"}],"author":[{"embeddable":true,"href":"https:\/\/www.manaus.am.gov.br\/semcom\/wp-json\/wp\/v2\/users\/39"}],"replies":[{"embeddable":true,"href":"https:\/\/www.manaus.am.gov.br\/semcom\/wp-json\/wp\/v2\/comments?post=241925"}],"version-history":[{"count":4,"href":"https:\/\/www.manaus.am.gov.br\/semcom\/wp-json\/wp\/v2\/posts\/241925\/revisions"}],"predecessor-version":[{"id":241931,"href":"https:\/\/www.manaus.am.gov.br\/semcom\/wp-json\/wp\/v2\/posts\/241925\/revisions\/241931"}],"wp:featuredmedia":[{"embeddable":true,"href":"https:\/\/www.manaus.am.gov.br\/semcom\/wp-json\/wp\/v2\/media\/241927"}],"wp:attachment":[{"href":"https:\/\/www.manaus.am.gov.br\/semcom\/wp-json\/wp\/v2\/media?parent=241925"}],"wp:term":[{"taxonomy":"category","embeddable":true,"href":"https:\/\/www.manaus.am.gov.br\/semcom\/wp-json\/wp\/v2\/categories?post=241925"},{"taxonomy":"post_tag","embeddable":true,"href":"https:\/\/www.manaus.am.gov.br\/semcom\/wp-json\/wp\/v2\/tags?post=241925"}],"curies":[{"name":"wp","href":"https:\/\/api.w.org\/{rel}","templated":true}]}}