{"id":241865,"date":"2025-07-10T15:04:53","date_gmt":"2025-07-10T19:04:53","guid":{"rendered":"https:\/\/www.manaus.am.gov.br\/semcom\/emissao-cartao-passafacil\/"},"modified":"2025-07-10T15:04:53","modified_gmt":"2025-07-10T19:04:53","slug":"emissao-cartao-passafacil","status":"publish","type":"post","link":"https:\/\/www.manaus.am.gov.br\/semcom\/emissao-cartao-passafacil\/","title":{"rendered":"Prefeitura oferece emiss\u00e3o gratuita do cart\u00e3o PassaF\u00e1cil em comunidade do bairro Puraquequara"},"content":{"rendered":"\n<p>Com foco em assegurar mais benef\u00edcio \u00e0 popula\u00e7\u00e3o, a Prefeitura de Manaus, por meio do Instituto Municipal de Mobilidade Urbana (IMMU), com apoio do Sindicato das Empresas de Transporte de Passageiros do Estado do Amazonas (Sinetram), promoveu, nesta quinta-feira, 10\/7, a emiss\u00e3o gratuita dos cart\u00f5es PassaF\u00e1cil a moradores e estudantes da comunidade Bela Vista, no bairro Puraquequara, zona Leste da capital.<\/p>\n\n\n\n<p>Ao todo, foram emitidos mais de cem cart\u00f5es aos comunit\u00e1rios, que passam a ter mais acesso ao transporte p\u00fablico. A a\u00e7\u00e3o \u00e9 v\u00e1lida apenas para quem deseja emitir a 1\u00aa ou 2\u00aa via dos cart\u00f5es nas modalidades estudantil e comum.&nbsp;<\/p>\n\n\n\n<p>\u201cLevar o servi\u00e7o de emiss\u00e3o gratuita do PassaF\u00e1cil at\u00e9 as comunidades \u00e9 uma estrat\u00e9gia para ampliar o acesso da popula\u00e7\u00e3o ao transporte p\u00fablico, especialmente de quem mais precisa. Essa proximidade facilita a vida dos moradores e refor\u00e7a o compromisso da Prefeitura de Manaus com a inclus\u00e3o e a mobilidade urbana\u201d, destacou a vice-presidente de Transporte do IMMU, Viviane Cabral.<\/p>\n\n\n\n<p>O supervisor de \u00e1rea do Acordo Operacional (Acop) das empresas do sistema de transporte coletivo, Raimundo Lobo, explicou o motivo da a\u00e7\u00e3o. \u201cO objetivo principal \u00e9 trazer o transporte coletivo para perto das comunidades. Vale ressaltar que essas duas modalidades, cart\u00e3o estudantil e PassaF\u00e1cil, s\u00e3o emitidos sem custo \u00e0 popula\u00e7\u00e3o\u201d, frisou.<\/p>\n\n\n\n<p>A aut\u00f4noma Kellem Moraes da Silva, de 32 anos, moradora do bairro Puraquequara, enalteceu os servi\u00e7os. \u201c\u00c9 muito importante, porque algumas vezes as pessoas procuram, mas n\u00e3o conseguem atendimento. Hoje, ocorreu tudo bem, com a maior facilidade consegui emitir o cart\u00e3o\u201d, comemorou.<\/p>\n\n\n\n<p>Em casos de vale-transporte, os interessados devem procurar a sede do Sinetram, localizada na avenida Constantino Nery, pr\u00f3ximo ao Terminal de Integra\u00e7\u00e3o 1 (T1), ou ir at\u00e9 o posto do Sinetram, no shopping Phelippe Daou, situado na avenida Camapu\u00e3, na zona Leste de Manaus, em frente ao Terminal 4.<\/p>\n\n\n\n<p>Na \u00faltima ter\u00e7a-feira, 8\/7, a a\u00e7\u00e3o ocorreu no bairro no bairro Mauazinho, tamb\u00e9m na zona Leste da cidade. No total, as a\u00e7\u00f5es nas comunidades j\u00e1 resultaram na emiss\u00e3o de mais de 700 cart\u00f5es.<\/p>\n\n\n\n<p>As pr\u00f3ximas a\u00e7\u00f5es de emiss\u00e3o do PassaF\u00e1cil nas comunidades j\u00e1 t\u00eam datas marcadas: no dia 17\/7, ser\u00e1 no quil\u00f4metro 15, da BR 174; no dia 22\/7, no bairro Nova Cidade; e no dia 24\/7, na comunidade Parque das Tribos.<\/p>\n\n\n\n<figure class=\"wp-block-image size-large\"><img loading=\"lazy\" decoding=\"async\" width=\"1024\" height=\"768\" src=\"https:\/\/www.manaus.am.gov.br\/semcom\/wp-content\/uploads\/sites\/5\/2025\/07\/Cartao-PassaFacil-4-1024x768.jpeg\" alt=\"\" class=\"wp-image-241867\" srcset=\"https:\/\/www.manaus.am.gov.br\/semcom\/wp-content\/uploads\/sites\/5\/2025\/07\/Cartao-PassaFacil-4-1024x768.jpeg 1024w, https:\/\/www.manaus.am.gov.br\/semcom\/wp-content\/uploads\/sites\/5\/2025\/07\/Cartao-PassaFacil-4-300x225.jpeg 300w, https:\/\/www.manaus.am.gov.br\/semcom\/wp-content\/uploads\/sites\/5\/2025\/07\/Cartao-PassaFacil-4-768x576.jpeg 768w, https:\/\/www.manaus.am.gov.br\/semcom\/wp-content\/uploads\/sites\/5\/2025\/07\/Cartao-PassaFacil-4-1536x1152.jpeg 1536w, https:\/\/www.manaus.am.gov.br\/semcom\/wp-content\/uploads\/sites\/5\/2025\/07\/Cartao-PassaFacil-4.jpeg 1600w\" sizes=\"(max-width: 1024px) 100vw, 1024px\" \/><\/figure>\n\n\n\n<p>&#8212; &#8212; &#8212;<\/p>\n\n\n\n<p><strong>Texto<\/strong>\u00a0&#8211; \u00c1lisson Castro\/IMMU<\/p>\n\n\n\n<p><strong>Fotos <\/strong>&#8211; Karol Silva\/IMMU<\/p>\n","protected":false},"excerpt":{"rendered":"","protected":false},"author":39,"featured_media":241866,"comment_status":"closed","ping_status":"closed","sticky":false,"template":"","format":"standard","meta":{"footnotes":""},"categories":[207],"tags":[9264,15688,10587,12,77],"acf":[],"yoast_head":"<!-- This site is optimized with the Yoast SEO plugin v23.0 - https:\/\/yoast.com\/wordpress\/plugins\/seo\/ -->\n<title>Emiss\u00e3o do cart\u00e3o PassaF\u00e1cil em comunidade do Puraquequara<\/title>\n<meta name=\"description\" content=\"Prefeitura de Manaus, por meio do IMMU, oferece emiss\u00e3o gratuita do cart\u00e3o PassaF\u00e1cil em comunidade do bairro Puraquequara\" \/>\n<meta name=\"robots\" content=\"index, follow, max-snippet:-1, max-image-preview:large, max-video-preview:-1\" \/>\n<link rel=\"canonical\" href=\"https:\/\/www.manaus.am.gov.br\/semcom\/emissao-cartao-passafacil\/\" \/>\n<meta property=\"og:locale\" content=\"pt_BR\" \/>\n<meta property=\"og:type\" content=\"article\" \/>\n<meta property=\"og:title\" content=\"Emiss\u00e3o do cart\u00e3o PassaF\u00e1cil em comunidade do Puraquequara\" \/>\n<meta property=\"og:description\" content=\"Prefeitura de Manaus, por meio do IMMU, oferece emiss\u00e3o gratuita do cart\u00e3o PassaF\u00e1cil em comunidade do bairro Puraquequara\" \/>\n<meta property=\"og:url\" content=\"https:\/\/www.manaus.am.gov.br\/semcom\/emissao-cartao-passafacil\/\" \/>\n<meta property=\"og:site_name\" content=\"SEMCOM\" \/>\n<meta property=\"article:published_time\" content=\"2025-07-10T19:04:53+00:00\" \/>\n<meta property=\"og:image\" content=\"https:\/\/www.manaus.am.gov.br\/semcom\/wp-content\/uploads\/sites\/5\/2025\/07\/Cartao-PassaFacil-1.jpeg\" \/>\n\t<meta property=\"og:image:width\" content=\"1600\" \/>\n\t<meta property=\"og:image:height\" content=\"1200\" \/>\n\t<meta property=\"og:image:type\" content=\"image\/jpeg\" \/>\n<meta name=\"author\" content=\"Bruna Greco\" \/>\n<meta name=\"twitter:card\" content=\"summary_large_image\" \/>\n<meta name=\"twitter:label1\" content=\"Written by\" \/>\n\t<meta name=\"twitter:data1\" content=\"Bruna Greco\" \/>\n\t<meta name=\"twitter:label2\" content=\"Est. reading time\" \/>\n\t<meta name=\"twitter:data2\" content=\"3 minutos\" \/>\n<script type=\"application\/ld+json\" class=\"yoast-schema-graph\">{\"@context\":\"https:\/\/schema.org\",\"@graph\":[{\"@type\":\"WebPage\",\"@id\":\"https:\/\/www.manaus.am.gov.br\/semcom\/emissao-cartao-passafacil\/\",\"url\":\"https:\/\/www.manaus.am.gov.br\/semcom\/emissao-cartao-passafacil\/\",\"name\":\"Emiss\u00e3o do cart\u00e3o PassaF\u00e1cil em comunidade do Puraquequara\",\"isPartOf\":{\"@id\":\"https:\/\/www.manaus.am.gov.br\/semcom\/#website\"},\"primaryImageOfPage\":{\"@id\":\"https:\/\/www.manaus.am.gov.br\/semcom\/emissao-cartao-passafacil\/#primaryimage\"},\"image\":{\"@id\":\"https:\/\/www.manaus.am.gov.br\/semcom\/emissao-cartao-passafacil\/#primaryimage\"},\"thumbnailUrl\":\"https:\/\/www.manaus.am.gov.br\/semcom\/wp-content\/uploads\/sites\/5\/2025\/07\/Cartao-PassaFacil-1.jpeg\",\"datePublished\":\"2025-07-10T19:04:53+00:00\",\"dateModified\":\"2025-07-10T19:04:53+00:00\",\"author\":{\"@id\":\"https:\/\/www.manaus.am.gov.br\/semcom\/#\/schema\/person\/05d223aea2bf115f9883a6ff3683d81b\"},\"description\":\"Prefeitura de Manaus, por meio do IMMU, oferece emiss\u00e3o gratuita do cart\u00e3o PassaF\u00e1cil em comunidade do bairro Puraquequara\",\"inLanguage\":\"pt-BR\",\"potentialAction\":[{\"@type\":\"ReadAction\",\"target\":[\"https:\/\/www.manaus.am.gov.br\/semcom\/emissao-cartao-passafacil\/\"]}]},{\"@type\":\"ImageObject\",\"inLanguage\":\"pt-BR\",\"@id\":\"https:\/\/www.manaus.am.gov.br\/semcom\/emissao-cartao-passafacil\/#primaryimage\",\"url\":\"https:\/\/www.manaus.am.gov.br\/semcom\/wp-content\/uploads\/sites\/5\/2025\/07\/Cartao-PassaFacil-1.jpeg\",\"contentUrl\":\"https:\/\/www.manaus.am.gov.br\/semcom\/wp-content\/uploads\/sites\/5\/2025\/07\/Cartao-PassaFacil-1.jpeg\",\"width\":1600,\"height\":1200,\"caption\":\"#paratodosverem - Jovem segurando seu novo cart\u00e3o PassaF\u00e1cil emitido gratuitamente durante a\u00e7\u00e3o do IMMU\"},{\"@type\":\"WebSite\",\"@id\":\"https:\/\/www.manaus.am.gov.br\/semcom\/#website\",\"url\":\"https:\/\/www.manaus.am.gov.br\/semcom\/\",\"name\":\"SEMCOM\",\"description\":\"Secretaria Municipal de Comunica\u00e7\u00e3o\",\"potentialAction\":[{\"@type\":\"SearchAction\",\"target\":{\"@type\":\"EntryPoint\",\"urlTemplate\":\"https:\/\/www.manaus.am.gov.br\/semcom\/?s={search_term_string}\"},\"query-input\":\"required name=search_term_string\"}],\"inLanguage\":\"pt-BR\"},{\"@type\":\"Person\",\"@id\":\"https:\/\/www.manaus.am.gov.br\/semcom\/#\/schema\/person\/05d223aea2bf115f9883a6ff3683d81b\",\"name\":\"Bruna Greco\",\"image\":{\"@type\":\"ImageObject\",\"inLanguage\":\"pt-BR\",\"@id\":\"https:\/\/www.manaus.am.gov.br\/semcom\/#\/schema\/person\/image\/\",\"url\":\"https:\/\/secure.gravatar.com\/avatar\/9c877d1a6adc2a055330e5c09a8653ce?s=96&d=mm&r=g\",\"contentUrl\":\"https:\/\/secure.gravatar.com\/avatar\/9c877d1a6adc2a055330e5c09a8653ce?s=96&d=mm&r=g\",\"caption\":\"Bruna Greco\"}}]}<\/script>\n<!-- \/ Yoast SEO plugin. -->","yoast_head_json":{"title":"Emiss\u00e3o do cart\u00e3o PassaF\u00e1cil em comunidade do Puraquequara","description":"Prefeitura de Manaus, por meio do IMMU, oferece emiss\u00e3o gratuita do cart\u00e3o PassaF\u00e1cil em comunidade do bairro Puraquequara","robots":{"index":"index","follow":"follow","max-snippet":"max-snippet:-1","max-image-preview":"max-image-preview:large","max-video-preview":"max-video-preview:-1"},"canonical":"https:\/\/www.manaus.am.gov.br\/semcom\/emissao-cartao-passafacil\/","og_locale":"pt_BR","og_type":"article","og_title":"Emiss\u00e3o do cart\u00e3o PassaF\u00e1cil em comunidade do Puraquequara","og_description":"Prefeitura de Manaus, por meio do IMMU, oferece emiss\u00e3o gratuita do cart\u00e3o PassaF\u00e1cil em comunidade do bairro Puraquequara","og_url":"https:\/\/www.manaus.am.gov.br\/semcom\/emissao-cartao-passafacil\/","og_site_name":"SEMCOM","article_published_time":"2025-07-10T19:04:53+00:00","og_image":[{"width":1600,"height":1200,"url":"https:\/\/www.manaus.am.gov.br\/semcom\/wp-content\/uploads\/sites\/5\/2025\/07\/Cartao-PassaFacil-1.jpeg","type":"image\/jpeg"}],"author":"Bruna Greco","twitter_card":"summary_large_image","twitter_misc":{"Written by":"Bruna Greco","Est. reading time":"3 minutos"},"schema":{"@context":"https:\/\/schema.org","@graph":[{"@type":"WebPage","@id":"https:\/\/www.manaus.am.gov.br\/semcom\/emissao-cartao-passafacil\/","url":"https:\/\/www.manaus.am.gov.br\/semcom\/emissao-cartao-passafacil\/","name":"Emiss\u00e3o do cart\u00e3o PassaF\u00e1cil em comunidade do Puraquequara","isPartOf":{"@id":"https:\/\/www.manaus.am.gov.br\/semcom\/#website"},"primaryImageOfPage":{"@id":"https:\/\/www.manaus.am.gov.br\/semcom\/emissao-cartao-passafacil\/#primaryimage"},"image":{"@id":"https:\/\/www.manaus.am.gov.br\/semcom\/emissao-cartao-passafacil\/#primaryimage"},"thumbnailUrl":"https:\/\/www.manaus.am.gov.br\/semcom\/wp-content\/uploads\/sites\/5\/2025\/07\/Cartao-PassaFacil-1.jpeg","datePublished":"2025-07-10T19:04:53+00:00","dateModified":"2025-07-10T19:04:53+00:00","author":{"@id":"https:\/\/www.manaus.am.gov.br\/semcom\/#\/schema\/person\/05d223aea2bf115f9883a6ff3683d81b"},"description":"Prefeitura de Manaus, por meio do IMMU, oferece emiss\u00e3o gratuita do cart\u00e3o PassaF\u00e1cil em comunidade do bairro Puraquequara","inLanguage":"pt-BR","potentialAction":[{"@type":"ReadAction","target":["https:\/\/www.manaus.am.gov.br\/semcom\/emissao-cartao-passafacil\/"]}]},{"@type":"ImageObject","inLanguage":"pt-BR","@id":"https:\/\/www.manaus.am.gov.br\/semcom\/emissao-cartao-passafacil\/#primaryimage","url":"https:\/\/www.manaus.am.gov.br\/semcom\/wp-content\/uploads\/sites\/5\/2025\/07\/Cartao-PassaFacil-1.jpeg","contentUrl":"https:\/\/www.manaus.am.gov.br\/semcom\/wp-content\/uploads\/sites\/5\/2025\/07\/Cartao-PassaFacil-1.jpeg","width":1600,"height":1200,"caption":"#paratodosverem - Jovem segurando seu novo cart\u00e3o PassaF\u00e1cil emitido gratuitamente durante a\u00e7\u00e3o do IMMU"},{"@type":"WebSite","@id":"https:\/\/www.manaus.am.gov.br\/semcom\/#website","url":"https:\/\/www.manaus.am.gov.br\/semcom\/","name":"SEMCOM","description":"Secretaria Municipal de Comunica\u00e7\u00e3o","potentialAction":[{"@type":"SearchAction","target":{"@type":"EntryPoint","urlTemplate":"https:\/\/www.manaus.am.gov.br\/semcom\/?s={search_term_string}"},"query-input":"required name=search_term_string"}],"inLanguage":"pt-BR"},{"@type":"Person","@id":"https:\/\/www.manaus.am.gov.br\/semcom\/#\/schema\/person\/05d223aea2bf115f9883a6ff3683d81b","name":"Bruna Greco","image":{"@type":"ImageObject","inLanguage":"pt-BR","@id":"https:\/\/www.manaus.am.gov.br\/semcom\/#\/schema\/person\/image\/","url":"https:\/\/secure.gravatar.com\/avatar\/9c877d1a6adc2a055330e5c09a8653ce?s=96&d=mm&r=g","contentUrl":"https:\/\/secure.gravatar.com\/avatar\/9c877d1a6adc2a055330e5c09a8653ce?s=96&d=mm&r=g","caption":"Bruna Greco"}}]}},"_links":{"self":[{"href":"https:\/\/www.manaus.am.gov.br\/semcom\/wp-json\/wp\/v2\/posts\/241865"}],"collection":[{"href":"https:\/\/www.manaus.am.gov.br\/semcom\/wp-json\/wp\/v2\/posts"}],"about":[{"href":"https:\/\/www.manaus.am.gov.br\/semcom\/wp-json\/wp\/v2\/types\/post"}],"author":[{"embeddable":true,"href":"https:\/\/www.manaus.am.gov.br\/semcom\/wp-json\/wp\/v2\/users\/39"}],"replies":[{"embeddable":true,"href":"https:\/\/www.manaus.am.gov.br\/semcom\/wp-json\/wp\/v2\/comments?post=241865"}],"version-history":[{"count":1,"href":"https:\/\/www.manaus.am.gov.br\/semcom\/wp-json\/wp\/v2\/posts\/241865\/revisions"}],"predecessor-version":[{"id":241868,"href":"https:\/\/www.manaus.am.gov.br\/semcom\/wp-json\/wp\/v2\/posts\/241865\/revisions\/241868"}],"wp:featuredmedia":[{"embeddable":true,"href":"https:\/\/www.manaus.am.gov.br\/semcom\/wp-json\/wp\/v2\/media\/241866"}],"wp:attachment":[{"href":"https:\/\/www.manaus.am.gov.br\/semcom\/wp-json\/wp\/v2\/media?parent=241865"}],"wp:term":[{"taxonomy":"category","embeddable":true,"href":"https:\/\/www.manaus.am.gov.br\/semcom\/wp-json\/wp\/v2\/categories?post=241865"},{"taxonomy":"post_tag","embeddable":true,"href":"https:\/\/www.manaus.am.gov.br\/semcom\/wp-json\/wp\/v2\/tags?post=241865"}],"curies":[{"name":"wp","href":"https:\/\/api.w.org\/{rel}","templated":true}]}}