{"id":241751,"date":"2025-07-08T17:18:04","date_gmt":"2025-07-08T20:18:04","guid":{"rendered":"https:\/\/www.manaus.am.gov.br\/semcom\/parceria-para-ampliar-atendimento-ao-consumidor\/"},"modified":"2025-07-08T17:18:06","modified_gmt":"2025-07-08T20:18:06","slug":"parceria-para-ampliar-atendimento-ao-consumidor","status":"publish","type":"post","link":"https:\/\/www.manaus.am.gov.br\/semcom\/parceria-para-ampliar-atendimento-ao-consumidor\/","title":{"rendered":"Procon Manaus e CMM firmam parceria para ampliar atendimento ao consumidor via sistema nacional"},"content":{"rendered":"\n<p>A Prefeitura de Manaus, por meio do Servi\u00e7o de Atendimento e Prote\u00e7\u00e3o ao Consumidor (Procon Manaus), assinou, nesta ter\u00e7a-feira, 8\/7, um Termo de Coopera\u00e7\u00e3o T\u00e9cnica com a C\u00e2mara Municipal de Manaus (CMM), com o objetivo de integrar a Comiss\u00e3o Permanente de Defesa do Consumidor ao sistema ProConsumidor \u2013 plataforma oficial utilizada nacionalmente pelos \u00f3rg\u00e3os de defesa do consumidor.<\/p>\n\n\n\n<p>A iniciativa representa mais um passo na consolida\u00e7\u00e3o da pol\u00edtica p\u00fablica de defesa do consumidor no munic\u00edpio de Manaus, ao permitir a cria\u00e7\u00e3o de uma nova base de atendimento vinculada ao sistema da Secretaria Nacional do Consumidor (Senacon). A comiss\u00e3o da CMM passar\u00e1 a registrar e acompanhar as demandas dos consumidores diretamente no sistema ProConsumidor, com suporte t\u00e9cnico e capacita\u00e7\u00e3o oferecidos pelo Procon Manaus.<\/p>\n\n\n\n<p>Para a presidente do Procon Manaus, Onilda Abreu, a parceria representa um avan\u00e7o estrat\u00e9gico no atendimento \u00e0 popula\u00e7\u00e3o. \u201cEstamos em uma sociedade consumerista, uma sociedade que vive, todos os dias, ali, usando e utilizando servi\u00e7os. E \u00e9 muito importante termos mais um ponto de atendimento. Aqui, na Comiss\u00e3o Permanente de Defesa do Consumidor, temos mais um ponto de atendimento que se oficializa, que se integra junto com o Procon Manaus. E \u00e9 um avan\u00e7o muito grande, um trabalho que ser\u00e1 muito valioso. E quem ganha \u00e9 a sociedade manauara\u201d, declarou.<\/p>\n\n\n\n<p>O presidente da CMM, vereador David Reis, tamb\u00e9m destacou a relev\u00e2ncia do acordo como forma de tornar o servi\u00e7o mais acess\u00edvel aos cidad\u00e3os. \u201c\u00c0s vezes, os consumidores enfrentam problemas e n\u00e3o sabem a quem recorrer. O Procon \u00e9 um desses canais, mas agora, com essa parceria, a Comiss\u00e3o de Defesa do Consumidor tamb\u00e9m passa a ser mais um meio de resolu\u00e7\u00e3o dessas quest\u00f5es. E isso \u00e9 o mais importante: ela deixa de atuar apenas na orienta\u00e7\u00e3o e elucida\u00e7\u00e3o, passando tamb\u00e9m a contribuir efetivamente para a solu\u00e7\u00e3o dos conflitos\u201d, afirmou.<\/p>\n\n\n\n<p>Pelo Termo de Coopera\u00e7\u00e3o T\u00e9cnica, o Procon Manaus ser\u00e1 respons\u00e1vel por implantar o sistema operacional, treinar os t\u00e9cnicos da CMM, supervisionar as atividades e garantir a padroniza\u00e7\u00e3o dos atendimentos.<\/p>\n\n\n\n<p>J\u00e1 a Comiss\u00e3o Permanente de Defesa do Consumidor da C\u00e2mara dever\u00e1 registrar as demandas no sistema, garantir a confidencialidade das informa\u00e7\u00f5es e atuar conforme as diretrizes do Procon.<\/p>\n\n\n\n<p>A a\u00e7\u00e3o fortalece a rede de prote\u00e7\u00e3o ao consumidor em Manaus, ampliando o acesso da popula\u00e7\u00e3o aos servi\u00e7os de orienta\u00e7\u00e3o e resolu\u00e7\u00e3o de conflitos de consumo.<\/p>\n\n\n\n<p>\u2014 \u2014 \u2014<br><strong>Texto &#8211; <\/strong>Lara Bernardes \/ Procon<br><strong>Fotos\u00a0 &#8211;<\/strong> Jo\u00e3o Viana \/ Semcom<br><strong>Dispon\u00edveis em &#8211; <\/strong><a href=\"https:\/\/flic.kr\/s\/aHBqjCkTCw\">https:\/\/flic.kr\/s\/aHBqjCkTCw<\/a>\u00a0<\/p>\n","protected":false},"excerpt":{"rendered":"","protected":false},"author":68,"featured_media":241752,"comment_status":"closed","ping_status":"closed","sticky":false,"template":"","format":"standard","meta":{"footnotes":""},"categories":[1156],"tags":[77,9825,15645],"acf":[],"yoast_head":"<!-- This site is optimized with the Yoast SEO plugin v23.0 - https:\/\/yoast.com\/wordpress\/plugins\/seo\/ -->\n<title>Procon Manaus e CMM firmam parceria para ampliar atendimento ao consumidor via sistema nacional<\/title>\n<meta name=\"description\" content=\"A Prefeitura de Manaus, por meio do Servi\u00e7o de Atendimento e Prote\u00e7\u00e3o ao Consumidor (Procon Manaus), assinou, nesta ter\u00e7a-feira, 8\/7, um Termo de Coopera\u00e7\u00e3o T\u00e9cnica com a C\u00e2mara Municipal de Manaus (CMM), com o objetivo de integrar a Comiss\u00e3o Permanente de Defesa do Consumidor ao sistema ProConsumidor \u2013 plataforma oficial utilizada nacionalmente pelos \u00f3rg\u00e3os de defesa do consumidor.\" \/>\n<meta name=\"robots\" content=\"index, follow, max-snippet:-1, max-image-preview:large, max-video-preview:-1\" \/>\n<link rel=\"canonical\" href=\"https:\/\/www.manaus.am.gov.br\/semcom\/parceria-para-ampliar-atendimento-ao-consumidor\/\" \/>\n<meta property=\"og:locale\" content=\"pt_BR\" \/>\n<meta property=\"og:type\" content=\"article\" \/>\n<meta property=\"og:title\" content=\"Procon Manaus e CMM firmam parceria para ampliar atendimento ao consumidor via sistema nacional\" \/>\n<meta property=\"og:description\" content=\"A Prefeitura de Manaus, por meio do Servi\u00e7o de Atendimento e Prote\u00e7\u00e3o ao Consumidor (Procon Manaus), assinou, nesta ter\u00e7a-feira, 8\/7, um Termo de Coopera\u00e7\u00e3o T\u00e9cnica com a C\u00e2mara Municipal de Manaus (CMM), com o objetivo de integrar a Comiss\u00e3o Permanente de Defesa do Consumidor ao sistema ProConsumidor \u2013 plataforma oficial utilizada nacionalmente pelos \u00f3rg\u00e3os de defesa do consumidor.\" \/>\n<meta property=\"og:url\" content=\"https:\/\/www.manaus.am.gov.br\/semcom\/parceria-para-ampliar-atendimento-ao-consumidor\/\" \/>\n<meta property=\"og:site_name\" content=\"SEMCOM\" \/>\n<meta property=\"article:published_time\" content=\"2025-07-08T20:18:04+00:00\" \/>\n<meta property=\"article:modified_time\" content=\"2025-07-08T20:18:06+00:00\" \/>\n<meta property=\"og:image\" content=\"https:\/\/www.manaus.am.gov.br\/semcom\/wp-content\/uploads\/sites\/5\/2025\/07\/Procon-Manaus-e-CMM-firmam-parceria-para-ampliar-atendimento-ao-consumidor-via-sistema-nacional.jpg\" \/>\n\t<meta property=\"og:image:width\" content=\"799\" \/>\n\t<meta property=\"og:image:height\" content=\"533\" \/>\n\t<meta property=\"og:image:type\" content=\"image\/jpeg\" \/>\n<meta name=\"author\" content=\"bvalente\" \/>\n<meta name=\"twitter:card\" content=\"summary_large_image\" \/>\n<meta name=\"twitter:label1\" content=\"Written by\" \/>\n\t<meta name=\"twitter:data1\" content=\"bvalente\" \/>\n\t<meta name=\"twitter:label2\" content=\"Est. reading time\" \/>\n\t<meta name=\"twitter:data2\" content=\"3 minutos\" \/>\n<script type=\"application\/ld+json\" class=\"yoast-schema-graph\">{\"@context\":\"https:\/\/schema.org\",\"@graph\":[{\"@type\":\"WebPage\",\"@id\":\"https:\/\/www.manaus.am.gov.br\/semcom\/parceria-para-ampliar-atendimento-ao-consumidor\/\",\"url\":\"https:\/\/www.manaus.am.gov.br\/semcom\/parceria-para-ampliar-atendimento-ao-consumidor\/\",\"name\":\"Procon Manaus e CMM firmam parceria para ampliar atendimento ao consumidor via sistema nacional\",\"isPartOf\":{\"@id\":\"https:\/\/www.manaus.am.gov.br\/semcom\/#website\"},\"primaryImageOfPage\":{\"@id\":\"https:\/\/www.manaus.am.gov.br\/semcom\/parceria-para-ampliar-atendimento-ao-consumidor\/#primaryimage\"},\"image\":{\"@id\":\"https:\/\/www.manaus.am.gov.br\/semcom\/parceria-para-ampliar-atendimento-ao-consumidor\/#primaryimage\"},\"thumbnailUrl\":\"https:\/\/www.manaus.am.gov.br\/semcom\/wp-content\/uploads\/sites\/5\/2025\/07\/Procon-Manaus-e-CMM-firmam-parceria-para-ampliar-atendimento-ao-consumidor-via-sistema-nacional.jpg\",\"datePublished\":\"2025-07-08T20:18:04+00:00\",\"dateModified\":\"2025-07-08T20:18:06+00:00\",\"author\":{\"@id\":\"https:\/\/www.manaus.am.gov.br\/semcom\/#\/schema\/person\/466a0e03ae4b6062809046bd560ac955\"},\"description\":\"A Prefeitura de Manaus, por meio do Servi\u00e7o de Atendimento e Prote\u00e7\u00e3o ao Consumidor (Procon Manaus), assinou, nesta ter\u00e7a-feira, 8\/7, um Termo de Coopera\u00e7\u00e3o T\u00e9cnica com a C\u00e2mara Municipal de Manaus (CMM), com o objetivo de integrar a Comiss\u00e3o Permanente de Defesa do Consumidor ao sistema ProConsumidor \u2013 plataforma oficial utilizada nacionalmente pelos \u00f3rg\u00e3os de defesa do consumidor.\",\"inLanguage\":\"pt-BR\",\"potentialAction\":[{\"@type\":\"ReadAction\",\"target\":[\"https:\/\/www.manaus.am.gov.br\/semcom\/parceria-para-ampliar-atendimento-ao-consumidor\/\"]}]},{\"@type\":\"ImageObject\",\"inLanguage\":\"pt-BR\",\"@id\":\"https:\/\/www.manaus.am.gov.br\/semcom\/parceria-para-ampliar-atendimento-ao-consumidor\/#primaryimage\",\"url\":\"https:\/\/www.manaus.am.gov.br\/semcom\/wp-content\/uploads\/sites\/5\/2025\/07\/Procon-Manaus-e-CMM-firmam-parceria-para-ampliar-atendimento-ao-consumidor-via-sistema-nacional.jpg\",\"contentUrl\":\"https:\/\/www.manaus.am.gov.br\/semcom\/wp-content\/uploads\/sites\/5\/2025\/07\/Procon-Manaus-e-CMM-firmam-parceria-para-ampliar-atendimento-ao-consumidor-via-sistema-nacional.jpg\",\"width\":799,\"height\":533},{\"@type\":\"WebSite\",\"@id\":\"https:\/\/www.manaus.am.gov.br\/semcom\/#website\",\"url\":\"https:\/\/www.manaus.am.gov.br\/semcom\/\",\"name\":\"SEMCOM\",\"description\":\"Secretaria Municipal de Comunica\u00e7\u00e3o\",\"potentialAction\":[{\"@type\":\"SearchAction\",\"target\":{\"@type\":\"EntryPoint\",\"urlTemplate\":\"https:\/\/www.manaus.am.gov.br\/semcom\/?s={search_term_string}\"},\"query-input\":\"required name=search_term_string\"}],\"inLanguage\":\"pt-BR\"},{\"@type\":\"Person\",\"@id\":\"https:\/\/www.manaus.am.gov.br\/semcom\/#\/schema\/person\/466a0e03ae4b6062809046bd560ac955\",\"name\":\"bvalente\",\"image\":{\"@type\":\"ImageObject\",\"inLanguage\":\"pt-BR\",\"@id\":\"https:\/\/www.manaus.am.gov.br\/semcom\/#\/schema\/person\/image\/\",\"url\":\"https:\/\/secure.gravatar.com\/avatar\/3e69bc2b014bdad41adfec3a39de07d2?s=96&d=mm&r=g\",\"contentUrl\":\"https:\/\/secure.gravatar.com\/avatar\/3e69bc2b014bdad41adfec3a39de07d2?s=96&d=mm&r=g\",\"caption\":\"bvalente\"}}]}<\/script>\n<!-- \/ Yoast SEO plugin. -->","yoast_head_json":{"title":"Procon Manaus e CMM firmam parceria para ampliar atendimento ao consumidor via sistema nacional","description":"A Prefeitura de Manaus, por meio do Servi\u00e7o de Atendimento e Prote\u00e7\u00e3o ao Consumidor (Procon Manaus), assinou, nesta ter\u00e7a-feira, 8\/7, um Termo de Coopera\u00e7\u00e3o T\u00e9cnica com a C\u00e2mara Municipal de Manaus (CMM), com o objetivo de integrar a Comiss\u00e3o Permanente de Defesa do Consumidor ao sistema ProConsumidor \u2013 plataforma oficial utilizada nacionalmente pelos \u00f3rg\u00e3os de defesa do consumidor.","robots":{"index":"index","follow":"follow","max-snippet":"max-snippet:-1","max-image-preview":"max-image-preview:large","max-video-preview":"max-video-preview:-1"},"canonical":"https:\/\/www.manaus.am.gov.br\/semcom\/parceria-para-ampliar-atendimento-ao-consumidor\/","og_locale":"pt_BR","og_type":"article","og_title":"Procon Manaus e CMM firmam parceria para ampliar atendimento ao consumidor via sistema nacional","og_description":"A Prefeitura de Manaus, por meio do Servi\u00e7o de Atendimento e Prote\u00e7\u00e3o ao Consumidor (Procon Manaus), assinou, nesta ter\u00e7a-feira, 8\/7, um Termo de Coopera\u00e7\u00e3o T\u00e9cnica com a C\u00e2mara Municipal de Manaus (CMM), com o objetivo de integrar a Comiss\u00e3o Permanente de Defesa do Consumidor ao sistema ProConsumidor \u2013 plataforma oficial utilizada nacionalmente pelos \u00f3rg\u00e3os de defesa do consumidor.","og_url":"https:\/\/www.manaus.am.gov.br\/semcom\/parceria-para-ampliar-atendimento-ao-consumidor\/","og_site_name":"SEMCOM","article_published_time":"2025-07-08T20:18:04+00:00","article_modified_time":"2025-07-08T20:18:06+00:00","og_image":[{"width":799,"height":533,"url":"https:\/\/www.manaus.am.gov.br\/semcom\/wp-content\/uploads\/sites\/5\/2025\/07\/Procon-Manaus-e-CMM-firmam-parceria-para-ampliar-atendimento-ao-consumidor-via-sistema-nacional.jpg","type":"image\/jpeg"}],"author":"bvalente","twitter_card":"summary_large_image","twitter_misc":{"Written by":"bvalente","Est. reading time":"3 minutos"},"schema":{"@context":"https:\/\/schema.org","@graph":[{"@type":"WebPage","@id":"https:\/\/www.manaus.am.gov.br\/semcom\/parceria-para-ampliar-atendimento-ao-consumidor\/","url":"https:\/\/www.manaus.am.gov.br\/semcom\/parceria-para-ampliar-atendimento-ao-consumidor\/","name":"Procon Manaus e CMM firmam parceria para ampliar atendimento ao consumidor via sistema nacional","isPartOf":{"@id":"https:\/\/www.manaus.am.gov.br\/semcom\/#website"},"primaryImageOfPage":{"@id":"https:\/\/www.manaus.am.gov.br\/semcom\/parceria-para-ampliar-atendimento-ao-consumidor\/#primaryimage"},"image":{"@id":"https:\/\/www.manaus.am.gov.br\/semcom\/parceria-para-ampliar-atendimento-ao-consumidor\/#primaryimage"},"thumbnailUrl":"https:\/\/www.manaus.am.gov.br\/semcom\/wp-content\/uploads\/sites\/5\/2025\/07\/Procon-Manaus-e-CMM-firmam-parceria-para-ampliar-atendimento-ao-consumidor-via-sistema-nacional.jpg","datePublished":"2025-07-08T20:18:04+00:00","dateModified":"2025-07-08T20:18:06+00:00","author":{"@id":"https:\/\/www.manaus.am.gov.br\/semcom\/#\/schema\/person\/466a0e03ae4b6062809046bd560ac955"},"description":"A Prefeitura de Manaus, por meio do Servi\u00e7o de Atendimento e Prote\u00e7\u00e3o ao Consumidor (Procon Manaus), assinou, nesta ter\u00e7a-feira, 8\/7, um Termo de Coopera\u00e7\u00e3o T\u00e9cnica com a C\u00e2mara Municipal de Manaus (CMM), com o objetivo de integrar a Comiss\u00e3o Permanente de Defesa do Consumidor ao sistema ProConsumidor \u2013 plataforma oficial utilizada nacionalmente pelos \u00f3rg\u00e3os de defesa do consumidor.","inLanguage":"pt-BR","potentialAction":[{"@type":"ReadAction","target":["https:\/\/www.manaus.am.gov.br\/semcom\/parceria-para-ampliar-atendimento-ao-consumidor\/"]}]},{"@type":"ImageObject","inLanguage":"pt-BR","@id":"https:\/\/www.manaus.am.gov.br\/semcom\/parceria-para-ampliar-atendimento-ao-consumidor\/#primaryimage","url":"https:\/\/www.manaus.am.gov.br\/semcom\/wp-content\/uploads\/sites\/5\/2025\/07\/Procon-Manaus-e-CMM-firmam-parceria-para-ampliar-atendimento-ao-consumidor-via-sistema-nacional.jpg","contentUrl":"https:\/\/www.manaus.am.gov.br\/semcom\/wp-content\/uploads\/sites\/5\/2025\/07\/Procon-Manaus-e-CMM-firmam-parceria-para-ampliar-atendimento-ao-consumidor-via-sistema-nacional.jpg","width":799,"height":533},{"@type":"WebSite","@id":"https:\/\/www.manaus.am.gov.br\/semcom\/#website","url":"https:\/\/www.manaus.am.gov.br\/semcom\/","name":"SEMCOM","description":"Secretaria Municipal de Comunica\u00e7\u00e3o","potentialAction":[{"@type":"SearchAction","target":{"@type":"EntryPoint","urlTemplate":"https:\/\/www.manaus.am.gov.br\/semcom\/?s={search_term_string}"},"query-input":"required name=search_term_string"}],"inLanguage":"pt-BR"},{"@type":"Person","@id":"https:\/\/www.manaus.am.gov.br\/semcom\/#\/schema\/person\/466a0e03ae4b6062809046bd560ac955","name":"bvalente","image":{"@type":"ImageObject","inLanguage":"pt-BR","@id":"https:\/\/www.manaus.am.gov.br\/semcom\/#\/schema\/person\/image\/","url":"https:\/\/secure.gravatar.com\/avatar\/3e69bc2b014bdad41adfec3a39de07d2?s=96&d=mm&r=g","contentUrl":"https:\/\/secure.gravatar.com\/avatar\/3e69bc2b014bdad41adfec3a39de07d2?s=96&d=mm&r=g","caption":"bvalente"}}]}},"_links":{"self":[{"href":"https:\/\/www.manaus.am.gov.br\/semcom\/wp-json\/wp\/v2\/posts\/241751"}],"collection":[{"href":"https:\/\/www.manaus.am.gov.br\/semcom\/wp-json\/wp\/v2\/posts"}],"about":[{"href":"https:\/\/www.manaus.am.gov.br\/semcom\/wp-json\/wp\/v2\/types\/post"}],"author":[{"embeddable":true,"href":"https:\/\/www.manaus.am.gov.br\/semcom\/wp-json\/wp\/v2\/users\/68"}],"replies":[{"embeddable":true,"href":"https:\/\/www.manaus.am.gov.br\/semcom\/wp-json\/wp\/v2\/comments?post=241751"}],"version-history":[{"count":0,"href":"https:\/\/www.manaus.am.gov.br\/semcom\/wp-json\/wp\/v2\/posts\/241751\/revisions"}],"wp:featuredmedia":[{"embeddable":true,"href":"https:\/\/www.manaus.am.gov.br\/semcom\/wp-json\/wp\/v2\/media\/241752"}],"wp:attachment":[{"href":"https:\/\/www.manaus.am.gov.br\/semcom\/wp-json\/wp\/v2\/media?parent=241751"}],"wp:term":[{"taxonomy":"category","embeddable":true,"href":"https:\/\/www.manaus.am.gov.br\/semcom\/wp-json\/wp\/v2\/categories?post=241751"},{"taxonomy":"post_tag","embeddable":true,"href":"https:\/\/www.manaus.am.gov.br\/semcom\/wp-json\/wp\/v2\/tags?post=241751"}],"curies":[{"name":"wp","href":"https:\/\/api.w.org\/{rel}","templated":true}]}}