{"id":241745,"date":"2025-07-08T14:42:26","date_gmt":"2025-07-08T18:42:26","guid":{"rendered":"https:\/\/www.manaus.am.gov.br\/semcom\/lancamento-campanha-de-prevencao-as-queimadas\/"},"modified":"2025-07-08T14:42:26","modified_gmt":"2025-07-08T18:42:26","slug":"lancamento-campanha-de-prevencao-as-queimadas","status":"publish","type":"post","link":"https:\/\/www.manaus.am.gov.br\/semcom\/lancamento-campanha-de-prevencao-as-queimadas\/","title":{"rendered":"Prefeito David Almeida lan\u00e7a nova \u2018Campanha de Preven\u00e7\u00e3o \u00e0s Queimadas\u2019 e coloca Manaus como refer\u00eancia nacional na preven\u00e7\u00e3o ambiental"},"content":{"rendered":"\n<p>Com a chegada do ver\u00e3o amaz\u00f4nico, o prefeito de Manaus, David Almeida, lan\u00e7ou, nesta ter\u00e7a-feira, 8\/7, no Parque Municipal do Mindu, a nova \u201cCampanha de Preven\u00e7\u00e3o \u00e0s Queimadas\u201d, refor\u00e7ando o protagonismo da capital no enfrentamento dos inc\u00eandios ambientais. A a\u00e7\u00e3o re\u00fane um comit\u00ea com dez secretarias municipais e marca o in\u00edcio de uma for\u00e7a-tarefa para reduzir os focos de queimada e os impactos da fuma\u00e7a na sa\u00fade da popula\u00e7\u00e3o.<\/p>\n\n\n\n<p>\u201cA nossa inten\u00e7\u00e3o \u00e9 fazer o nosso dever de casa como munic\u00edpio. Se Manaus fizer a sua parte, abrimos espa\u00e7o para que o governo do Estado atue com mais for\u00e7a nos outros 61 munic\u00edpios do Amazonas. N\u00f3s temos estrutura e estamos prontos para contribuir com a\u00e7\u00f5es concretas, inclusive com uso de tecnologia in\u00e9dita\u201d, destacou o prefeito David Almeida.<\/p>\n\n\n\n<p>Uma das principais inova\u00e7\u00f5es da campanha \u00e9 o uso dos drones DJI Matrice 4T e DJI Matrice 30T, que colocam a Prefeitura de Manaus como a primeira institui\u00e7\u00e3o p\u00fablica do Brasil a operar esse tipo de equipamento em a\u00e7\u00f5es ambientais. Os drones contam com c\u00e2meras com zoom de at\u00e9 112 vezes, sensores t\u00e9rmicos e infravermelho, al\u00e9m de laser de medi\u00e7\u00e3o e sobreposi\u00e7\u00e3o de imagens georreferenciadas, recursos que permitem o mapeamento preciso de \u00e1reas degradadas e o monitoramento de focos de calor em tempo real.<\/p>\n\n\n\n<p>Segundo o titular da Secretaria Municipal de Meio Ambiente, Sustentabilidade e Mudan\u00e7a do Clima (Semmasclima), Fransu\u00e1 Matos, a palavra-chave da campanha \u00e9 preven\u00e7\u00e3o e a integra\u00e7\u00e3o das secretarias sob lideran\u00e7a direta do prefeito \u00e9 o que permitir\u00e1 resultados ainda mais expressivos neste ano.<\/p>\n\n\n\n<p>\u201cManaus sofre todos os anos com as consequ\u00eancias das queimadas, mesmo sendo respons\u00e1vel por menos de 1% dos focos no Estado. Por isso, o prefeito David Almeida determinou que un\u00edssemos for\u00e7as. Hoje temos monitoramento eletr\u00f4nico, drones de alta precis\u00e3o com sensores t\u00e9rmicos, atua\u00e7\u00e3o da Guarda Ambiental e trabalho de campo junto ao pequeno agricultor. Estamos preparados para agir com rapidez e intelig\u00eancia. Essa integra\u00e7\u00e3o entre tecnologia, educa\u00e7\u00e3o e fiscaliza\u00e7\u00e3o ser\u00e1 decisiva\u201d, afirmou Fransu\u00e1.<\/p>\n\n\n\n<p>A campanha deste ano est\u00e1 estruturada em tr\u00eas pilares estrat\u00e9gicos: preven\u00e7\u00e3o, educa\u00e7\u00e3o e monitoramento. Al\u00e9m do aparato tecnol\u00f3gico, as a\u00e7\u00f5es incluem blitze educativas em \u00e1reas de transi\u00e7\u00e3o urbana e rural, atua\u00e7\u00e3o direta da Guarda Ambiental, campanhas de conscientiza\u00e7\u00e3o com produtores e visitas a escolas municipais, alcan\u00e7ando mais de 250 mil alunos da rede p\u00fablica com projetos como \u201cProtetores do Amanh\u00e3\u201d e a \u201cOca do Conhecimento\u201d.<\/p>\n\n\n\n<p>O subsecret\u00e1rio&nbsp;da Secretaria Municipal de Educa\u00e7\u00e3o (Semed), professor Dalmir Salazar, destacou a import\u00e2ncia da mobiliza\u00e7\u00e3o da comunidade escolar nesse processo. \u201cEstamos fortalecendo a consci\u00eancia ambiental dos nossos alunos, que ser\u00e3o os agentes de transforma\u00e7\u00e3o dessa realidade. Manaus ser\u00e1 refer\u00eancia nacional no combate \u00e0s queimadas a partir da educa\u00e7\u00e3o\u201d, afirmou.<\/p>\n\n\n\n<p>Nos \u00faltimos quatro anos, a prefeitura intensificou o suporte ao produtor rural para estimular pr\u00e1ticas sustent\u00e1veis e evitar o uso do fogo. Foram distribu\u00eddas mais de 280 mil mudas frut\u00edferas, uma tonelada de sementes, 60 toneladas de calc\u00e1rio, 40 toneladas de adubo e 10 toneladas de composto org\u00e2nico, al\u00e9m da limpeza de 40 hectares de \u00e1reas e 20 hectares mecanizados para produ\u00e7\u00e3o agr\u00edcola.<\/p>\n\n\n\n<p>Em 2023, Manaus respondeu por apenas 1,8% das queimadas registradas no Amazonas. Em 2024, esse \u00edndice caiu para menos de 1%, resultado direto das a\u00e7\u00f5es coordenadas da gest\u00e3o. Ainda assim, a cidade segue sendo afetada pela fuma\u00e7a vinda de outras regi\u00f5es, o que refor\u00e7a a import\u00e2ncia do protagonismo da capital.<\/p>\n\n\n\n<p>\u201cEstamos vivendo um novo normal, que exige adapta\u00e7\u00e3o e a\u00e7\u00e3o. Manaus j\u00e1 provou que pode fazer a sua parte, e continuar\u00e1 fazendo. Nossa meta \u00e9 proteger o nosso povo e contribuir para que o Amazonas inteiro possa respirar melhor\u201d, concluiu o chefe do Executivo municipal, David Almeida.<\/p>\n\n\n\n<figure class=\"wp-block-image size-large\"><img loading=\"lazy\" decoding=\"async\" width=\"1024\" height=\"682\" src=\"https:\/\/www.manaus.am.gov.br\/semcom\/wp-content\/uploads\/sites\/5\/2025\/07\/WhatsApp-Image-2025-07-08-at-12.49.40-1-1024x682.jpeg\" alt=\"\" class=\"wp-image-241746\" srcset=\"https:\/\/www.manaus.am.gov.br\/semcom\/wp-content\/uploads\/sites\/5\/2025\/07\/WhatsApp-Image-2025-07-08-at-12.49.40-1-1024x682.jpeg 1024w, https:\/\/www.manaus.am.gov.br\/semcom\/wp-content\/uploads\/sites\/5\/2025\/07\/WhatsApp-Image-2025-07-08-at-12.49.40-1-300x200.jpeg 300w, https:\/\/www.manaus.am.gov.br\/semcom\/wp-content\/uploads\/sites\/5\/2025\/07\/WhatsApp-Image-2025-07-08-at-12.49.40-1-768x512.jpeg 768w, https:\/\/www.manaus.am.gov.br\/semcom\/wp-content\/uploads\/sites\/5\/2025\/07\/WhatsApp-Image-2025-07-08-at-12.49.40-1-1536x1023.jpeg 1536w, https:\/\/www.manaus.am.gov.br\/semcom\/wp-content\/uploads\/sites\/5\/2025\/07\/WhatsApp-Image-2025-07-08-at-12.49.40-1.jpeg 1600w\" sizes=\"(max-width: 1024px) 100vw, 1024px\" \/><\/figure>\n\n\n\n<p>&#8212; &#8212; &#8212;<\/p>\n\n\n\n<p><strong>Texto &#8211;<\/strong>&nbsp;Emanuelle Baires\/Semcom-Prefeito<\/p>\n\n\n\n<p><strong>Fotos <\/strong>&#8211; Ant\u00f4nio Pereira\/Semcom-Prefeito e Cl\u00f3vis Miranda\/Semcom<\/p>\n\n\n\n<p><strong>Dispon\u00edveis em &#8211; <\/strong><a href=\"https:\/\/flic.kr\/s\/aHBqjCkKCz\">https:\/\/flic.kr\/s\/aHBqjCkKCz<\/a><\/p>\n","protected":false},"excerpt":{"rendered":"","protected":false},"author":39,"featured_media":241747,"comment_status":"closed","ping_status":"closed","sticky":false,"template":"","format":"standard","meta":{"footnotes":""},"categories":[134],"tags":[15643,35,77,4575,14470],"acf":[],"yoast_head":"<!-- This site is optimized with the Yoast SEO plugin v23.0 - https:\/\/yoast.com\/wordpress\/plugins\/seo\/ -->\n<title>Prefeito lan\u00e7a nova \u2018Campanha de Preven\u00e7\u00e3o \u00e0s Queimadas\u2019<\/title>\n<meta name=\"description\" content=\"Prefeito David Almeida lan\u00e7a nova \u2018Campanha de Preven\u00e7\u00e3o \u00e0s Queimadas\u2019 e coloca Manaus como refer\u00eancia nacional na preven\u00e7\u00e3o ambiental.\" \/>\n<meta name=\"robots\" content=\"index, follow, max-snippet:-1, max-image-preview:large, max-video-preview:-1\" \/>\n<link rel=\"canonical\" href=\"https:\/\/www.manaus.am.gov.br\/semcom\/lancamento-campanha-de-prevencao-as-queimadas\/\" \/>\n<meta property=\"og:locale\" content=\"pt_BR\" \/>\n<meta property=\"og:type\" content=\"article\" \/>\n<meta property=\"og:title\" content=\"Prefeito lan\u00e7a nova \u2018Campanha de Preven\u00e7\u00e3o \u00e0s Queimadas\u2019\" \/>\n<meta property=\"og:description\" content=\"Prefeito David Almeida lan\u00e7a nova \u2018Campanha de Preven\u00e7\u00e3o \u00e0s Queimadas\u2019 e coloca Manaus como refer\u00eancia nacional na preven\u00e7\u00e3o ambiental.\" \/>\n<meta property=\"og:url\" content=\"https:\/\/www.manaus.am.gov.br\/semcom\/lancamento-campanha-de-prevencao-as-queimadas\/\" \/>\n<meta property=\"og:site_name\" content=\"SEMCOM\" \/>\n<meta property=\"article:published_time\" content=\"2025-07-08T18:42:26+00:00\" \/>\n<meta property=\"og:image\" content=\"https:\/\/www.manaus.am.gov.br\/semcom\/wp-content\/uploads\/sites\/5\/2025\/07\/WhatsApp-Image-2025-07-08-at-12.49.40.jpeg\" \/>\n\t<meta property=\"og:image:width\" content=\"1600\" \/>\n\t<meta property=\"og:image:height\" content=\"1066\" \/>\n\t<meta property=\"og:image:type\" content=\"image\/jpeg\" \/>\n<meta name=\"author\" content=\"Bruna Greco\" \/>\n<meta name=\"twitter:card\" content=\"summary_large_image\" \/>\n<meta name=\"twitter:label1\" content=\"Written by\" \/>\n\t<meta name=\"twitter:data1\" content=\"Bruna Greco\" \/>\n\t<meta name=\"twitter:label2\" content=\"Est. reading time\" \/>\n\t<meta name=\"twitter:data2\" content=\"4 minutos\" \/>\n<script type=\"application\/ld+json\" class=\"yoast-schema-graph\">{\"@context\":\"https:\/\/schema.org\",\"@graph\":[{\"@type\":\"WebPage\",\"@id\":\"https:\/\/www.manaus.am.gov.br\/semcom\/lancamento-campanha-de-prevencao-as-queimadas\/\",\"url\":\"https:\/\/www.manaus.am.gov.br\/semcom\/lancamento-campanha-de-prevencao-as-queimadas\/\",\"name\":\"Prefeito lan\u00e7a nova \u2018Campanha de Preven\u00e7\u00e3o \u00e0s Queimadas\u2019\",\"isPartOf\":{\"@id\":\"https:\/\/www.manaus.am.gov.br\/semcom\/#website\"},\"primaryImageOfPage\":{\"@id\":\"https:\/\/www.manaus.am.gov.br\/semcom\/lancamento-campanha-de-prevencao-as-queimadas\/#primaryimage\"},\"image\":{\"@id\":\"https:\/\/www.manaus.am.gov.br\/semcom\/lancamento-campanha-de-prevencao-as-queimadas\/#primaryimage\"},\"thumbnailUrl\":\"https:\/\/www.manaus.am.gov.br\/semcom\/wp-content\/uploads\/sites\/5\/2025\/07\/WhatsApp-Image-2025-07-08-at-12.49.40.jpeg\",\"datePublished\":\"2025-07-08T18:42:26+00:00\",\"dateModified\":\"2025-07-08T18:42:26+00:00\",\"author\":{\"@id\":\"https:\/\/www.manaus.am.gov.br\/semcom\/#\/schema\/person\/05d223aea2bf115f9883a6ff3683d81b\"},\"description\":\"Prefeito David Almeida lan\u00e7a nova \u2018Campanha de Preven\u00e7\u00e3o \u00e0s Queimadas\u2019 e coloca Manaus como refer\u00eancia nacional na preven\u00e7\u00e3o ambiental.\",\"inLanguage\":\"pt-BR\",\"potentialAction\":[{\"@type\":\"ReadAction\",\"target\":[\"https:\/\/www.manaus.am.gov.br\/semcom\/lancamento-campanha-de-prevencao-as-queimadas\/\"]}]},{\"@type\":\"ImageObject\",\"inLanguage\":\"pt-BR\",\"@id\":\"https:\/\/www.manaus.am.gov.br\/semcom\/lancamento-campanha-de-prevencao-as-queimadas\/#primaryimage\",\"url\":\"https:\/\/www.manaus.am.gov.br\/semcom\/wp-content\/uploads\/sites\/5\/2025\/07\/WhatsApp-Image-2025-07-08-at-12.49.40.jpeg\",\"contentUrl\":\"https:\/\/www.manaus.am.gov.br\/semcom\/wp-content\/uploads\/sites\/5\/2025\/07\/WhatsApp-Image-2025-07-08-at-12.49.40.jpeg\",\"width\":1600,\"height\":1066,\"caption\":\"#paratodosverem - Prefeito de Manaus, David Almeida, discursando durante o lan\u00e7amento da nova \u201cCampanha de Preven\u00e7\u00e3o \u00e0s Queimadas\u201d, no Parque Municipal do Mindu\"},{\"@type\":\"WebSite\",\"@id\":\"https:\/\/www.manaus.am.gov.br\/semcom\/#website\",\"url\":\"https:\/\/www.manaus.am.gov.br\/semcom\/\",\"name\":\"SEMCOM\",\"description\":\"Secretaria Municipal de Comunica\u00e7\u00e3o\",\"potentialAction\":[{\"@type\":\"SearchAction\",\"target\":{\"@type\":\"EntryPoint\",\"urlTemplate\":\"https:\/\/www.manaus.am.gov.br\/semcom\/?s={search_term_string}\"},\"query-input\":\"required name=search_term_string\"}],\"inLanguage\":\"pt-BR\"},{\"@type\":\"Person\",\"@id\":\"https:\/\/www.manaus.am.gov.br\/semcom\/#\/schema\/person\/05d223aea2bf115f9883a6ff3683d81b\",\"name\":\"Bruna Greco\",\"image\":{\"@type\":\"ImageObject\",\"inLanguage\":\"pt-BR\",\"@id\":\"https:\/\/www.manaus.am.gov.br\/semcom\/#\/schema\/person\/image\/\",\"url\":\"https:\/\/secure.gravatar.com\/avatar\/9c877d1a6adc2a055330e5c09a8653ce?s=96&d=mm&r=g\",\"contentUrl\":\"https:\/\/secure.gravatar.com\/avatar\/9c877d1a6adc2a055330e5c09a8653ce?s=96&d=mm&r=g\",\"caption\":\"Bruna Greco\"}}]}<\/script>\n<!-- \/ Yoast SEO plugin. -->","yoast_head_json":{"title":"Prefeito lan\u00e7a nova \u2018Campanha de Preven\u00e7\u00e3o \u00e0s Queimadas\u2019","description":"Prefeito David Almeida lan\u00e7a nova \u2018Campanha de Preven\u00e7\u00e3o \u00e0s Queimadas\u2019 e coloca Manaus como refer\u00eancia nacional na preven\u00e7\u00e3o ambiental.","robots":{"index":"index","follow":"follow","max-snippet":"max-snippet:-1","max-image-preview":"max-image-preview:large","max-video-preview":"max-video-preview:-1"},"canonical":"https:\/\/www.manaus.am.gov.br\/semcom\/lancamento-campanha-de-prevencao-as-queimadas\/","og_locale":"pt_BR","og_type":"article","og_title":"Prefeito lan\u00e7a nova \u2018Campanha de Preven\u00e7\u00e3o \u00e0s Queimadas\u2019","og_description":"Prefeito David Almeida lan\u00e7a nova \u2018Campanha de Preven\u00e7\u00e3o \u00e0s Queimadas\u2019 e coloca Manaus como refer\u00eancia nacional na preven\u00e7\u00e3o ambiental.","og_url":"https:\/\/www.manaus.am.gov.br\/semcom\/lancamento-campanha-de-prevencao-as-queimadas\/","og_site_name":"SEMCOM","article_published_time":"2025-07-08T18:42:26+00:00","og_image":[{"width":1600,"height":1066,"url":"https:\/\/www.manaus.am.gov.br\/semcom\/wp-content\/uploads\/sites\/5\/2025\/07\/WhatsApp-Image-2025-07-08-at-12.49.40.jpeg","type":"image\/jpeg"}],"author":"Bruna Greco","twitter_card":"summary_large_image","twitter_misc":{"Written by":"Bruna Greco","Est. reading time":"4 minutos"},"schema":{"@context":"https:\/\/schema.org","@graph":[{"@type":"WebPage","@id":"https:\/\/www.manaus.am.gov.br\/semcom\/lancamento-campanha-de-prevencao-as-queimadas\/","url":"https:\/\/www.manaus.am.gov.br\/semcom\/lancamento-campanha-de-prevencao-as-queimadas\/","name":"Prefeito lan\u00e7a nova \u2018Campanha de Preven\u00e7\u00e3o \u00e0s Queimadas\u2019","isPartOf":{"@id":"https:\/\/www.manaus.am.gov.br\/semcom\/#website"},"primaryImageOfPage":{"@id":"https:\/\/www.manaus.am.gov.br\/semcom\/lancamento-campanha-de-prevencao-as-queimadas\/#primaryimage"},"image":{"@id":"https:\/\/www.manaus.am.gov.br\/semcom\/lancamento-campanha-de-prevencao-as-queimadas\/#primaryimage"},"thumbnailUrl":"https:\/\/www.manaus.am.gov.br\/semcom\/wp-content\/uploads\/sites\/5\/2025\/07\/WhatsApp-Image-2025-07-08-at-12.49.40.jpeg","datePublished":"2025-07-08T18:42:26+00:00","dateModified":"2025-07-08T18:42:26+00:00","author":{"@id":"https:\/\/www.manaus.am.gov.br\/semcom\/#\/schema\/person\/05d223aea2bf115f9883a6ff3683d81b"},"description":"Prefeito David Almeida lan\u00e7a nova \u2018Campanha de Preven\u00e7\u00e3o \u00e0s Queimadas\u2019 e coloca Manaus como refer\u00eancia nacional na preven\u00e7\u00e3o ambiental.","inLanguage":"pt-BR","potentialAction":[{"@type":"ReadAction","target":["https:\/\/www.manaus.am.gov.br\/semcom\/lancamento-campanha-de-prevencao-as-queimadas\/"]}]},{"@type":"ImageObject","inLanguage":"pt-BR","@id":"https:\/\/www.manaus.am.gov.br\/semcom\/lancamento-campanha-de-prevencao-as-queimadas\/#primaryimage","url":"https:\/\/www.manaus.am.gov.br\/semcom\/wp-content\/uploads\/sites\/5\/2025\/07\/WhatsApp-Image-2025-07-08-at-12.49.40.jpeg","contentUrl":"https:\/\/www.manaus.am.gov.br\/semcom\/wp-content\/uploads\/sites\/5\/2025\/07\/WhatsApp-Image-2025-07-08-at-12.49.40.jpeg","width":1600,"height":1066,"caption":"#paratodosverem - Prefeito de Manaus, David Almeida, discursando durante o lan\u00e7amento da nova \u201cCampanha de Preven\u00e7\u00e3o \u00e0s Queimadas\u201d, no Parque Municipal do Mindu"},{"@type":"WebSite","@id":"https:\/\/www.manaus.am.gov.br\/semcom\/#website","url":"https:\/\/www.manaus.am.gov.br\/semcom\/","name":"SEMCOM","description":"Secretaria Municipal de Comunica\u00e7\u00e3o","potentialAction":[{"@type":"SearchAction","target":{"@type":"EntryPoint","urlTemplate":"https:\/\/www.manaus.am.gov.br\/semcom\/?s={search_term_string}"},"query-input":"required name=search_term_string"}],"inLanguage":"pt-BR"},{"@type":"Person","@id":"https:\/\/www.manaus.am.gov.br\/semcom\/#\/schema\/person\/05d223aea2bf115f9883a6ff3683d81b","name":"Bruna Greco","image":{"@type":"ImageObject","inLanguage":"pt-BR","@id":"https:\/\/www.manaus.am.gov.br\/semcom\/#\/schema\/person\/image\/","url":"https:\/\/secure.gravatar.com\/avatar\/9c877d1a6adc2a055330e5c09a8653ce?s=96&d=mm&r=g","contentUrl":"https:\/\/secure.gravatar.com\/avatar\/9c877d1a6adc2a055330e5c09a8653ce?s=96&d=mm&r=g","caption":"Bruna Greco"}}]}},"_links":{"self":[{"href":"https:\/\/www.manaus.am.gov.br\/semcom\/wp-json\/wp\/v2\/posts\/241745"}],"collection":[{"href":"https:\/\/www.manaus.am.gov.br\/semcom\/wp-json\/wp\/v2\/posts"}],"about":[{"href":"https:\/\/www.manaus.am.gov.br\/semcom\/wp-json\/wp\/v2\/types\/post"}],"author":[{"embeddable":true,"href":"https:\/\/www.manaus.am.gov.br\/semcom\/wp-json\/wp\/v2\/users\/39"}],"replies":[{"embeddable":true,"href":"https:\/\/www.manaus.am.gov.br\/semcom\/wp-json\/wp\/v2\/comments?post=241745"}],"version-history":[{"count":1,"href":"https:\/\/www.manaus.am.gov.br\/semcom\/wp-json\/wp\/v2\/posts\/241745\/revisions"}],"predecessor-version":[{"id":241748,"href":"https:\/\/www.manaus.am.gov.br\/semcom\/wp-json\/wp\/v2\/posts\/241745\/revisions\/241748"}],"wp:featuredmedia":[{"embeddable":true,"href":"https:\/\/www.manaus.am.gov.br\/semcom\/wp-json\/wp\/v2\/media\/241747"}],"wp:attachment":[{"href":"https:\/\/www.manaus.am.gov.br\/semcom\/wp-json\/wp\/v2\/media?parent=241745"}],"wp:term":[{"taxonomy":"category","embeddable":true,"href":"https:\/\/www.manaus.am.gov.br\/semcom\/wp-json\/wp\/v2\/categories?post=241745"},{"taxonomy":"post_tag","embeddable":true,"href":"https:\/\/www.manaus.am.gov.br\/semcom\/wp-json\/wp\/v2\/tags?post=241745"}],"curies":[{"name":"wp","href":"https:\/\/api.w.org\/{rel}","templated":true}]}}