{"id":241479,"date":"2025-07-03T13:15:32","date_gmt":"2025-07-03T16:15:32","guid":{"rendered":"https:\/\/www.manaus.am.gov.br\/semcom\/parceria-banco-mundial\/"},"modified":"2025-07-03T13:15:33","modified_gmt":"2025-07-03T16:15:33","slug":"parceria-banco-mundial","status":"publish","type":"post","link":"https:\/\/www.manaus.am.gov.br\/semcom\/parceria-banco-mundial\/","title":{"rendered":"Prefeitura efetua parceria com Banco Mundial para promover sa\u00fade fiscal e fomento sustent\u00e1vel do munic\u00edpio"},"content":{"rendered":"\n<p>Maior metr\u00f3pole da Amaz\u00f4nia, Manaus est\u00e1 atuando em diferentes linhas de frente para promover e ampliar cada vez mais a sustentabilidade. Reflexo direto desta a\u00e7\u00e3o, a Prefeitura de Manaus, em parceria com o Banco Mundial e International Finance Corporation (IFC), est\u00e1 dando andamento a uma opera\u00e7\u00e3o que busca atrair investimentos no montante de US$ 500 milh\u00f5es para capital, at\u00e9 2028, em setores como a bioeconomia, o mercado de carbono e a infraestrutura sustent\u00e1vel.<\/p>\n\n\n\n<p>A parceria com o banco possibilita, assim, a&nbsp;reestrutura\u00e7\u00e3o&nbsp;de cerca de US$ 195 milh\u00f5es da d\u00edvida do munic\u00edpio.<\/p>\n\n\n\n<p>O prefeito de Manaus, David Almeida, ressaltou que o v\u00ednculo com a institui\u00e7\u00e3o financeira contribui tanto para a sa\u00fade fiscal do munic\u00edpio quanto para o desenvolvimento sustent\u00e1vel de Manaus, impactando, deste modo, quem vive e mora na cidade.<\/p>\n\n\n\n<p>&#8220;A opera\u00e7\u00e3o proposta pela prefeitura n\u00e3o aumentar\u00e1 a d\u00edvida do munic\u00edpio e proporcionar\u00e1 uma economia de R$ 100 milh\u00f5es no pagamento de juros. N\u00e3o se trata somente de um ajuste fiscal, mas tamb\u00e9m fazer com que a nossa cidade tenha um desenvolvimento ambiental promissor, cres\u00e7a de forma sustent\u00e1vel e atue na linha de frente da economia verde&#8221;, celebrou o prefeito.<\/p>\n\n\n\n<p>Na mesma linha, o controlador-geral do Munic\u00edpio, Alessandro Moreira, destacou que a parceria com o Banco Mundial possibilita atuar ainda mais&nbsp;no incentivo&nbsp;t\u00e9cnico e financeiro \u00e0s iniciativas, a\u00e7\u00f5es e projetos socioecon\u00f4micos ambientalmente sustent\u00e1veis e ecologicamente corretos dentro de Manaus.<\/p>\n\n\n\n<p>&#8220;Essa parceria vai fazer com que a prefeitura tenha mais recursos para investir e desenvolver a economia sustent\u00e1vel. Ou seja, uma cadeia de produ\u00e7\u00e3o que gere contribui\u00e7\u00e3o econ\u00f4mica, social e ambiental para Manaus, elevando a capacidade do munic\u00edpio gerar empregos, novos neg\u00f3cios e distribuir renda. A prioridade, com essa parceria, \u00e9 focar no empreendedorismo social e ambiental no munic\u00edpio&#8221;, apontou.<\/p>\n\n\n\n<p><strong>Foco Ambiental<\/strong><\/p>\n\n\n\n<p>Atenta e vigilante ao desenvolvimento sustent\u00e1vel, a Prefeitura de Manaus est\u00e1 dando andamento ao Plano de Adapta\u00e7\u00e3o \u00e0s Mudan\u00e7as Clim\u00e1ticas, com o invent\u00e1rio pr\u00f3prio de gases de efeito estufa (GEE). O objetivo, de acordo com Alessandro Moreira, \u00e9 se preparar para comercializa\u00e7\u00e3o de cr\u00e9ditos de carbono urbanos em \u00e2mbito nacional e internacional.<\/p>\n\n\n\n<p>O advento da Lei n. 15.042, de 11 de dezembro de 2024, que criou o Sistema Brasileiro de Com\u00e9rcio de Emiss\u00f5es de Gases de Efeito Estufa (SBCE), possibilita a venda de cr\u00e9ditos de carbono decorrentes de iniciativas que reduzam a emiss\u00e3o de GEE em Manaus.<\/p>\n\n\n\n<p>\u201cA comercializa\u00e7\u00e3o de cr\u00e9ditos de carbono \u00e9 um grande incentivo \u00e0s a\u00e7\u00f5es de adapta\u00e7\u00e3o e mitiga\u00e7\u00e3o dos efeitos decorrentes das mudan\u00e7as clim\u00e1ticas, minimizando o impacto do aquecimento global do planeta e proporcionando recursos financeiros para investimentos em infraestrutura social, preserva\u00e7\u00e3o e restaura\u00e7\u00e3o dos ecossistemas naturais\u201d, completou o controlador-geral do Munic\u00edpio.<\/p>\n\n\n\n<p><strong>Banco Mundial<\/strong><\/p>\n\n\n\n<p>Institui\u00e7\u00e3o financeira internacional, com atua\u00e7\u00e3o em mais de 170 pa\u00edses, o Banco Mundial \u00e9 o maior e mais influente banco de desenvolvimento do mundo. O Banco Mundial prioriza o financiamento de programas que visam reduzir a pobreza, promover o meio ambiente e combater desigualdades sociais e regionais. A institui\u00e7\u00e3o atua, no modelo de parcerias, disponibilizando recursos financeiros por meio de empr\u00e9stimos, financiamentos, renegocia\u00e7\u00f5es de d\u00edvidas, doa\u00e7\u00f5es, consultoria e assist\u00eancia t\u00e9cnica.<\/p>\n\n\n\n<p>&#8212; &#8212; &#8212;<\/p>\n\n\n\n<p><strong>Texto <\/strong>\u2013 Tiago Auzier \/ Semcom<\/p>\n\n\n\n<p><strong>Fotos<\/strong> \u2013 Arquivo \/ Semcom<\/p>\n","protected":false},"excerpt":{"rendered":"","protected":false},"author":25,"featured_media":241480,"comment_status":"closed","ping_status":"closed","sticky":false,"template":"","format":"standard","meta":{"footnotes":""},"categories":[57],"tags":[678,15565,35,15566],"acf":[],"yoast_head":"<!-- This site is optimized with the Yoast SEO plugin v23.0 - https:\/\/yoast.com\/wordpress\/plugins\/seo\/ -->\n<title>Prefeitura efetua parceria com Banco Mundial para promover sa\u00fade fiscal e fomento sustent\u00e1vel do munic\u00edpio<\/title>\n<meta name=\"description\" content=\"A Prefeitura de Manaus, em parceria com o Banco Mundial e International Finance Corporation (IFC), est\u00e1 dando andamento a uma opera\u00e7\u00e3o\" \/>\n<meta name=\"robots\" content=\"index, follow, max-snippet:-1, max-image-preview:large, max-video-preview:-1\" \/>\n<link rel=\"canonical\" href=\"https:\/\/www.manaus.am.gov.br\/semcom\/parceria-banco-mundial\/\" \/>\n<meta property=\"og:locale\" content=\"pt_BR\" \/>\n<meta property=\"og:type\" content=\"article\" \/>\n<meta property=\"og:title\" content=\"Prefeitura efetua parceria com Banco Mundial para promover sa\u00fade fiscal e fomento sustent\u00e1vel do munic\u00edpio\" \/>\n<meta property=\"og:description\" content=\"A Prefeitura de Manaus, em parceria com o Banco Mundial e International Finance Corporation (IFC), est\u00e1 dando andamento a uma opera\u00e7\u00e3o\" \/>\n<meta property=\"og:url\" content=\"https:\/\/www.manaus.am.gov.br\/semcom\/parceria-banco-mundial\/\" \/>\n<meta property=\"og:site_name\" content=\"SEMCOM\" \/>\n<meta property=\"article:published_time\" content=\"2025-07-03T16:15:32+00:00\" \/>\n<meta property=\"article:modified_time\" content=\"2025-07-03T16:15:33+00:00\" \/>\n<meta property=\"og:image\" content=\"https:\/\/www.manaus.am.gov.br\/semcom\/wp-content\/uploads\/sites\/5\/2025\/07\/54565945278_a100a6e937_c.jpg\" \/>\n\t<meta property=\"og:image:width\" content=\"800\" \/>\n\t<meta property=\"og:image:height\" content=\"572\" \/>\n\t<meta property=\"og:image:type\" content=\"image\/jpeg\" \/>\n<meta name=\"author\" content=\"Maur\u00edcio Freire\" \/>\n<meta name=\"twitter:card\" content=\"summary_large_image\" \/>\n<meta name=\"twitter:label1\" content=\"Written by\" \/>\n\t<meta name=\"twitter:data1\" content=\"Maur\u00edcio Freire\" \/>\n\t<meta name=\"twitter:label2\" content=\"Est. reading time\" \/>\n\t<meta name=\"twitter:data2\" content=\"4 minutos\" \/>\n<script type=\"application\/ld+json\" class=\"yoast-schema-graph\">{\"@context\":\"https:\/\/schema.org\",\"@graph\":[{\"@type\":\"WebPage\",\"@id\":\"https:\/\/www.manaus.am.gov.br\/semcom\/parceria-banco-mundial\/\",\"url\":\"https:\/\/www.manaus.am.gov.br\/semcom\/parceria-banco-mundial\/\",\"name\":\"Prefeitura efetua parceria com Banco Mundial para promover sa\u00fade fiscal e fomento sustent\u00e1vel do munic\u00edpio\",\"isPartOf\":{\"@id\":\"https:\/\/www.manaus.am.gov.br\/semcom\/#website\"},\"primaryImageOfPage\":{\"@id\":\"https:\/\/www.manaus.am.gov.br\/semcom\/parceria-banco-mundial\/#primaryimage\"},\"image\":{\"@id\":\"https:\/\/www.manaus.am.gov.br\/semcom\/parceria-banco-mundial\/#primaryimage\"},\"thumbnailUrl\":\"https:\/\/www.manaus.am.gov.br\/semcom\/wp-content\/uploads\/sites\/5\/2025\/07\/54565945278_a100a6e937_c.jpg\",\"datePublished\":\"2025-07-03T16:15:32+00:00\",\"dateModified\":\"2025-07-03T16:15:33+00:00\",\"author\":{\"@id\":\"https:\/\/www.manaus.am.gov.br\/semcom\/#\/schema\/person\/587989a23a463cde5618e6a028977a9a\"},\"description\":\"A Prefeitura de Manaus, em parceria com o Banco Mundial e International Finance Corporation (IFC), est\u00e1 dando andamento a uma opera\u00e7\u00e3o\",\"inLanguage\":\"pt-BR\",\"potentialAction\":[{\"@type\":\"ReadAction\",\"target\":[\"https:\/\/www.manaus.am.gov.br\/semcom\/parceria-banco-mundial\/\"]}]},{\"@type\":\"ImageObject\",\"inLanguage\":\"pt-BR\",\"@id\":\"https:\/\/www.manaus.am.gov.br\/semcom\/parceria-banco-mundial\/#primaryimage\",\"url\":\"https:\/\/www.manaus.am.gov.br\/semcom\/wp-content\/uploads\/sites\/5\/2025\/07\/54565945278_a100a6e937_c.jpg\",\"contentUrl\":\"https:\/\/www.manaus.am.gov.br\/semcom\/wp-content\/uploads\/sites\/5\/2025\/07\/54565945278_a100a6e937_c.jpg\",\"width\":800,\"height\":572,\"caption\":\"#paratodosverem prefeito David Almeida durante a\u00e7\u00e3o de plantio de \u00e1rvores\"},{\"@type\":\"WebSite\",\"@id\":\"https:\/\/www.manaus.am.gov.br\/semcom\/#website\",\"url\":\"https:\/\/www.manaus.am.gov.br\/semcom\/\",\"name\":\"SEMCOM\",\"description\":\"Secretaria Municipal de Comunica\u00e7\u00e3o\",\"potentialAction\":[{\"@type\":\"SearchAction\",\"target\":{\"@type\":\"EntryPoint\",\"urlTemplate\":\"https:\/\/www.manaus.am.gov.br\/semcom\/?s={search_term_string}\"},\"query-input\":\"required name=search_term_string\"}],\"inLanguage\":\"pt-BR\"},{\"@type\":\"Person\",\"@id\":\"https:\/\/www.manaus.am.gov.br\/semcom\/#\/schema\/person\/587989a23a463cde5618e6a028977a9a\",\"name\":\"Maur\u00edcio Freire\",\"image\":{\"@type\":\"ImageObject\",\"inLanguage\":\"pt-BR\",\"@id\":\"https:\/\/www.manaus.am.gov.br\/semcom\/#\/schema\/person\/image\/\",\"url\":\"https:\/\/secure.gravatar.com\/avatar\/dc1481799a1f75c733ac3b2634cd6749?s=96&d=mm&r=g\",\"contentUrl\":\"https:\/\/secure.gravatar.com\/avatar\/dc1481799a1f75c733ac3b2634cd6749?s=96&d=mm&r=g\",\"caption\":\"Maur\u00edcio Freire\"}}]}<\/script>\n<!-- \/ Yoast SEO plugin. -->","yoast_head_json":{"title":"Prefeitura efetua parceria com Banco Mundial para promover sa\u00fade fiscal e fomento sustent\u00e1vel do munic\u00edpio","description":"A Prefeitura de Manaus, em parceria com o Banco Mundial e International Finance Corporation (IFC), est\u00e1 dando andamento a uma opera\u00e7\u00e3o","robots":{"index":"index","follow":"follow","max-snippet":"max-snippet:-1","max-image-preview":"max-image-preview:large","max-video-preview":"max-video-preview:-1"},"canonical":"https:\/\/www.manaus.am.gov.br\/semcom\/parceria-banco-mundial\/","og_locale":"pt_BR","og_type":"article","og_title":"Prefeitura efetua parceria com Banco Mundial para promover sa\u00fade fiscal e fomento sustent\u00e1vel do munic\u00edpio","og_description":"A Prefeitura de Manaus, em parceria com o Banco Mundial e International Finance Corporation (IFC), est\u00e1 dando andamento a uma opera\u00e7\u00e3o","og_url":"https:\/\/www.manaus.am.gov.br\/semcom\/parceria-banco-mundial\/","og_site_name":"SEMCOM","article_published_time":"2025-07-03T16:15:32+00:00","article_modified_time":"2025-07-03T16:15:33+00:00","og_image":[{"width":800,"height":572,"url":"https:\/\/www.manaus.am.gov.br\/semcom\/wp-content\/uploads\/sites\/5\/2025\/07\/54565945278_a100a6e937_c.jpg","type":"image\/jpeg"}],"author":"Maur\u00edcio Freire","twitter_card":"summary_large_image","twitter_misc":{"Written by":"Maur\u00edcio Freire","Est. reading time":"4 minutos"},"schema":{"@context":"https:\/\/schema.org","@graph":[{"@type":"WebPage","@id":"https:\/\/www.manaus.am.gov.br\/semcom\/parceria-banco-mundial\/","url":"https:\/\/www.manaus.am.gov.br\/semcom\/parceria-banco-mundial\/","name":"Prefeitura efetua parceria com Banco Mundial para promover sa\u00fade fiscal e fomento sustent\u00e1vel do munic\u00edpio","isPartOf":{"@id":"https:\/\/www.manaus.am.gov.br\/semcom\/#website"},"primaryImageOfPage":{"@id":"https:\/\/www.manaus.am.gov.br\/semcom\/parceria-banco-mundial\/#primaryimage"},"image":{"@id":"https:\/\/www.manaus.am.gov.br\/semcom\/parceria-banco-mundial\/#primaryimage"},"thumbnailUrl":"https:\/\/www.manaus.am.gov.br\/semcom\/wp-content\/uploads\/sites\/5\/2025\/07\/54565945278_a100a6e937_c.jpg","datePublished":"2025-07-03T16:15:32+00:00","dateModified":"2025-07-03T16:15:33+00:00","author":{"@id":"https:\/\/www.manaus.am.gov.br\/semcom\/#\/schema\/person\/587989a23a463cde5618e6a028977a9a"},"description":"A Prefeitura de Manaus, em parceria com o Banco Mundial e International Finance Corporation (IFC), est\u00e1 dando andamento a uma opera\u00e7\u00e3o","inLanguage":"pt-BR","potentialAction":[{"@type":"ReadAction","target":["https:\/\/www.manaus.am.gov.br\/semcom\/parceria-banco-mundial\/"]}]},{"@type":"ImageObject","inLanguage":"pt-BR","@id":"https:\/\/www.manaus.am.gov.br\/semcom\/parceria-banco-mundial\/#primaryimage","url":"https:\/\/www.manaus.am.gov.br\/semcom\/wp-content\/uploads\/sites\/5\/2025\/07\/54565945278_a100a6e937_c.jpg","contentUrl":"https:\/\/www.manaus.am.gov.br\/semcom\/wp-content\/uploads\/sites\/5\/2025\/07\/54565945278_a100a6e937_c.jpg","width":800,"height":572,"caption":"#paratodosverem prefeito David Almeida durante a\u00e7\u00e3o de plantio de \u00e1rvores"},{"@type":"WebSite","@id":"https:\/\/www.manaus.am.gov.br\/semcom\/#website","url":"https:\/\/www.manaus.am.gov.br\/semcom\/","name":"SEMCOM","description":"Secretaria Municipal de Comunica\u00e7\u00e3o","potentialAction":[{"@type":"SearchAction","target":{"@type":"EntryPoint","urlTemplate":"https:\/\/www.manaus.am.gov.br\/semcom\/?s={search_term_string}"},"query-input":"required name=search_term_string"}],"inLanguage":"pt-BR"},{"@type":"Person","@id":"https:\/\/www.manaus.am.gov.br\/semcom\/#\/schema\/person\/587989a23a463cde5618e6a028977a9a","name":"Maur\u00edcio Freire","image":{"@type":"ImageObject","inLanguage":"pt-BR","@id":"https:\/\/www.manaus.am.gov.br\/semcom\/#\/schema\/person\/image\/","url":"https:\/\/secure.gravatar.com\/avatar\/dc1481799a1f75c733ac3b2634cd6749?s=96&d=mm&r=g","contentUrl":"https:\/\/secure.gravatar.com\/avatar\/dc1481799a1f75c733ac3b2634cd6749?s=96&d=mm&r=g","caption":"Maur\u00edcio Freire"}}]}},"_links":{"self":[{"href":"https:\/\/www.manaus.am.gov.br\/semcom\/wp-json\/wp\/v2\/posts\/241479"}],"collection":[{"href":"https:\/\/www.manaus.am.gov.br\/semcom\/wp-json\/wp\/v2\/posts"}],"about":[{"href":"https:\/\/www.manaus.am.gov.br\/semcom\/wp-json\/wp\/v2\/types\/post"}],"author":[{"embeddable":true,"href":"https:\/\/www.manaus.am.gov.br\/semcom\/wp-json\/wp\/v2\/users\/25"}],"replies":[{"embeddable":true,"href":"https:\/\/www.manaus.am.gov.br\/semcom\/wp-json\/wp\/v2\/comments?post=241479"}],"version-history":[{"count":0,"href":"https:\/\/www.manaus.am.gov.br\/semcom\/wp-json\/wp\/v2\/posts\/241479\/revisions"}],"wp:featuredmedia":[{"embeddable":true,"href":"https:\/\/www.manaus.am.gov.br\/semcom\/wp-json\/wp\/v2\/media\/241480"}],"wp:attachment":[{"href":"https:\/\/www.manaus.am.gov.br\/semcom\/wp-json\/wp\/v2\/media?parent=241479"}],"wp:term":[{"taxonomy":"category","embeddable":true,"href":"https:\/\/www.manaus.am.gov.br\/semcom\/wp-json\/wp\/v2\/categories?post=241479"},{"taxonomy":"post_tag","embeddable":true,"href":"https:\/\/www.manaus.am.gov.br\/semcom\/wp-json\/wp\/v2\/tags?post=241479"}],"curies":[{"name":"wp","href":"https:\/\/api.w.org\/{rel}","templated":true}]}}