{"id":241435,"date":"2025-07-02T17:43:31","date_gmt":"2025-07-02T20:43:31","guid":{"rendered":"https:\/\/www.manaus.am.gov.br\/semcom\/programa-de-conscientizacao-ambiental\/"},"modified":"2025-07-02T17:44:05","modified_gmt":"2025-07-02T20:44:05","slug":"programa-de-conscientizacao-ambiental","status":"publish","type":"post","link":"https:\/\/www.manaus.am.gov.br\/semcom\/programa-de-conscientizacao-ambiental\/","title":{"rendered":"Prefeitura de Manaus leva programa de conscientiza\u00e7\u00e3o ambiental a diferentes zonas da cidade"},"content":{"rendered":"\n<p><br>A Prefeitura de Manaus, por meio da Secretaria Municipal de Limpeza Urbana (Semulsp), desenvolve de forma cont\u00ednua um programa de educa\u00e7\u00e3o ambiental que percorre escolas, igrejas, empresas, institui\u00e7\u00f5es p\u00fablicas e entidades comunit\u00e1rias em todas as zonas da cidade. O trabalho de sensibiliza\u00e7\u00e3o \u00e9 realizado em paralelo \u00e0 execu\u00e7\u00e3o dos servi\u00e7os de limpeza urbana e tem como foco principal orientar a popula\u00e7\u00e3o sobre coleta seletiva, descarte respons\u00e1vel de res\u00edduos e sustentabilidade.<br><br>Nesta quarta-feira, 2\/7, a equipe de educa\u00e7\u00e3o ambiental da Semulsp esteve na Escola Estadual Professora Ana L\u00facia de Moraes Costa e Silva, localizada no bairro Col\u00f4nia Terra Nova, zona Norte de Manaus, onde realizou mais uma a\u00e7\u00e3o do programa. Alunos do ensino fundamental participaram de atividades educativas sobre o ciclo dos res\u00edduos, com orienta\u00e7\u00f5es pr\u00e1ticas sobre separa\u00e7\u00e3o correta do lixo e o impacto direto do descarte irregular nos igarap\u00e9s, nas ruas e na sa\u00fade p\u00fablica.<br><br>Al\u00e9m de palestras e rodas de conversa, as a\u00e7\u00f5es incluem apresenta\u00e7\u00e3o de personagens l\u00fadicos, como os Garis da Alegria, que refor\u00e7am as mensagens de forma acess\u00edvel. A programa\u00e7\u00e3o tamb\u00e9m divulga campanhas espec\u00edficas, como o projeto de arrecada\u00e7\u00e3o de garrafas PET, que prop\u00f5e transformar o res\u00edduo em recurso financeiro para uso em a\u00e7\u00f5es dentro da pr\u00f3pria comunidade escolar.<br><br>Esse modelo de atua\u00e7\u00e3o \u00e9 um dos diferenciais do programa da Semulsp: ao mesmo tempo em que executa a\u00e7\u00f5es operacionais de limpeza, drenagem e coleta, a secretaria investe na forma\u00e7\u00e3o de uma cultura de responsabilidade ambiental.<br><br>O secret\u00e1rio municipal de Limpeza Urbana, Sab\u00e1 Reis, explica que a limpeza da cidade vai muito al\u00e9m do trabalho de capina\u00e7\u00e3o, coleta e varri\u00e7\u00e3o. \u201cNossa miss\u00e3o tamb\u00e9m \u00e9 formar consci\u00eancia. Por isso, temos levado educa\u00e7\u00e3o ambiental para dentro das escolas, igrejas, empresas e comunidades. A orienta\u00e7\u00e3o do prefeito David Almeida \u00e9 clara: n\u00e3o basta limpar, \u00e9 preciso evitar que a cidade volte a sujar. E isso s\u00f3 se consegue com di\u00e1logo e informa\u00e7\u00e3o\u201d.<br><br><strong>Reciclagem<\/strong><br><br>Outro eixo do programa \u00e9 a conex\u00e3o entre reciclagem e impacto social. A Semulsp tem apresentado nas escolas e comunidades um case que integra educa\u00e7\u00e3o ambiental, bem-estar animal e reaproveitamento de res\u00edduos. Parte das garrafas arrecadadas nas campanhas escolares, por exemplo, s\u00e3o destinadas ao projeto que mant\u00e9m os animais sob cuidados nos espa\u00e7os mantidos pela secretaria, como o Lago Edinho Mendes, o Espa\u00e7o PET e a Lagoa da Compensa. O material ajuda a custear alimenta\u00e7\u00e3o e atendimentos b\u00e1sicos a c\u00e3es, gatos, aves e peixes que vivem nesses locais.<br><br>A coordenadora da Comiss\u00e3o Especial de Divulga\u00e7\u00e3o da Pol\u00edtica de Limpeza P\u00fablica (Cedolp), Miriam Silva, refor\u00e7a a import\u00e2ncia do programa que \u00e9 constru\u00eddo com base na escuta e na realidade de cada territ\u00f3rio. \u201cQuando falamos de descarte correto ou coleta seletiva, estamos falando tamb\u00e9m de sa\u00fade p\u00fablica, de cidadania e de inclus\u00e3o social. Mostrar \u00e0s crian\u00e7as, por exemplo, que uma garrafa PET pode virar recurso para a escola ou ra\u00e7\u00e3o para os animais \u00e9 uma forma pr\u00e1tica e eficiente de conectar educa\u00e7\u00e3o com transforma\u00e7\u00e3o\u201d.<br><br><strong>Objetivo<\/strong><br><br>A presen\u00e7a do programa em escolas como a da Col\u00f4nia Terra Nova se soma a outras a\u00e7\u00f5es j\u00e1 realizadas em diferentes institui\u00e7\u00f5es da capital. A meta da Semulsp \u00e9 ampliar esse alcance e intensificar a atua\u00e7\u00e3o junto a comunidades diretamente afetadas por alagamentos, descarte irregular e ac\u00famulo de res\u00edduos, conectando o servi\u00e7o urbano ao cotidiano das pessoas.<br><br>Ao levar informa\u00e7\u00e3o ambiental de forma direta e constante, o programa refor\u00e7a a necessidade de corresponsabilidade entre poder p\u00fablico e sociedade para enfrentar os desafios da gest\u00e3o de res\u00edduos em Manaus.<\/p>\n\n\n\n<p><strong>\u2014 \u2014 \u2014 <br>Texto &#8211; <\/strong>Dora Tupinamb\u00e1\/Semulsp<br><strong>Fotos &#8211;<\/strong> Divulga\u00e7\u00e3o\/Semulsp<\/p>\n","protected":false},"excerpt":{"rendered":"","protected":false},"author":68,"featured_media":241439,"comment_status":"closed","ping_status":"closed","sticky":false,"template":"","format":"standard","meta":{"footnotes":""},"categories":[462],"tags":[77,15555,301],"acf":[],"yoast_head":"<!-- This site is optimized with the Yoast SEO plugin v23.0 - https:\/\/yoast.com\/wordpress\/plugins\/seo\/ -->\n<title>Prefeitura de Manaus leva programa de conscientiza\u00e7\u00e3o ambiental a diferentes zonas da cidade<\/title>\n<meta name=\"description\" content=\"A Prefeitura de Manaus, por meio da Secretaria Municipal de Limpeza Urbana (Semulsp), desenvolve de forma cont\u00ednua um programa de educa\u00e7\u00e3o ambiental que percorre escolas, igrejas, empresas, institui\u00e7\u00f5es p\u00fablicas e entidades comunit\u00e1rias em todas as zonas da cidade.\" \/>\n<meta name=\"robots\" content=\"index, follow, max-snippet:-1, max-image-preview:large, max-video-preview:-1\" \/>\n<link rel=\"canonical\" href=\"https:\/\/www.manaus.am.gov.br\/semcom\/programa-de-conscientizacao-ambiental\/\" \/>\n<meta property=\"og:locale\" content=\"pt_BR\" \/>\n<meta property=\"og:type\" content=\"article\" \/>\n<meta property=\"og:title\" content=\"Prefeitura de Manaus leva programa de conscientiza\u00e7\u00e3o ambiental a diferentes zonas da cidade\" \/>\n<meta property=\"og:description\" content=\"A Prefeitura de Manaus, por meio da Secretaria Municipal de Limpeza Urbana (Semulsp), desenvolve de forma cont\u00ednua um programa de educa\u00e7\u00e3o ambiental que percorre escolas, igrejas, empresas, institui\u00e7\u00f5es p\u00fablicas e entidades comunit\u00e1rias em todas as zonas da cidade.\" \/>\n<meta property=\"og:url\" content=\"https:\/\/www.manaus.am.gov.br\/semcom\/programa-de-conscientizacao-ambiental\/\" \/>\n<meta property=\"og:site_name\" content=\"SEMCOM\" \/>\n<meta property=\"article:published_time\" content=\"2025-07-02T20:43:31+00:00\" \/>\n<meta property=\"article:modified_time\" content=\"2025-07-02T20:44:05+00:00\" \/>\n<meta property=\"og:image\" content=\"https:\/\/www.manaus.am.gov.br\/semcom\/wp-content\/uploads\/sites\/5\/2025\/07\/Prefeitura-de-Manaus-leva-programa-de-conscientizacao-ambiental-a-diferentes-zonas-da-cidade.jpeg\" \/>\n\t<meta property=\"og:image:width\" content=\"1600\" \/>\n\t<meta property=\"og:image:height\" content=\"1200\" \/>\n\t<meta property=\"og:image:type\" content=\"image\/jpeg\" \/>\n<meta name=\"author\" content=\"bvalente\" \/>\n<meta name=\"twitter:card\" content=\"summary_large_image\" \/>\n<meta name=\"twitter:label1\" content=\"Written by\" \/>\n\t<meta name=\"twitter:data1\" content=\"bvalente\" \/>\n\t<meta name=\"twitter:label2\" content=\"Est. reading time\" \/>\n\t<meta name=\"twitter:data2\" content=\"4 minutos\" \/>\n<script type=\"application\/ld+json\" class=\"yoast-schema-graph\">{\"@context\":\"https:\/\/schema.org\",\"@graph\":[{\"@type\":\"WebPage\",\"@id\":\"https:\/\/www.manaus.am.gov.br\/semcom\/programa-de-conscientizacao-ambiental\/\",\"url\":\"https:\/\/www.manaus.am.gov.br\/semcom\/programa-de-conscientizacao-ambiental\/\",\"name\":\"Prefeitura de Manaus leva programa de conscientiza\u00e7\u00e3o ambiental a diferentes zonas da cidade\",\"isPartOf\":{\"@id\":\"https:\/\/www.manaus.am.gov.br\/semcom\/#website\"},\"primaryImageOfPage\":{\"@id\":\"https:\/\/www.manaus.am.gov.br\/semcom\/programa-de-conscientizacao-ambiental\/#primaryimage\"},\"image\":{\"@id\":\"https:\/\/www.manaus.am.gov.br\/semcom\/programa-de-conscientizacao-ambiental\/#primaryimage\"},\"thumbnailUrl\":\"https:\/\/www.manaus.am.gov.br\/semcom\/wp-content\/uploads\/sites\/5\/2025\/07\/Prefeitura-de-Manaus-leva-programa-de-conscientizacao-ambiental-a-diferentes-zonas-da-cidade.jpeg\",\"datePublished\":\"2025-07-02T20:43:31+00:00\",\"dateModified\":\"2025-07-02T20:44:05+00:00\",\"author\":{\"@id\":\"https:\/\/www.manaus.am.gov.br\/semcom\/#\/schema\/person\/466a0e03ae4b6062809046bd560ac955\"},\"description\":\"A Prefeitura de Manaus, por meio da Secretaria Municipal de Limpeza Urbana (Semulsp), desenvolve de forma cont\u00ednua um programa de educa\u00e7\u00e3o ambiental que percorre escolas, igrejas, empresas, institui\u00e7\u00f5es p\u00fablicas e entidades comunit\u00e1rias em todas as zonas da cidade.\",\"inLanguage\":\"pt-BR\",\"potentialAction\":[{\"@type\":\"ReadAction\",\"target\":[\"https:\/\/www.manaus.am.gov.br\/semcom\/programa-de-conscientizacao-ambiental\/\"]}]},{\"@type\":\"ImageObject\",\"inLanguage\":\"pt-BR\",\"@id\":\"https:\/\/www.manaus.am.gov.br\/semcom\/programa-de-conscientizacao-ambiental\/#primaryimage\",\"url\":\"https:\/\/www.manaus.am.gov.br\/semcom\/wp-content\/uploads\/sites\/5\/2025\/07\/Prefeitura-de-Manaus-leva-programa-de-conscientizacao-ambiental-a-diferentes-zonas-da-cidade.jpeg\",\"contentUrl\":\"https:\/\/www.manaus.am.gov.br\/semcom\/wp-content\/uploads\/sites\/5\/2025\/07\/Prefeitura-de-Manaus-leva-programa-de-conscientizacao-ambiental-a-diferentes-zonas-da-cidade.jpeg\",\"width\":1600,\"height\":1200},{\"@type\":\"WebSite\",\"@id\":\"https:\/\/www.manaus.am.gov.br\/semcom\/#website\",\"url\":\"https:\/\/www.manaus.am.gov.br\/semcom\/\",\"name\":\"SEMCOM\",\"description\":\"Secretaria Municipal de Comunica\u00e7\u00e3o\",\"potentialAction\":[{\"@type\":\"SearchAction\",\"target\":{\"@type\":\"EntryPoint\",\"urlTemplate\":\"https:\/\/www.manaus.am.gov.br\/semcom\/?s={search_term_string}\"},\"query-input\":\"required name=search_term_string\"}],\"inLanguage\":\"pt-BR\"},{\"@type\":\"Person\",\"@id\":\"https:\/\/www.manaus.am.gov.br\/semcom\/#\/schema\/person\/466a0e03ae4b6062809046bd560ac955\",\"name\":\"bvalente\",\"image\":{\"@type\":\"ImageObject\",\"inLanguage\":\"pt-BR\",\"@id\":\"https:\/\/www.manaus.am.gov.br\/semcom\/#\/schema\/person\/image\/\",\"url\":\"https:\/\/secure.gravatar.com\/avatar\/3e69bc2b014bdad41adfec3a39de07d2?s=96&d=mm&r=g\",\"contentUrl\":\"https:\/\/secure.gravatar.com\/avatar\/3e69bc2b014bdad41adfec3a39de07d2?s=96&d=mm&r=g\",\"caption\":\"bvalente\"}}]}<\/script>\n<!-- \/ Yoast SEO plugin. -->","yoast_head_json":{"title":"Prefeitura de Manaus leva programa de conscientiza\u00e7\u00e3o ambiental a diferentes zonas da cidade","description":"A Prefeitura de Manaus, por meio da Secretaria Municipal de Limpeza Urbana (Semulsp), desenvolve de forma cont\u00ednua um programa de educa\u00e7\u00e3o ambiental que percorre escolas, igrejas, empresas, institui\u00e7\u00f5es p\u00fablicas e entidades comunit\u00e1rias em todas as zonas da cidade.","robots":{"index":"index","follow":"follow","max-snippet":"max-snippet:-1","max-image-preview":"max-image-preview:large","max-video-preview":"max-video-preview:-1"},"canonical":"https:\/\/www.manaus.am.gov.br\/semcom\/programa-de-conscientizacao-ambiental\/","og_locale":"pt_BR","og_type":"article","og_title":"Prefeitura de Manaus leva programa de conscientiza\u00e7\u00e3o ambiental a diferentes zonas da cidade","og_description":"A Prefeitura de Manaus, por meio da Secretaria Municipal de Limpeza Urbana (Semulsp), desenvolve de forma cont\u00ednua um programa de educa\u00e7\u00e3o ambiental que percorre escolas, igrejas, empresas, institui\u00e7\u00f5es p\u00fablicas e entidades comunit\u00e1rias em todas as zonas da cidade.","og_url":"https:\/\/www.manaus.am.gov.br\/semcom\/programa-de-conscientizacao-ambiental\/","og_site_name":"SEMCOM","article_published_time":"2025-07-02T20:43:31+00:00","article_modified_time":"2025-07-02T20:44:05+00:00","og_image":[{"width":1600,"height":1200,"url":"https:\/\/www.manaus.am.gov.br\/semcom\/wp-content\/uploads\/sites\/5\/2025\/07\/Prefeitura-de-Manaus-leva-programa-de-conscientizacao-ambiental-a-diferentes-zonas-da-cidade.jpeg","type":"image\/jpeg"}],"author":"bvalente","twitter_card":"summary_large_image","twitter_misc":{"Written by":"bvalente","Est. reading time":"4 minutos"},"schema":{"@context":"https:\/\/schema.org","@graph":[{"@type":"WebPage","@id":"https:\/\/www.manaus.am.gov.br\/semcom\/programa-de-conscientizacao-ambiental\/","url":"https:\/\/www.manaus.am.gov.br\/semcom\/programa-de-conscientizacao-ambiental\/","name":"Prefeitura de Manaus leva programa de conscientiza\u00e7\u00e3o ambiental a diferentes zonas da cidade","isPartOf":{"@id":"https:\/\/www.manaus.am.gov.br\/semcom\/#website"},"primaryImageOfPage":{"@id":"https:\/\/www.manaus.am.gov.br\/semcom\/programa-de-conscientizacao-ambiental\/#primaryimage"},"image":{"@id":"https:\/\/www.manaus.am.gov.br\/semcom\/programa-de-conscientizacao-ambiental\/#primaryimage"},"thumbnailUrl":"https:\/\/www.manaus.am.gov.br\/semcom\/wp-content\/uploads\/sites\/5\/2025\/07\/Prefeitura-de-Manaus-leva-programa-de-conscientizacao-ambiental-a-diferentes-zonas-da-cidade.jpeg","datePublished":"2025-07-02T20:43:31+00:00","dateModified":"2025-07-02T20:44:05+00:00","author":{"@id":"https:\/\/www.manaus.am.gov.br\/semcom\/#\/schema\/person\/466a0e03ae4b6062809046bd560ac955"},"description":"A Prefeitura de Manaus, por meio da Secretaria Municipal de Limpeza Urbana (Semulsp), desenvolve de forma cont\u00ednua um programa de educa\u00e7\u00e3o ambiental que percorre escolas, igrejas, empresas, institui\u00e7\u00f5es p\u00fablicas e entidades comunit\u00e1rias em todas as zonas da cidade.","inLanguage":"pt-BR","potentialAction":[{"@type":"ReadAction","target":["https:\/\/www.manaus.am.gov.br\/semcom\/programa-de-conscientizacao-ambiental\/"]}]},{"@type":"ImageObject","inLanguage":"pt-BR","@id":"https:\/\/www.manaus.am.gov.br\/semcom\/programa-de-conscientizacao-ambiental\/#primaryimage","url":"https:\/\/www.manaus.am.gov.br\/semcom\/wp-content\/uploads\/sites\/5\/2025\/07\/Prefeitura-de-Manaus-leva-programa-de-conscientizacao-ambiental-a-diferentes-zonas-da-cidade.jpeg","contentUrl":"https:\/\/www.manaus.am.gov.br\/semcom\/wp-content\/uploads\/sites\/5\/2025\/07\/Prefeitura-de-Manaus-leva-programa-de-conscientizacao-ambiental-a-diferentes-zonas-da-cidade.jpeg","width":1600,"height":1200},{"@type":"WebSite","@id":"https:\/\/www.manaus.am.gov.br\/semcom\/#website","url":"https:\/\/www.manaus.am.gov.br\/semcom\/","name":"SEMCOM","description":"Secretaria Municipal de Comunica\u00e7\u00e3o","potentialAction":[{"@type":"SearchAction","target":{"@type":"EntryPoint","urlTemplate":"https:\/\/www.manaus.am.gov.br\/semcom\/?s={search_term_string}"},"query-input":"required name=search_term_string"}],"inLanguage":"pt-BR"},{"@type":"Person","@id":"https:\/\/www.manaus.am.gov.br\/semcom\/#\/schema\/person\/466a0e03ae4b6062809046bd560ac955","name":"bvalente","image":{"@type":"ImageObject","inLanguage":"pt-BR","@id":"https:\/\/www.manaus.am.gov.br\/semcom\/#\/schema\/person\/image\/","url":"https:\/\/secure.gravatar.com\/avatar\/3e69bc2b014bdad41adfec3a39de07d2?s=96&d=mm&r=g","contentUrl":"https:\/\/secure.gravatar.com\/avatar\/3e69bc2b014bdad41adfec3a39de07d2?s=96&d=mm&r=g","caption":"bvalente"}}]}},"_links":{"self":[{"href":"https:\/\/www.manaus.am.gov.br\/semcom\/wp-json\/wp\/v2\/posts\/241435"}],"collection":[{"href":"https:\/\/www.manaus.am.gov.br\/semcom\/wp-json\/wp\/v2\/posts"}],"about":[{"href":"https:\/\/www.manaus.am.gov.br\/semcom\/wp-json\/wp\/v2\/types\/post"}],"author":[{"embeddable":true,"href":"https:\/\/www.manaus.am.gov.br\/semcom\/wp-json\/wp\/v2\/users\/68"}],"replies":[{"embeddable":true,"href":"https:\/\/www.manaus.am.gov.br\/semcom\/wp-json\/wp\/v2\/comments?post=241435"}],"version-history":[{"count":1,"href":"https:\/\/www.manaus.am.gov.br\/semcom\/wp-json\/wp\/v2\/posts\/241435\/revisions"}],"predecessor-version":[{"id":241438,"href":"https:\/\/www.manaus.am.gov.br\/semcom\/wp-json\/wp\/v2\/posts\/241435\/revisions\/241438"}],"wp:featuredmedia":[{"embeddable":true,"href":"https:\/\/www.manaus.am.gov.br\/semcom\/wp-json\/wp\/v2\/media\/241439"}],"wp:attachment":[{"href":"https:\/\/www.manaus.am.gov.br\/semcom\/wp-json\/wp\/v2\/media?parent=241435"}],"wp:term":[{"taxonomy":"category","embeddable":true,"href":"https:\/\/www.manaus.am.gov.br\/semcom\/wp-json\/wp\/v2\/categories?post=241435"},{"taxonomy":"post_tag","embeddable":true,"href":"https:\/\/www.manaus.am.gov.br\/semcom\/wp-json\/wp\/v2\/tags?post=241435"}],"curies":[{"name":"wp","href":"https:\/\/api.w.org\/{rel}","templated":true}]}}