{"id":241353,"date":"2025-07-01T16:42:26","date_gmt":"2025-07-01T19:42:26","guid":{"rendered":"https:\/\/www.manaus.am.gov.br\/semcom\/projeto-transforma-vidas\/"},"modified":"2025-07-01T16:42:27","modified_gmt":"2025-07-01T19:42:27","slug":"projeto-transforma-vidas","status":"publish","type":"post","link":"https:\/\/www.manaus.am.gov.br\/semcom\/projeto-transforma-vidas\/","title":{"rendered":"Projeto transforma vidas de crian\u00e7as e adolescentes com TEA na educa\u00e7\u00e3o municipal de Manaus"},"content":{"rendered":"\n<p><br>Em Manaus, um dos projetos voltados \u00e0 inclus\u00e3o \u00e9 o \u201cReeducando para Incluir\u201d, desenvolvido pela Prefeitura de Manaus, por meio da Secretaria Municipal de Educa\u00e7\u00e3o (Semed). Voltado a crian\u00e7as e adolescentes com Transtorno do Espectro Autista (TEA), com idades entre 6 e 16 anos, o programa atende 60 estudantes da rede municipal de ensino, al\u00e9m de suas fam\u00edlias, oferecendo acompanhamento multidisciplinar que promove o desenvolvimento integral por meio de a\u00e7\u00f5es voltadas ao corpo, \u00e0 mente e ao afeto.<br><br>O projeto \u00e9 desenvolvido nos Centros Municipais de Educa\u00e7\u00e3o Especial (CMEEs) Yumi Odani, localizado no conjunto Vila Amazonas, na zona Sul, e Delano Almeida, situado no bairro de Flores, na divisa entre as zonas Centro-Sul e Norte de Manaus.<br><br>O projeto atua em quatro frentes interligadas: psicomotricidade aqu\u00e1tica, circuitos motores, acompanhamento psicol\u00f3gico individual e atendimento emocional \u00e0s fam\u00edlias. A proposta \u00e9 estimular o desenvolvimento motor e cognitivo, al\u00e9m de reeducar comportamentos e garantir suporte emocional em todas as esferas da vida do estudante.\u00a0<br><br>De acordo com a diretora dos CMEEs, Rosana Hort\u00eancio, o atendimento come\u00e7a com uma triagem cuidadosa. A partir disso, as crian\u00e7as s\u00e3o encaminhadas para os projetos especializados.<br><br>\u201cEsses projetos fazem parte dos servi\u00e7os que a Secretaria disponibiliza para a Educa\u00e7\u00e3o Especial. Temos tamb\u00e9m as salas de recursos multifuncionais, que atuam junto \u00e0s escolas regulares\u201d, afirma a diretora.<br><br>O foco, segundo Rosana, \u00e9 garantir que cada aluno tenha acesso \u00e0s ferramentas de que precisa para se desenvolver com autonomia e dignidade.<br><br><strong>Acompanhamento com intencionalidade<\/strong><br><br>O atendimento \u00e9 estruturado em sess\u00f5es de 40 minutos, duas vezes por semana. O per\u00edodo inicial de perman\u00eancia \u00e9 de seis meses letivos, podendo ser prorrogado conforme os avan\u00e7os observados pela equipe.<br><br>As fam\u00edlias tamb\u00e9m recebem aten\u00e7\u00e3o especial. O suporte psicol\u00f3gico \u00e0s m\u00e3es, pais ou respons\u00e1veis contribui para o fortalecimento dos v\u00ednculos afetivos e para um ambiente dom\u00e9stico mais acolhedor e harmonioso.<br><br>Esse cuidado faz toda a diferen\u00e7a na vida de Fernanda Corr\u00eaa, m\u00e3e de Deivid, de 9 anos, e Meghan, de 6. Ela conta que, antes do projeto, enfrentava muitas dificuldades para sair de casa com os filhos.\u00a0<br><br>\u201cFoi aqui que eu consegui o suporte que meus dois filhos com TEA precisavam. Eles evolu\u00edram muito. O maiorzinho melhorou cerca de 80%, e a menorzinha, uns 60%\u201d, relata Fernanda.<br><br>Ela lembra que n\u00e3o conseguia sequer entrar em um carro com os filhos. Hoje, j\u00e1 consegue lev\u00e1-los ao supermercado e realizar tarefas cotidianas. \u201cA menor j\u00e1 sabe ler, est\u00e1 aprendendo a escrever. E o comportamento dos dois melhorou demais\u201d, completa.<br><br><strong>Mudan\u00e7a no Cotidiano<\/strong><br><br>Na linha de frente do atendimento, a equipe multidisciplinar acompanha de perto o progresso dos alunos. Cada crian\u00e7a recebe um plano de atendimento personalizado, adaptado \u00e0s suas necessidades e \u00e0s observa\u00e7\u00f5es feitas pela equipe e pelas fam\u00edlias.\u00a0<br><br>A fisioterapeuta Maria Marques explica que o foco est\u00e1 em ajudar as crian\u00e7as a desenvolverem comportamentos que favore\u00e7am a perman\u00eancia e a participa\u00e7\u00e3o em sala de aula.<br><br>\u201cTrabalhamos com crian\u00e7as com TEA em diferentes n\u00edveis. Muitas chegam com dificuldades de socializa\u00e7\u00e3o ou n\u00e3o conseguem aceitar comandos simples. Nosso trabalho \u00e9 ajudar essas crian\u00e7as a se sentirem seguras para interagir e aprender\u201d, afirma a profissional.<br><br>Segundo ela, os resultados s\u00e3o observados ao longo do tempo, e os relatos positivos dos pais t\u00eam sido frequentes. \u201cCada crian\u00e7a \u00e9 \u00fanica. Por isso, planejamos com base na maior dificuldade que observamos e nos retornos que as fam\u00edlias nos d\u00e3o. A intera\u00e7\u00e3o entre equipe e respons\u00e1veis \u00e9 excelente. \u00c9 gratificante ver o progresso de cada uma\u201d, conclui.<br><br>\u2014 \u2014 \u2014\u00a0<br><strong>Texto- <\/strong>Alexandre Abreu\/ Semed<br><strong>Fotos &#8211;<\/strong> Cl\u00f3vis Miranda \/ Semcom<\/p>\n","protected":false},"excerpt":{"rendered":"","protected":false},"author":68,"featured_media":241354,"comment_status":"closed","ping_status":"closed","sticky":false,"template":"","format":"standard","meta":{"footnotes":""},"categories":[1625],"tags":[77,15540,62],"acf":[],"yoast_head":"<!-- This site is optimized with the Yoast SEO plugin v23.0 - https:\/\/yoast.com\/wordpress\/plugins\/seo\/ -->\n<title>Projeto transforma vidas de crian\u00e7as e adolescentes com TEA na educa\u00e7\u00e3o municipal de Manaus<\/title>\n<meta name=\"description\" content=\"Em Manaus, um dos projetos voltados \u00e0 inclus\u00e3o \u00e9 o \u201cReeducando para Incluir\u201d, desenvolvido pela Prefeitura de Manaus, por meio da Secretaria Municipal de Educa\u00e7\u00e3o (Semed). Voltado a crian\u00e7as e adolescentes com Transtorno do Espectro Autista (TEA), com idades entre 6 e 16 anos, o programa atende 60 estudantes da rede municipal de ensino, al\u00e9m de suas fam\u00edlias, oferecendo acompanhamento multidisciplinar que promove o desenvolvimento integral por meio de a\u00e7\u00f5es voltadas ao corpo, \u00e0 mente e ao afeto.\" \/>\n<meta name=\"robots\" content=\"index, follow, max-snippet:-1, max-image-preview:large, max-video-preview:-1\" \/>\n<link rel=\"canonical\" href=\"https:\/\/www.manaus.am.gov.br\/semcom\/projeto-transforma-vidas\/\" \/>\n<meta property=\"og:locale\" content=\"pt_BR\" \/>\n<meta property=\"og:type\" content=\"article\" \/>\n<meta property=\"og:title\" content=\"Projeto transforma vidas de crian\u00e7as e adolescentes com TEA na educa\u00e7\u00e3o municipal de Manaus\" \/>\n<meta property=\"og:description\" content=\"Em Manaus, um dos projetos voltados \u00e0 inclus\u00e3o \u00e9 o \u201cReeducando para Incluir\u201d, desenvolvido pela Prefeitura de Manaus, por meio da Secretaria Municipal de Educa\u00e7\u00e3o (Semed). Voltado a crian\u00e7as e adolescentes com Transtorno do Espectro Autista (TEA), com idades entre 6 e 16 anos, o programa atende 60 estudantes da rede municipal de ensino, al\u00e9m de suas fam\u00edlias, oferecendo acompanhamento multidisciplinar que promove o desenvolvimento integral por meio de a\u00e7\u00f5es voltadas ao corpo, \u00e0 mente e ao afeto.\" \/>\n<meta property=\"og:url\" content=\"https:\/\/www.manaus.am.gov.br\/semcom\/projeto-transforma-vidas\/\" \/>\n<meta property=\"og:site_name\" content=\"SEMCOM\" \/>\n<meta property=\"article:published_time\" content=\"2025-07-01T19:42:26+00:00\" \/>\n<meta property=\"article:modified_time\" content=\"2025-07-01T19:42:27+00:00\" \/>\n<meta property=\"og:image\" content=\"https:\/\/www.manaus.am.gov.br\/semcom\/wp-content\/uploads\/sites\/5\/2025\/07\/Projeto-transforma-vidas-de-criancas-e-adolescentes-com-TEA-na-educacao-municipal-de-Manaus-3.jpg\" \/>\n\t<meta property=\"og:image:width\" content=\"799\" \/>\n\t<meta property=\"og:image:height\" content=\"533\" \/>\n\t<meta property=\"og:image:type\" content=\"image\/jpeg\" \/>\n<meta name=\"author\" content=\"bvalente\" \/>\n<meta name=\"twitter:card\" content=\"summary_large_image\" \/>\n<meta name=\"twitter:label1\" content=\"Written by\" \/>\n\t<meta name=\"twitter:data1\" content=\"bvalente\" \/>\n\t<meta name=\"twitter:label2\" content=\"Est. reading time\" \/>\n\t<meta name=\"twitter:data2\" content=\"4 minutos\" \/>\n<script type=\"application\/ld+json\" class=\"yoast-schema-graph\">{\"@context\":\"https:\/\/schema.org\",\"@graph\":[{\"@type\":\"WebPage\",\"@id\":\"https:\/\/www.manaus.am.gov.br\/semcom\/projeto-transforma-vidas\/\",\"url\":\"https:\/\/www.manaus.am.gov.br\/semcom\/projeto-transforma-vidas\/\",\"name\":\"Projeto transforma vidas de crian\u00e7as e adolescentes com TEA na educa\u00e7\u00e3o municipal de Manaus\",\"isPartOf\":{\"@id\":\"https:\/\/www.manaus.am.gov.br\/semcom\/#website\"},\"primaryImageOfPage\":{\"@id\":\"https:\/\/www.manaus.am.gov.br\/semcom\/projeto-transforma-vidas\/#primaryimage\"},\"image\":{\"@id\":\"https:\/\/www.manaus.am.gov.br\/semcom\/projeto-transforma-vidas\/#primaryimage\"},\"thumbnailUrl\":\"https:\/\/www.manaus.am.gov.br\/semcom\/wp-content\/uploads\/sites\/5\/2025\/07\/Projeto-transforma-vidas-de-criancas-e-adolescentes-com-TEA-na-educacao-municipal-de-Manaus-3.jpg\",\"datePublished\":\"2025-07-01T19:42:26+00:00\",\"dateModified\":\"2025-07-01T19:42:27+00:00\",\"author\":{\"@id\":\"https:\/\/www.manaus.am.gov.br\/semcom\/#\/schema\/person\/466a0e03ae4b6062809046bd560ac955\"},\"description\":\"Em Manaus, um dos projetos voltados \u00e0 inclus\u00e3o \u00e9 o \u201cReeducando para Incluir\u201d, desenvolvido pela Prefeitura de Manaus, por meio da Secretaria Municipal de Educa\u00e7\u00e3o (Semed). Voltado a crian\u00e7as e adolescentes com Transtorno do Espectro Autista (TEA), com idades entre 6 e 16 anos, o programa atende 60 estudantes da rede municipal de ensino, al\u00e9m de suas fam\u00edlias, oferecendo acompanhamento multidisciplinar que promove o desenvolvimento integral por meio de a\u00e7\u00f5es voltadas ao corpo, \u00e0 mente e ao afeto.\",\"inLanguage\":\"pt-BR\",\"potentialAction\":[{\"@type\":\"ReadAction\",\"target\":[\"https:\/\/www.manaus.am.gov.br\/semcom\/projeto-transforma-vidas\/\"]}]},{\"@type\":\"ImageObject\",\"inLanguage\":\"pt-BR\",\"@id\":\"https:\/\/www.manaus.am.gov.br\/semcom\/projeto-transforma-vidas\/#primaryimage\",\"url\":\"https:\/\/www.manaus.am.gov.br\/semcom\/wp-content\/uploads\/sites\/5\/2025\/07\/Projeto-transforma-vidas-de-criancas-e-adolescentes-com-TEA-na-educacao-municipal-de-Manaus-3.jpg\",\"contentUrl\":\"https:\/\/www.manaus.am.gov.br\/semcom\/wp-content\/uploads\/sites\/5\/2025\/07\/Projeto-transforma-vidas-de-criancas-e-adolescentes-com-TEA-na-educacao-municipal-de-Manaus-3.jpg\",\"width\":799,\"height\":533},{\"@type\":\"WebSite\",\"@id\":\"https:\/\/www.manaus.am.gov.br\/semcom\/#website\",\"url\":\"https:\/\/www.manaus.am.gov.br\/semcom\/\",\"name\":\"SEMCOM\",\"description\":\"Secretaria Municipal de Comunica\u00e7\u00e3o\",\"potentialAction\":[{\"@type\":\"SearchAction\",\"target\":{\"@type\":\"EntryPoint\",\"urlTemplate\":\"https:\/\/www.manaus.am.gov.br\/semcom\/?s={search_term_string}\"},\"query-input\":\"required name=search_term_string\"}],\"inLanguage\":\"pt-BR\"},{\"@type\":\"Person\",\"@id\":\"https:\/\/www.manaus.am.gov.br\/semcom\/#\/schema\/person\/466a0e03ae4b6062809046bd560ac955\",\"name\":\"bvalente\",\"image\":{\"@type\":\"ImageObject\",\"inLanguage\":\"pt-BR\",\"@id\":\"https:\/\/www.manaus.am.gov.br\/semcom\/#\/schema\/person\/image\/\",\"url\":\"https:\/\/secure.gravatar.com\/avatar\/3e69bc2b014bdad41adfec3a39de07d2?s=96&d=mm&r=g\",\"contentUrl\":\"https:\/\/secure.gravatar.com\/avatar\/3e69bc2b014bdad41adfec3a39de07d2?s=96&d=mm&r=g\",\"caption\":\"bvalente\"}}]}<\/script>\n<!-- \/ Yoast SEO plugin. -->","yoast_head_json":{"title":"Projeto transforma vidas de crian\u00e7as e adolescentes com TEA na educa\u00e7\u00e3o municipal de Manaus","description":"Em Manaus, um dos projetos voltados \u00e0 inclus\u00e3o \u00e9 o \u201cReeducando para Incluir\u201d, desenvolvido pela Prefeitura de Manaus, por meio da Secretaria Municipal de Educa\u00e7\u00e3o (Semed). Voltado a crian\u00e7as e adolescentes com Transtorno do Espectro Autista (TEA), com idades entre 6 e 16 anos, o programa atende 60 estudantes da rede municipal de ensino, al\u00e9m de suas fam\u00edlias, oferecendo acompanhamento multidisciplinar que promove o desenvolvimento integral por meio de a\u00e7\u00f5es voltadas ao corpo, \u00e0 mente e ao afeto.","robots":{"index":"index","follow":"follow","max-snippet":"max-snippet:-1","max-image-preview":"max-image-preview:large","max-video-preview":"max-video-preview:-1"},"canonical":"https:\/\/www.manaus.am.gov.br\/semcom\/projeto-transforma-vidas\/","og_locale":"pt_BR","og_type":"article","og_title":"Projeto transforma vidas de crian\u00e7as e adolescentes com TEA na educa\u00e7\u00e3o municipal de Manaus","og_description":"Em Manaus, um dos projetos voltados \u00e0 inclus\u00e3o \u00e9 o \u201cReeducando para Incluir\u201d, desenvolvido pela Prefeitura de Manaus, por meio da Secretaria Municipal de Educa\u00e7\u00e3o (Semed). Voltado a crian\u00e7as e adolescentes com Transtorno do Espectro Autista (TEA), com idades entre 6 e 16 anos, o programa atende 60 estudantes da rede municipal de ensino, al\u00e9m de suas fam\u00edlias, oferecendo acompanhamento multidisciplinar que promove o desenvolvimento integral por meio de a\u00e7\u00f5es voltadas ao corpo, \u00e0 mente e ao afeto.","og_url":"https:\/\/www.manaus.am.gov.br\/semcom\/projeto-transforma-vidas\/","og_site_name":"SEMCOM","article_published_time":"2025-07-01T19:42:26+00:00","article_modified_time":"2025-07-01T19:42:27+00:00","og_image":[{"width":799,"height":533,"url":"https:\/\/www.manaus.am.gov.br\/semcom\/wp-content\/uploads\/sites\/5\/2025\/07\/Projeto-transforma-vidas-de-criancas-e-adolescentes-com-TEA-na-educacao-municipal-de-Manaus-3.jpg","type":"image\/jpeg"}],"author":"bvalente","twitter_card":"summary_large_image","twitter_misc":{"Written by":"bvalente","Est. reading time":"4 minutos"},"schema":{"@context":"https:\/\/schema.org","@graph":[{"@type":"WebPage","@id":"https:\/\/www.manaus.am.gov.br\/semcom\/projeto-transforma-vidas\/","url":"https:\/\/www.manaus.am.gov.br\/semcom\/projeto-transforma-vidas\/","name":"Projeto transforma vidas de crian\u00e7as e adolescentes com TEA na educa\u00e7\u00e3o municipal de Manaus","isPartOf":{"@id":"https:\/\/www.manaus.am.gov.br\/semcom\/#website"},"primaryImageOfPage":{"@id":"https:\/\/www.manaus.am.gov.br\/semcom\/projeto-transforma-vidas\/#primaryimage"},"image":{"@id":"https:\/\/www.manaus.am.gov.br\/semcom\/projeto-transforma-vidas\/#primaryimage"},"thumbnailUrl":"https:\/\/www.manaus.am.gov.br\/semcom\/wp-content\/uploads\/sites\/5\/2025\/07\/Projeto-transforma-vidas-de-criancas-e-adolescentes-com-TEA-na-educacao-municipal-de-Manaus-3.jpg","datePublished":"2025-07-01T19:42:26+00:00","dateModified":"2025-07-01T19:42:27+00:00","author":{"@id":"https:\/\/www.manaus.am.gov.br\/semcom\/#\/schema\/person\/466a0e03ae4b6062809046bd560ac955"},"description":"Em Manaus, um dos projetos voltados \u00e0 inclus\u00e3o \u00e9 o \u201cReeducando para Incluir\u201d, desenvolvido pela Prefeitura de Manaus, por meio da Secretaria Municipal de Educa\u00e7\u00e3o (Semed). Voltado a crian\u00e7as e adolescentes com Transtorno do Espectro Autista (TEA), com idades entre 6 e 16 anos, o programa atende 60 estudantes da rede municipal de ensino, al\u00e9m de suas fam\u00edlias, oferecendo acompanhamento multidisciplinar que promove o desenvolvimento integral por meio de a\u00e7\u00f5es voltadas ao corpo, \u00e0 mente e ao afeto.","inLanguage":"pt-BR","potentialAction":[{"@type":"ReadAction","target":["https:\/\/www.manaus.am.gov.br\/semcom\/projeto-transforma-vidas\/"]}]},{"@type":"ImageObject","inLanguage":"pt-BR","@id":"https:\/\/www.manaus.am.gov.br\/semcom\/projeto-transforma-vidas\/#primaryimage","url":"https:\/\/www.manaus.am.gov.br\/semcom\/wp-content\/uploads\/sites\/5\/2025\/07\/Projeto-transforma-vidas-de-criancas-e-adolescentes-com-TEA-na-educacao-municipal-de-Manaus-3.jpg","contentUrl":"https:\/\/www.manaus.am.gov.br\/semcom\/wp-content\/uploads\/sites\/5\/2025\/07\/Projeto-transforma-vidas-de-criancas-e-adolescentes-com-TEA-na-educacao-municipal-de-Manaus-3.jpg","width":799,"height":533},{"@type":"WebSite","@id":"https:\/\/www.manaus.am.gov.br\/semcom\/#website","url":"https:\/\/www.manaus.am.gov.br\/semcom\/","name":"SEMCOM","description":"Secretaria Municipal de Comunica\u00e7\u00e3o","potentialAction":[{"@type":"SearchAction","target":{"@type":"EntryPoint","urlTemplate":"https:\/\/www.manaus.am.gov.br\/semcom\/?s={search_term_string}"},"query-input":"required name=search_term_string"}],"inLanguage":"pt-BR"},{"@type":"Person","@id":"https:\/\/www.manaus.am.gov.br\/semcom\/#\/schema\/person\/466a0e03ae4b6062809046bd560ac955","name":"bvalente","image":{"@type":"ImageObject","inLanguage":"pt-BR","@id":"https:\/\/www.manaus.am.gov.br\/semcom\/#\/schema\/person\/image\/","url":"https:\/\/secure.gravatar.com\/avatar\/3e69bc2b014bdad41adfec3a39de07d2?s=96&d=mm&r=g","contentUrl":"https:\/\/secure.gravatar.com\/avatar\/3e69bc2b014bdad41adfec3a39de07d2?s=96&d=mm&r=g","caption":"bvalente"}}]}},"_links":{"self":[{"href":"https:\/\/www.manaus.am.gov.br\/semcom\/wp-json\/wp\/v2\/posts\/241353"}],"collection":[{"href":"https:\/\/www.manaus.am.gov.br\/semcom\/wp-json\/wp\/v2\/posts"}],"about":[{"href":"https:\/\/www.manaus.am.gov.br\/semcom\/wp-json\/wp\/v2\/types\/post"}],"author":[{"embeddable":true,"href":"https:\/\/www.manaus.am.gov.br\/semcom\/wp-json\/wp\/v2\/users\/68"}],"replies":[{"embeddable":true,"href":"https:\/\/www.manaus.am.gov.br\/semcom\/wp-json\/wp\/v2\/comments?post=241353"}],"version-history":[{"count":0,"href":"https:\/\/www.manaus.am.gov.br\/semcom\/wp-json\/wp\/v2\/posts\/241353\/revisions"}],"wp:featuredmedia":[{"embeddable":true,"href":"https:\/\/www.manaus.am.gov.br\/semcom\/wp-json\/wp\/v2\/media\/241354"}],"wp:attachment":[{"href":"https:\/\/www.manaus.am.gov.br\/semcom\/wp-json\/wp\/v2\/media?parent=241353"}],"wp:term":[{"taxonomy":"category","embeddable":true,"href":"https:\/\/www.manaus.am.gov.br\/semcom\/wp-json\/wp\/v2\/categories?post=241353"},{"taxonomy":"post_tag","embeddable":true,"href":"https:\/\/www.manaus.am.gov.br\/semcom\/wp-json\/wp\/v2\/tags?post=241353"}],"curies":[{"name":"wp","href":"https:\/\/api.w.org\/{rel}","templated":true}]}}