{"id":241346,"date":"2025-07-01T15:27:06","date_gmt":"2025-07-01T18:27:06","guid":{"rendered":"https:\/\/www.manaus.am.gov.br\/semcom\/auditoria-interna-manaus-previdenci\/"},"modified":"2025-07-01T15:27:08","modified_gmt":"2025-07-01T18:27:08","slug":"auditoria-interna-manaus-previdenci","status":"publish","type":"post","link":"https:\/\/www.manaus.am.gov.br\/semcom\/auditoria-interna-manaus-previdenci\/","title":{"rendered":"Manaus Previd\u00eancia inicia auditoria interna para fortalecer excel\u00eancia e atendimento"},"content":{"rendered":"\n<p>A <a href=\"https:\/\/www.instagram.com\/prefeiturademanaus\/\">Manaus <\/a><a href=\"https:\/\/manausprevidencia.manaus.am.gov.br\/\">Previd\u00eancia <\/a>deu in\u00edcio, nesta ter\u00e7a-feira, 1\u00ba\/7, \u00e0 sua auditoria interna anual. At\u00e9 o dia 11 de julho, todos os setores da autarquia passar\u00e3o por uma avalia\u00e7\u00e3o detalhada no Sistema de Gest\u00e3o da Qualidade (SGQ). O objetivo \u00e9 identificar pontos de melhoria, garantir a conformidade com as normas e, assim, aprimorar continuamente os servi\u00e7os prestados aos segurados e benefici\u00e1rios.<\/p>\n\n\n\n<p>Essa etapa \u00e9 fundamental para a autarquia, pois antecede as auditorias externas de certifica\u00e7\u00e3o ISO 9001:2015 e a manuten\u00e7\u00e3o da certifica\u00e7\u00e3o do Pr\u00f3-Gest\u00e3o.<\/p>\n\n\n\n<p>A diretora de Previd\u00eancia, Ana Silvia Domingues, ressalta que a iniciativa \u00e9 essencial para manter a Manaus Previd\u00eancia como um dos mais reconhecidos Regimes Pr\u00f3prios de Previd\u00eancia Social (RPPS) do pa\u00eds.<\/p>\n\n\n\n<p>&#8220;Tudo \u00e9 detalhado conforme os requisitos da norma ISO 9001. Fazemos uma verifica\u00e7\u00e3o geral de como est\u00e3o, por exemplo, os nossos procedimentos, a nossa organiza\u00e7\u00e3o de documenta\u00e7\u00e3o etc. Toda essa movimenta\u00e7\u00e3o nos mant\u00e9m como um RPPS qualitativo, sempre visando, \u00e9 claro, ofertar e oportunizar o melhor atendimento e servi\u00e7os&#8221;.<\/p>\n\n\n\n<p>Devido ao SGQ adotado, a autarquia foi agraciada, novamente, com duas premia\u00e7\u00f5es importantes nas categorias &#8220;Responsabilidade Previdenci\u00e1ria&#8221; e &#8220;Investimentos&#8221;, refor\u00e7ando sua posi\u00e7\u00e3o de destaque.<\/p>\n\n\n\n<p><strong>Cronograma<\/strong><\/p>\n\n\n\n<p>Os primeiros departamentos a serem auditados foram Atendimento (Sate), Assessoria T\u00e9cnica (Astec) e Superintend\u00eancia de Investimentos (Supinv). Nos pr\u00f3ximos dias, o processo abranger\u00e1 a Alta Dire\u00e7\u00e3o, Compensa\u00e7\u00e3o Previdenci\u00e1ria (Comprev), Contabilidade (Scont), Financeiro (Sfin), Manuten\u00e7\u00e3o e Material (Smat), Call Center, Comunica\u00e7\u00e3o (Ascom), Agenda Assessoria, Auditoria Interna (Audin), Chefia de Gabinete (Cgab), Procuradoria Jur\u00eddica (Projur), Psicossocial (Psico), Arquivo (Sarq), Concess\u00e3o de Benef\u00edcios (Scon), Manuten\u00e7\u00e3o de Benef\u00edcios (Sman), Planejamento (Splan), Tecnologia da Informa\u00e7\u00e3o (Stin) e Gest\u00e3o de Pessoas (Sgep).<\/p>\n\n\n\n<p>&#8212; &#8212; &#8212;<\/p>\n\n\n\n<p><strong>Texto<\/strong> \u2013 Renata Felix \/ Manaus Previd\u00eancia<\/p>\n\n\n\n<p><strong>Fotos<\/strong> \u2013 Raquel Dedier \/ Manaus Previd\u00eancia<\/p>\n","protected":false},"excerpt":{"rendered":"","protected":false},"author":57,"featured_media":241347,"comment_status":"closed","ping_status":"closed","sticky":false,"template":"","format":"standard","meta":{"footnotes":""},"categories":[3177],"tags":[11720,9617,77],"acf":[],"yoast_head":"<!-- This site is optimized with the Yoast SEO plugin v23.0 - https:\/\/yoast.com\/wordpress\/plugins\/seo\/ -->\n<title>Manausprev inicia auditoria para manter excel\u00eancia e atendimento<\/title>\n<meta name=\"description\" content=\"At\u00e9 o dia 11 de julho, todos os setores da autarquia passar\u00e3o por uma auditoria interna anual no Sistema de Gest\u00e3o da Qualidade (SGQ).\" \/>\n<meta name=\"robots\" content=\"index, follow, max-snippet:-1, max-image-preview:large, max-video-preview:-1\" \/>\n<link rel=\"canonical\" href=\"https:\/\/www.manaus.am.gov.br\/semcom\/auditoria-interna-manaus-previdenci\/\" \/>\n<meta property=\"og:locale\" content=\"pt_BR\" \/>\n<meta property=\"og:type\" content=\"article\" \/>\n<meta property=\"og:title\" content=\"Manausprev inicia auditoria para manter excel\u00eancia e atendimento\" \/>\n<meta property=\"og:description\" content=\"At\u00e9 o dia 11 de julho, todos os setores da autarquia passar\u00e3o por uma auditoria interna anual no Sistema de Gest\u00e3o da Qualidade (SGQ).\" \/>\n<meta property=\"og:url\" content=\"https:\/\/www.manaus.am.gov.br\/semcom\/auditoria-interna-manaus-previdenci\/\" \/>\n<meta property=\"og:site_name\" content=\"SEMCOM\" \/>\n<meta property=\"article:published_time\" content=\"2025-07-01T18:27:06+00:00\" \/>\n<meta property=\"article:modified_time\" content=\"2025-07-01T18:27:08+00:00\" \/>\n<meta property=\"og:image\" content=\"https:\/\/www.manaus.am.gov.br\/semcom\/wp-content\/uploads\/sites\/5\/2025\/07\/Auditoria.jpg\" \/>\n\t<meta property=\"og:image:width\" content=\"1200\" \/>\n\t<meta property=\"og:image:height\" content=\"673\" \/>\n\t<meta property=\"og:image:type\" content=\"image\/jpeg\" \/>\n<meta name=\"author\" content=\"Thiago Fernando\" \/>\n<meta name=\"twitter:card\" content=\"summary_large_image\" \/>\n<meta name=\"twitter:label1\" content=\"Written by\" \/>\n\t<meta name=\"twitter:data1\" content=\"Thiago Fernando\" \/>\n\t<meta name=\"twitter:label2\" content=\"Est. reading time\" \/>\n\t<meta name=\"twitter:data2\" content=\"2 minutos\" \/>\n<script type=\"application\/ld+json\" class=\"yoast-schema-graph\">{\"@context\":\"https:\/\/schema.org\",\"@graph\":[{\"@type\":\"WebPage\",\"@id\":\"https:\/\/www.manaus.am.gov.br\/semcom\/auditoria-interna-manaus-previdenci\/\",\"url\":\"https:\/\/www.manaus.am.gov.br\/semcom\/auditoria-interna-manaus-previdenci\/\",\"name\":\"Manausprev inicia auditoria para manter excel\u00eancia e atendimento\",\"isPartOf\":{\"@id\":\"https:\/\/www.manaus.am.gov.br\/semcom\/#website\"},\"primaryImageOfPage\":{\"@id\":\"https:\/\/www.manaus.am.gov.br\/semcom\/auditoria-interna-manaus-previdenci\/#primaryimage\"},\"image\":{\"@id\":\"https:\/\/www.manaus.am.gov.br\/semcom\/auditoria-interna-manaus-previdenci\/#primaryimage\"},\"thumbnailUrl\":\"https:\/\/www.manaus.am.gov.br\/semcom\/wp-content\/uploads\/sites\/5\/2025\/07\/Auditoria.jpg\",\"datePublished\":\"2025-07-01T18:27:06+00:00\",\"dateModified\":\"2025-07-01T18:27:08+00:00\",\"author\":{\"@id\":\"https:\/\/www.manaus.am.gov.br\/semcom\/#\/schema\/person\/a5ee5376db6e21af026374b369f30882\"},\"description\":\"At\u00e9 o dia 11 de julho, todos os setores da autarquia passar\u00e3o por uma auditoria interna anual no Sistema de Gest\u00e3o da Qualidade (SGQ).\",\"inLanguage\":\"pt-BR\",\"potentialAction\":[{\"@type\":\"ReadAction\",\"target\":[\"https:\/\/www.manaus.am.gov.br\/semcom\/auditoria-interna-manaus-previdenci\/\"]}]},{\"@type\":\"ImageObject\",\"inLanguage\":\"pt-BR\",\"@id\":\"https:\/\/www.manaus.am.gov.br\/semcom\/auditoria-interna-manaus-previdenci\/#primaryimage\",\"url\":\"https:\/\/www.manaus.am.gov.br\/semcom\/wp-content\/uploads\/sites\/5\/2025\/07\/Auditoria.jpg\",\"contentUrl\":\"https:\/\/www.manaus.am.gov.br\/semcom\/wp-content\/uploads\/sites\/5\/2025\/07\/Auditoria.jpg\",\"width\":1200,\"height\":673,\"caption\":\"auditoria\"},{\"@type\":\"WebSite\",\"@id\":\"https:\/\/www.manaus.am.gov.br\/semcom\/#website\",\"url\":\"https:\/\/www.manaus.am.gov.br\/semcom\/\",\"name\":\"SEMCOM\",\"description\":\"Secretaria Municipal de Comunica\u00e7\u00e3o\",\"potentialAction\":[{\"@type\":\"SearchAction\",\"target\":{\"@type\":\"EntryPoint\",\"urlTemplate\":\"https:\/\/www.manaus.am.gov.br\/semcom\/?s={search_term_string}\"},\"query-input\":\"required name=search_term_string\"}],\"inLanguage\":\"pt-BR\"},{\"@type\":\"Person\",\"@id\":\"https:\/\/www.manaus.am.gov.br\/semcom\/#\/schema\/person\/a5ee5376db6e21af026374b369f30882\",\"name\":\"Thiago Fernando\",\"image\":{\"@type\":\"ImageObject\",\"inLanguage\":\"pt-BR\",\"@id\":\"https:\/\/www.manaus.am.gov.br\/semcom\/#\/schema\/person\/image\/\",\"url\":\"https:\/\/secure.gravatar.com\/avatar\/f5aab8722444041451501c077052ac07?s=96&d=mm&r=g\",\"contentUrl\":\"https:\/\/secure.gravatar.com\/avatar\/f5aab8722444041451501c077052ac07?s=96&d=mm&r=g\",\"caption\":\"Thiago Fernando\"}}]}<\/script>\n<!-- \/ Yoast SEO plugin. -->","yoast_head_json":{"title":"Manausprev inicia auditoria para manter excel\u00eancia e atendimento","description":"At\u00e9 o dia 11 de julho, todos os setores da autarquia passar\u00e3o por uma auditoria interna anual no Sistema de Gest\u00e3o da Qualidade (SGQ).","robots":{"index":"index","follow":"follow","max-snippet":"max-snippet:-1","max-image-preview":"max-image-preview:large","max-video-preview":"max-video-preview:-1"},"canonical":"https:\/\/www.manaus.am.gov.br\/semcom\/auditoria-interna-manaus-previdenci\/","og_locale":"pt_BR","og_type":"article","og_title":"Manausprev inicia auditoria para manter excel\u00eancia e atendimento","og_description":"At\u00e9 o dia 11 de julho, todos os setores da autarquia passar\u00e3o por uma auditoria interna anual no Sistema de Gest\u00e3o da Qualidade (SGQ).","og_url":"https:\/\/www.manaus.am.gov.br\/semcom\/auditoria-interna-manaus-previdenci\/","og_site_name":"SEMCOM","article_published_time":"2025-07-01T18:27:06+00:00","article_modified_time":"2025-07-01T18:27:08+00:00","og_image":[{"width":1200,"height":673,"url":"https:\/\/www.manaus.am.gov.br\/semcom\/wp-content\/uploads\/sites\/5\/2025\/07\/Auditoria.jpg","type":"image\/jpeg"}],"author":"Thiago Fernando","twitter_card":"summary_large_image","twitter_misc":{"Written by":"Thiago Fernando","Est. reading time":"2 minutos"},"schema":{"@context":"https:\/\/schema.org","@graph":[{"@type":"WebPage","@id":"https:\/\/www.manaus.am.gov.br\/semcom\/auditoria-interna-manaus-previdenci\/","url":"https:\/\/www.manaus.am.gov.br\/semcom\/auditoria-interna-manaus-previdenci\/","name":"Manausprev inicia auditoria para manter excel\u00eancia e atendimento","isPartOf":{"@id":"https:\/\/www.manaus.am.gov.br\/semcom\/#website"},"primaryImageOfPage":{"@id":"https:\/\/www.manaus.am.gov.br\/semcom\/auditoria-interna-manaus-previdenci\/#primaryimage"},"image":{"@id":"https:\/\/www.manaus.am.gov.br\/semcom\/auditoria-interna-manaus-previdenci\/#primaryimage"},"thumbnailUrl":"https:\/\/www.manaus.am.gov.br\/semcom\/wp-content\/uploads\/sites\/5\/2025\/07\/Auditoria.jpg","datePublished":"2025-07-01T18:27:06+00:00","dateModified":"2025-07-01T18:27:08+00:00","author":{"@id":"https:\/\/www.manaus.am.gov.br\/semcom\/#\/schema\/person\/a5ee5376db6e21af026374b369f30882"},"description":"At\u00e9 o dia 11 de julho, todos os setores da autarquia passar\u00e3o por uma auditoria interna anual no Sistema de Gest\u00e3o da Qualidade (SGQ).","inLanguage":"pt-BR","potentialAction":[{"@type":"ReadAction","target":["https:\/\/www.manaus.am.gov.br\/semcom\/auditoria-interna-manaus-previdenci\/"]}]},{"@type":"ImageObject","inLanguage":"pt-BR","@id":"https:\/\/www.manaus.am.gov.br\/semcom\/auditoria-interna-manaus-previdenci\/#primaryimage","url":"https:\/\/www.manaus.am.gov.br\/semcom\/wp-content\/uploads\/sites\/5\/2025\/07\/Auditoria.jpg","contentUrl":"https:\/\/www.manaus.am.gov.br\/semcom\/wp-content\/uploads\/sites\/5\/2025\/07\/Auditoria.jpg","width":1200,"height":673,"caption":"auditoria"},{"@type":"WebSite","@id":"https:\/\/www.manaus.am.gov.br\/semcom\/#website","url":"https:\/\/www.manaus.am.gov.br\/semcom\/","name":"SEMCOM","description":"Secretaria Municipal de Comunica\u00e7\u00e3o","potentialAction":[{"@type":"SearchAction","target":{"@type":"EntryPoint","urlTemplate":"https:\/\/www.manaus.am.gov.br\/semcom\/?s={search_term_string}"},"query-input":"required name=search_term_string"}],"inLanguage":"pt-BR"},{"@type":"Person","@id":"https:\/\/www.manaus.am.gov.br\/semcom\/#\/schema\/person\/a5ee5376db6e21af026374b369f30882","name":"Thiago Fernando","image":{"@type":"ImageObject","inLanguage":"pt-BR","@id":"https:\/\/www.manaus.am.gov.br\/semcom\/#\/schema\/person\/image\/","url":"https:\/\/secure.gravatar.com\/avatar\/f5aab8722444041451501c077052ac07?s=96&d=mm&r=g","contentUrl":"https:\/\/secure.gravatar.com\/avatar\/f5aab8722444041451501c077052ac07?s=96&d=mm&r=g","caption":"Thiago Fernando"}}]}},"_links":{"self":[{"href":"https:\/\/www.manaus.am.gov.br\/semcom\/wp-json\/wp\/v2\/posts\/241346"}],"collection":[{"href":"https:\/\/www.manaus.am.gov.br\/semcom\/wp-json\/wp\/v2\/posts"}],"about":[{"href":"https:\/\/www.manaus.am.gov.br\/semcom\/wp-json\/wp\/v2\/types\/post"}],"author":[{"embeddable":true,"href":"https:\/\/www.manaus.am.gov.br\/semcom\/wp-json\/wp\/v2\/users\/57"}],"replies":[{"embeddable":true,"href":"https:\/\/www.manaus.am.gov.br\/semcom\/wp-json\/wp\/v2\/comments?post=241346"}],"version-history":[{"count":0,"href":"https:\/\/www.manaus.am.gov.br\/semcom\/wp-json\/wp\/v2\/posts\/241346\/revisions"}],"wp:featuredmedia":[{"embeddable":true,"href":"https:\/\/www.manaus.am.gov.br\/semcom\/wp-json\/wp\/v2\/media\/241347"}],"wp:attachment":[{"href":"https:\/\/www.manaus.am.gov.br\/semcom\/wp-json\/wp\/v2\/media?parent=241346"}],"wp:term":[{"taxonomy":"category","embeddable":true,"href":"https:\/\/www.manaus.am.gov.br\/semcom\/wp-json\/wp\/v2\/categories?post=241346"},{"taxonomy":"post_tag","embeddable":true,"href":"https:\/\/www.manaus.am.gov.br\/semcom\/wp-json\/wp\/v2\/tags?post=241346"}],"curies":[{"name":"wp","href":"https:\/\/api.w.org\/{rel}","templated":true}]}}