{"id":241276,"date":"2025-06-30T13:05:07","date_gmt":"2025-06-30T16:05:07","guid":{"rendered":"https:\/\/www.manaus.am.gov.br\/semcom\/prefeitura-semacc-reformafeirasitinerantes\/"},"modified":"2025-06-30T13:05:08","modified_gmt":"2025-06-30T16:05:08","slug":"prefeitura-semacc-reformafeirasitinerantes","status":"publish","type":"post","link":"https:\/\/www.manaus.am.gov.br\/semcom\/prefeitura-semacc-reformafeirasitinerantes\/","title":{"rendered":"Feiras itinerantes ganham mais conforto e seguran\u00e7a com reformas da Prefeitura de Manaus"},"content":{"rendered":"\n<p>A Prefeitura de Manaus, por meio da Secretaria Municipal de Agricultura, Abastecimento, Centro e Com\u00e9rcio Informal (Semacc), realiza a reforma das bancas utilizadas nas feiras itinerantes Prefeito 1 e Prefeito 2. As obras, iniciadas no dia 15 de junho, contemplam mais de 200 bancas, que passam por servi\u00e7os de soldagem, pintura, troca de lonas e outras melhorias estruturais. A iniciativa j\u00e1 est\u00e1 em fase de conclus\u00e3o.<\/p>\n\n\n\n<p>\u201cA reforma das feiras itinerantes \u00e9 um compromisso da Prefeitura de Manaus com a valoriza\u00e7\u00e3o dos nossos trabalhadores e com a melhoria dos espa\u00e7os p\u00fablicos. Estamos investindo na estrutura, na seguran\u00e7a e na dignidade dos feirantes, al\u00e9m de oferecer mais conforto para quem compra. As feiras s\u00e3o fundamentais para a economia local e para garantir alimentos frescos, acess\u00edveis e de qualidade para a popula\u00e7\u00e3o\u201d, destacou o secret\u00e1rio da Semacc, Wanderson Costa.<\/p>\n\n\n\n<p>De acordo com o engenheiro da Semacc, Rafael Caputti, as melhorias representam um investimento direto na dignidade e valoriza\u00e7\u00e3o dos trabalhadores das feiras distribu\u00eddas em diversos bairros da capital. \u201cEstamos acompanhando de perto cada etapa das reformas para assegurar a qualidade dos servi\u00e7os, devolvendo \u00e0 popula\u00e7\u00e3o espa\u00e7os mais seguros, funcionais e visualmente agrad\u00e1veis\u201d, ressaltou.<\/p>\n\n\n\n<p>Um dos destaques da reforma \u00e9 a nova padroniza\u00e7\u00e3o das lonas, confeccionadas em material mais resistente e com cores vibrantes. A medida contribui para a identidade visual das feiras e refor\u00e7a a presen\u00e7a do poder p\u00fablico nas a\u00e7\u00f5es de fortalecimento da economia popular.<\/p>\n\n\n\n<p>Com essa iniciativa, a Prefeitura de Manaus reafirma seu compromisso com a moderniza\u00e7\u00e3o dos espa\u00e7os p\u00fablicos de com\u00e9rcio e com a valoriza\u00e7\u00e3o do trabalho de centenas de feirantes, que s\u00e3o fundamentais para o desenvolvimento da economia local e para o acesso da popula\u00e7\u00e3o a produtos frescos e de qualidade.<\/p>\n\n\n\n<p>A Semacc informa ainda que, mesmo durante as obras, as feiras itinerantes continuam funcionando normalmente nos dias e hor\u00e1rios habituais.<\/p>\n\n\n\n<p>Feira itinerante Prefeito 1<\/p>\n\n\n\n<p>Das 6h \u00e0s 19h<\/p>\n\n\n\n<p>\u2022&nbsp;Ter\u00e7as-feiras&nbsp;\u2013 Rua Coronel Salgado, bairro Aparecida<\/p>\n\n\n\n<p>\u2022&nbsp;Quartas-feiras&nbsp;\u2013 Rua Barcelos, esquina com Ferreira Pena (Centro)<\/p>\n\n\n\n<p>\u2022&nbsp;Quintas-feiras&nbsp;\u2013 Rua Apurin\u00e3 (entre Tarum\u00e3 e Japur\u00e1)<\/p>\n\n\n\n<p>\u2022&nbsp;Sextas-feiras&nbsp;\u2013 Avenida Get\u00falio Vargas (por tr\u00e1s do cemit\u00e9rio S\u00e3o Jo\u00e3o Batista)<\/p>\n\n\n\n<p>\u2022 S\u00e1bados \u2013 Rua J. Carlos Antony, bairro Cachoeirinha<\/p>\n\n\n\n<p>Feira Itinerante Prefeito 2<\/p>\n\n\n\n<p>Das 6h \u00e0s 19h<\/p>\n\n\n\n<p>Acontece duas vezes por semana:&nbsp;<\/p>\n\n\n\n<p>\u2022&nbsp;Quartas-feiras&nbsp;\u2013 Conjunto Eldorado (Pra\u00e7a do Caranguejo), zona Centro-Sul<\/p>\n\n\n\n<p>\u2022&nbsp;Quintas-feiras&nbsp;\u2013 Centro Comercial Campos El\u00edseos, zona Centro-Oeste<\/p>\n\n\n\n<p>&#8212; &#8212; &#8212;<\/p>\n\n\n\n<p><strong>Texto <\/strong>&#8211; Milton Bambo\/Semacc<\/p>\n\n\n\n<p><strong>Fotos <\/strong>&#8211; Gildo Smith\/Semacc<\/p>\n","protected":false},"excerpt":{"rendered":"","protected":false},"author":23,"featured_media":241277,"comment_status":"closed","ping_status":"closed","sticky":false,"template":"","format":"standard","meta":{"footnotes":""},"categories":[772],"tags":[1142,15516,77,1314,55],"acf":[],"yoast_head":"<!-- This site is optimized with the Yoast SEO plugin v23.0 - https:\/\/yoast.com\/wordpress\/plugins\/seo\/ -->\n<title>Feiras itinerantes ganham mais conforto e seguran\u00e7a com reformas da Prefeitura de Manaus<\/title>\n<meta name=\"description\" content=\"A Prefeitura de Manaus, por meio da Secretaria Municipal de Agricultura, Abastecimento, Centro e Com\u00e9rcio Informal (Semacc), realiza a reforma das bancas utilizadas nas feiras itinerantes Prefeito 1 e Prefeito 2.\" \/>\n<meta name=\"robots\" content=\"index, follow, max-snippet:-1, max-image-preview:large, max-video-preview:-1\" \/>\n<link rel=\"canonical\" href=\"https:\/\/www.manaus.am.gov.br\/semcom\/prefeitura-semacc-reformafeirasitinerantes\/\" \/>\n<meta property=\"og:locale\" content=\"pt_BR\" \/>\n<meta property=\"og:type\" content=\"article\" \/>\n<meta property=\"og:title\" content=\"Feiras itinerantes ganham mais conforto e seguran\u00e7a com reformas da Prefeitura de Manaus\" \/>\n<meta property=\"og:description\" content=\"A Prefeitura de Manaus, por meio da Secretaria Municipal de Agricultura, Abastecimento, Centro e Com\u00e9rcio Informal (Semacc), realiza a reforma das bancas utilizadas nas feiras itinerantes Prefeito 1 e Prefeito 2.\" \/>\n<meta property=\"og:url\" content=\"https:\/\/www.manaus.am.gov.br\/semcom\/prefeitura-semacc-reformafeirasitinerantes\/\" \/>\n<meta property=\"og:site_name\" content=\"SEMCOM\" \/>\n<meta property=\"article:published_time\" content=\"2025-06-30T16:05:07+00:00\" \/>\n<meta property=\"article:modified_time\" content=\"2025-06-30T16:05:08+00:00\" \/>\n<meta property=\"og:image\" content=\"https:\/\/www.manaus.am.gov.br\/semcom\/wp-content\/uploads\/sites\/5\/2025\/06\/IMG-20250628-WA0007.jpg\" \/>\n\t<meta property=\"og:image:width\" content=\"4160\" \/>\n\t<meta property=\"og:image:height\" content=\"3120\" \/>\n\t<meta property=\"og:image:type\" content=\"image\/jpeg\" \/>\n<meta name=\"author\" content=\"Adriana Costa\" \/>\n<meta name=\"twitter:card\" content=\"summary_large_image\" \/>\n<meta name=\"twitter:label1\" content=\"Written by\" \/>\n\t<meta name=\"twitter:data1\" content=\"Adriana Costa\" \/>\n\t<meta name=\"twitter:label2\" content=\"Est. reading time\" \/>\n\t<meta name=\"twitter:data2\" content=\"3 minutos\" \/>\n<script type=\"application\/ld+json\" class=\"yoast-schema-graph\">{\"@context\":\"https:\/\/schema.org\",\"@graph\":[{\"@type\":\"WebPage\",\"@id\":\"https:\/\/www.manaus.am.gov.br\/semcom\/prefeitura-semacc-reformafeirasitinerantes\/\",\"url\":\"https:\/\/www.manaus.am.gov.br\/semcom\/prefeitura-semacc-reformafeirasitinerantes\/\",\"name\":\"Feiras itinerantes ganham mais conforto e seguran\u00e7a com reformas da Prefeitura de Manaus\",\"isPartOf\":{\"@id\":\"https:\/\/www.manaus.am.gov.br\/semcom\/#website\"},\"primaryImageOfPage\":{\"@id\":\"https:\/\/www.manaus.am.gov.br\/semcom\/prefeitura-semacc-reformafeirasitinerantes\/#primaryimage\"},\"image\":{\"@id\":\"https:\/\/www.manaus.am.gov.br\/semcom\/prefeitura-semacc-reformafeirasitinerantes\/#primaryimage\"},\"thumbnailUrl\":\"https:\/\/www.manaus.am.gov.br\/semcom\/wp-content\/uploads\/sites\/5\/2025\/06\/IMG-20250628-WA0007.jpg\",\"datePublished\":\"2025-06-30T16:05:07+00:00\",\"dateModified\":\"2025-06-30T16:05:08+00:00\",\"author\":{\"@id\":\"https:\/\/www.manaus.am.gov.br\/semcom\/#\/schema\/person\/4e49f4e267757a06ca072ec61b2b9968\"},\"description\":\"A Prefeitura de Manaus, por meio da Secretaria Municipal de Agricultura, Abastecimento, Centro e Com\u00e9rcio Informal (Semacc), realiza a reforma das bancas utilizadas nas feiras itinerantes Prefeito 1 e Prefeito 2.\",\"inLanguage\":\"pt-BR\",\"potentialAction\":[{\"@type\":\"ReadAction\",\"target\":[\"https:\/\/www.manaus.am.gov.br\/semcom\/prefeitura-semacc-reformafeirasitinerantes\/\"]}]},{\"@type\":\"ImageObject\",\"inLanguage\":\"pt-BR\",\"@id\":\"https:\/\/www.manaus.am.gov.br\/semcom\/prefeitura-semacc-reformafeirasitinerantes\/#primaryimage\",\"url\":\"https:\/\/www.manaus.am.gov.br\/semcom\/wp-content\/uploads\/sites\/5\/2025\/06\/IMG-20250628-WA0007.jpg\",\"contentUrl\":\"https:\/\/www.manaus.am.gov.br\/semcom\/wp-content\/uploads\/sites\/5\/2025\/06\/IMG-20250628-WA0007.jpg\",\"width\":4160,\"height\":3120},{\"@type\":\"WebSite\",\"@id\":\"https:\/\/www.manaus.am.gov.br\/semcom\/#website\",\"url\":\"https:\/\/www.manaus.am.gov.br\/semcom\/\",\"name\":\"SEMCOM\",\"description\":\"Secretaria Municipal de Comunica\u00e7\u00e3o\",\"potentialAction\":[{\"@type\":\"SearchAction\",\"target\":{\"@type\":\"EntryPoint\",\"urlTemplate\":\"https:\/\/www.manaus.am.gov.br\/semcom\/?s={search_term_string}\"},\"query-input\":\"required name=search_term_string\"}],\"inLanguage\":\"pt-BR\"},{\"@type\":\"Person\",\"@id\":\"https:\/\/www.manaus.am.gov.br\/semcom\/#\/schema\/person\/4e49f4e267757a06ca072ec61b2b9968\",\"name\":\"Adriana Costa\",\"image\":{\"@type\":\"ImageObject\",\"inLanguage\":\"pt-BR\",\"@id\":\"https:\/\/www.manaus.am.gov.br\/semcom\/#\/schema\/person\/image\/\",\"url\":\"https:\/\/secure.gravatar.com\/avatar\/576258617ef7194f718179e766d57bd4?s=96&d=mm&r=g\",\"contentUrl\":\"https:\/\/secure.gravatar.com\/avatar\/576258617ef7194f718179e766d57bd4?s=96&d=mm&r=g\",\"caption\":\"Adriana Costa\"}}]}<\/script>\n<!-- \/ Yoast SEO plugin. -->","yoast_head_json":{"title":"Feiras itinerantes ganham mais conforto e seguran\u00e7a com reformas da Prefeitura de Manaus","description":"A Prefeitura de Manaus, por meio da Secretaria Municipal de Agricultura, Abastecimento, Centro e Com\u00e9rcio Informal (Semacc), realiza a reforma das bancas utilizadas nas feiras itinerantes Prefeito 1 e Prefeito 2.","robots":{"index":"index","follow":"follow","max-snippet":"max-snippet:-1","max-image-preview":"max-image-preview:large","max-video-preview":"max-video-preview:-1"},"canonical":"https:\/\/www.manaus.am.gov.br\/semcom\/prefeitura-semacc-reformafeirasitinerantes\/","og_locale":"pt_BR","og_type":"article","og_title":"Feiras itinerantes ganham mais conforto e seguran\u00e7a com reformas da Prefeitura de Manaus","og_description":"A Prefeitura de Manaus, por meio da Secretaria Municipal de Agricultura, Abastecimento, Centro e Com\u00e9rcio Informal (Semacc), realiza a reforma das bancas utilizadas nas feiras itinerantes Prefeito 1 e Prefeito 2.","og_url":"https:\/\/www.manaus.am.gov.br\/semcom\/prefeitura-semacc-reformafeirasitinerantes\/","og_site_name":"SEMCOM","article_published_time":"2025-06-30T16:05:07+00:00","article_modified_time":"2025-06-30T16:05:08+00:00","og_image":[{"width":4160,"height":3120,"url":"https:\/\/www.manaus.am.gov.br\/semcom\/wp-content\/uploads\/sites\/5\/2025\/06\/IMG-20250628-WA0007.jpg","type":"image\/jpeg"}],"author":"Adriana Costa","twitter_card":"summary_large_image","twitter_misc":{"Written by":"Adriana Costa","Est. reading time":"3 minutos"},"schema":{"@context":"https:\/\/schema.org","@graph":[{"@type":"WebPage","@id":"https:\/\/www.manaus.am.gov.br\/semcom\/prefeitura-semacc-reformafeirasitinerantes\/","url":"https:\/\/www.manaus.am.gov.br\/semcom\/prefeitura-semacc-reformafeirasitinerantes\/","name":"Feiras itinerantes ganham mais conforto e seguran\u00e7a com reformas da Prefeitura de Manaus","isPartOf":{"@id":"https:\/\/www.manaus.am.gov.br\/semcom\/#website"},"primaryImageOfPage":{"@id":"https:\/\/www.manaus.am.gov.br\/semcom\/prefeitura-semacc-reformafeirasitinerantes\/#primaryimage"},"image":{"@id":"https:\/\/www.manaus.am.gov.br\/semcom\/prefeitura-semacc-reformafeirasitinerantes\/#primaryimage"},"thumbnailUrl":"https:\/\/www.manaus.am.gov.br\/semcom\/wp-content\/uploads\/sites\/5\/2025\/06\/IMG-20250628-WA0007.jpg","datePublished":"2025-06-30T16:05:07+00:00","dateModified":"2025-06-30T16:05:08+00:00","author":{"@id":"https:\/\/www.manaus.am.gov.br\/semcom\/#\/schema\/person\/4e49f4e267757a06ca072ec61b2b9968"},"description":"A Prefeitura de Manaus, por meio da Secretaria Municipal de Agricultura, Abastecimento, Centro e Com\u00e9rcio Informal (Semacc), realiza a reforma das bancas utilizadas nas feiras itinerantes Prefeito 1 e Prefeito 2.","inLanguage":"pt-BR","potentialAction":[{"@type":"ReadAction","target":["https:\/\/www.manaus.am.gov.br\/semcom\/prefeitura-semacc-reformafeirasitinerantes\/"]}]},{"@type":"ImageObject","inLanguage":"pt-BR","@id":"https:\/\/www.manaus.am.gov.br\/semcom\/prefeitura-semacc-reformafeirasitinerantes\/#primaryimage","url":"https:\/\/www.manaus.am.gov.br\/semcom\/wp-content\/uploads\/sites\/5\/2025\/06\/IMG-20250628-WA0007.jpg","contentUrl":"https:\/\/www.manaus.am.gov.br\/semcom\/wp-content\/uploads\/sites\/5\/2025\/06\/IMG-20250628-WA0007.jpg","width":4160,"height":3120},{"@type":"WebSite","@id":"https:\/\/www.manaus.am.gov.br\/semcom\/#website","url":"https:\/\/www.manaus.am.gov.br\/semcom\/","name":"SEMCOM","description":"Secretaria Municipal de Comunica\u00e7\u00e3o","potentialAction":[{"@type":"SearchAction","target":{"@type":"EntryPoint","urlTemplate":"https:\/\/www.manaus.am.gov.br\/semcom\/?s={search_term_string}"},"query-input":"required name=search_term_string"}],"inLanguage":"pt-BR"},{"@type":"Person","@id":"https:\/\/www.manaus.am.gov.br\/semcom\/#\/schema\/person\/4e49f4e267757a06ca072ec61b2b9968","name":"Adriana Costa","image":{"@type":"ImageObject","inLanguage":"pt-BR","@id":"https:\/\/www.manaus.am.gov.br\/semcom\/#\/schema\/person\/image\/","url":"https:\/\/secure.gravatar.com\/avatar\/576258617ef7194f718179e766d57bd4?s=96&d=mm&r=g","contentUrl":"https:\/\/secure.gravatar.com\/avatar\/576258617ef7194f718179e766d57bd4?s=96&d=mm&r=g","caption":"Adriana Costa"}}]}},"_links":{"self":[{"href":"https:\/\/www.manaus.am.gov.br\/semcom\/wp-json\/wp\/v2\/posts\/241276"}],"collection":[{"href":"https:\/\/www.manaus.am.gov.br\/semcom\/wp-json\/wp\/v2\/posts"}],"about":[{"href":"https:\/\/www.manaus.am.gov.br\/semcom\/wp-json\/wp\/v2\/types\/post"}],"author":[{"embeddable":true,"href":"https:\/\/www.manaus.am.gov.br\/semcom\/wp-json\/wp\/v2\/users\/23"}],"replies":[{"embeddable":true,"href":"https:\/\/www.manaus.am.gov.br\/semcom\/wp-json\/wp\/v2\/comments?post=241276"}],"version-history":[{"count":0,"href":"https:\/\/www.manaus.am.gov.br\/semcom\/wp-json\/wp\/v2\/posts\/241276\/revisions"}],"wp:featuredmedia":[{"embeddable":true,"href":"https:\/\/www.manaus.am.gov.br\/semcom\/wp-json\/wp\/v2\/media\/241277"}],"wp:attachment":[{"href":"https:\/\/www.manaus.am.gov.br\/semcom\/wp-json\/wp\/v2\/media?parent=241276"}],"wp:term":[{"taxonomy":"category","embeddable":true,"href":"https:\/\/www.manaus.am.gov.br\/semcom\/wp-json\/wp\/v2\/categories?post=241276"},{"taxonomy":"post_tag","embeddable":true,"href":"https:\/\/www.manaus.am.gov.br\/semcom\/wp-json\/wp\/v2\/tags?post=241276"}],"curies":[{"name":"wp","href":"https:\/\/api.w.org\/{rel}","templated":true}]}}