{"id":241259,"date":"2025-06-27T16:01:15","date_gmt":"2025-06-27T19:01:15","guid":{"rendered":"https:\/\/www.manaus.am.gov.br\/semcom\/igreja-nossa-senhora-dos-remedios\/"},"modified":"2025-06-27T16:01:15","modified_gmt":"2025-06-27T19:01:15","slug":"igreja-nossa-senhora-dos-remedios","status":"publish","type":"post","link":"https:\/\/www.manaus.am.gov.br\/semcom\/igreja-nossa-senhora-dos-remedios\/","title":{"rendered":"Com projeto arquitet\u00f4nico desenvolvido por equipe da prefeitura, obra da igreja Nossa Senhora dos Rem\u00e9dios \u00e9 conclu\u00edda"},"content":{"rendered":"\n<p>Nesta sexta-feira, 27\/6, uma solenidade em a\u00e7\u00e3o de gra\u00e7as pela obra da Igreja de Nossa Senhora dos Rem\u00e9dios marcou a primeira das tr\u00eas entregas de reformas previstas para as igrejas centen\u00e1rias do Centro Hist\u00f3rico de <a href=\"https:\/\/www.instagram.com\/prefeiturademanaus\/\">Manaus<\/a>, cujos projetos foram desenvolvidos a partir de uma colabora\u00e7\u00e3o da Prefeitura de Manaus, por meio do Instituto Municipal de Planejamento Urbano (Implurb).<\/p>\n\n\n\n<p>A Catedral Metropolitana de Nossa Senhora da Concei\u00e7\u00e3o e a Igreja de S\u00e3o Sebasti\u00e3o tamb\u00e9m est\u00e3o sendo reformadas com recursos de mais R$ 8 milh\u00f5es, recursos de emendas da bancada federal do Amazonas, por meio do Instituto do Patrim\u00f4nio Hist\u00f3rico e Art\u00edstico Nacional (Iphan) do Amazonas.<\/p>\n\n\n\n<p>Os tr\u00eas im\u00f3veis integram o Centro Hist\u00f3rico de Manaus e s\u00e3o tombados como bens isolados pelo Estado e na capital amazonense.<\/p>\n\n\n\n<p>O pedido de reforma das igrejas partiu da Arquidiocese de Manaus \u00e0 bancada federal em 2022 e contou com o apoio do Implurb, assim como da Secretaria de Estado de Cultura e Economia Criativa (SEC), para elabora\u00e7\u00e3o dos projetos de engenharia, arquitetura e or\u00e7amento, para que o Iphan-AM realizasse as licita\u00e7\u00f5es. O custo da obra na par\u00f3quia de Nossa Senhora dos Rem\u00e9dios foi de aproximadamente R$ 1,7 milh\u00e3o.<\/p>\n\n\n\n<p>Para a superintendente do Iphan no Amazonas, Beatriz Calheiro, a entrega \u00e9 muito mais do que uma obra de conserva\u00e7\u00e3o. \u201c\u00c9 resultado de um esfor\u00e7o conjunto. Trata-se da preserva\u00e7\u00e3o de um patrim\u00f4nio que guarda mem\u00f3rias de mais de 100 anos de f\u00e9 e cultura\u201d, disse. \u201cUm novo cap\u00edtulo de reconhecimento da f\u00e9 e da hist\u00f3ria de Manaus que agora est\u00e1 renovado para servir \u00e0s pr\u00f3ximas gera\u00e7\u00f5es\u201d, completou.<\/p>\n\n\n\n<p>Presente \u00e0 cerim\u00f4nia, o diretor-presidente do&nbsp;Implurb, engenheiro Carlos Valente, frisou que o prefeito David Almeida tem como determina\u00e7\u00e3o a valoriza\u00e7\u00e3o, valora\u00e7\u00e3o e investimento no patrim\u00f4nio cultural da capital, o que se consolida em mais uma a\u00e7\u00e3o com a reforma das&nbsp;igrejas&nbsp;hist\u00f3ricas.<\/p>\n\n\n\n<p>\u201cEstivemos na Igreja dos Rem\u00e9dios destacando o esfor\u00e7o de v\u00e1rios amazonenses, uma somat\u00f3ria de a\u00e7\u00f5es para recuperar as tr\u00eas igrejas de refer\u00eancia e hist\u00f3ricas no centro da cidade. O&nbsp;Implurb&nbsp;segue \u00e0 disposi\u00e7\u00e3o da Arquidiocese, Iphan e da cidade de Manaus para contribuir, reabilitar e resgatar parte da hist\u00f3ria edificada, da hist\u00f3ria social e da hist\u00f3ria arquitet\u00f4nica do centro da capital\u201d, afirmou Valente.<\/p>\n\n\n\n<p>Ele acrescentou que a esses projetos se somam outras interven\u00e7\u00f5es, como as do \u201cNosso Centro\u201d, j\u00e1 entregues, como o mirante L\u00facia Almeida, casar\u00e3o Thiago de Mello, largo de S\u00e3o Vicente e p\u00eder tur\u00edstico, al\u00e9m dos retrofits de projetos habitacionais desenvolvidos pela Secretaria Municipal de Habita\u00e7\u00e3o e Assuntos Fundi\u00e1rios (Semhaf), trabalhando junto ao Minist\u00e9rio das Cidades.<\/p>\n\n\n\n<p>\u201cO prefeito David Almeida tem o compromisso em melhorar a qualidade de vida, a urbanidade, em resgatar e reabilitar o nosso Centro, que vai retomar a pujan\u00e7a que tinha e merece voltar a ter. As reformas das tr\u00eas&nbsp;igrejas&nbsp;se somam a essa nova din\u00e2mica promovida na gest\u00e3o atual, beneficiando a sociedade at\u00e9 o turismo religioso\u201d, completou.<\/p>\n\n\n\n<p><strong>Espa\u00e7os<\/strong><\/p>\n\n\n\n<p>\u201cS\u00e3o mais que espa\u00e7os religiosos, \u00e9 um espa\u00e7o da nossa hist\u00f3ria, do pertencimento e do patrim\u00f4nio da nossa sociedade\u201d, disse o arcebispo metropolitano de Manaus, dom Leonardo Steiner<\/p>\n\n\n\n<p>Entre os itens contemplados pela restaura\u00e7\u00e3o est\u00e3o a recupera\u00e7\u00e3o das argamassas e pintura interna e externa da igreja, a instala\u00e7\u00e3o do sistema de prote\u00e7\u00e3o contra descargas atmosf\u00e9ricas, a reforma da casa paroquial, conhecida como a casa do padre, a manuten\u00e7\u00e3o e substitui\u00e7\u00e3o parcial dos aparelhos de ar-condicionado, assegurando conforto t\u00e9rmico aos fi\u00e9is e a requalifica\u00e7\u00e3o completa do piso e do forro, preservando sua integridade art\u00edstica e estrutural.<\/p>\n\n\n\n<p>&nbsp;&#8212; &#8212; &#8212;<\/p>\n\n\n\n<p><strong>Texto<\/strong> \u2013 Divulga\u00e7\u00e3o \/ Implurb<\/p>\n\n\n\n<p><strong>Fotos \u2013 <\/strong>Divulga\u00e7\u00e3o \/ Implurb<\/p>\n\n\n\n<p><\/p>\n","protected":false},"excerpt":{"rendered":"","protected":false},"author":57,"featured_media":241260,"comment_status":"closed","ping_status":"closed","sticky":false,"template":"","format":"standard","meta":{"footnotes":""},"categories":[8],"tags":[6955,65,77],"acf":[],"yoast_head":"<!-- This site is optimized with the Yoast SEO plugin v23.0 - https:\/\/yoast.com\/wordpress\/plugins\/seo\/ -->\n<title>Obra da igreja Nossa Senhora dos Rem\u00e9dios \u00e9 conclu\u00edda<\/title>\n<meta name=\"description\" content=\"Nesta sexta-feira, 27\/6, uma solenidade em a\u00e7\u00e3o de gra\u00e7as pela obra da Igreja de Nossa Senhora dos Rem\u00e9dios marcou a primeira das tr\u00eas entregas de reformas previstas para as igrejas centen\u00e1rias do Centro Hist\u00f3rico de Manaus\" \/>\n<meta name=\"robots\" content=\"index, follow, max-snippet:-1, max-image-preview:large, max-video-preview:-1\" \/>\n<link rel=\"canonical\" href=\"https:\/\/www.manaus.am.gov.br\/semcom\/igreja-nossa-senhora-dos-remedios\/\" \/>\n<meta property=\"og:locale\" content=\"pt_BR\" \/>\n<meta property=\"og:type\" content=\"article\" \/>\n<meta property=\"og:title\" content=\"Obra da igreja Nossa Senhora dos Rem\u00e9dios \u00e9 conclu\u00edda\" \/>\n<meta property=\"og:description\" content=\"Nesta sexta-feira, 27\/6, uma solenidade em a\u00e7\u00e3o de gra\u00e7as pela obra da Igreja de Nossa Senhora dos Rem\u00e9dios marcou a primeira das tr\u00eas entregas de reformas previstas para as igrejas centen\u00e1rias do Centro Hist\u00f3rico de Manaus\" \/>\n<meta property=\"og:url\" content=\"https:\/\/www.manaus.am.gov.br\/semcom\/igreja-nossa-senhora-dos-remedios\/\" \/>\n<meta property=\"og:site_name\" content=\"SEMCOM\" \/>\n<meta property=\"article:published_time\" content=\"2025-06-27T19:01:15+00:00\" \/>\n<meta property=\"og:image\" content=\"https:\/\/www.manaus.am.gov.br\/semcom\/wp-content\/uploads\/sites\/5\/2025\/06\/igreja-Nossa-Senhora-dos-Remedios-1.jpeg\" \/>\n\t<meta property=\"og:image:width\" content=\"768\" \/>\n\t<meta property=\"og:image:height\" content=\"333\" \/>\n\t<meta property=\"og:image:type\" content=\"image\/jpeg\" \/>\n<meta name=\"author\" content=\"Thiago Fernando\" \/>\n<meta name=\"twitter:card\" content=\"summary_large_image\" \/>\n<meta name=\"twitter:label1\" content=\"Written by\" \/>\n\t<meta name=\"twitter:data1\" content=\"Thiago Fernando\" \/>\n\t<meta name=\"twitter:label2\" content=\"Est. reading time\" \/>\n\t<meta name=\"twitter:data2\" content=\"4 minutos\" \/>\n<script type=\"application\/ld+json\" class=\"yoast-schema-graph\">{\"@context\":\"https:\/\/schema.org\",\"@graph\":[{\"@type\":\"WebPage\",\"@id\":\"https:\/\/www.manaus.am.gov.br\/semcom\/igreja-nossa-senhora-dos-remedios\/\",\"url\":\"https:\/\/www.manaus.am.gov.br\/semcom\/igreja-nossa-senhora-dos-remedios\/\",\"name\":\"Obra da igreja Nossa Senhora dos Rem\u00e9dios \u00e9 conclu\u00edda\",\"isPartOf\":{\"@id\":\"https:\/\/www.manaus.am.gov.br\/semcom\/#website\"},\"primaryImageOfPage\":{\"@id\":\"https:\/\/www.manaus.am.gov.br\/semcom\/igreja-nossa-senhora-dos-remedios\/#primaryimage\"},\"image\":{\"@id\":\"https:\/\/www.manaus.am.gov.br\/semcom\/igreja-nossa-senhora-dos-remedios\/#primaryimage\"},\"thumbnailUrl\":\"https:\/\/www.manaus.am.gov.br\/semcom\/wp-content\/uploads\/sites\/5\/2025\/06\/igreja-Nossa-Senhora-dos-Remedios-1.jpeg\",\"datePublished\":\"2025-06-27T19:01:15+00:00\",\"dateModified\":\"2025-06-27T19:01:15+00:00\",\"author\":{\"@id\":\"https:\/\/www.manaus.am.gov.br\/semcom\/#\/schema\/person\/a5ee5376db6e21af026374b369f30882\"},\"description\":\"Nesta sexta-feira, 27\/6, uma solenidade em a\u00e7\u00e3o de gra\u00e7as pela obra da Igreja de Nossa Senhora dos Rem\u00e9dios marcou a primeira das tr\u00eas entregas de reformas previstas para as igrejas centen\u00e1rias do Centro Hist\u00f3rico de Manaus\",\"inLanguage\":\"pt-BR\",\"potentialAction\":[{\"@type\":\"ReadAction\",\"target\":[\"https:\/\/www.manaus.am.gov.br\/semcom\/igreja-nossa-senhora-dos-remedios\/\"]}]},{\"@type\":\"ImageObject\",\"inLanguage\":\"pt-BR\",\"@id\":\"https:\/\/www.manaus.am.gov.br\/semcom\/igreja-nossa-senhora-dos-remedios\/#primaryimage\",\"url\":\"https:\/\/www.manaus.am.gov.br\/semcom\/wp-content\/uploads\/sites\/5\/2025\/06\/igreja-Nossa-Senhora-dos-Remedios-1.jpeg\",\"contentUrl\":\"https:\/\/www.manaus.am.gov.br\/semcom\/wp-content\/uploads\/sites\/5\/2025\/06\/igreja-Nossa-Senhora-dos-Remedios-1.jpeg\",\"width\":768,\"height\":333,\"caption\":\"igreja Nossa Senhora dos Rem\u00e9dios\"},{\"@type\":\"WebSite\",\"@id\":\"https:\/\/www.manaus.am.gov.br\/semcom\/#website\",\"url\":\"https:\/\/www.manaus.am.gov.br\/semcom\/\",\"name\":\"SEMCOM\",\"description\":\"Secretaria Municipal de Comunica\u00e7\u00e3o\",\"potentialAction\":[{\"@type\":\"SearchAction\",\"target\":{\"@type\":\"EntryPoint\",\"urlTemplate\":\"https:\/\/www.manaus.am.gov.br\/semcom\/?s={search_term_string}\"},\"query-input\":\"required name=search_term_string\"}],\"inLanguage\":\"pt-BR\"},{\"@type\":\"Person\",\"@id\":\"https:\/\/www.manaus.am.gov.br\/semcom\/#\/schema\/person\/a5ee5376db6e21af026374b369f30882\",\"name\":\"Thiago Fernando\",\"image\":{\"@type\":\"ImageObject\",\"inLanguage\":\"pt-BR\",\"@id\":\"https:\/\/www.manaus.am.gov.br\/semcom\/#\/schema\/person\/image\/\",\"url\":\"https:\/\/secure.gravatar.com\/avatar\/f5aab8722444041451501c077052ac07?s=96&d=mm&r=g\",\"contentUrl\":\"https:\/\/secure.gravatar.com\/avatar\/f5aab8722444041451501c077052ac07?s=96&d=mm&r=g\",\"caption\":\"Thiago Fernando\"}}]}<\/script>\n<!-- \/ Yoast SEO plugin. -->","yoast_head_json":{"title":"Obra da igreja Nossa Senhora dos Rem\u00e9dios \u00e9 conclu\u00edda","description":"Nesta sexta-feira, 27\/6, uma solenidade em a\u00e7\u00e3o de gra\u00e7as pela obra da Igreja de Nossa Senhora dos Rem\u00e9dios marcou a primeira das tr\u00eas entregas de reformas previstas para as igrejas centen\u00e1rias do Centro Hist\u00f3rico de Manaus","robots":{"index":"index","follow":"follow","max-snippet":"max-snippet:-1","max-image-preview":"max-image-preview:large","max-video-preview":"max-video-preview:-1"},"canonical":"https:\/\/www.manaus.am.gov.br\/semcom\/igreja-nossa-senhora-dos-remedios\/","og_locale":"pt_BR","og_type":"article","og_title":"Obra da igreja Nossa Senhora dos Rem\u00e9dios \u00e9 conclu\u00edda","og_description":"Nesta sexta-feira, 27\/6, uma solenidade em a\u00e7\u00e3o de gra\u00e7as pela obra da Igreja de Nossa Senhora dos Rem\u00e9dios marcou a primeira das tr\u00eas entregas de reformas previstas para as igrejas centen\u00e1rias do Centro Hist\u00f3rico de Manaus","og_url":"https:\/\/www.manaus.am.gov.br\/semcom\/igreja-nossa-senhora-dos-remedios\/","og_site_name":"SEMCOM","article_published_time":"2025-06-27T19:01:15+00:00","og_image":[{"width":768,"height":333,"url":"https:\/\/www.manaus.am.gov.br\/semcom\/wp-content\/uploads\/sites\/5\/2025\/06\/igreja-Nossa-Senhora-dos-Remedios-1.jpeg","type":"image\/jpeg"}],"author":"Thiago Fernando","twitter_card":"summary_large_image","twitter_misc":{"Written by":"Thiago Fernando","Est. reading time":"4 minutos"},"schema":{"@context":"https:\/\/schema.org","@graph":[{"@type":"WebPage","@id":"https:\/\/www.manaus.am.gov.br\/semcom\/igreja-nossa-senhora-dos-remedios\/","url":"https:\/\/www.manaus.am.gov.br\/semcom\/igreja-nossa-senhora-dos-remedios\/","name":"Obra da igreja Nossa Senhora dos Rem\u00e9dios \u00e9 conclu\u00edda","isPartOf":{"@id":"https:\/\/www.manaus.am.gov.br\/semcom\/#website"},"primaryImageOfPage":{"@id":"https:\/\/www.manaus.am.gov.br\/semcom\/igreja-nossa-senhora-dos-remedios\/#primaryimage"},"image":{"@id":"https:\/\/www.manaus.am.gov.br\/semcom\/igreja-nossa-senhora-dos-remedios\/#primaryimage"},"thumbnailUrl":"https:\/\/www.manaus.am.gov.br\/semcom\/wp-content\/uploads\/sites\/5\/2025\/06\/igreja-Nossa-Senhora-dos-Remedios-1.jpeg","datePublished":"2025-06-27T19:01:15+00:00","dateModified":"2025-06-27T19:01:15+00:00","author":{"@id":"https:\/\/www.manaus.am.gov.br\/semcom\/#\/schema\/person\/a5ee5376db6e21af026374b369f30882"},"description":"Nesta sexta-feira, 27\/6, uma solenidade em a\u00e7\u00e3o de gra\u00e7as pela obra da Igreja de Nossa Senhora dos Rem\u00e9dios marcou a primeira das tr\u00eas entregas de reformas previstas para as igrejas centen\u00e1rias do Centro Hist\u00f3rico de Manaus","inLanguage":"pt-BR","potentialAction":[{"@type":"ReadAction","target":["https:\/\/www.manaus.am.gov.br\/semcom\/igreja-nossa-senhora-dos-remedios\/"]}]},{"@type":"ImageObject","inLanguage":"pt-BR","@id":"https:\/\/www.manaus.am.gov.br\/semcom\/igreja-nossa-senhora-dos-remedios\/#primaryimage","url":"https:\/\/www.manaus.am.gov.br\/semcom\/wp-content\/uploads\/sites\/5\/2025\/06\/igreja-Nossa-Senhora-dos-Remedios-1.jpeg","contentUrl":"https:\/\/www.manaus.am.gov.br\/semcom\/wp-content\/uploads\/sites\/5\/2025\/06\/igreja-Nossa-Senhora-dos-Remedios-1.jpeg","width":768,"height":333,"caption":"igreja Nossa Senhora dos Rem\u00e9dios"},{"@type":"WebSite","@id":"https:\/\/www.manaus.am.gov.br\/semcom\/#website","url":"https:\/\/www.manaus.am.gov.br\/semcom\/","name":"SEMCOM","description":"Secretaria Municipal de Comunica\u00e7\u00e3o","potentialAction":[{"@type":"SearchAction","target":{"@type":"EntryPoint","urlTemplate":"https:\/\/www.manaus.am.gov.br\/semcom\/?s={search_term_string}"},"query-input":"required name=search_term_string"}],"inLanguage":"pt-BR"},{"@type":"Person","@id":"https:\/\/www.manaus.am.gov.br\/semcom\/#\/schema\/person\/a5ee5376db6e21af026374b369f30882","name":"Thiago Fernando","image":{"@type":"ImageObject","inLanguage":"pt-BR","@id":"https:\/\/www.manaus.am.gov.br\/semcom\/#\/schema\/person\/image\/","url":"https:\/\/secure.gravatar.com\/avatar\/f5aab8722444041451501c077052ac07?s=96&d=mm&r=g","contentUrl":"https:\/\/secure.gravatar.com\/avatar\/f5aab8722444041451501c077052ac07?s=96&d=mm&r=g","caption":"Thiago Fernando"}}]}},"_links":{"self":[{"href":"https:\/\/www.manaus.am.gov.br\/semcom\/wp-json\/wp\/v2\/posts\/241259"}],"collection":[{"href":"https:\/\/www.manaus.am.gov.br\/semcom\/wp-json\/wp\/v2\/posts"}],"about":[{"href":"https:\/\/www.manaus.am.gov.br\/semcom\/wp-json\/wp\/v2\/types\/post"}],"author":[{"embeddable":true,"href":"https:\/\/www.manaus.am.gov.br\/semcom\/wp-json\/wp\/v2\/users\/57"}],"replies":[{"embeddable":true,"href":"https:\/\/www.manaus.am.gov.br\/semcom\/wp-json\/wp\/v2\/comments?post=241259"}],"version-history":[{"count":0,"href":"https:\/\/www.manaus.am.gov.br\/semcom\/wp-json\/wp\/v2\/posts\/241259\/revisions"}],"wp:featuredmedia":[{"embeddable":true,"href":"https:\/\/www.manaus.am.gov.br\/semcom\/wp-json\/wp\/v2\/media\/241260"}],"wp:attachment":[{"href":"https:\/\/www.manaus.am.gov.br\/semcom\/wp-json\/wp\/v2\/media?parent=241259"}],"wp:term":[{"taxonomy":"category","embeddable":true,"href":"https:\/\/www.manaus.am.gov.br\/semcom\/wp-json\/wp\/v2\/categories?post=241259"},{"taxonomy":"post_tag","embeddable":true,"href":"https:\/\/www.manaus.am.gov.br\/semcom\/wp-json\/wp\/v2\/tags?post=241259"}],"curies":[{"name":"wp","href":"https:\/\/api.w.org\/{rel}","templated":true}]}}