{"id":241216,"date":"2025-06-27T11:32:34","date_gmt":"2025-06-27T14:32:34","guid":{"rendered":"https:\/\/www.manaus.am.gov.br\/semcom\/prefeitura-semasc-protecaosocial-fiscalizacao\/"},"modified":"2025-06-27T11:32:35","modified_gmt":"2025-06-27T14:32:35","slug":"prefeitura-semasc-protecaosocial-fiscalizacao","status":"publish","type":"post","link":"https:\/\/www.manaus.am.gov.br\/semcom\/prefeitura-semasc-protecaosocial-fiscalizacao\/","title":{"rendered":"Prefeitura de Manaus participa da opera\u00e7\u00e3o \u2018Chapa Quente\u2019 de fiscaliza\u00e7\u00e3o no rio Negro para o Festival Folcl\u00f3rico de Parintins"},"content":{"rendered":"\n<p>A Prefeitura de Manaus, por meio da Secretaria Municipal da Mulher, Assist\u00eancia Social e Cidadania (Semasc), atuou, durante esta semana, na opera\u00e7\u00e3o \u201cChapa Quente\u201d, promovida pela Marinha do Brasil, com o objetivo de fiscalizar embarca\u00e7\u00f5es com destino ao 58\u00ba Festival Folcl\u00f3rico de Parintins.<\/p>\n\n\n\n<p>Equipes da rede de prote\u00e7\u00e3o social do munic\u00edpio, entre elas, os conselheiros tutelares permanecem no posto de fiscaliza\u00e7\u00e3o da Marinha do Brasil, instalado no rio Negro, nas proximidades do Encontro das \u00c1guas, durante toda a opera\u00e7\u00e3o, fiscalizando as embarca\u00e7\u00f5es que saem do porto de Manaus. O objetivo \u00e9 atuar na identifica\u00e7\u00e3o e apura\u00e7\u00e3o de poss\u00edveis viola\u00e7\u00f5es de direitos de crian\u00e7as e adolescentes, garantindo prote\u00e7\u00e3o e encaminhamentos adequados sempre que necess\u00e1rio.<\/p>\n\n\n\n<p>\u201cN\u00f3s, juntamente com a Marinha, fazemos a abordagem dos passageiros, no trabalho social, para n\u00e3o s\u00f3 verificar a presen\u00e7a de crian\u00e7as, adolescentes, acompanhadas de pessoas que n\u00e3o sejam guardi\u00e3es legais, mas tamb\u00e9m em situa\u00e7\u00e3o de viola\u00e7\u00e3o de direitos humanos\u201d, destaca a subsecret\u00e1ria municipal de Direitos Humanos, Gra\u00e7a Prola.<\/p>\n\n\n\n<p>Al\u00e9m da fiscaliza\u00e7\u00e3o dos passageiros, a Semasc tamb\u00e9m realizou o trabalho informativo com a popula\u00e7\u00e3o, conscientizando sobre o controle e combate \u00e0 explora\u00e7\u00e3o sexual, e a garantia dos direitos de crian\u00e7as e adolescentes.<\/p>\n\n\n\n<p>Os menores que foram identificados desacompanhados de seus pais e respons\u00e1veis receberam atendimento da secretaria, do Conselho Tutelar e do Tribunal de Justi\u00e7a do Estado do Amazonas (TJ-AM), para garantir a seguran\u00e7a e retorno para seus familiares.<\/p>\n\n\n\n<p>\u2013 \u2013 \u2013<\/p>\n\n\n\n<p><strong>Texto<\/strong>&nbsp;<strong>e fotos<\/strong> &#8211; Divulga\u00e7\u00e3o \/ Semasc<\/p>\n","protected":false},"excerpt":{"rendered":"","protected":false},"author":23,"featured_media":241217,"comment_status":"closed","ping_status":"closed","sticky":false,"template":"","format":"standard","meta":{"footnotes":""},"categories":[657],"tags":[13472,5635,88,12148,77,4005,153],"acf":[],"yoast_head":"<!-- This site is optimized with the Yoast SEO plugin v23.0 - https:\/\/yoast.com\/wordpress\/plugins\/seo\/ -->\n<title>Prefeitura de Manaus participa da opera\u00e7\u00e3o \u2018Chapa Quente\u2019 de fiscaliza\u00e7\u00e3o no rio Negro para o Festival Folcl\u00f3rico de Parintins<\/title>\n<meta name=\"description\" content=\"A Prefeitura de Manaus, por meio da Secretaria Municipal da Mulher, Assist\u00eancia Social e Cidadania (Semasc), atuou, durante esta semana, na opera\u00e7\u00e3o \u201cChapa Quente\u201d, promovida pela Marinha do Brasil, com o objetivo de fiscalizar embarca\u00e7\u00f5es com destino ao 58\u00ba Festival Folcl\u00f3rico de Parintins.\" \/>\n<meta name=\"robots\" content=\"index, follow, max-snippet:-1, max-image-preview:large, max-video-preview:-1\" \/>\n<link rel=\"canonical\" href=\"https:\/\/www.manaus.am.gov.br\/semcom\/prefeitura-semasc-protecaosocial-fiscalizacao\/\" \/>\n<meta property=\"og:locale\" content=\"pt_BR\" \/>\n<meta property=\"og:type\" content=\"article\" \/>\n<meta property=\"og:title\" content=\"Prefeitura de Manaus participa da opera\u00e7\u00e3o \u2018Chapa Quente\u2019 de fiscaliza\u00e7\u00e3o no rio Negro para o Festival Folcl\u00f3rico de Parintins\" \/>\n<meta property=\"og:description\" content=\"A Prefeitura de Manaus, por meio da Secretaria Municipal da Mulher, Assist\u00eancia Social e Cidadania (Semasc), atuou, durante esta semana, na opera\u00e7\u00e3o \u201cChapa Quente\u201d, promovida pela Marinha do Brasil, com o objetivo de fiscalizar embarca\u00e7\u00f5es com destino ao 58\u00ba Festival Folcl\u00f3rico de Parintins.\" \/>\n<meta property=\"og:url\" content=\"https:\/\/www.manaus.am.gov.br\/semcom\/prefeitura-semasc-protecaosocial-fiscalizacao\/\" \/>\n<meta property=\"og:site_name\" content=\"SEMCOM\" \/>\n<meta property=\"article:published_time\" content=\"2025-06-27T14:32:34+00:00\" \/>\n<meta property=\"article:modified_time\" content=\"2025-06-27T14:32:35+00:00\" \/>\n<meta property=\"og:image\" content=\"https:\/\/www.manaus.am.gov.br\/semcom\/wp-content\/uploads\/sites\/5\/2025\/06\/WhatsApp-Image-2025-06-26-at-12.41.35.jpeg\" \/>\n\t<meta property=\"og:image:width\" content=\"3840\" \/>\n\t<meta property=\"og:image:height\" content=\"2160\" \/>\n\t<meta property=\"og:image:type\" content=\"image\/jpeg\" \/>\n<meta name=\"author\" content=\"Adriana Costa\" \/>\n<meta name=\"twitter:card\" content=\"summary_large_image\" \/>\n<meta name=\"twitter:label1\" content=\"Written by\" \/>\n\t<meta name=\"twitter:data1\" content=\"Adriana Costa\" \/>\n\t<meta name=\"twitter:label2\" content=\"Est. reading time\" \/>\n\t<meta name=\"twitter:data2\" content=\"2 minutos\" \/>\n<script type=\"application\/ld+json\" class=\"yoast-schema-graph\">{\"@context\":\"https:\/\/schema.org\",\"@graph\":[{\"@type\":\"WebPage\",\"@id\":\"https:\/\/www.manaus.am.gov.br\/semcom\/prefeitura-semasc-protecaosocial-fiscalizacao\/\",\"url\":\"https:\/\/www.manaus.am.gov.br\/semcom\/prefeitura-semasc-protecaosocial-fiscalizacao\/\",\"name\":\"Prefeitura de Manaus participa da opera\u00e7\u00e3o \u2018Chapa Quente\u2019 de fiscaliza\u00e7\u00e3o no rio Negro para o Festival Folcl\u00f3rico de Parintins\",\"isPartOf\":{\"@id\":\"https:\/\/www.manaus.am.gov.br\/semcom\/#website\"},\"primaryImageOfPage\":{\"@id\":\"https:\/\/www.manaus.am.gov.br\/semcom\/prefeitura-semasc-protecaosocial-fiscalizacao\/#primaryimage\"},\"image\":{\"@id\":\"https:\/\/www.manaus.am.gov.br\/semcom\/prefeitura-semasc-protecaosocial-fiscalizacao\/#primaryimage\"},\"thumbnailUrl\":\"https:\/\/www.manaus.am.gov.br\/semcom\/wp-content\/uploads\/sites\/5\/2025\/06\/WhatsApp-Image-2025-06-26-at-12.41.35.jpeg\",\"datePublished\":\"2025-06-27T14:32:34+00:00\",\"dateModified\":\"2025-06-27T14:32:35+00:00\",\"author\":{\"@id\":\"https:\/\/www.manaus.am.gov.br\/semcom\/#\/schema\/person\/4e49f4e267757a06ca072ec61b2b9968\"},\"description\":\"A Prefeitura de Manaus, por meio da Secretaria Municipal da Mulher, Assist\u00eancia Social e Cidadania (Semasc), atuou, durante esta semana, na opera\u00e7\u00e3o \u201cChapa Quente\u201d, promovida pela Marinha do Brasil, com o objetivo de fiscalizar embarca\u00e7\u00f5es com destino ao 58\u00ba Festival Folcl\u00f3rico de Parintins.\",\"inLanguage\":\"pt-BR\",\"potentialAction\":[{\"@type\":\"ReadAction\",\"target\":[\"https:\/\/www.manaus.am.gov.br\/semcom\/prefeitura-semasc-protecaosocial-fiscalizacao\/\"]}]},{\"@type\":\"ImageObject\",\"inLanguage\":\"pt-BR\",\"@id\":\"https:\/\/www.manaus.am.gov.br\/semcom\/prefeitura-semasc-protecaosocial-fiscalizacao\/#primaryimage\",\"url\":\"https:\/\/www.manaus.am.gov.br\/semcom\/wp-content\/uploads\/sites\/5\/2025\/06\/WhatsApp-Image-2025-06-26-at-12.41.35.jpeg\",\"contentUrl\":\"https:\/\/www.manaus.am.gov.br\/semcom\/wp-content\/uploads\/sites\/5\/2025\/06\/WhatsApp-Image-2025-06-26-at-12.41.35.jpeg\",\"width\":3840,\"height\":2160},{\"@type\":\"WebSite\",\"@id\":\"https:\/\/www.manaus.am.gov.br\/semcom\/#website\",\"url\":\"https:\/\/www.manaus.am.gov.br\/semcom\/\",\"name\":\"SEMCOM\",\"description\":\"Secretaria Municipal de Comunica\u00e7\u00e3o\",\"potentialAction\":[{\"@type\":\"SearchAction\",\"target\":{\"@type\":\"EntryPoint\",\"urlTemplate\":\"https:\/\/www.manaus.am.gov.br\/semcom\/?s={search_term_string}\"},\"query-input\":\"required name=search_term_string\"}],\"inLanguage\":\"pt-BR\"},{\"@type\":\"Person\",\"@id\":\"https:\/\/www.manaus.am.gov.br\/semcom\/#\/schema\/person\/4e49f4e267757a06ca072ec61b2b9968\",\"name\":\"Adriana Costa\",\"image\":{\"@type\":\"ImageObject\",\"inLanguage\":\"pt-BR\",\"@id\":\"https:\/\/www.manaus.am.gov.br\/semcom\/#\/schema\/person\/image\/\",\"url\":\"https:\/\/secure.gravatar.com\/avatar\/576258617ef7194f718179e766d57bd4?s=96&d=mm&r=g\",\"contentUrl\":\"https:\/\/secure.gravatar.com\/avatar\/576258617ef7194f718179e766d57bd4?s=96&d=mm&r=g\",\"caption\":\"Adriana Costa\"}}]}<\/script>\n<!-- \/ Yoast SEO plugin. -->","yoast_head_json":{"title":"Prefeitura de Manaus participa da opera\u00e7\u00e3o \u2018Chapa Quente\u2019 de fiscaliza\u00e7\u00e3o no rio Negro para o Festival Folcl\u00f3rico de Parintins","description":"A Prefeitura de Manaus, por meio da Secretaria Municipal da Mulher, Assist\u00eancia Social e Cidadania (Semasc), atuou, durante esta semana, na opera\u00e7\u00e3o \u201cChapa Quente\u201d, promovida pela Marinha do Brasil, com o objetivo de fiscalizar embarca\u00e7\u00f5es com destino ao 58\u00ba Festival Folcl\u00f3rico de Parintins.","robots":{"index":"index","follow":"follow","max-snippet":"max-snippet:-1","max-image-preview":"max-image-preview:large","max-video-preview":"max-video-preview:-1"},"canonical":"https:\/\/www.manaus.am.gov.br\/semcom\/prefeitura-semasc-protecaosocial-fiscalizacao\/","og_locale":"pt_BR","og_type":"article","og_title":"Prefeitura de Manaus participa da opera\u00e7\u00e3o \u2018Chapa Quente\u2019 de fiscaliza\u00e7\u00e3o no rio Negro para o Festival Folcl\u00f3rico de Parintins","og_description":"A Prefeitura de Manaus, por meio da Secretaria Municipal da Mulher, Assist\u00eancia Social e Cidadania (Semasc), atuou, durante esta semana, na opera\u00e7\u00e3o \u201cChapa Quente\u201d, promovida pela Marinha do Brasil, com o objetivo de fiscalizar embarca\u00e7\u00f5es com destino ao 58\u00ba Festival Folcl\u00f3rico de Parintins.","og_url":"https:\/\/www.manaus.am.gov.br\/semcom\/prefeitura-semasc-protecaosocial-fiscalizacao\/","og_site_name":"SEMCOM","article_published_time":"2025-06-27T14:32:34+00:00","article_modified_time":"2025-06-27T14:32:35+00:00","og_image":[{"width":3840,"height":2160,"url":"https:\/\/www.manaus.am.gov.br\/semcom\/wp-content\/uploads\/sites\/5\/2025\/06\/WhatsApp-Image-2025-06-26-at-12.41.35.jpeg","type":"image\/jpeg"}],"author":"Adriana Costa","twitter_card":"summary_large_image","twitter_misc":{"Written by":"Adriana Costa","Est. reading time":"2 minutos"},"schema":{"@context":"https:\/\/schema.org","@graph":[{"@type":"WebPage","@id":"https:\/\/www.manaus.am.gov.br\/semcom\/prefeitura-semasc-protecaosocial-fiscalizacao\/","url":"https:\/\/www.manaus.am.gov.br\/semcom\/prefeitura-semasc-protecaosocial-fiscalizacao\/","name":"Prefeitura de Manaus participa da opera\u00e7\u00e3o \u2018Chapa Quente\u2019 de fiscaliza\u00e7\u00e3o no rio Negro para o Festival Folcl\u00f3rico de Parintins","isPartOf":{"@id":"https:\/\/www.manaus.am.gov.br\/semcom\/#website"},"primaryImageOfPage":{"@id":"https:\/\/www.manaus.am.gov.br\/semcom\/prefeitura-semasc-protecaosocial-fiscalizacao\/#primaryimage"},"image":{"@id":"https:\/\/www.manaus.am.gov.br\/semcom\/prefeitura-semasc-protecaosocial-fiscalizacao\/#primaryimage"},"thumbnailUrl":"https:\/\/www.manaus.am.gov.br\/semcom\/wp-content\/uploads\/sites\/5\/2025\/06\/WhatsApp-Image-2025-06-26-at-12.41.35.jpeg","datePublished":"2025-06-27T14:32:34+00:00","dateModified":"2025-06-27T14:32:35+00:00","author":{"@id":"https:\/\/www.manaus.am.gov.br\/semcom\/#\/schema\/person\/4e49f4e267757a06ca072ec61b2b9968"},"description":"A Prefeitura de Manaus, por meio da Secretaria Municipal da Mulher, Assist\u00eancia Social e Cidadania (Semasc), atuou, durante esta semana, na opera\u00e7\u00e3o \u201cChapa Quente\u201d, promovida pela Marinha do Brasil, com o objetivo de fiscalizar embarca\u00e7\u00f5es com destino ao 58\u00ba Festival Folcl\u00f3rico de Parintins.","inLanguage":"pt-BR","potentialAction":[{"@type":"ReadAction","target":["https:\/\/www.manaus.am.gov.br\/semcom\/prefeitura-semasc-protecaosocial-fiscalizacao\/"]}]},{"@type":"ImageObject","inLanguage":"pt-BR","@id":"https:\/\/www.manaus.am.gov.br\/semcom\/prefeitura-semasc-protecaosocial-fiscalizacao\/#primaryimage","url":"https:\/\/www.manaus.am.gov.br\/semcom\/wp-content\/uploads\/sites\/5\/2025\/06\/WhatsApp-Image-2025-06-26-at-12.41.35.jpeg","contentUrl":"https:\/\/www.manaus.am.gov.br\/semcom\/wp-content\/uploads\/sites\/5\/2025\/06\/WhatsApp-Image-2025-06-26-at-12.41.35.jpeg","width":3840,"height":2160},{"@type":"WebSite","@id":"https:\/\/www.manaus.am.gov.br\/semcom\/#website","url":"https:\/\/www.manaus.am.gov.br\/semcom\/","name":"SEMCOM","description":"Secretaria Municipal de Comunica\u00e7\u00e3o","potentialAction":[{"@type":"SearchAction","target":{"@type":"EntryPoint","urlTemplate":"https:\/\/www.manaus.am.gov.br\/semcom\/?s={search_term_string}"},"query-input":"required name=search_term_string"}],"inLanguage":"pt-BR"},{"@type":"Person","@id":"https:\/\/www.manaus.am.gov.br\/semcom\/#\/schema\/person\/4e49f4e267757a06ca072ec61b2b9968","name":"Adriana Costa","image":{"@type":"ImageObject","inLanguage":"pt-BR","@id":"https:\/\/www.manaus.am.gov.br\/semcom\/#\/schema\/person\/image\/","url":"https:\/\/secure.gravatar.com\/avatar\/576258617ef7194f718179e766d57bd4?s=96&d=mm&r=g","contentUrl":"https:\/\/secure.gravatar.com\/avatar\/576258617ef7194f718179e766d57bd4?s=96&d=mm&r=g","caption":"Adriana Costa"}}]}},"_links":{"self":[{"href":"https:\/\/www.manaus.am.gov.br\/semcom\/wp-json\/wp\/v2\/posts\/241216"}],"collection":[{"href":"https:\/\/www.manaus.am.gov.br\/semcom\/wp-json\/wp\/v2\/posts"}],"about":[{"href":"https:\/\/www.manaus.am.gov.br\/semcom\/wp-json\/wp\/v2\/types\/post"}],"author":[{"embeddable":true,"href":"https:\/\/www.manaus.am.gov.br\/semcom\/wp-json\/wp\/v2\/users\/23"}],"replies":[{"embeddable":true,"href":"https:\/\/www.manaus.am.gov.br\/semcom\/wp-json\/wp\/v2\/comments?post=241216"}],"version-history":[{"count":0,"href":"https:\/\/www.manaus.am.gov.br\/semcom\/wp-json\/wp\/v2\/posts\/241216\/revisions"}],"wp:featuredmedia":[{"embeddable":true,"href":"https:\/\/www.manaus.am.gov.br\/semcom\/wp-json\/wp\/v2\/media\/241217"}],"wp:attachment":[{"href":"https:\/\/www.manaus.am.gov.br\/semcom\/wp-json\/wp\/v2\/media?parent=241216"}],"wp:term":[{"taxonomy":"category","embeddable":true,"href":"https:\/\/www.manaus.am.gov.br\/semcom\/wp-json\/wp\/v2\/categories?post=241216"},{"taxonomy":"post_tag","embeddable":true,"href":"https:\/\/www.manaus.am.gov.br\/semcom\/wp-json\/wp\/v2\/tags?post=241216"}],"curies":[{"name":"wp","href":"https:\/\/api.w.org\/{rel}","templated":true}]}}