{"id":241190,"date":"2025-06-26T17:38:17","date_gmt":"2025-06-26T20:38:17","guid":{"rendered":"https:\/\/www.manaus.am.gov.br\/semcom\/assegura-o-passe-livre-estudantil\/"},"modified":"2025-06-26T17:38:18","modified_gmt":"2025-06-26T20:38:18","slug":"assegura-o-passe-livre-estudantil","status":"publish","type":"post","link":"https:\/\/www.manaus.am.gov.br\/semcom\/assegura-o-passe-livre-estudantil\/","title":{"rendered":"Prefeito David Almeida assina projeto de lei que assegura o Passe Livre Estudantil aos alunos da rede municipal"},"content":{"rendered":"\n<p>O prefeito de <a href=\"https:\/\/www.manaus.am.gov.br\/\">Manaus<\/a>, David Almeida, assinou, nesta quinta-feira, 26\/6, ao lado do secret\u00e1rio municipal chefe da Casa Civil, Marcos Rotta, o Projeto de Lei que visa garantir permanentemente o Passe Livre Estudantil para os mais de 80 mil alunos matriculados na rede municipal que tem direito ao benef\u00edcio. O texto segue agora para vota\u00e7\u00e3o na C\u00e2mara Municipal de <a href=\"https:\/\/www.instagram.com\/prefeiturademanaus\/\">Manaus <\/a>(CMM), garantindo que nenhum gestor futuro possa revogar esse benef\u00edcio fundamental \u00e0 perman\u00eancia escolar.<\/p>\n\n\n\n<p>\u201cAo tornarmos perene o Passe Livre Estudantil, retiramos um obst\u00e1culo que, muitas vezes, impede estudantes de chegarem \u00e0 sala de aula. Este \u00e9 um investimento direto no futuro de Manaus e na igualdade de oportunidades para nossas crian\u00e7as e jovens\u201d, enfatiza o prefeito David Almeida.<\/p>\n\n\n\n<p>O projeto assinado pelo prefeito David Almeida transforma o Passe Livre Estudantil em uma concess\u00e3o tempor\u00e1ria em um direito permanente, assegurado por lei municipal. A medida promove inclus\u00e3o social ao eliminar barreiras financeiras que afetam principalmente as fam\u00edlias de baixa renda, contribuindo para a redu\u00e7\u00e3o da evas\u00e3o escolar. Al\u00e9m disso, a gratuidade representa uma economia coletiva, aliviando o or\u00e7amento das fam\u00edlias e permitindo que esses recursos sejam direcionados a outras necessidades essenciais.<\/p>\n\n\n\n<p>\u201cEsta medida n\u00e3o \u00e9 apenas uma economia de passagem, \u00e9 um investimento no futuro de Manaus. Garantir que nossos estudantes cheguem \u00e0s aulas sem custo refor\u00e7a o compromisso com uma educa\u00e7\u00e3o de qualidade e com a forma\u00e7\u00e3o de cidad\u00e3os preparados para os desafios do s\u00e9culo XXI\u201d, afirma o chefe da Casa Civil, Marcos Rotta.<\/p>\n\n\n\n<p>Ap\u00f3s a aprova\u00e7\u00e3o e san\u00e7\u00e3o, a nova legisla\u00e7\u00e3o entra em vigor imediatamente, garantindo a gratuidade do transporte escolar a partir do ano letivo de 2026. Com essa iniciativa, a gest\u00e3o do prefeito David Almeida consolida um legado de fortalecimento da educa\u00e7\u00e3o p\u00fablica e reafirma seu compromisso com o desenvolvimento social e com a constru\u00e7\u00e3o de uma Manaus mais justa e inclusiva.<\/p>\n\n\n\n<p>&#8212; &#8212; &#8212;<\/p>\n\n\n\n<p><strong>Texto <\/strong>&#8211; Emanuelle Baires \/ Semcom-Prefeito<\/p>\n\n\n\n<p><strong>Fotos \u2013<\/strong> Divulga\u00e7\u00e3o \/ Semcom<\/p>\n","protected":false},"excerpt":{"rendered":"","protected":false},"author":57,"featured_media":241191,"comment_status":"closed","ping_status":"closed","sticky":false,"template":"","format":"standard","meta":{"footnotes":""},"categories":[207],"tags":[966,35,490,77],"acf":[],"yoast_head":"<!-- This site is optimized with the Yoast SEO plugin v23.0 - https:\/\/yoast.com\/wordpress\/plugins\/seo\/ -->\n<title>David assina projeto de lei que assegura o Passe Livre Estudantil<\/title>\n<meta name=\"description\" content=\"David Almeida assinou o Projeto de Lei que visa garantir permanentemente o Passe Livre Estudantil para alunos matriculados na rede municipal\" \/>\n<meta name=\"robots\" content=\"index, follow, max-snippet:-1, max-image-preview:large, max-video-preview:-1\" \/>\n<link rel=\"canonical\" href=\"https:\/\/www.manaus.am.gov.br\/semcom\/assegura-o-passe-livre-estudantil\/\" \/>\n<meta property=\"og:locale\" content=\"pt_BR\" \/>\n<meta property=\"og:type\" content=\"article\" \/>\n<meta property=\"og:title\" content=\"David assina projeto de lei que assegura o Passe Livre Estudantil\" \/>\n<meta property=\"og:description\" content=\"David Almeida assinou o Projeto de Lei que visa garantir permanentemente o Passe Livre Estudantil para alunos matriculados na rede municipal\" \/>\n<meta property=\"og:url\" content=\"https:\/\/www.manaus.am.gov.br\/semcom\/assegura-o-passe-livre-estudantil\/\" \/>\n<meta property=\"og:site_name\" content=\"SEMCOM\" \/>\n<meta property=\"article:published_time\" content=\"2025-06-26T20:38:17+00:00\" \/>\n<meta property=\"article:modified_time\" content=\"2025-06-26T20:38:18+00:00\" \/>\n<meta property=\"og:image\" content=\"https:\/\/www.manaus.am.gov.br\/semcom\/wp-content\/uploads\/sites\/5\/2025\/06\/Passe-Livre-Estudantil-1.jpeg\" \/>\n\t<meta property=\"og:image:width\" content=\"1600\" \/>\n\t<meta property=\"og:image:height\" content=\"900\" \/>\n\t<meta property=\"og:image:type\" content=\"image\/jpeg\" \/>\n<meta name=\"author\" content=\"Thiago Fernando\" \/>\n<meta name=\"twitter:card\" content=\"summary_large_image\" \/>\n<meta name=\"twitter:label1\" content=\"Written by\" \/>\n\t<meta name=\"twitter:data1\" content=\"Thiago Fernando\" \/>\n\t<meta name=\"twitter:label2\" content=\"Est. reading time\" \/>\n\t<meta name=\"twitter:data2\" content=\"2 minutos\" \/>\n<script type=\"application\/ld+json\" class=\"yoast-schema-graph\">{\"@context\":\"https:\/\/schema.org\",\"@graph\":[{\"@type\":\"WebPage\",\"@id\":\"https:\/\/www.manaus.am.gov.br\/semcom\/assegura-o-passe-livre-estudantil\/\",\"url\":\"https:\/\/www.manaus.am.gov.br\/semcom\/assegura-o-passe-livre-estudantil\/\",\"name\":\"David assina projeto de lei que assegura o Passe Livre Estudantil\",\"isPartOf\":{\"@id\":\"https:\/\/www.manaus.am.gov.br\/semcom\/#website\"},\"primaryImageOfPage\":{\"@id\":\"https:\/\/www.manaus.am.gov.br\/semcom\/assegura-o-passe-livre-estudantil\/#primaryimage\"},\"image\":{\"@id\":\"https:\/\/www.manaus.am.gov.br\/semcom\/assegura-o-passe-livre-estudantil\/#primaryimage\"},\"thumbnailUrl\":\"https:\/\/www.manaus.am.gov.br\/semcom\/wp-content\/uploads\/sites\/5\/2025\/06\/Passe-Livre-Estudantil-1.jpeg\",\"datePublished\":\"2025-06-26T20:38:17+00:00\",\"dateModified\":\"2025-06-26T20:38:18+00:00\",\"author\":{\"@id\":\"https:\/\/www.manaus.am.gov.br\/semcom\/#\/schema\/person\/a5ee5376db6e21af026374b369f30882\"},\"description\":\"David Almeida assinou o Projeto de Lei que visa garantir permanentemente o Passe Livre Estudantil para alunos matriculados na rede municipal\",\"inLanguage\":\"pt-BR\",\"potentialAction\":[{\"@type\":\"ReadAction\",\"target\":[\"https:\/\/www.manaus.am.gov.br\/semcom\/assegura-o-passe-livre-estudantil\/\"]}]},{\"@type\":\"ImageObject\",\"inLanguage\":\"pt-BR\",\"@id\":\"https:\/\/www.manaus.am.gov.br\/semcom\/assegura-o-passe-livre-estudantil\/#primaryimage\",\"url\":\"https:\/\/www.manaus.am.gov.br\/semcom\/wp-content\/uploads\/sites\/5\/2025\/06\/Passe-Livre-Estudantil-1.jpeg\",\"contentUrl\":\"https:\/\/www.manaus.am.gov.br\/semcom\/wp-content\/uploads\/sites\/5\/2025\/06\/Passe-Livre-Estudantil-1.jpeg\",\"width\":1600,\"height\":900,\"caption\":\"Passe Livre Estudantil\"},{\"@type\":\"WebSite\",\"@id\":\"https:\/\/www.manaus.am.gov.br\/semcom\/#website\",\"url\":\"https:\/\/www.manaus.am.gov.br\/semcom\/\",\"name\":\"SEMCOM\",\"description\":\"Secretaria Municipal de Comunica\u00e7\u00e3o\",\"potentialAction\":[{\"@type\":\"SearchAction\",\"target\":{\"@type\":\"EntryPoint\",\"urlTemplate\":\"https:\/\/www.manaus.am.gov.br\/semcom\/?s={search_term_string}\"},\"query-input\":\"required name=search_term_string\"}],\"inLanguage\":\"pt-BR\"},{\"@type\":\"Person\",\"@id\":\"https:\/\/www.manaus.am.gov.br\/semcom\/#\/schema\/person\/a5ee5376db6e21af026374b369f30882\",\"name\":\"Thiago Fernando\",\"image\":{\"@type\":\"ImageObject\",\"inLanguage\":\"pt-BR\",\"@id\":\"https:\/\/www.manaus.am.gov.br\/semcom\/#\/schema\/person\/image\/\",\"url\":\"https:\/\/secure.gravatar.com\/avatar\/f5aab8722444041451501c077052ac07?s=96&d=mm&r=g\",\"contentUrl\":\"https:\/\/secure.gravatar.com\/avatar\/f5aab8722444041451501c077052ac07?s=96&d=mm&r=g\",\"caption\":\"Thiago Fernando\"}}]}<\/script>\n<!-- \/ Yoast SEO plugin. -->","yoast_head_json":{"title":"David assina projeto de lei que assegura o Passe Livre Estudantil","description":"David Almeida assinou o Projeto de Lei que visa garantir permanentemente o Passe Livre Estudantil para alunos matriculados na rede municipal","robots":{"index":"index","follow":"follow","max-snippet":"max-snippet:-1","max-image-preview":"max-image-preview:large","max-video-preview":"max-video-preview:-1"},"canonical":"https:\/\/www.manaus.am.gov.br\/semcom\/assegura-o-passe-livre-estudantil\/","og_locale":"pt_BR","og_type":"article","og_title":"David assina projeto de lei que assegura o Passe Livre Estudantil","og_description":"David Almeida assinou o Projeto de Lei que visa garantir permanentemente o Passe Livre Estudantil para alunos matriculados na rede municipal","og_url":"https:\/\/www.manaus.am.gov.br\/semcom\/assegura-o-passe-livre-estudantil\/","og_site_name":"SEMCOM","article_published_time":"2025-06-26T20:38:17+00:00","article_modified_time":"2025-06-26T20:38:18+00:00","og_image":[{"width":1600,"height":900,"url":"https:\/\/www.manaus.am.gov.br\/semcom\/wp-content\/uploads\/sites\/5\/2025\/06\/Passe-Livre-Estudantil-1.jpeg","type":"image\/jpeg"}],"author":"Thiago Fernando","twitter_card":"summary_large_image","twitter_misc":{"Written by":"Thiago Fernando","Est. reading time":"2 minutos"},"schema":{"@context":"https:\/\/schema.org","@graph":[{"@type":"WebPage","@id":"https:\/\/www.manaus.am.gov.br\/semcom\/assegura-o-passe-livre-estudantil\/","url":"https:\/\/www.manaus.am.gov.br\/semcom\/assegura-o-passe-livre-estudantil\/","name":"David assina projeto de lei que assegura o Passe Livre Estudantil","isPartOf":{"@id":"https:\/\/www.manaus.am.gov.br\/semcom\/#website"},"primaryImageOfPage":{"@id":"https:\/\/www.manaus.am.gov.br\/semcom\/assegura-o-passe-livre-estudantil\/#primaryimage"},"image":{"@id":"https:\/\/www.manaus.am.gov.br\/semcom\/assegura-o-passe-livre-estudantil\/#primaryimage"},"thumbnailUrl":"https:\/\/www.manaus.am.gov.br\/semcom\/wp-content\/uploads\/sites\/5\/2025\/06\/Passe-Livre-Estudantil-1.jpeg","datePublished":"2025-06-26T20:38:17+00:00","dateModified":"2025-06-26T20:38:18+00:00","author":{"@id":"https:\/\/www.manaus.am.gov.br\/semcom\/#\/schema\/person\/a5ee5376db6e21af026374b369f30882"},"description":"David Almeida assinou o Projeto de Lei que visa garantir permanentemente o Passe Livre Estudantil para alunos matriculados na rede municipal","inLanguage":"pt-BR","potentialAction":[{"@type":"ReadAction","target":["https:\/\/www.manaus.am.gov.br\/semcom\/assegura-o-passe-livre-estudantil\/"]}]},{"@type":"ImageObject","inLanguage":"pt-BR","@id":"https:\/\/www.manaus.am.gov.br\/semcom\/assegura-o-passe-livre-estudantil\/#primaryimage","url":"https:\/\/www.manaus.am.gov.br\/semcom\/wp-content\/uploads\/sites\/5\/2025\/06\/Passe-Livre-Estudantil-1.jpeg","contentUrl":"https:\/\/www.manaus.am.gov.br\/semcom\/wp-content\/uploads\/sites\/5\/2025\/06\/Passe-Livre-Estudantil-1.jpeg","width":1600,"height":900,"caption":"Passe Livre Estudantil"},{"@type":"WebSite","@id":"https:\/\/www.manaus.am.gov.br\/semcom\/#website","url":"https:\/\/www.manaus.am.gov.br\/semcom\/","name":"SEMCOM","description":"Secretaria Municipal de Comunica\u00e7\u00e3o","potentialAction":[{"@type":"SearchAction","target":{"@type":"EntryPoint","urlTemplate":"https:\/\/www.manaus.am.gov.br\/semcom\/?s={search_term_string}"},"query-input":"required name=search_term_string"}],"inLanguage":"pt-BR"},{"@type":"Person","@id":"https:\/\/www.manaus.am.gov.br\/semcom\/#\/schema\/person\/a5ee5376db6e21af026374b369f30882","name":"Thiago Fernando","image":{"@type":"ImageObject","inLanguage":"pt-BR","@id":"https:\/\/www.manaus.am.gov.br\/semcom\/#\/schema\/person\/image\/","url":"https:\/\/secure.gravatar.com\/avatar\/f5aab8722444041451501c077052ac07?s=96&d=mm&r=g","contentUrl":"https:\/\/secure.gravatar.com\/avatar\/f5aab8722444041451501c077052ac07?s=96&d=mm&r=g","caption":"Thiago Fernando"}}]}},"_links":{"self":[{"href":"https:\/\/www.manaus.am.gov.br\/semcom\/wp-json\/wp\/v2\/posts\/241190"}],"collection":[{"href":"https:\/\/www.manaus.am.gov.br\/semcom\/wp-json\/wp\/v2\/posts"}],"about":[{"href":"https:\/\/www.manaus.am.gov.br\/semcom\/wp-json\/wp\/v2\/types\/post"}],"author":[{"embeddable":true,"href":"https:\/\/www.manaus.am.gov.br\/semcom\/wp-json\/wp\/v2\/users\/57"}],"replies":[{"embeddable":true,"href":"https:\/\/www.manaus.am.gov.br\/semcom\/wp-json\/wp\/v2\/comments?post=241190"}],"version-history":[{"count":0,"href":"https:\/\/www.manaus.am.gov.br\/semcom\/wp-json\/wp\/v2\/posts\/241190\/revisions"}],"wp:featuredmedia":[{"embeddable":true,"href":"https:\/\/www.manaus.am.gov.br\/semcom\/wp-json\/wp\/v2\/media\/241191"}],"wp:attachment":[{"href":"https:\/\/www.manaus.am.gov.br\/semcom\/wp-json\/wp\/v2\/media?parent=241190"}],"wp:term":[{"taxonomy":"category","embeddable":true,"href":"https:\/\/www.manaus.am.gov.br\/semcom\/wp-json\/wp\/v2\/categories?post=241190"},{"taxonomy":"post_tag","embeddable":true,"href":"https:\/\/www.manaus.am.gov.br\/semcom\/wp-json\/wp\/v2\/tags?post=241190"}],"curies":[{"name":"wp","href":"https:\/\/api.w.org\/{rel}","templated":true}]}}