{"id":241176,"date":"2025-06-26T13:10:05","date_gmt":"2025-06-26T17:10:05","guid":{"rendered":"https:\/\/www.manaus.am.gov.br\/semcom\/cadastro-empreendedores-prorrogado-11-7\/"},"modified":"2025-06-26T13:10:05","modified_gmt":"2025-06-26T17:10:05","slug":"cadastro-empreendedores-prorrogado-11-7","status":"publish","type":"post","link":"https:\/\/www.manaus.am.gov.br\/semcom\/cadastro-empreendedores-prorrogado-11-7\/","title":{"rendered":"Cadastro para empreendedores utilizarem espa\u00e7os da Prefeitura de Manaus \u00e9 prorrogado at\u00e9 o dia 11 de julho"},"content":{"rendered":"\n<p>A Prefeitura de Manaus, por meio da Secretaria Municipal do Trabalho, Empreendedorismo e Inova\u00e7\u00e3o (Semtepi), prorrogou as inscri\u00e7\u00f5es para o cadastro e recadastro de empreendedores dos segmentos de economia solid\u00e1ria, criativa e gastron\u00f4mica at\u00e9 o dia 11\/7.&nbsp;<\/p>\n\n\n\n<p>Os profissionais interessados devem realizar o procedimento, que \u00e9 essencial para integrar o banco de dados da prefeitura e participar de futuras a\u00e7\u00f5es, como feiras, capacita\u00e7\u00f5es e pol\u00edticas p\u00fablicas voltadas ao setor. Ap\u00f3s o fim do cadastro haver\u00e1 uma nova distribui\u00e7\u00e3o dos ciclos da Ponta Negra e mirante L\u00facia Almeida, onde a Semtepi coordena os espa\u00e7os voltados aos empreendedores.<\/p>\n\n\n\n<p>Essa iniciativa, do Departamento de Economia Solid\u00e1ria e Criativa (Desc), busca fortalecer o empreendedorismo local e promover a inclus\u00e3o de trabalhadores que atuam com modelos colaborativos e sustent\u00e1veis de gera\u00e7\u00e3o de renda.&nbsp;<\/p>\n\n\n\n<p>\u201cEstamos trabalhando para garantir que nenhum empreendedor fique de fora das oportunidades que a prefeitura tem promovido. O cadastro \u00e9 a porta de entrada para pol\u00edticas p\u00fablicas importantes, que fomentam a economia local, fortalecem os pequenos neg\u00f3cios e geram renda de forma colaborativa e sustent\u00e1vel. Prorrogamos o prazo justamente para que mais profissionais possam se integrar a esse movimento de transforma\u00e7\u00e3o\u201d, destacou o secret\u00e1rio da Semtepi, Alonso Oliveira.<\/p>\n\n\n\n<p>O cadastro pode ser feito de forma r\u00e1pida e gratuita pelo link:\u00a0<a href=\"https:\/\/forms.gle\/rxSjntSsUUrxgz4F9\" target=\"_blank\" rel=\"noreferrer noopener\">https:\/\/forms.gle\/rxSjntSsUUrxgz4F9<\/a>\u00a0ou pelo link na Bio do Instagram @semtepi e site da Prefeitura de Manaus.<\/p>\n\n\n\n<figure class=\"wp-block-image size-large\"><img loading=\"lazy\" decoding=\"async\" width=\"1024\" height=\"684\" src=\"https:\/\/www.manaus.am.gov.br\/semcom\/wp-content\/uploads\/sites\/5\/2025\/06\/empreendedorismo-3-1024x684.jpeg\" alt=\"\" class=\"wp-image-241177\" srcset=\"https:\/\/www.manaus.am.gov.br\/semcom\/wp-content\/uploads\/sites\/5\/2025\/06\/empreendedorismo-3-1024x684.jpeg 1024w, https:\/\/www.manaus.am.gov.br\/semcom\/wp-content\/uploads\/sites\/5\/2025\/06\/empreendedorismo-3-300x201.jpeg 300w, https:\/\/www.manaus.am.gov.br\/semcom\/wp-content\/uploads\/sites\/5\/2025\/06\/empreendedorismo-3-768x513.jpeg 768w, https:\/\/www.manaus.am.gov.br\/semcom\/wp-content\/uploads\/sites\/5\/2025\/06\/empreendedorismo-3.jpeg 1496w\" sizes=\"(max-width: 1024px) 100vw, 1024px\" \/><\/figure>\n\n\n\n<p>&#8212; &#8212; &#8212;<\/p>\n\n\n\n<p><strong>Texto<\/strong>\u00a0&#8211; Asafe Augusto\/Semtepi<br><strong>Fotos<\/strong>\u00a0&#8211; Divulga\u00e7\u00e3o\/Semtepi<\/p>\n","protected":false},"excerpt":{"rendered":"","protected":false},"author":39,"featured_media":241178,"comment_status":"closed","ping_status":"closed","sticky":false,"template":"","format":"standard","meta":{"footnotes":""},"categories":[2374],"tags":[15494,1496,4776,1972,77,22],"acf":[],"yoast_head":"<!-- This site is optimized with the Yoast SEO plugin v23.0 - https:\/\/yoast.com\/wordpress\/plugins\/seo\/ -->\n<title>Cadastro para empreendedores \u00e9 prorrogado at\u00e9 o dia 11 de julho<\/title>\n<meta name=\"description\" content=\"Cadastro para empreendedores utilizarem espa\u00e7os da Prefeitura de Manaus \u00e9 prorrogado at\u00e9 o dia 11 de julho.\" \/>\n<meta name=\"robots\" content=\"index, follow, max-snippet:-1, max-image-preview:large, max-video-preview:-1\" \/>\n<link rel=\"canonical\" href=\"https:\/\/www.manaus.am.gov.br\/semcom\/cadastro-empreendedores-prorrogado-11-7\/\" \/>\n<meta property=\"og:locale\" content=\"pt_BR\" \/>\n<meta property=\"og:type\" content=\"article\" \/>\n<meta property=\"og:title\" content=\"Cadastro para empreendedores \u00e9 prorrogado at\u00e9 o dia 11 de julho\" \/>\n<meta property=\"og:description\" content=\"Cadastro para empreendedores utilizarem espa\u00e7os da Prefeitura de Manaus \u00e9 prorrogado at\u00e9 o dia 11 de julho.\" \/>\n<meta property=\"og:url\" content=\"https:\/\/www.manaus.am.gov.br\/semcom\/cadastro-empreendedores-prorrogado-11-7\/\" \/>\n<meta property=\"og:site_name\" content=\"SEMCOM\" \/>\n<meta property=\"article:published_time\" content=\"2025-06-26T17:10:05+00:00\" \/>\n<meta property=\"og:image\" content=\"https:\/\/www.manaus.am.gov.br\/semcom\/wp-content\/uploads\/sites\/5\/2025\/06\/empreendedorismo-1.jpeg\" \/>\n\t<meta property=\"og:image:width\" content=\"1496\" \/>\n\t<meta property=\"og:image:height\" content=\"1000\" \/>\n\t<meta property=\"og:image:type\" content=\"image\/jpeg\" \/>\n<meta name=\"author\" content=\"Bruna Greco\" \/>\n<meta name=\"twitter:card\" content=\"summary_large_image\" \/>\n<meta name=\"twitter:label1\" content=\"Written by\" \/>\n\t<meta name=\"twitter:data1\" content=\"Bruna Greco\" \/>\n\t<meta name=\"twitter:label2\" content=\"Est. reading time\" \/>\n\t<meta name=\"twitter:data2\" content=\"2 minutos\" \/>\n<script type=\"application\/ld+json\" class=\"yoast-schema-graph\">{\"@context\":\"https:\/\/schema.org\",\"@graph\":[{\"@type\":\"WebPage\",\"@id\":\"https:\/\/www.manaus.am.gov.br\/semcom\/cadastro-empreendedores-prorrogado-11-7\/\",\"url\":\"https:\/\/www.manaus.am.gov.br\/semcom\/cadastro-empreendedores-prorrogado-11-7\/\",\"name\":\"Cadastro para empreendedores \u00e9 prorrogado at\u00e9 o dia 11 de julho\",\"isPartOf\":{\"@id\":\"https:\/\/www.manaus.am.gov.br\/semcom\/#website\"},\"primaryImageOfPage\":{\"@id\":\"https:\/\/www.manaus.am.gov.br\/semcom\/cadastro-empreendedores-prorrogado-11-7\/#primaryimage\"},\"image\":{\"@id\":\"https:\/\/www.manaus.am.gov.br\/semcom\/cadastro-empreendedores-prorrogado-11-7\/#primaryimage\"},\"thumbnailUrl\":\"https:\/\/www.manaus.am.gov.br\/semcom\/wp-content\/uploads\/sites\/5\/2025\/06\/empreendedorismo-1.jpeg\",\"datePublished\":\"2025-06-26T17:10:05+00:00\",\"dateModified\":\"2025-06-26T17:10:05+00:00\",\"author\":{\"@id\":\"https:\/\/www.manaus.am.gov.br\/semcom\/#\/schema\/person\/05d223aea2bf115f9883a6ff3683d81b\"},\"description\":\"Cadastro para empreendedores utilizarem espa\u00e7os da Prefeitura de Manaus \u00e9 prorrogado at\u00e9 o dia 11 de julho.\",\"inLanguage\":\"pt-BR\",\"potentialAction\":[{\"@type\":\"ReadAction\",\"target\":[\"https:\/\/www.manaus.am.gov.br\/semcom\/cadastro-empreendedores-prorrogado-11-7\/\"]}]},{\"@type\":\"ImageObject\",\"inLanguage\":\"pt-BR\",\"@id\":\"https:\/\/www.manaus.am.gov.br\/semcom\/cadastro-empreendedores-prorrogado-11-7\/#primaryimage\",\"url\":\"https:\/\/www.manaus.am.gov.br\/semcom\/wp-content\/uploads\/sites\/5\/2025\/06\/empreendedorismo-1.jpeg\",\"contentUrl\":\"https:\/\/www.manaus.am.gov.br\/semcom\/wp-content\/uploads\/sites\/5\/2025\/06\/empreendedorismo-1.jpeg\",\"width\":1496,\"height\":1000,\"caption\":\"#paratodosverem - Empreendedora mostrando seus produtos para mulher\"},{\"@type\":\"WebSite\",\"@id\":\"https:\/\/www.manaus.am.gov.br\/semcom\/#website\",\"url\":\"https:\/\/www.manaus.am.gov.br\/semcom\/\",\"name\":\"SEMCOM\",\"description\":\"Secretaria Municipal de Comunica\u00e7\u00e3o\",\"potentialAction\":[{\"@type\":\"SearchAction\",\"target\":{\"@type\":\"EntryPoint\",\"urlTemplate\":\"https:\/\/www.manaus.am.gov.br\/semcom\/?s={search_term_string}\"},\"query-input\":\"required name=search_term_string\"}],\"inLanguage\":\"pt-BR\"},{\"@type\":\"Person\",\"@id\":\"https:\/\/www.manaus.am.gov.br\/semcom\/#\/schema\/person\/05d223aea2bf115f9883a6ff3683d81b\",\"name\":\"Bruna Greco\",\"image\":{\"@type\":\"ImageObject\",\"inLanguage\":\"pt-BR\",\"@id\":\"https:\/\/www.manaus.am.gov.br\/semcom\/#\/schema\/person\/image\/\",\"url\":\"https:\/\/secure.gravatar.com\/avatar\/9c877d1a6adc2a055330e5c09a8653ce?s=96&d=mm&r=g\",\"contentUrl\":\"https:\/\/secure.gravatar.com\/avatar\/9c877d1a6adc2a055330e5c09a8653ce?s=96&d=mm&r=g\",\"caption\":\"Bruna Greco\"}}]}<\/script>\n<!-- \/ Yoast SEO plugin. -->","yoast_head_json":{"title":"Cadastro para empreendedores \u00e9 prorrogado at\u00e9 o dia 11 de julho","description":"Cadastro para empreendedores utilizarem espa\u00e7os da Prefeitura de Manaus \u00e9 prorrogado at\u00e9 o dia 11 de julho.","robots":{"index":"index","follow":"follow","max-snippet":"max-snippet:-1","max-image-preview":"max-image-preview:large","max-video-preview":"max-video-preview:-1"},"canonical":"https:\/\/www.manaus.am.gov.br\/semcom\/cadastro-empreendedores-prorrogado-11-7\/","og_locale":"pt_BR","og_type":"article","og_title":"Cadastro para empreendedores \u00e9 prorrogado at\u00e9 o dia 11 de julho","og_description":"Cadastro para empreendedores utilizarem espa\u00e7os da Prefeitura de Manaus \u00e9 prorrogado at\u00e9 o dia 11 de julho.","og_url":"https:\/\/www.manaus.am.gov.br\/semcom\/cadastro-empreendedores-prorrogado-11-7\/","og_site_name":"SEMCOM","article_published_time":"2025-06-26T17:10:05+00:00","og_image":[{"width":1496,"height":1000,"url":"https:\/\/www.manaus.am.gov.br\/semcom\/wp-content\/uploads\/sites\/5\/2025\/06\/empreendedorismo-1.jpeg","type":"image\/jpeg"}],"author":"Bruna Greco","twitter_card":"summary_large_image","twitter_misc":{"Written by":"Bruna Greco","Est. reading time":"2 minutos"},"schema":{"@context":"https:\/\/schema.org","@graph":[{"@type":"WebPage","@id":"https:\/\/www.manaus.am.gov.br\/semcom\/cadastro-empreendedores-prorrogado-11-7\/","url":"https:\/\/www.manaus.am.gov.br\/semcom\/cadastro-empreendedores-prorrogado-11-7\/","name":"Cadastro para empreendedores \u00e9 prorrogado at\u00e9 o dia 11 de julho","isPartOf":{"@id":"https:\/\/www.manaus.am.gov.br\/semcom\/#website"},"primaryImageOfPage":{"@id":"https:\/\/www.manaus.am.gov.br\/semcom\/cadastro-empreendedores-prorrogado-11-7\/#primaryimage"},"image":{"@id":"https:\/\/www.manaus.am.gov.br\/semcom\/cadastro-empreendedores-prorrogado-11-7\/#primaryimage"},"thumbnailUrl":"https:\/\/www.manaus.am.gov.br\/semcom\/wp-content\/uploads\/sites\/5\/2025\/06\/empreendedorismo-1.jpeg","datePublished":"2025-06-26T17:10:05+00:00","dateModified":"2025-06-26T17:10:05+00:00","author":{"@id":"https:\/\/www.manaus.am.gov.br\/semcom\/#\/schema\/person\/05d223aea2bf115f9883a6ff3683d81b"},"description":"Cadastro para empreendedores utilizarem espa\u00e7os da Prefeitura de Manaus \u00e9 prorrogado at\u00e9 o dia 11 de julho.","inLanguage":"pt-BR","potentialAction":[{"@type":"ReadAction","target":["https:\/\/www.manaus.am.gov.br\/semcom\/cadastro-empreendedores-prorrogado-11-7\/"]}]},{"@type":"ImageObject","inLanguage":"pt-BR","@id":"https:\/\/www.manaus.am.gov.br\/semcom\/cadastro-empreendedores-prorrogado-11-7\/#primaryimage","url":"https:\/\/www.manaus.am.gov.br\/semcom\/wp-content\/uploads\/sites\/5\/2025\/06\/empreendedorismo-1.jpeg","contentUrl":"https:\/\/www.manaus.am.gov.br\/semcom\/wp-content\/uploads\/sites\/5\/2025\/06\/empreendedorismo-1.jpeg","width":1496,"height":1000,"caption":"#paratodosverem - Empreendedora mostrando seus produtos para mulher"},{"@type":"WebSite","@id":"https:\/\/www.manaus.am.gov.br\/semcom\/#website","url":"https:\/\/www.manaus.am.gov.br\/semcom\/","name":"SEMCOM","description":"Secretaria Municipal de Comunica\u00e7\u00e3o","potentialAction":[{"@type":"SearchAction","target":{"@type":"EntryPoint","urlTemplate":"https:\/\/www.manaus.am.gov.br\/semcom\/?s={search_term_string}"},"query-input":"required name=search_term_string"}],"inLanguage":"pt-BR"},{"@type":"Person","@id":"https:\/\/www.manaus.am.gov.br\/semcom\/#\/schema\/person\/05d223aea2bf115f9883a6ff3683d81b","name":"Bruna Greco","image":{"@type":"ImageObject","inLanguage":"pt-BR","@id":"https:\/\/www.manaus.am.gov.br\/semcom\/#\/schema\/person\/image\/","url":"https:\/\/secure.gravatar.com\/avatar\/9c877d1a6adc2a055330e5c09a8653ce?s=96&d=mm&r=g","contentUrl":"https:\/\/secure.gravatar.com\/avatar\/9c877d1a6adc2a055330e5c09a8653ce?s=96&d=mm&r=g","caption":"Bruna Greco"}}]}},"_links":{"self":[{"href":"https:\/\/www.manaus.am.gov.br\/semcom\/wp-json\/wp\/v2\/posts\/241176"}],"collection":[{"href":"https:\/\/www.manaus.am.gov.br\/semcom\/wp-json\/wp\/v2\/posts"}],"about":[{"href":"https:\/\/www.manaus.am.gov.br\/semcom\/wp-json\/wp\/v2\/types\/post"}],"author":[{"embeddable":true,"href":"https:\/\/www.manaus.am.gov.br\/semcom\/wp-json\/wp\/v2\/users\/39"}],"replies":[{"embeddable":true,"href":"https:\/\/www.manaus.am.gov.br\/semcom\/wp-json\/wp\/v2\/comments?post=241176"}],"version-history":[{"count":1,"href":"https:\/\/www.manaus.am.gov.br\/semcom\/wp-json\/wp\/v2\/posts\/241176\/revisions"}],"predecessor-version":[{"id":241179,"href":"https:\/\/www.manaus.am.gov.br\/semcom\/wp-json\/wp\/v2\/posts\/241176\/revisions\/241179"}],"wp:featuredmedia":[{"embeddable":true,"href":"https:\/\/www.manaus.am.gov.br\/semcom\/wp-json\/wp\/v2\/media\/241178"}],"wp:attachment":[{"href":"https:\/\/www.manaus.am.gov.br\/semcom\/wp-json\/wp\/v2\/media?parent=241176"}],"wp:term":[{"taxonomy":"category","embeddable":true,"href":"https:\/\/www.manaus.am.gov.br\/semcom\/wp-json\/wp\/v2\/categories?post=241176"},{"taxonomy":"post_tag","embeddable":true,"href":"https:\/\/www.manaus.am.gov.br\/semcom\/wp-json\/wp\/v2\/tags?post=241176"}],"curies":[{"name":"wp","href":"https:\/\/api.w.org\/{rel}","templated":true}]}}