{"id":241135,"date":"2025-06-25T15:28:02","date_gmt":"2025-06-25T19:28:02","guid":{"rendered":"https:\/\/www.manaus.am.gov.br\/semcom\/questionario-socioeconomico-mirante-lucia-almeida\/"},"modified":"2025-06-25T16:29:18","modified_gmt":"2025-06-25T19:29:18","slug":"questionario-socioeconomico-mirante-lucia-almeida","status":"publish","type":"post","link":"https:\/\/www.manaus.am.gov.br\/semcom\/questionario-socioeconomico-mirante-lucia-almeida\/","title":{"rendered":"Prefeitura de Manaus inicia aplica\u00e7\u00e3o de question\u00e1rio socioecon\u00f4mico no entorno do mirante L\u00facia Almeida"},"content":{"rendered":"\n<p>A Prefeitura de Manaus, por meio da Funda\u00e7\u00e3o Municipal de Cultura, Turismo e Eventos (Manauscult), deu in\u00edcio, nesta quarta-feira, 25\/6, a aplica\u00e7\u00e3o de um abrangente question\u00e1rio socioecon\u00f4mico, visando a coleta de dados vitais junto a moradores e comerciantes do entorno do mirante L\u00facia Almeida, no cora\u00e7\u00e3o do centro hist\u00f3rico da capital amazonense.<br><br>O levantamento busca tra\u00e7ar um panorama detalhado das atividades desenvolvidas na regi\u00e3o, avaliando os impactos sociais, econ\u00f4micos e tur\u00edsticos, al\u00e9m de mensurar a influ\u00eancia do maior evento de artes integradas \u201c#SouManaus Passo a Pa\u00e7o\u201d na din\u00e2mica local.<\/p>\n\n\n\n<p><br>O diretor-presidente da Manauscult, Jender Lobato, ressaltou a import\u00e2ncia da escuta ativa da popula\u00e7\u00e3o. \u201cEste question\u00e1rio \u00e9 essencial para compreendermos a realidade das pessoas que vivem e trabalham no entorno do mirante. Queremos saber como o espa\u00e7o e eventos, como o \u2018#SouManaus\u2019, impactam na vida dessas comunidades. Com esses dados, vamos aperfei\u00e7oar nossas a\u00e7\u00f5es, garantindo que a cultura e o turismo gerem benef\u00edcios reais e duradouros para a popula\u00e7\u00e3o\u201d, afirmou.<\/p>\n\n\n\n<p><br>Esta pesquisa representa uma etapa crucial para embasar a formula\u00e7\u00e3o de pol\u00edticas p\u00fablicas eficazes, focadas no fortalecimento do mirante L\u00facia Almeida como um polo cultural e tur\u00edstico. Al\u00e9m disso, permitir\u00e1 uma an\u00e1lise concreta de como grandes eventos contribuem para o desenvolvimento sustent\u00e1vel da \u00e1rea.<\/p>\n\n\n\n<p><br>O question\u00e1rio aborda desde dados de identifica\u00e7\u00e3o dos participantes at\u00e9 quest\u00f5es sobre o conhecimento e a percep\u00e7\u00e3o dos espa\u00e7os p\u00fablicos adjacentes, como o Centro Arqueologia de Manaus (CAM), o Museu da Cidade de Manaus (Muma), o centro cultural \u00d3scar Ramos e a Pra\u00e7a Dom Pedro II. A pesquisa tamb\u00e9m investiga a contribui\u00e7\u00e3o do mirante para a gera\u00e7\u00e3o de emprego e renda, a participa\u00e7\u00e3o da comunidade em eventos e as expectativas sobre o fluxo de ve\u00edculos durante o \u201c#SouManaus\u201d.<br><br>A aplica\u00e7\u00e3o do question\u00e1rio prosseguir\u00e1 nos pr\u00f3ximos dias, com abordagens diretas a moradores, comerciantes e frequentadores da \u00e1rea. A a\u00e7\u00e3o refor\u00e7a o compromisso da gest\u00e3o municipal em promover um desenvolvimento cultural e tur\u00edstico integrado e participativo, alinhado \u00e0s necessidades e percep\u00e7\u00f5es da comunidade local.<\/p>\n\n\n\n<figure class=\"wp-block-image size-large\"><img loading=\"lazy\" decoding=\"async\" width=\"1024\" height=\"683\" src=\"https:\/\/www.manaus.am.gov.br\/semcom\/wp-content\/uploads\/sites\/5\/2025\/06\/25189505-ca1d-4fc0-8bf5-b182f15ed9cc-1024x683.jpeg\" alt=\"\" class=\"wp-image-241138\" srcset=\"https:\/\/www.manaus.am.gov.br\/semcom\/wp-content\/uploads\/sites\/5\/2025\/06\/25189505-ca1d-4fc0-8bf5-b182f15ed9cc-1024x683.jpeg 1024w, https:\/\/www.manaus.am.gov.br\/semcom\/wp-content\/uploads\/sites\/5\/2025\/06\/25189505-ca1d-4fc0-8bf5-b182f15ed9cc-300x200.jpeg 300w, https:\/\/www.manaus.am.gov.br\/semcom\/wp-content\/uploads\/sites\/5\/2025\/06\/25189505-ca1d-4fc0-8bf5-b182f15ed9cc-768x512.jpeg 768w, https:\/\/www.manaus.am.gov.br\/semcom\/wp-content\/uploads\/sites\/5\/2025\/06\/25189505-ca1d-4fc0-8bf5-b182f15ed9cc-1536x1024.jpeg 1536w, https:\/\/www.manaus.am.gov.br\/semcom\/wp-content\/uploads\/sites\/5\/2025\/06\/25189505-ca1d-4fc0-8bf5-b182f15ed9cc-2048x1366.jpeg 2048w\" sizes=\"(max-width: 1024px) 100vw, 1024px\" \/><\/figure>\n\n\n\n<p>&#8212; &#8212; &#8212;<\/p>\n\n\n\n<p><strong>Texto &#8211;<\/strong>\u00a0J\u00e9ssica Trajano\/Manauscult\u00a0<\/p>\n\n\n\n<p><strong>Fotos &#8211;<\/strong> Thelson Souza\/Manauscult<\/p>\n","protected":false},"excerpt":{"rendered":"","protected":false},"author":39,"featured_media":241136,"comment_status":"closed","ping_status":"closed","sticky":false,"template":"","format":"standard","meta":{"footnotes":""},"categories":[223],"tags":[10549,307,469,77,15486],"acf":[],"yoast_head":"<!-- This site is optimized with the Yoast SEO plugin v23.0 - https:\/\/yoast.com\/wordpress\/plugins\/seo\/ -->\n<title>Aplica\u00e7\u00e3o de question\u00e1rio socioecon\u00f4mico no entorno do mirante L\u00facia Almeida<\/title>\n<meta name=\"description\" content=\"Prefeitura de Manaus, por meio da Manauscult, inicia aplica\u00e7\u00e3o de question\u00e1rio socioecon\u00f4mico no entorno do mirante L\u00facia Almeida.\" \/>\n<meta name=\"robots\" content=\"index, follow, max-snippet:-1, max-image-preview:large, max-video-preview:-1\" \/>\n<link rel=\"canonical\" href=\"https:\/\/www.manaus.am.gov.br\/semcom\/questionario-socioeconomico-mirante-lucia-almeida\/\" \/>\n<meta property=\"og:locale\" content=\"pt_BR\" \/>\n<meta property=\"og:type\" content=\"article\" \/>\n<meta property=\"og:title\" content=\"Aplica\u00e7\u00e3o de question\u00e1rio socioecon\u00f4mico no entorno do mirante L\u00facia Almeida\" \/>\n<meta property=\"og:description\" content=\"Prefeitura de Manaus, por meio da Manauscult, inicia aplica\u00e7\u00e3o de question\u00e1rio socioecon\u00f4mico no entorno do mirante L\u00facia Almeida.\" \/>\n<meta property=\"og:url\" content=\"https:\/\/www.manaus.am.gov.br\/semcom\/questionario-socioeconomico-mirante-lucia-almeida\/\" \/>\n<meta property=\"og:site_name\" content=\"SEMCOM\" \/>\n<meta property=\"article:published_time\" content=\"2025-06-25T19:28:02+00:00\" \/>\n<meta property=\"article:modified_time\" content=\"2025-06-25T19:29:18+00:00\" \/>\n<meta property=\"og:image\" content=\"https:\/\/www.manaus.am.gov.br\/semcom\/wp-content\/uploads\/sites\/5\/2025\/06\/00df65be-5f40-4cdb-80e5-11a4acb7e702.jpeg\" \/>\n\t<meta property=\"og:image:width\" content=\"4160\" \/>\n\t<meta property=\"og:image:height\" content=\"2774\" \/>\n\t<meta property=\"og:image:type\" content=\"image\/jpeg\" \/>\n<meta name=\"author\" content=\"Bruna Greco\" \/>\n<meta name=\"twitter:card\" content=\"summary_large_image\" \/>\n<meta name=\"twitter:label1\" content=\"Written by\" \/>\n\t<meta name=\"twitter:data1\" content=\"Bruna Greco\" \/>\n\t<meta name=\"twitter:label2\" content=\"Est. reading time\" \/>\n\t<meta name=\"twitter:data2\" content=\"3 minutos\" \/>\n<script type=\"application\/ld+json\" class=\"yoast-schema-graph\">{\"@context\":\"https:\/\/schema.org\",\"@graph\":[{\"@type\":\"WebPage\",\"@id\":\"https:\/\/www.manaus.am.gov.br\/semcom\/questionario-socioeconomico-mirante-lucia-almeida\/\",\"url\":\"https:\/\/www.manaus.am.gov.br\/semcom\/questionario-socioeconomico-mirante-lucia-almeida\/\",\"name\":\"Aplica\u00e7\u00e3o de question\u00e1rio socioecon\u00f4mico no entorno do mirante L\u00facia Almeida\",\"isPartOf\":{\"@id\":\"https:\/\/www.manaus.am.gov.br\/semcom\/#website\"},\"primaryImageOfPage\":{\"@id\":\"https:\/\/www.manaus.am.gov.br\/semcom\/questionario-socioeconomico-mirante-lucia-almeida\/#primaryimage\"},\"image\":{\"@id\":\"https:\/\/www.manaus.am.gov.br\/semcom\/questionario-socioeconomico-mirante-lucia-almeida\/#primaryimage\"},\"thumbnailUrl\":\"https:\/\/www.manaus.am.gov.br\/semcom\/wp-content\/uploads\/sites\/5\/2025\/06\/00df65be-5f40-4cdb-80e5-11a4acb7e702.jpeg\",\"datePublished\":\"2025-06-25T19:28:02+00:00\",\"dateModified\":\"2025-06-25T19:29:18+00:00\",\"author\":{\"@id\":\"https:\/\/www.manaus.am.gov.br\/semcom\/#\/schema\/person\/05d223aea2bf115f9883a6ff3683d81b\"},\"description\":\"Prefeitura de Manaus, por meio da Manauscult, inicia aplica\u00e7\u00e3o de question\u00e1rio socioecon\u00f4mico no entorno do mirante L\u00facia Almeida.\",\"inLanguage\":\"pt-BR\",\"potentialAction\":[{\"@type\":\"ReadAction\",\"target\":[\"https:\/\/www.manaus.am.gov.br\/semcom\/questionario-socioeconomico-mirante-lucia-almeida\/\"]}]},{\"@type\":\"ImageObject\",\"inLanguage\":\"pt-BR\",\"@id\":\"https:\/\/www.manaus.am.gov.br\/semcom\/questionario-socioeconomico-mirante-lucia-almeida\/#primaryimage\",\"url\":\"https:\/\/www.manaus.am.gov.br\/semcom\/wp-content\/uploads\/sites\/5\/2025\/06\/00df65be-5f40-4cdb-80e5-11a4acb7e702.jpeg\",\"contentUrl\":\"https:\/\/www.manaus.am.gov.br\/semcom\/wp-content\/uploads\/sites\/5\/2025\/06\/00df65be-5f40-4cdb-80e5-11a4acb7e702.jpeg\",\"width\":4160,\"height\":2774,\"caption\":\"#paratodosverem - Equipe da Manauscult percorrendo no entorno do mirante L\u00facia Almeida aplicando question\u00e1rio socioecon\u00f4mico\"},{\"@type\":\"WebSite\",\"@id\":\"https:\/\/www.manaus.am.gov.br\/semcom\/#website\",\"url\":\"https:\/\/www.manaus.am.gov.br\/semcom\/\",\"name\":\"SEMCOM\",\"description\":\"Secretaria Municipal de Comunica\u00e7\u00e3o\",\"potentialAction\":[{\"@type\":\"SearchAction\",\"target\":{\"@type\":\"EntryPoint\",\"urlTemplate\":\"https:\/\/www.manaus.am.gov.br\/semcom\/?s={search_term_string}\"},\"query-input\":\"required name=search_term_string\"}],\"inLanguage\":\"pt-BR\"},{\"@type\":\"Person\",\"@id\":\"https:\/\/www.manaus.am.gov.br\/semcom\/#\/schema\/person\/05d223aea2bf115f9883a6ff3683d81b\",\"name\":\"Bruna Greco\",\"image\":{\"@type\":\"ImageObject\",\"inLanguage\":\"pt-BR\",\"@id\":\"https:\/\/www.manaus.am.gov.br\/semcom\/#\/schema\/person\/image\/\",\"url\":\"https:\/\/secure.gravatar.com\/avatar\/9c877d1a6adc2a055330e5c09a8653ce?s=96&d=mm&r=g\",\"contentUrl\":\"https:\/\/secure.gravatar.com\/avatar\/9c877d1a6adc2a055330e5c09a8653ce?s=96&d=mm&r=g\",\"caption\":\"Bruna Greco\"}}]}<\/script>\n<!-- \/ Yoast SEO plugin. -->","yoast_head_json":{"title":"Aplica\u00e7\u00e3o de question\u00e1rio socioecon\u00f4mico no entorno do mirante L\u00facia Almeida","description":"Prefeitura de Manaus, por meio da Manauscult, inicia aplica\u00e7\u00e3o de question\u00e1rio socioecon\u00f4mico no entorno do mirante L\u00facia Almeida.","robots":{"index":"index","follow":"follow","max-snippet":"max-snippet:-1","max-image-preview":"max-image-preview:large","max-video-preview":"max-video-preview:-1"},"canonical":"https:\/\/www.manaus.am.gov.br\/semcom\/questionario-socioeconomico-mirante-lucia-almeida\/","og_locale":"pt_BR","og_type":"article","og_title":"Aplica\u00e7\u00e3o de question\u00e1rio socioecon\u00f4mico no entorno do mirante L\u00facia Almeida","og_description":"Prefeitura de Manaus, por meio da Manauscult, inicia aplica\u00e7\u00e3o de question\u00e1rio socioecon\u00f4mico no entorno do mirante L\u00facia Almeida.","og_url":"https:\/\/www.manaus.am.gov.br\/semcom\/questionario-socioeconomico-mirante-lucia-almeida\/","og_site_name":"SEMCOM","article_published_time":"2025-06-25T19:28:02+00:00","article_modified_time":"2025-06-25T19:29:18+00:00","og_image":[{"width":4160,"height":2774,"url":"https:\/\/www.manaus.am.gov.br\/semcom\/wp-content\/uploads\/sites\/5\/2025\/06\/00df65be-5f40-4cdb-80e5-11a4acb7e702.jpeg","type":"image\/jpeg"}],"author":"Bruna Greco","twitter_card":"summary_large_image","twitter_misc":{"Written by":"Bruna Greco","Est. reading time":"3 minutos"},"schema":{"@context":"https:\/\/schema.org","@graph":[{"@type":"WebPage","@id":"https:\/\/www.manaus.am.gov.br\/semcom\/questionario-socioeconomico-mirante-lucia-almeida\/","url":"https:\/\/www.manaus.am.gov.br\/semcom\/questionario-socioeconomico-mirante-lucia-almeida\/","name":"Aplica\u00e7\u00e3o de question\u00e1rio socioecon\u00f4mico no entorno do mirante L\u00facia Almeida","isPartOf":{"@id":"https:\/\/www.manaus.am.gov.br\/semcom\/#website"},"primaryImageOfPage":{"@id":"https:\/\/www.manaus.am.gov.br\/semcom\/questionario-socioeconomico-mirante-lucia-almeida\/#primaryimage"},"image":{"@id":"https:\/\/www.manaus.am.gov.br\/semcom\/questionario-socioeconomico-mirante-lucia-almeida\/#primaryimage"},"thumbnailUrl":"https:\/\/www.manaus.am.gov.br\/semcom\/wp-content\/uploads\/sites\/5\/2025\/06\/00df65be-5f40-4cdb-80e5-11a4acb7e702.jpeg","datePublished":"2025-06-25T19:28:02+00:00","dateModified":"2025-06-25T19:29:18+00:00","author":{"@id":"https:\/\/www.manaus.am.gov.br\/semcom\/#\/schema\/person\/05d223aea2bf115f9883a6ff3683d81b"},"description":"Prefeitura de Manaus, por meio da Manauscult, inicia aplica\u00e7\u00e3o de question\u00e1rio socioecon\u00f4mico no entorno do mirante L\u00facia Almeida.","inLanguage":"pt-BR","potentialAction":[{"@type":"ReadAction","target":["https:\/\/www.manaus.am.gov.br\/semcom\/questionario-socioeconomico-mirante-lucia-almeida\/"]}]},{"@type":"ImageObject","inLanguage":"pt-BR","@id":"https:\/\/www.manaus.am.gov.br\/semcom\/questionario-socioeconomico-mirante-lucia-almeida\/#primaryimage","url":"https:\/\/www.manaus.am.gov.br\/semcom\/wp-content\/uploads\/sites\/5\/2025\/06\/00df65be-5f40-4cdb-80e5-11a4acb7e702.jpeg","contentUrl":"https:\/\/www.manaus.am.gov.br\/semcom\/wp-content\/uploads\/sites\/5\/2025\/06\/00df65be-5f40-4cdb-80e5-11a4acb7e702.jpeg","width":4160,"height":2774,"caption":"#paratodosverem - Equipe da Manauscult percorrendo no entorno do mirante L\u00facia Almeida aplicando question\u00e1rio socioecon\u00f4mico"},{"@type":"WebSite","@id":"https:\/\/www.manaus.am.gov.br\/semcom\/#website","url":"https:\/\/www.manaus.am.gov.br\/semcom\/","name":"SEMCOM","description":"Secretaria Municipal de Comunica\u00e7\u00e3o","potentialAction":[{"@type":"SearchAction","target":{"@type":"EntryPoint","urlTemplate":"https:\/\/www.manaus.am.gov.br\/semcom\/?s={search_term_string}"},"query-input":"required name=search_term_string"}],"inLanguage":"pt-BR"},{"@type":"Person","@id":"https:\/\/www.manaus.am.gov.br\/semcom\/#\/schema\/person\/05d223aea2bf115f9883a6ff3683d81b","name":"Bruna Greco","image":{"@type":"ImageObject","inLanguage":"pt-BR","@id":"https:\/\/www.manaus.am.gov.br\/semcom\/#\/schema\/person\/image\/","url":"https:\/\/secure.gravatar.com\/avatar\/9c877d1a6adc2a055330e5c09a8653ce?s=96&d=mm&r=g","contentUrl":"https:\/\/secure.gravatar.com\/avatar\/9c877d1a6adc2a055330e5c09a8653ce?s=96&d=mm&r=g","caption":"Bruna Greco"}}]}},"_links":{"self":[{"href":"https:\/\/www.manaus.am.gov.br\/semcom\/wp-json\/wp\/v2\/posts\/241135"}],"collection":[{"href":"https:\/\/www.manaus.am.gov.br\/semcom\/wp-json\/wp\/v2\/posts"}],"about":[{"href":"https:\/\/www.manaus.am.gov.br\/semcom\/wp-json\/wp\/v2\/types\/post"}],"author":[{"embeddable":true,"href":"https:\/\/www.manaus.am.gov.br\/semcom\/wp-json\/wp\/v2\/users\/39"}],"replies":[{"embeddable":true,"href":"https:\/\/www.manaus.am.gov.br\/semcom\/wp-json\/wp\/v2\/comments?post=241135"}],"version-history":[{"count":2,"href":"https:\/\/www.manaus.am.gov.br\/semcom\/wp-json\/wp\/v2\/posts\/241135\/revisions"}],"predecessor-version":[{"id":241139,"href":"https:\/\/www.manaus.am.gov.br\/semcom\/wp-json\/wp\/v2\/posts\/241135\/revisions\/241139"}],"wp:featuredmedia":[{"embeddable":true,"href":"https:\/\/www.manaus.am.gov.br\/semcom\/wp-json\/wp\/v2\/media\/241136"}],"wp:attachment":[{"href":"https:\/\/www.manaus.am.gov.br\/semcom\/wp-json\/wp\/v2\/media?parent=241135"}],"wp:term":[{"taxonomy":"category","embeddable":true,"href":"https:\/\/www.manaus.am.gov.br\/semcom\/wp-json\/wp\/v2\/categories?post=241135"},{"taxonomy":"post_tag","embeddable":true,"href":"https:\/\/www.manaus.am.gov.br\/semcom\/wp-json\/wp\/v2\/tags?post=241135"}],"curies":[{"name":"wp","href":"https:\/\/api.w.org\/{rel}","templated":true}]}}