{"id":241094,"date":"2025-06-24T15:33:12","date_gmt":"2025-06-24T18:33:12","guid":{"rendered":"https:\/\/www.manaus.am.gov.br\/semcom\/prefeitura-semhaf-entregacasamanauara\/"},"modified":"2025-06-24T15:33:16","modified_gmt":"2025-06-24T18:33:16","slug":"prefeitura-semhaf-entregacasamanauara","status":"publish","type":"post","link":"https:\/\/www.manaus.am.gov.br\/semcom\/prefeitura-semhaf-entregacasamanauara\/","title":{"rendered":"Prefeitura de Manaus entrega mais 15 casas reformadas pelo programa &#8216;Casa Manauara&#8217; na comunidade Rio Piorini"},"content":{"rendered":"\n<p>A Prefeitura de Manaus, por meio da Secretaria Municipal de Habita\u00e7\u00e3o e Assuntos Fundi\u00e1rios (Semhaf), realizou, nesta ter\u00e7a-feira, 24\/6, a entrega de mais 15 casas totalmente reformadas pelo programa \u201cCasa Manauara\u201d, na comunidade Rio Piorini, zona Norte. A iniciativa segue levando mais dignidade, conforto e seguran\u00e7a para as fam\u00edlias manauaras.<\/p>\n\n\n\n<p>O secret\u00e1rio de Habita\u00e7\u00e3o, Jesus Alves, destacou que, al\u00e9m das entregas, o programa passa por um processo de amplia\u00e7\u00e3o, que vai permitir atender ainda mais fam\u00edlias na cidade. \u201cHoje, entregamos 15 lares reformados aqui no Piorini e, at\u00e9 o final da semana, entregaremos mais 15. E uma novidade muito importante: enviamos \u00e0 C\u00e2mara Municipal um projeto de lei que vai alterar as regras do programa, permitindo que possamos atender mais bairros e alcan\u00e7ar muito mais fam\u00edlias. A meta do prefeito David Almeida \u00e9 clara: chegar a mil unidades habitacionais reformadas at\u00e9 o fim do ano, e estamos trabalhando muito para isso\u201d, afirmou.<\/p>\n\n\n\n<p>Entre os beneficiados est\u00e1 o aposentado Bianor Bacelar, morador da comunidade h\u00e1 25 anos. Ele j\u00e1 havia sido contemplado anteriormente com o registro definitivo do im\u00f3vel e, agora, celebra a reforma completa da casa. \u201cMinha casa ficou outra. Trocaram parte do telhado, colocaram telha galvanizada, fizeram pintura e consertos externos. S\u00f3 tenho a agradecer. Hoje me sinto valorizado, porque, durante muito tempo, nosso bairro parecia esquecido. Mas agora, com este trabalho, a gente sente que est\u00e1 sendo olhado de verdade\u201d, declarou, emocionado.<\/p>\n\n\n\n<p>Outro beneficiado&nbsp;foi Renato da Silva, que com a esposa gr\u00e1vida de sete meses, comemora a transforma\u00e7\u00e3o da casa. \u201cEu j\u00e1 estava guardando um dinheirinho para fazer algumas adapta\u00e7\u00f5es na casa para receber nossa beb\u00ea. Agora, com esta reforma, n\u00e3o preciso mais gastar com isso e posso investir no enxoval dela. \u00c9 uma alegria enorme para nossa fam\u00edlia\u201d, contou.<\/p>\n\n\n\n<p>Para a dona de casa Indra Messias, que mora no Piorini h\u00e1 quatro anos, o momento \u00e9 de gratid\u00e3o e de acreditar nos pr\u00f3prios sonhos. \u201cEu sempre acreditei que um dia a minha casa poderia ser reformada. E acredito que todos devem acreditar nos seus sonhos, sejam eles grandes ou pequenos, porque eles podem, sim, se tornar realidade\u201d, afirmou.<\/p>\n\n\n\n<p>O secret\u00e1rio Jesus Alves tamb\u00e9m refor\u00e7ou que a Prefeitura de Manaus tem atuado, de forma integrada, nas pol\u00edticas habitacionais, promovendo avan\u00e7os em diversas frentes. \u201cTemos o programa \u2018Minha Casa, Minha Vida\u2019, que vai entregar quase 4.700 unidades habitacionais; a regulariza\u00e7\u00e3o fundi\u00e1ria, que j\u00e1 ultrapassa dez mil registros entregues; e o programa \u2018Manaus Minha Terra\u2019, que vai destinar lotes urbanos para fam\u00edlias que precisam. Al\u00e9m disso, estamos avan\u00e7ando com o primeiro bairro planejado da cidade, que come\u00e7a a se tornar realidade ainda este ano\u201d, concluiu.<\/p>\n\n\n\n<p>&#8212; &#8212; &#8212; <\/p>\n\n\n\n<p><strong>Texto<\/strong> &#8211;\u00a0Leonardo Fierro \/ Semhaf<\/p>\n\n\n\n<p><strong>Fotos <\/strong>&#8211;\u00a0Clovis Miranda \/ Semcom e Divulga\u00e7\u00e3o\/Semhaf <\/p>\n\n\n\n<p><strong>Dispon\u00edveis<\/strong> em &#8211; https:\/\/flic.kr\/s\/aHBqjCj6en<\/p>\n","protected":false},"excerpt":{"rendered":"","protected":false},"author":23,"featured_media":241095,"comment_status":"closed","ping_status":"closed","sticky":false,"template":"","format":"standard","meta":{"footnotes":""},"categories":[2162],"tags":[10677,77,14640,5352,328],"acf":[],"yoast_head":"<!-- This site is optimized with the Yoast SEO plugin v23.0 - https:\/\/yoast.com\/wordpress\/plugins\/seo\/ -->\n<title>Prefeitura de Manaus entrega mais 15 casas reformadas pelo programa &#039;Casa Manauara&#039; na comunidade Rio Piorini<\/title>\n<meta name=\"description\" content=\"A Prefeitura de Manaus, por meio da Secretaria Municipal de Habita\u00e7\u00e3o e Assuntos Fundi\u00e1rios (Semhaf), realizou, nesta ter\u00e7a-feira, 24\/6, a entrega de mais 15 casas totalmente reformadas pelo programa \u201cCasa Manauara\u201d, na comunidade Rio Piorini, zona Norte.\" \/>\n<meta name=\"robots\" content=\"index, follow, max-snippet:-1, max-image-preview:large, max-video-preview:-1\" \/>\n<link rel=\"canonical\" href=\"https:\/\/www.manaus.am.gov.br\/semcom\/prefeitura-semhaf-entregacasamanauara\/\" \/>\n<meta property=\"og:locale\" content=\"pt_BR\" \/>\n<meta property=\"og:type\" content=\"article\" \/>\n<meta property=\"og:title\" content=\"Prefeitura de Manaus entrega mais 15 casas reformadas pelo programa &#039;Casa Manauara&#039; na comunidade Rio Piorini\" \/>\n<meta property=\"og:description\" content=\"A Prefeitura de Manaus, por meio da Secretaria Municipal de Habita\u00e7\u00e3o e Assuntos Fundi\u00e1rios (Semhaf), realizou, nesta ter\u00e7a-feira, 24\/6, a entrega de mais 15 casas totalmente reformadas pelo programa \u201cCasa Manauara\u201d, na comunidade Rio Piorini, zona Norte.\" \/>\n<meta property=\"og:url\" content=\"https:\/\/www.manaus.am.gov.br\/semcom\/prefeitura-semhaf-entregacasamanauara\/\" \/>\n<meta property=\"og:site_name\" content=\"SEMCOM\" \/>\n<meta property=\"article:published_time\" content=\"2025-06-24T18:33:12+00:00\" \/>\n<meta property=\"article:modified_time\" content=\"2025-06-24T18:33:16+00:00\" \/>\n<meta property=\"og:image\" content=\"https:\/\/www.manaus.am.gov.br\/semcom\/wp-content\/uploads\/sites\/5\/2025\/06\/54611053476_e358cfd2e4_c.jpg\" \/>\n\t<meta property=\"og:image:width\" content=\"799\" \/>\n\t<meta property=\"og:image:height\" content=\"533\" \/>\n\t<meta property=\"og:image:type\" content=\"image\/jpeg\" \/>\n<meta name=\"author\" content=\"Adriana Costa\" \/>\n<meta name=\"twitter:card\" content=\"summary_large_image\" \/>\n<meta name=\"twitter:label1\" content=\"Written by\" \/>\n\t<meta name=\"twitter:data1\" content=\"Adriana Costa\" \/>\n\t<meta name=\"twitter:label2\" content=\"Est. reading time\" \/>\n\t<meta name=\"twitter:data2\" content=\"3 minutos\" \/>\n<script type=\"application\/ld+json\" class=\"yoast-schema-graph\">{\"@context\":\"https:\/\/schema.org\",\"@graph\":[{\"@type\":\"WebPage\",\"@id\":\"https:\/\/www.manaus.am.gov.br\/semcom\/prefeitura-semhaf-entregacasamanauara\/\",\"url\":\"https:\/\/www.manaus.am.gov.br\/semcom\/prefeitura-semhaf-entregacasamanauara\/\",\"name\":\"Prefeitura de Manaus entrega mais 15 casas reformadas pelo programa 'Casa Manauara' na comunidade Rio Piorini\",\"isPartOf\":{\"@id\":\"https:\/\/www.manaus.am.gov.br\/semcom\/#website\"},\"primaryImageOfPage\":{\"@id\":\"https:\/\/www.manaus.am.gov.br\/semcom\/prefeitura-semhaf-entregacasamanauara\/#primaryimage\"},\"image\":{\"@id\":\"https:\/\/www.manaus.am.gov.br\/semcom\/prefeitura-semhaf-entregacasamanauara\/#primaryimage\"},\"thumbnailUrl\":\"https:\/\/www.manaus.am.gov.br\/semcom\/wp-content\/uploads\/sites\/5\/2025\/06\/54611053476_e358cfd2e4_c.jpg\",\"datePublished\":\"2025-06-24T18:33:12+00:00\",\"dateModified\":\"2025-06-24T18:33:16+00:00\",\"author\":{\"@id\":\"https:\/\/www.manaus.am.gov.br\/semcom\/#\/schema\/person\/4e49f4e267757a06ca072ec61b2b9968\"},\"description\":\"A Prefeitura de Manaus, por meio da Secretaria Municipal de Habita\u00e7\u00e3o e Assuntos Fundi\u00e1rios (Semhaf), realizou, nesta ter\u00e7a-feira, 24\/6, a entrega de mais 15 casas totalmente reformadas pelo programa \u201cCasa Manauara\u201d, na comunidade Rio Piorini, zona Norte.\",\"inLanguage\":\"pt-BR\",\"potentialAction\":[{\"@type\":\"ReadAction\",\"target\":[\"https:\/\/www.manaus.am.gov.br\/semcom\/prefeitura-semhaf-entregacasamanauara\/\"]}]},{\"@type\":\"ImageObject\",\"inLanguage\":\"pt-BR\",\"@id\":\"https:\/\/www.manaus.am.gov.br\/semcom\/prefeitura-semhaf-entregacasamanauara\/#primaryimage\",\"url\":\"https:\/\/www.manaus.am.gov.br\/semcom\/wp-content\/uploads\/sites\/5\/2025\/06\/54611053476_e358cfd2e4_c.jpg\",\"contentUrl\":\"https:\/\/www.manaus.am.gov.br\/semcom\/wp-content\/uploads\/sites\/5\/2025\/06\/54611053476_e358cfd2e4_c.jpg\",\"width\":799,\"height\":533},{\"@type\":\"WebSite\",\"@id\":\"https:\/\/www.manaus.am.gov.br\/semcom\/#website\",\"url\":\"https:\/\/www.manaus.am.gov.br\/semcom\/\",\"name\":\"SEMCOM\",\"description\":\"Secretaria Municipal de Comunica\u00e7\u00e3o\",\"potentialAction\":[{\"@type\":\"SearchAction\",\"target\":{\"@type\":\"EntryPoint\",\"urlTemplate\":\"https:\/\/www.manaus.am.gov.br\/semcom\/?s={search_term_string}\"},\"query-input\":\"required name=search_term_string\"}],\"inLanguage\":\"pt-BR\"},{\"@type\":\"Person\",\"@id\":\"https:\/\/www.manaus.am.gov.br\/semcom\/#\/schema\/person\/4e49f4e267757a06ca072ec61b2b9968\",\"name\":\"Adriana Costa\",\"image\":{\"@type\":\"ImageObject\",\"inLanguage\":\"pt-BR\",\"@id\":\"https:\/\/www.manaus.am.gov.br\/semcom\/#\/schema\/person\/image\/\",\"url\":\"https:\/\/secure.gravatar.com\/avatar\/576258617ef7194f718179e766d57bd4?s=96&d=mm&r=g\",\"contentUrl\":\"https:\/\/secure.gravatar.com\/avatar\/576258617ef7194f718179e766d57bd4?s=96&d=mm&r=g\",\"caption\":\"Adriana Costa\"}}]}<\/script>\n<!-- \/ Yoast SEO plugin. -->","yoast_head_json":{"title":"Prefeitura de Manaus entrega mais 15 casas reformadas pelo programa 'Casa Manauara' na comunidade Rio Piorini","description":"A Prefeitura de Manaus, por meio da Secretaria Municipal de Habita\u00e7\u00e3o e Assuntos Fundi\u00e1rios (Semhaf), realizou, nesta ter\u00e7a-feira, 24\/6, a entrega de mais 15 casas totalmente reformadas pelo programa \u201cCasa Manauara\u201d, na comunidade Rio Piorini, zona Norte.","robots":{"index":"index","follow":"follow","max-snippet":"max-snippet:-1","max-image-preview":"max-image-preview:large","max-video-preview":"max-video-preview:-1"},"canonical":"https:\/\/www.manaus.am.gov.br\/semcom\/prefeitura-semhaf-entregacasamanauara\/","og_locale":"pt_BR","og_type":"article","og_title":"Prefeitura de Manaus entrega mais 15 casas reformadas pelo programa 'Casa Manauara' na comunidade Rio Piorini","og_description":"A Prefeitura de Manaus, por meio da Secretaria Municipal de Habita\u00e7\u00e3o e Assuntos Fundi\u00e1rios (Semhaf), realizou, nesta ter\u00e7a-feira, 24\/6, a entrega de mais 15 casas totalmente reformadas pelo programa \u201cCasa Manauara\u201d, na comunidade Rio Piorini, zona Norte.","og_url":"https:\/\/www.manaus.am.gov.br\/semcom\/prefeitura-semhaf-entregacasamanauara\/","og_site_name":"SEMCOM","article_published_time":"2025-06-24T18:33:12+00:00","article_modified_time":"2025-06-24T18:33:16+00:00","og_image":[{"width":799,"height":533,"url":"https:\/\/www.manaus.am.gov.br\/semcom\/wp-content\/uploads\/sites\/5\/2025\/06\/54611053476_e358cfd2e4_c.jpg","type":"image\/jpeg"}],"author":"Adriana Costa","twitter_card":"summary_large_image","twitter_misc":{"Written by":"Adriana Costa","Est. reading time":"3 minutos"},"schema":{"@context":"https:\/\/schema.org","@graph":[{"@type":"WebPage","@id":"https:\/\/www.manaus.am.gov.br\/semcom\/prefeitura-semhaf-entregacasamanauara\/","url":"https:\/\/www.manaus.am.gov.br\/semcom\/prefeitura-semhaf-entregacasamanauara\/","name":"Prefeitura de Manaus entrega mais 15 casas reformadas pelo programa 'Casa Manauara' na comunidade Rio Piorini","isPartOf":{"@id":"https:\/\/www.manaus.am.gov.br\/semcom\/#website"},"primaryImageOfPage":{"@id":"https:\/\/www.manaus.am.gov.br\/semcom\/prefeitura-semhaf-entregacasamanauara\/#primaryimage"},"image":{"@id":"https:\/\/www.manaus.am.gov.br\/semcom\/prefeitura-semhaf-entregacasamanauara\/#primaryimage"},"thumbnailUrl":"https:\/\/www.manaus.am.gov.br\/semcom\/wp-content\/uploads\/sites\/5\/2025\/06\/54611053476_e358cfd2e4_c.jpg","datePublished":"2025-06-24T18:33:12+00:00","dateModified":"2025-06-24T18:33:16+00:00","author":{"@id":"https:\/\/www.manaus.am.gov.br\/semcom\/#\/schema\/person\/4e49f4e267757a06ca072ec61b2b9968"},"description":"A Prefeitura de Manaus, por meio da Secretaria Municipal de Habita\u00e7\u00e3o e Assuntos Fundi\u00e1rios (Semhaf), realizou, nesta ter\u00e7a-feira, 24\/6, a entrega de mais 15 casas totalmente reformadas pelo programa \u201cCasa Manauara\u201d, na comunidade Rio Piorini, zona Norte.","inLanguage":"pt-BR","potentialAction":[{"@type":"ReadAction","target":["https:\/\/www.manaus.am.gov.br\/semcom\/prefeitura-semhaf-entregacasamanauara\/"]}]},{"@type":"ImageObject","inLanguage":"pt-BR","@id":"https:\/\/www.manaus.am.gov.br\/semcom\/prefeitura-semhaf-entregacasamanauara\/#primaryimage","url":"https:\/\/www.manaus.am.gov.br\/semcom\/wp-content\/uploads\/sites\/5\/2025\/06\/54611053476_e358cfd2e4_c.jpg","contentUrl":"https:\/\/www.manaus.am.gov.br\/semcom\/wp-content\/uploads\/sites\/5\/2025\/06\/54611053476_e358cfd2e4_c.jpg","width":799,"height":533},{"@type":"WebSite","@id":"https:\/\/www.manaus.am.gov.br\/semcom\/#website","url":"https:\/\/www.manaus.am.gov.br\/semcom\/","name":"SEMCOM","description":"Secretaria Municipal de Comunica\u00e7\u00e3o","potentialAction":[{"@type":"SearchAction","target":{"@type":"EntryPoint","urlTemplate":"https:\/\/www.manaus.am.gov.br\/semcom\/?s={search_term_string}"},"query-input":"required name=search_term_string"}],"inLanguage":"pt-BR"},{"@type":"Person","@id":"https:\/\/www.manaus.am.gov.br\/semcom\/#\/schema\/person\/4e49f4e267757a06ca072ec61b2b9968","name":"Adriana Costa","image":{"@type":"ImageObject","inLanguage":"pt-BR","@id":"https:\/\/www.manaus.am.gov.br\/semcom\/#\/schema\/person\/image\/","url":"https:\/\/secure.gravatar.com\/avatar\/576258617ef7194f718179e766d57bd4?s=96&d=mm&r=g","contentUrl":"https:\/\/secure.gravatar.com\/avatar\/576258617ef7194f718179e766d57bd4?s=96&d=mm&r=g","caption":"Adriana Costa"}}]}},"_links":{"self":[{"href":"https:\/\/www.manaus.am.gov.br\/semcom\/wp-json\/wp\/v2\/posts\/241094"}],"collection":[{"href":"https:\/\/www.manaus.am.gov.br\/semcom\/wp-json\/wp\/v2\/posts"}],"about":[{"href":"https:\/\/www.manaus.am.gov.br\/semcom\/wp-json\/wp\/v2\/types\/post"}],"author":[{"embeddable":true,"href":"https:\/\/www.manaus.am.gov.br\/semcom\/wp-json\/wp\/v2\/users\/23"}],"replies":[{"embeddable":true,"href":"https:\/\/www.manaus.am.gov.br\/semcom\/wp-json\/wp\/v2\/comments?post=241094"}],"version-history":[{"count":0,"href":"https:\/\/www.manaus.am.gov.br\/semcom\/wp-json\/wp\/v2\/posts\/241094\/revisions"}],"wp:featuredmedia":[{"embeddable":true,"href":"https:\/\/www.manaus.am.gov.br\/semcom\/wp-json\/wp\/v2\/media\/241095"}],"wp:attachment":[{"href":"https:\/\/www.manaus.am.gov.br\/semcom\/wp-json\/wp\/v2\/media?parent=241094"}],"wp:term":[{"taxonomy":"category","embeddable":true,"href":"https:\/\/www.manaus.am.gov.br\/semcom\/wp-json\/wp\/v2\/categories?post=241094"},{"taxonomy":"post_tag","embeddable":true,"href":"https:\/\/www.manaus.am.gov.br\/semcom\/wp-json\/wp\/v2\/tags?post=241094"}],"curies":[{"name":"wp","href":"https:\/\/api.w.org\/{rel}","templated":true}]}}