{"id":240882,"date":"2025-06-18T11:02:21","date_gmt":"2025-06-18T14:02:21","guid":{"rendered":"https:\/\/www.manaus.am.gov.br\/semcom\/pichacao-ponta-negra\/"},"modified":"2025-06-18T11:02:21","modified_gmt":"2025-06-18T14:02:21","slug":"pichacao-ponta-negra","status":"publish","type":"post","link":"https:\/\/www.manaus.am.gov.br\/semcom\/pichacao-ponta-negra\/","title":{"rendered":"Picha\u00e7\u00e3o na Ponta Negra prejudica cen\u00e1rio urbano e causa despesa com repintura para prefeitura"},"content":{"rendered":"\n<p>Um dos cart\u00f5es-postais da capital amazonense, o complexo tur\u00edstico Ponta Negra, na zona Oeste, espa\u00e7o p\u00fablico mantido pela Prefeitura de Manaus, tem sofrido com a\u00e7\u00f5es de picha\u00e7\u00f5es.<\/p>\n\n\n\n<p>Al\u00e9m de prejudicar a paisagem urbana e a beleza natural do espa\u00e7o, as picha\u00e7\u00f5es causam polui\u00e7\u00e3o visual, for\u00e7ando a gest\u00e3o a requalificar \u00e1reas inteiras e gastar recursos p\u00fablicos com repintura constante. Por m\u00eas, a m\u00e9dia de despesas para retirar as picha\u00e7\u00f5es gira em torno de R$ 15 mil.<\/p>\n\n\n\n<p>O ato de pichar \u00e9 crime. Prevista na Lei de Crimes Ambientais, a pr\u00e1tica pode render deten\u00e7\u00e3o, multa e at\u00e9 processos por danos materiais.<\/p>\n\n\n\n<p>\u201cManaus e diversas cidades brasileiras enfrentam essa pr\u00e1tica que, al\u00e9m de sujar, poluir e prejudicar a paisagem urbana, por vezes deteriora a ess\u00eancia de bens culturais, especialmente protegidos ou n\u00e3o, e tamb\u00e9m danificam edifica\u00e7\u00f5es, gerando despesas para manuten\u00e7\u00e3o dos espa\u00e7os p\u00fablicos\u201d, comentou o diretor de Planejamento do Instituto Municipal de Planejamento Urbano (Implurb), Pedro Paulo Cordeiro. \u201cRespeitar a cidade \u00e9 tamb\u00e9m uma forma de ocupar com consci\u00eancia os espa\u00e7os que s\u00e3o de todos\u201d, completou.<\/p>\n\n\n\n<p><strong>Crime ambiental<\/strong><\/p>\n\n\n\n<p>A picha\u00e7\u00e3o \u00e9 tipificada como crime ambiental no artigo 65, da Lei n\u00ba 9.605\/98 (Lei de Crimes Ambientais). A pena para quem pichar \u00e9 de deten\u00e7\u00e3o de tr\u00eas meses a um ano e multa. Enquanto a picha\u00e7\u00e3o \u00e9 vista como uma a\u00e7\u00e3o de vandalismo sem valor art\u00edstico, o grafite \u00e9 uma express\u00e3o art\u00edstica, desde que realizado com consentimento do propriet\u00e1rio e com objetivo de valorizar o patrim\u00f4nio.<\/p>\n\n\n\n<p>\u201cPedimos a colabora\u00e7\u00e3o da popula\u00e7\u00e3o para ajudar a manter esse lindo espa\u00e7o, patrim\u00f4nio da cidade e que \u00e9 de uso para todos\u201d, explicou o coordenador da comiss\u00e3o da Ponta Negra, Alberto Maciel.<\/p>\n\n\n\n<p>Den\u00fancias sobre vandalismo e picha\u00e7\u00f5es podem ser feitas para a Pol\u00edcia Militar que atua no complexo, da base Oeste, pelo telefone (92) 98842-2586.<\/p>\n\n\n\n<p>&#8212; &#8212; &#8212;<\/p>\n\n\n\n<p><strong>Texto<\/strong> &#8211; Claudia do Valle \/ Implurb<\/p>\n\n\n\n<p><strong>Fotos<\/strong>&nbsp;\u2013&nbsp;Divulga\u00e7\u00e3o \/ Implurb<\/p>\n","protected":false},"excerpt":{"rendered":"","protected":false},"author":25,"featured_media":240883,"comment_status":"closed","ping_status":"closed","sticky":false,"template":"","format":"standard","meta":{"footnotes":""},"categories":[3411],"tags":[65,5688,458,7974],"acf":[],"yoast_head":"<!-- This site is optimized with the Yoast SEO plugin v23.0 - https:\/\/yoast.com\/wordpress\/plugins\/seo\/ -->\n<title>Picha\u00e7\u00e3o na Ponta Negra prejudica cen\u00e1rio urbano e causa despesa com repintura para prefeitura<\/title>\n<meta name=\"description\" content=\"Um dos cart\u00f5es-postais da capital amazonense, o complexo tur\u00edstico Ponta Negra, na zona Oeste, tem sofrido com a\u00e7\u00f5es de picha\u00e7\u00f5es\" \/>\n<meta name=\"robots\" content=\"index, follow, max-snippet:-1, max-image-preview:large, max-video-preview:-1\" \/>\n<link rel=\"canonical\" href=\"https:\/\/www.manaus.am.gov.br\/semcom\/pichacao-ponta-negra\/\" \/>\n<meta property=\"og:locale\" content=\"pt_BR\" \/>\n<meta property=\"og:type\" content=\"article\" \/>\n<meta property=\"og:title\" content=\"Picha\u00e7\u00e3o na Ponta Negra prejudica cen\u00e1rio urbano e causa despesa com repintura para prefeitura\" \/>\n<meta property=\"og:description\" content=\"Um dos cart\u00f5es-postais da capital amazonense, o complexo tur\u00edstico Ponta Negra, na zona Oeste, tem sofrido com a\u00e7\u00f5es de picha\u00e7\u00f5es\" \/>\n<meta property=\"og:url\" content=\"https:\/\/www.manaus.am.gov.br\/semcom\/pichacao-ponta-negra\/\" \/>\n<meta property=\"og:site_name\" content=\"SEMCOM\" \/>\n<meta property=\"article:published_time\" content=\"2025-06-18T14:02:21+00:00\" \/>\n<meta property=\"og:image\" content=\"https:\/\/www.manaus.am.gov.br\/semcom\/wp-content\/uploads\/sites\/5\/2025\/06\/picha10.jpeg\" \/>\n\t<meta property=\"og:image:width\" content=\"1600\" \/>\n\t<meta property=\"og:image:height\" content=\"900\" \/>\n\t<meta property=\"og:image:type\" content=\"image\/jpeg\" \/>\n<meta name=\"author\" content=\"Maur\u00edcio Freire\" \/>\n<meta name=\"twitter:card\" content=\"summary_large_image\" \/>\n<meta name=\"twitter:label1\" content=\"Written by\" \/>\n\t<meta name=\"twitter:data1\" content=\"Maur\u00edcio Freire\" \/>\n\t<meta name=\"twitter:label2\" content=\"Est. reading time\" \/>\n\t<meta name=\"twitter:data2\" content=\"2 minutos\" \/>\n<script type=\"application\/ld+json\" class=\"yoast-schema-graph\">{\"@context\":\"https:\/\/schema.org\",\"@graph\":[{\"@type\":\"WebPage\",\"@id\":\"https:\/\/www.manaus.am.gov.br\/semcom\/pichacao-ponta-negra\/\",\"url\":\"https:\/\/www.manaus.am.gov.br\/semcom\/pichacao-ponta-negra\/\",\"name\":\"Picha\u00e7\u00e3o na Ponta Negra prejudica cen\u00e1rio urbano e causa despesa com repintura para prefeitura\",\"isPartOf\":{\"@id\":\"https:\/\/www.manaus.am.gov.br\/semcom\/#website\"},\"primaryImageOfPage\":{\"@id\":\"https:\/\/www.manaus.am.gov.br\/semcom\/pichacao-ponta-negra\/#primaryimage\"},\"image\":{\"@id\":\"https:\/\/www.manaus.am.gov.br\/semcom\/pichacao-ponta-negra\/#primaryimage\"},\"thumbnailUrl\":\"https:\/\/www.manaus.am.gov.br\/semcom\/wp-content\/uploads\/sites\/5\/2025\/06\/picha10.jpeg\",\"datePublished\":\"2025-06-18T14:02:21+00:00\",\"dateModified\":\"2025-06-18T14:02:21+00:00\",\"author\":{\"@id\":\"https:\/\/www.manaus.am.gov.br\/semcom\/#\/schema\/person\/587989a23a463cde5618e6a028977a9a\"},\"description\":\"Um dos cart\u00f5es-postais da capital amazonense, o complexo tur\u00edstico Ponta Negra, na zona Oeste, tem sofrido com a\u00e7\u00f5es de picha\u00e7\u00f5es\",\"inLanguage\":\"pt-BR\",\"potentialAction\":[{\"@type\":\"ReadAction\",\"target\":[\"https:\/\/www.manaus.am.gov.br\/semcom\/pichacao-ponta-negra\/\"]}]},{\"@type\":\"ImageObject\",\"inLanguage\":\"pt-BR\",\"@id\":\"https:\/\/www.manaus.am.gov.br\/semcom\/pichacao-ponta-negra\/#primaryimage\",\"url\":\"https:\/\/www.manaus.am.gov.br\/semcom\/wp-content\/uploads\/sites\/5\/2025\/06\/picha10.jpeg\",\"contentUrl\":\"https:\/\/www.manaus.am.gov.br\/semcom\/wp-content\/uploads\/sites\/5\/2025\/06\/picha10.jpeg\",\"width\":1600,\"height\":900,\"caption\":\"#paratodosverem \u00e1rea da pista de skate da Ponta Negra pichada\"},{\"@type\":\"WebSite\",\"@id\":\"https:\/\/www.manaus.am.gov.br\/semcom\/#website\",\"url\":\"https:\/\/www.manaus.am.gov.br\/semcom\/\",\"name\":\"SEMCOM\",\"description\":\"Secretaria Municipal de Comunica\u00e7\u00e3o\",\"potentialAction\":[{\"@type\":\"SearchAction\",\"target\":{\"@type\":\"EntryPoint\",\"urlTemplate\":\"https:\/\/www.manaus.am.gov.br\/semcom\/?s={search_term_string}\"},\"query-input\":\"required name=search_term_string\"}],\"inLanguage\":\"pt-BR\"},{\"@type\":\"Person\",\"@id\":\"https:\/\/www.manaus.am.gov.br\/semcom\/#\/schema\/person\/587989a23a463cde5618e6a028977a9a\",\"name\":\"Maur\u00edcio Freire\",\"image\":{\"@type\":\"ImageObject\",\"inLanguage\":\"pt-BR\",\"@id\":\"https:\/\/www.manaus.am.gov.br\/semcom\/#\/schema\/person\/image\/\",\"url\":\"https:\/\/secure.gravatar.com\/avatar\/dc1481799a1f75c733ac3b2634cd6749?s=96&d=mm&r=g\",\"contentUrl\":\"https:\/\/secure.gravatar.com\/avatar\/dc1481799a1f75c733ac3b2634cd6749?s=96&d=mm&r=g\",\"caption\":\"Maur\u00edcio Freire\"}}]}<\/script>\n<!-- \/ Yoast SEO plugin. -->","yoast_head_json":{"title":"Picha\u00e7\u00e3o na Ponta Negra prejudica cen\u00e1rio urbano e causa despesa com repintura para prefeitura","description":"Um dos cart\u00f5es-postais da capital amazonense, o complexo tur\u00edstico Ponta Negra, na zona Oeste, tem sofrido com a\u00e7\u00f5es de picha\u00e7\u00f5es","robots":{"index":"index","follow":"follow","max-snippet":"max-snippet:-1","max-image-preview":"max-image-preview:large","max-video-preview":"max-video-preview:-1"},"canonical":"https:\/\/www.manaus.am.gov.br\/semcom\/pichacao-ponta-negra\/","og_locale":"pt_BR","og_type":"article","og_title":"Picha\u00e7\u00e3o na Ponta Negra prejudica cen\u00e1rio urbano e causa despesa com repintura para prefeitura","og_description":"Um dos cart\u00f5es-postais da capital amazonense, o complexo tur\u00edstico Ponta Negra, na zona Oeste, tem sofrido com a\u00e7\u00f5es de picha\u00e7\u00f5es","og_url":"https:\/\/www.manaus.am.gov.br\/semcom\/pichacao-ponta-negra\/","og_site_name":"SEMCOM","article_published_time":"2025-06-18T14:02:21+00:00","og_image":[{"width":1600,"height":900,"url":"https:\/\/www.manaus.am.gov.br\/semcom\/wp-content\/uploads\/sites\/5\/2025\/06\/picha10.jpeg","type":"image\/jpeg"}],"author":"Maur\u00edcio Freire","twitter_card":"summary_large_image","twitter_misc":{"Written by":"Maur\u00edcio Freire","Est. reading time":"2 minutos"},"schema":{"@context":"https:\/\/schema.org","@graph":[{"@type":"WebPage","@id":"https:\/\/www.manaus.am.gov.br\/semcom\/pichacao-ponta-negra\/","url":"https:\/\/www.manaus.am.gov.br\/semcom\/pichacao-ponta-negra\/","name":"Picha\u00e7\u00e3o na Ponta Negra prejudica cen\u00e1rio urbano e causa despesa com repintura para prefeitura","isPartOf":{"@id":"https:\/\/www.manaus.am.gov.br\/semcom\/#website"},"primaryImageOfPage":{"@id":"https:\/\/www.manaus.am.gov.br\/semcom\/pichacao-ponta-negra\/#primaryimage"},"image":{"@id":"https:\/\/www.manaus.am.gov.br\/semcom\/pichacao-ponta-negra\/#primaryimage"},"thumbnailUrl":"https:\/\/www.manaus.am.gov.br\/semcom\/wp-content\/uploads\/sites\/5\/2025\/06\/picha10.jpeg","datePublished":"2025-06-18T14:02:21+00:00","dateModified":"2025-06-18T14:02:21+00:00","author":{"@id":"https:\/\/www.manaus.am.gov.br\/semcom\/#\/schema\/person\/587989a23a463cde5618e6a028977a9a"},"description":"Um dos cart\u00f5es-postais da capital amazonense, o complexo tur\u00edstico Ponta Negra, na zona Oeste, tem sofrido com a\u00e7\u00f5es de picha\u00e7\u00f5es","inLanguage":"pt-BR","potentialAction":[{"@type":"ReadAction","target":["https:\/\/www.manaus.am.gov.br\/semcom\/pichacao-ponta-negra\/"]}]},{"@type":"ImageObject","inLanguage":"pt-BR","@id":"https:\/\/www.manaus.am.gov.br\/semcom\/pichacao-ponta-negra\/#primaryimage","url":"https:\/\/www.manaus.am.gov.br\/semcom\/wp-content\/uploads\/sites\/5\/2025\/06\/picha10.jpeg","contentUrl":"https:\/\/www.manaus.am.gov.br\/semcom\/wp-content\/uploads\/sites\/5\/2025\/06\/picha10.jpeg","width":1600,"height":900,"caption":"#paratodosverem \u00e1rea da pista de skate da Ponta Negra pichada"},{"@type":"WebSite","@id":"https:\/\/www.manaus.am.gov.br\/semcom\/#website","url":"https:\/\/www.manaus.am.gov.br\/semcom\/","name":"SEMCOM","description":"Secretaria Municipal de Comunica\u00e7\u00e3o","potentialAction":[{"@type":"SearchAction","target":{"@type":"EntryPoint","urlTemplate":"https:\/\/www.manaus.am.gov.br\/semcom\/?s={search_term_string}"},"query-input":"required name=search_term_string"}],"inLanguage":"pt-BR"},{"@type":"Person","@id":"https:\/\/www.manaus.am.gov.br\/semcom\/#\/schema\/person\/587989a23a463cde5618e6a028977a9a","name":"Maur\u00edcio Freire","image":{"@type":"ImageObject","inLanguage":"pt-BR","@id":"https:\/\/www.manaus.am.gov.br\/semcom\/#\/schema\/person\/image\/","url":"https:\/\/secure.gravatar.com\/avatar\/dc1481799a1f75c733ac3b2634cd6749?s=96&d=mm&r=g","contentUrl":"https:\/\/secure.gravatar.com\/avatar\/dc1481799a1f75c733ac3b2634cd6749?s=96&d=mm&r=g","caption":"Maur\u00edcio Freire"}}]}},"_links":{"self":[{"href":"https:\/\/www.manaus.am.gov.br\/semcom\/wp-json\/wp\/v2\/posts\/240882"}],"collection":[{"href":"https:\/\/www.manaus.am.gov.br\/semcom\/wp-json\/wp\/v2\/posts"}],"about":[{"href":"https:\/\/www.manaus.am.gov.br\/semcom\/wp-json\/wp\/v2\/types\/post"}],"author":[{"embeddable":true,"href":"https:\/\/www.manaus.am.gov.br\/semcom\/wp-json\/wp\/v2\/users\/25"}],"replies":[{"embeddable":true,"href":"https:\/\/www.manaus.am.gov.br\/semcom\/wp-json\/wp\/v2\/comments?post=240882"}],"version-history":[{"count":0,"href":"https:\/\/www.manaus.am.gov.br\/semcom\/wp-json\/wp\/v2\/posts\/240882\/revisions"}],"wp:featuredmedia":[{"embeddable":true,"href":"https:\/\/www.manaus.am.gov.br\/semcom\/wp-json\/wp\/v2\/media\/240883"}],"wp:attachment":[{"href":"https:\/\/www.manaus.am.gov.br\/semcom\/wp-json\/wp\/v2\/media?parent=240882"}],"wp:term":[{"taxonomy":"category","embeddable":true,"href":"https:\/\/www.manaus.am.gov.br\/semcom\/wp-json\/wp\/v2\/categories?post=240882"},{"taxonomy":"post_tag","embeddable":true,"href":"https:\/\/www.manaus.am.gov.br\/semcom\/wp-json\/wp\/v2\/tags?post=240882"}],"curies":[{"name":"wp","href":"https:\/\/api.w.org\/{rel}","templated":true}]}}