{"id":240841,"date":"2025-06-17T15:26:05","date_gmt":"2025-06-17T18:26:05","guid":{"rendered":"https:\/\/www.manaus.am.gov.br\/semcom\/prefeitura-ageman-regulacao\/"},"modified":"2025-06-17T15:26:06","modified_gmt":"2025-06-17T18:26:06","slug":"prefeitura-ageman-regulacao","status":"publish","type":"post","link":"https:\/\/www.manaus.am.gov.br\/semcom\/prefeitura-ageman-regulacao\/","title":{"rendered":"Ageman determina in\u00edcio imediato de obras da concession\u00e1ria para proteger abastecimento de \u00e1gua em \u00e1reas de palafitas"},"content":{"rendered":"\n<p>A Ag\u00eancia Reguladora dos Servi\u00e7os P\u00fablicos Delegados do Munic\u00edpio de Manaus (Ageman), \u00f3rg\u00e3o respons\u00e1vel pela fiscaliza\u00e7\u00e3o dos servi\u00e7os de abastecimento de \u00e1gua e esgotamento sanit\u00e1rio na capital amazonense, determinou que a empresa \u00c1guas de Manaus inicie imediatamente as obras de eleva\u00e7\u00e3o das redes de \u00e1gua nas \u00e1reas de palafitas.<\/p>\n\n\n\n<p>A medida \u00e9 importante para garantir a qualidade da \u00e1gua e a boa sa\u00fade dos usu\u00e1rios durante o abastecimento nas \u00e1reas vulner\u00e1veis, que come\u00e7am a registrar a subida do n\u00edvel do rio Negro.<\/p>\n\n\n\n<p>Dados do Servi\u00e7o de Alerta de Eventos Cr\u00edticos (Sace), do Servi\u00e7o Geol\u00f3gico do Brasil (SGB), apontam que o rio Negro est\u00e1 a menos de 5 cent\u00edmetros de alcan\u00e7ar a Cota de Inunda\u00e7\u00e3o Severa, que \u00e9 de 29 metros. Nesta ter\u00e7a-feira, 17\/6, o rio alcan\u00e7ou a cota de 28,9 metros.<\/p>\n\n\n\n<p>Equipes da Ageman estiveram, nesta manh\u00e3, no beco Nara Le\u00e3o, \u00e1rea tamb\u00e9m conhecida como beco do Jacar\u00e9, no bairro S\u00e3o Jorge, zona Oeste de Manaus, e identificaram a necessidade de a concession\u00e1ria iniciar os trabalhos de eleva\u00e7\u00e3o das redes de \u00e1gua na localidade. Os t\u00e9cnicos ouviram os moradores, que relataram preocupa\u00e7\u00e3o com a subida do n\u00edvel da \u00e1gua do igarap\u00e9 que passa embaixo das casas.<\/p>\n\n\n\n<p>\u201cTodos os anos, devido \u00e0 subida do rio Negro, n\u00f3s monitoramos essas \u00e1reas e, como nos \u00faltimos cinco dias o rio subiu mais de sete cent\u00edmetros, estamos solicitando que a concession\u00e1ria nos apresente um cronograma de atividades visando a execu\u00e7\u00e3o dessas obras, as quais devem ser iniciadas o quanto antes para garantir a qualidade do servi\u00e7o de abastecimento de \u00e1gua nas \u00e1reas que costumeiramente s\u00e3o afetadas pela cheia do rio Negro\u201d, afirmou o diretor-presidente da Ageman, Elson Andrade.<\/p>\n\n\n\n<p>A Prefeitura de Manaus j\u00e1 finalizou o servi\u00e7o de instala\u00e7\u00e3o de novas pontes de madeira na localidade, a fim de facilitar o acesso dos moradores \u00e0s suas casas. A iniciativa auxilia na execu\u00e7\u00e3o das obras da \u00c1guas de Manaus.<\/p>\n\n\n\n<p>&#8212; &#8212; &#8212;<\/p>\n\n\n\n<p>Texto &#8211;&nbsp;Tereza Te\u00f3filo\/Ageman<br>Fotos \u2013&nbsp;Divulga\u00e7\u00e3o\/Ageman<\/p>\n","protected":false},"excerpt":{"rendered":"","protected":false},"author":23,"featured_media":240842,"comment_status":"closed","ping_status":"closed","sticky":false,"template":"","format":"standard","meta":{"footnotes":""},"categories":[2807],"tags":[214,13578,635,15400,77,9797],"acf":[],"yoast_head":"<!-- This site is optimized with the Yoast SEO plugin v23.0 - https:\/\/yoast.com\/wordpress\/plugins\/seo\/ -->\n<title>Ageman determina in\u00edcio imediato de obras da concession\u00e1ria para proteger abastecimento de \u00e1gua em \u00e1reas de palafitas<\/title>\n<meta name=\"description\" content=\"A Ag\u00eancia Reguladora dos Servi\u00e7os P\u00fablicos Delegados do Munic\u00edpio de Manaus (Ageman), \u00f3rg\u00e3o respons\u00e1vel pela fiscaliza\u00e7\u00e3o dos servi\u00e7os de abastecimento de \u00e1gua e esgotamento sanit\u00e1rio na capital amazonense, determinou que a empresa \u00c1guas de Manaus inicie imediatamente as obras de eleva\u00e7\u00e3o das redes de \u00e1gua nas \u00e1reas de palafitas.\" \/>\n<meta name=\"robots\" content=\"index, follow, max-snippet:-1, max-image-preview:large, max-video-preview:-1\" \/>\n<link rel=\"canonical\" href=\"https:\/\/www.manaus.am.gov.br\/semcom\/prefeitura-ageman-regulacao\/\" \/>\n<meta property=\"og:locale\" content=\"pt_BR\" \/>\n<meta property=\"og:type\" content=\"article\" \/>\n<meta property=\"og:title\" content=\"Ageman determina in\u00edcio imediato de obras da concession\u00e1ria para proteger abastecimento de \u00e1gua em \u00e1reas de palafitas\" \/>\n<meta property=\"og:description\" content=\"A Ag\u00eancia Reguladora dos Servi\u00e7os P\u00fablicos Delegados do Munic\u00edpio de Manaus (Ageman), \u00f3rg\u00e3o respons\u00e1vel pela fiscaliza\u00e7\u00e3o dos servi\u00e7os de abastecimento de \u00e1gua e esgotamento sanit\u00e1rio na capital amazonense, determinou que a empresa \u00c1guas de Manaus inicie imediatamente as obras de eleva\u00e7\u00e3o das redes de \u00e1gua nas \u00e1reas de palafitas.\" \/>\n<meta property=\"og:url\" content=\"https:\/\/www.manaus.am.gov.br\/semcom\/prefeitura-ageman-regulacao\/\" \/>\n<meta property=\"og:site_name\" content=\"SEMCOM\" \/>\n<meta property=\"article:published_time\" content=\"2025-06-17T18:26:05+00:00\" \/>\n<meta property=\"article:modified_time\" content=\"2025-06-17T18:26:06+00:00\" \/>\n<meta property=\"og:image\" content=\"https:\/\/www.manaus.am.gov.br\/semcom\/wp-content\/uploads\/sites\/5\/2025\/06\/WhatsApp-Image-2025-06-17-at-12.10.32.jpeg\" \/>\n\t<meta property=\"og:image:width\" content=\"1600\" \/>\n\t<meta property=\"og:image:height\" content=\"1200\" \/>\n\t<meta property=\"og:image:type\" content=\"image\/jpeg\" \/>\n<meta name=\"author\" content=\"Adriana Costa\" \/>\n<meta name=\"twitter:card\" content=\"summary_large_image\" \/>\n<meta name=\"twitter:label1\" content=\"Written by\" \/>\n\t<meta name=\"twitter:data1\" content=\"Adriana Costa\" \/>\n\t<meta name=\"twitter:label2\" content=\"Est. reading time\" \/>\n\t<meta name=\"twitter:data2\" content=\"2 minutos\" \/>\n<script type=\"application\/ld+json\" class=\"yoast-schema-graph\">{\"@context\":\"https:\/\/schema.org\",\"@graph\":[{\"@type\":\"WebPage\",\"@id\":\"https:\/\/www.manaus.am.gov.br\/semcom\/prefeitura-ageman-regulacao\/\",\"url\":\"https:\/\/www.manaus.am.gov.br\/semcom\/prefeitura-ageman-regulacao\/\",\"name\":\"Ageman determina in\u00edcio imediato de obras da concession\u00e1ria para proteger abastecimento de \u00e1gua em \u00e1reas de palafitas\",\"isPartOf\":{\"@id\":\"https:\/\/www.manaus.am.gov.br\/semcom\/#website\"},\"primaryImageOfPage\":{\"@id\":\"https:\/\/www.manaus.am.gov.br\/semcom\/prefeitura-ageman-regulacao\/#primaryimage\"},\"image\":{\"@id\":\"https:\/\/www.manaus.am.gov.br\/semcom\/prefeitura-ageman-regulacao\/#primaryimage\"},\"thumbnailUrl\":\"https:\/\/www.manaus.am.gov.br\/semcom\/wp-content\/uploads\/sites\/5\/2025\/06\/WhatsApp-Image-2025-06-17-at-12.10.32.jpeg\",\"datePublished\":\"2025-06-17T18:26:05+00:00\",\"dateModified\":\"2025-06-17T18:26:06+00:00\",\"author\":{\"@id\":\"https:\/\/www.manaus.am.gov.br\/semcom\/#\/schema\/person\/4e49f4e267757a06ca072ec61b2b9968\"},\"description\":\"A Ag\u00eancia Reguladora dos Servi\u00e7os P\u00fablicos Delegados do Munic\u00edpio de Manaus (Ageman), \u00f3rg\u00e3o respons\u00e1vel pela fiscaliza\u00e7\u00e3o dos servi\u00e7os de abastecimento de \u00e1gua e esgotamento sanit\u00e1rio na capital amazonense, determinou que a empresa \u00c1guas de Manaus inicie imediatamente as obras de eleva\u00e7\u00e3o das redes de \u00e1gua nas \u00e1reas de palafitas.\",\"inLanguage\":\"pt-BR\",\"potentialAction\":[{\"@type\":\"ReadAction\",\"target\":[\"https:\/\/www.manaus.am.gov.br\/semcom\/prefeitura-ageman-regulacao\/\"]}]},{\"@type\":\"ImageObject\",\"inLanguage\":\"pt-BR\",\"@id\":\"https:\/\/www.manaus.am.gov.br\/semcom\/prefeitura-ageman-regulacao\/#primaryimage\",\"url\":\"https:\/\/www.manaus.am.gov.br\/semcom\/wp-content\/uploads\/sites\/5\/2025\/06\/WhatsApp-Image-2025-06-17-at-12.10.32.jpeg\",\"contentUrl\":\"https:\/\/www.manaus.am.gov.br\/semcom\/wp-content\/uploads\/sites\/5\/2025\/06\/WhatsApp-Image-2025-06-17-at-12.10.32.jpeg\",\"width\":1600,\"height\":1200},{\"@type\":\"WebSite\",\"@id\":\"https:\/\/www.manaus.am.gov.br\/semcom\/#website\",\"url\":\"https:\/\/www.manaus.am.gov.br\/semcom\/\",\"name\":\"SEMCOM\",\"description\":\"Secretaria Municipal de Comunica\u00e7\u00e3o\",\"potentialAction\":[{\"@type\":\"SearchAction\",\"target\":{\"@type\":\"EntryPoint\",\"urlTemplate\":\"https:\/\/www.manaus.am.gov.br\/semcom\/?s={search_term_string}\"},\"query-input\":\"required name=search_term_string\"}],\"inLanguage\":\"pt-BR\"},{\"@type\":\"Person\",\"@id\":\"https:\/\/www.manaus.am.gov.br\/semcom\/#\/schema\/person\/4e49f4e267757a06ca072ec61b2b9968\",\"name\":\"Adriana Costa\",\"image\":{\"@type\":\"ImageObject\",\"inLanguage\":\"pt-BR\",\"@id\":\"https:\/\/www.manaus.am.gov.br\/semcom\/#\/schema\/person\/image\/\",\"url\":\"https:\/\/secure.gravatar.com\/avatar\/576258617ef7194f718179e766d57bd4?s=96&d=mm&r=g\",\"contentUrl\":\"https:\/\/secure.gravatar.com\/avatar\/576258617ef7194f718179e766d57bd4?s=96&d=mm&r=g\",\"caption\":\"Adriana Costa\"}}]}<\/script>\n<!-- \/ Yoast SEO plugin. -->","yoast_head_json":{"title":"Ageman determina in\u00edcio imediato de obras da concession\u00e1ria para proteger abastecimento de \u00e1gua em \u00e1reas de palafitas","description":"A Ag\u00eancia Reguladora dos Servi\u00e7os P\u00fablicos Delegados do Munic\u00edpio de Manaus (Ageman), \u00f3rg\u00e3o respons\u00e1vel pela fiscaliza\u00e7\u00e3o dos servi\u00e7os de abastecimento de \u00e1gua e esgotamento sanit\u00e1rio na capital amazonense, determinou que a empresa \u00c1guas de Manaus inicie imediatamente as obras de eleva\u00e7\u00e3o das redes de \u00e1gua nas \u00e1reas de palafitas.","robots":{"index":"index","follow":"follow","max-snippet":"max-snippet:-1","max-image-preview":"max-image-preview:large","max-video-preview":"max-video-preview:-1"},"canonical":"https:\/\/www.manaus.am.gov.br\/semcom\/prefeitura-ageman-regulacao\/","og_locale":"pt_BR","og_type":"article","og_title":"Ageman determina in\u00edcio imediato de obras da concession\u00e1ria para proteger abastecimento de \u00e1gua em \u00e1reas de palafitas","og_description":"A Ag\u00eancia Reguladora dos Servi\u00e7os P\u00fablicos Delegados do Munic\u00edpio de Manaus (Ageman), \u00f3rg\u00e3o respons\u00e1vel pela fiscaliza\u00e7\u00e3o dos servi\u00e7os de abastecimento de \u00e1gua e esgotamento sanit\u00e1rio na capital amazonense, determinou que a empresa \u00c1guas de Manaus inicie imediatamente as obras de eleva\u00e7\u00e3o das redes de \u00e1gua nas \u00e1reas de palafitas.","og_url":"https:\/\/www.manaus.am.gov.br\/semcom\/prefeitura-ageman-regulacao\/","og_site_name":"SEMCOM","article_published_time":"2025-06-17T18:26:05+00:00","article_modified_time":"2025-06-17T18:26:06+00:00","og_image":[{"width":1600,"height":1200,"url":"https:\/\/www.manaus.am.gov.br\/semcom\/wp-content\/uploads\/sites\/5\/2025\/06\/WhatsApp-Image-2025-06-17-at-12.10.32.jpeg","type":"image\/jpeg"}],"author":"Adriana Costa","twitter_card":"summary_large_image","twitter_misc":{"Written by":"Adriana Costa","Est. reading time":"2 minutos"},"schema":{"@context":"https:\/\/schema.org","@graph":[{"@type":"WebPage","@id":"https:\/\/www.manaus.am.gov.br\/semcom\/prefeitura-ageman-regulacao\/","url":"https:\/\/www.manaus.am.gov.br\/semcom\/prefeitura-ageman-regulacao\/","name":"Ageman determina in\u00edcio imediato de obras da concession\u00e1ria para proteger abastecimento de \u00e1gua em \u00e1reas de palafitas","isPartOf":{"@id":"https:\/\/www.manaus.am.gov.br\/semcom\/#website"},"primaryImageOfPage":{"@id":"https:\/\/www.manaus.am.gov.br\/semcom\/prefeitura-ageman-regulacao\/#primaryimage"},"image":{"@id":"https:\/\/www.manaus.am.gov.br\/semcom\/prefeitura-ageman-regulacao\/#primaryimage"},"thumbnailUrl":"https:\/\/www.manaus.am.gov.br\/semcom\/wp-content\/uploads\/sites\/5\/2025\/06\/WhatsApp-Image-2025-06-17-at-12.10.32.jpeg","datePublished":"2025-06-17T18:26:05+00:00","dateModified":"2025-06-17T18:26:06+00:00","author":{"@id":"https:\/\/www.manaus.am.gov.br\/semcom\/#\/schema\/person\/4e49f4e267757a06ca072ec61b2b9968"},"description":"A Ag\u00eancia Reguladora dos Servi\u00e7os P\u00fablicos Delegados do Munic\u00edpio de Manaus (Ageman), \u00f3rg\u00e3o respons\u00e1vel pela fiscaliza\u00e7\u00e3o dos servi\u00e7os de abastecimento de \u00e1gua e esgotamento sanit\u00e1rio na capital amazonense, determinou que a empresa \u00c1guas de Manaus inicie imediatamente as obras de eleva\u00e7\u00e3o das redes de \u00e1gua nas \u00e1reas de palafitas.","inLanguage":"pt-BR","potentialAction":[{"@type":"ReadAction","target":["https:\/\/www.manaus.am.gov.br\/semcom\/prefeitura-ageman-regulacao\/"]}]},{"@type":"ImageObject","inLanguage":"pt-BR","@id":"https:\/\/www.manaus.am.gov.br\/semcom\/prefeitura-ageman-regulacao\/#primaryimage","url":"https:\/\/www.manaus.am.gov.br\/semcom\/wp-content\/uploads\/sites\/5\/2025\/06\/WhatsApp-Image-2025-06-17-at-12.10.32.jpeg","contentUrl":"https:\/\/www.manaus.am.gov.br\/semcom\/wp-content\/uploads\/sites\/5\/2025\/06\/WhatsApp-Image-2025-06-17-at-12.10.32.jpeg","width":1600,"height":1200},{"@type":"WebSite","@id":"https:\/\/www.manaus.am.gov.br\/semcom\/#website","url":"https:\/\/www.manaus.am.gov.br\/semcom\/","name":"SEMCOM","description":"Secretaria Municipal de Comunica\u00e7\u00e3o","potentialAction":[{"@type":"SearchAction","target":{"@type":"EntryPoint","urlTemplate":"https:\/\/www.manaus.am.gov.br\/semcom\/?s={search_term_string}"},"query-input":"required name=search_term_string"}],"inLanguage":"pt-BR"},{"@type":"Person","@id":"https:\/\/www.manaus.am.gov.br\/semcom\/#\/schema\/person\/4e49f4e267757a06ca072ec61b2b9968","name":"Adriana Costa","image":{"@type":"ImageObject","inLanguage":"pt-BR","@id":"https:\/\/www.manaus.am.gov.br\/semcom\/#\/schema\/person\/image\/","url":"https:\/\/secure.gravatar.com\/avatar\/576258617ef7194f718179e766d57bd4?s=96&d=mm&r=g","contentUrl":"https:\/\/secure.gravatar.com\/avatar\/576258617ef7194f718179e766d57bd4?s=96&d=mm&r=g","caption":"Adriana Costa"}}]}},"_links":{"self":[{"href":"https:\/\/www.manaus.am.gov.br\/semcom\/wp-json\/wp\/v2\/posts\/240841"}],"collection":[{"href":"https:\/\/www.manaus.am.gov.br\/semcom\/wp-json\/wp\/v2\/posts"}],"about":[{"href":"https:\/\/www.manaus.am.gov.br\/semcom\/wp-json\/wp\/v2\/types\/post"}],"author":[{"embeddable":true,"href":"https:\/\/www.manaus.am.gov.br\/semcom\/wp-json\/wp\/v2\/users\/23"}],"replies":[{"embeddable":true,"href":"https:\/\/www.manaus.am.gov.br\/semcom\/wp-json\/wp\/v2\/comments?post=240841"}],"version-history":[{"count":0,"href":"https:\/\/www.manaus.am.gov.br\/semcom\/wp-json\/wp\/v2\/posts\/240841\/revisions"}],"wp:featuredmedia":[{"embeddable":true,"href":"https:\/\/www.manaus.am.gov.br\/semcom\/wp-json\/wp\/v2\/media\/240842"}],"wp:attachment":[{"href":"https:\/\/www.manaus.am.gov.br\/semcom\/wp-json\/wp\/v2\/media?parent=240841"}],"wp:term":[{"taxonomy":"category","embeddable":true,"href":"https:\/\/www.manaus.am.gov.br\/semcom\/wp-json\/wp\/v2\/categories?post=240841"},{"taxonomy":"post_tag","embeddable":true,"href":"https:\/\/www.manaus.am.gov.br\/semcom\/wp-json\/wp\/v2\/tags?post=240841"}],"curies":[{"name":"wp","href":"https:\/\/api.w.org\/{rel}","templated":true}]}}