{"id":240812,"date":"2025-06-17T12:52:29","date_gmt":"2025-06-17T15:52:29","guid":{"rendered":"https:\/\/www.manaus.am.gov.br\/semcom\/prefeitura-semtepi-saltoaceleradora\/"},"modified":"2025-06-17T12:52:31","modified_gmt":"2025-06-17T15:52:31","slug":"prefeitura-semtepi-saltoaceleradora","status":"publish","type":"post","link":"https:\/\/www.manaus.am.gov.br\/semcom\/prefeitura-semtepi-saltoaceleradora\/","title":{"rendered":"Prefeitura de Manaus prorroga inscri\u00e7\u00f5es para o programa \u2018Salto Aceleradora\u2019 at\u00e9 20 de junho"},"content":{"rendered":"\n<p>A Prefeitura de Manaus prorrogou, at\u00e9 o dia 20 de junho, as inscri\u00e7\u00f5es para o segundo ciclo do programa \u201cSalto Aceleradora\u201d, considerado o maior programa gratuito de forma\u00e7\u00e3o empreendedora do Estado. A iniciativa \u00e9 coordenada pela Secretaria Municipal do Trabalho, Empreendedorismo e Inova\u00e7\u00e3o (Semtepi), em parceria com o Impact Hub Manaus, e \u00e9 voltada para microempreendedores individuais (MEIs) e pessoas que desejam se formalizar como empreendedores.<\/p>\n\n\n\n<p>Com carga hor\u00e1ria de 100 horas, o programa oferece capacita\u00e7\u00e3o t\u00e9cnica, mentorias especializadas e atividades pr\u00e1ticas, distribu\u00eddas em turmas presenciais em diferentes zonas da cidade. O in\u00edcio das aulas est\u00e1 previsto para o dia 23 de junho.<\/p>\n\n\n\n<p>\u201cA prorroga\u00e7\u00e3o das inscri\u00e7\u00f5es para o \u2018Salto Aceleradora\u2019 refor\u00e7a o compromisso da Prefeitura de Manaus em garantir que mais empreendedores tenham acesso a oportunidades reais de capacita\u00e7\u00e3o e crescimento. Nosso objetivo \u00e9 alcan\u00e7ar quem est\u00e1 come\u00e7ando, quem j\u00e1 tem um pequeno neg\u00f3cio e quer evoluir, e at\u00e9 quem ainda n\u00e3o se formalizou. O programa tem transformado vidas e contribu\u00eddo diretamente para o fortalecimento da economia local. Queremos que cada vaga seja preenchida por quem realmente quer dar um salto no seu neg\u00f3cio\u201d, destacou o secret\u00e1rio municipal do Trabalho, Empreendedorismo e Inova\u00e7\u00e3o, Alonso Oliveira.<\/p>\n\n\n\n<p>Os encontros ser\u00e3o realizados nos seguintes locais e hor\u00e1rios: centro de conviv\u00eancia da fam\u00edlia shopping Phelippe Daou, na segunda-feira, manh\u00e3 e tarde; Casar\u00e3o da Inova\u00e7\u00e3o Cassina \u2013 ter\u00e7a-feira, tarde e noite; galeria dos Rem\u00e9dios, na&nbsp; quarta-feira, pela manh\u00e3; Distrito de Microempresas (Dimicro), na quarta-feira, \u00e0 tarde; clube de m\u00e3es do Japiinl\u00e2ndia, na quinta-feira, manh\u00e3 e tarde; Impact Hub Manaus, na quinta-feira, \u00e0 noite.<\/p>\n\n\n\n<p>O conte\u00fado program\u00e1tico abrange temas como finan\u00e7as, marketing, autoconhecimento, planejamento de mercado e gest\u00e3o. Ao final do ciclo, os participantes ter\u00e3o a oportunidade de apresentar seus projetos no Demoday, evento voltado para especialistas e potenciais investidores.<\/p>\n\n\n\n<p>Podem participar empreendedores j\u00e1 cadastrados no Simples Nacional e tamb\u00e9m aqueles que ainda est\u00e3o em processo de formaliza\u00e7\u00e3o. As inscri\u00e7\u00f5es podem ser feitas por meio do formul\u00e1rio on-line, no site da Prefeitura de Manaus ou pelo perfil da Semtepi no Instagram.<\/p>\n\n\n\n<p>Desde 2021, mais de 800 empreendedores foram formados pelo programa na capital. Em 2024, a meta da Semtepi \u00e9 qualificar outros 800 empreendedores, refor\u00e7ando a pol\u00edtica p\u00fablica municipal de incentivo ao empreendedorismo e \u00e0 economia criativa.<\/p>\n\n\n\n<p>O link das inscri\u00e7\u00f5es pode ser acessado por meio do Instagram da Semtepi, ou pelo endere\u00e7o eletr\u00f4nico&nbsp;<a href=\"https:\/\/docs.google.com\/forms\/d\/1q0A1EHiJzIMOMFxfiNrNQfJKV3Wdno8XHX7xPipLQLU\/viewform?edit_requested=true\" target=\"_blank\" rel=\"noreferrer noopener\">https:\/\/docs.google.com\/forms\/d\/1q0A1EHiJzIMOMFxfiNrNQfJKV3Wdno8XHX7xPipLQLU\/viewform?edit_requested=true<\/a><\/p>\n\n\n\n<p>&#8212; &#8211; &#8211; &#8211; &#8211;<\/p>\n\n\n\n<p><strong>Texto\u00a0<\/strong>&#8211; Asafe Augusto\/Semtepi<\/p>\n\n\n\n<p><strong>Fotos\u00a0<\/strong>&#8211; Divulga\u00e7\u00e3o\/Semtepi<\/p>\n","protected":false},"excerpt":{"rendered":"","protected":false},"author":23,"featured_media":240813,"comment_status":"closed","ping_status":"closed","sticky":false,"template":"","format":"standard","meta":{"footnotes":""},"categories":[24],"tags":[757,77,2908,15239,22],"acf":[],"yoast_head":"<!-- This site is optimized with the Yoast SEO plugin v23.0 - https:\/\/yoast.com\/wordpress\/plugins\/seo\/ -->\n<title>Prefeitura de Manaus prorroga inscri\u00e7\u00f5es para o programa \u2018Salto Aceleradora\u2019 at\u00e9 20 de junho<\/title>\n<meta name=\"description\" content=\"A Prefeitura de Manaus prorrogou, at\u00e9 o dia 20 de junho, as inscri\u00e7\u00f5es para o segundo ciclo do programa \u201cSalto Aceleradora\u201d, considerado o maior programa gratuito de forma\u00e7\u00e3o empreendedora do Estado. A iniciativa \u00e9 coordenada pela Secretaria Municipal do Trabalho, Empreendedorismo e Inova\u00e7\u00e3o (Semtepi), em parceria com o Impact Hub Manaus, e \u00e9 voltada para microempreendedores individuais (MEIs) e pessoas que desejam se formalizar como empreendedores.\" \/>\n<meta name=\"robots\" content=\"index, follow, max-snippet:-1, max-image-preview:large, max-video-preview:-1\" \/>\n<link rel=\"canonical\" href=\"https:\/\/www.manaus.am.gov.br\/semcom\/prefeitura-semtepi-saltoaceleradora\/\" \/>\n<meta property=\"og:locale\" content=\"pt_BR\" \/>\n<meta property=\"og:type\" content=\"article\" \/>\n<meta property=\"og:title\" content=\"Prefeitura de Manaus prorroga inscri\u00e7\u00f5es para o programa \u2018Salto Aceleradora\u2019 at\u00e9 20 de junho\" \/>\n<meta property=\"og:description\" content=\"A Prefeitura de Manaus prorrogou, at\u00e9 o dia 20 de junho, as inscri\u00e7\u00f5es para o segundo ciclo do programa \u201cSalto Aceleradora\u201d, considerado o maior programa gratuito de forma\u00e7\u00e3o empreendedora do Estado. A iniciativa \u00e9 coordenada pela Secretaria Municipal do Trabalho, Empreendedorismo e Inova\u00e7\u00e3o (Semtepi), em parceria com o Impact Hub Manaus, e \u00e9 voltada para microempreendedores individuais (MEIs) e pessoas que desejam se formalizar como empreendedores.\" \/>\n<meta property=\"og:url\" content=\"https:\/\/www.manaus.am.gov.br\/semcom\/prefeitura-semtepi-saltoaceleradora\/\" \/>\n<meta property=\"og:site_name\" content=\"SEMCOM\" \/>\n<meta property=\"article:published_time\" content=\"2025-06-17T15:52:29+00:00\" \/>\n<meta property=\"article:modified_time\" content=\"2025-06-17T15:52:31+00:00\" \/>\n<meta property=\"og:image\" content=\"https:\/\/www.manaus.am.gov.br\/semcom\/wp-content\/uploads\/sites\/5\/2025\/06\/CA2_0134-1024x684.jpg\" \/>\n\t<meta property=\"og:image:width\" content=\"1024\" \/>\n\t<meta property=\"og:image:height\" content=\"684\" \/>\n\t<meta property=\"og:image:type\" content=\"image\/jpeg\" \/>\n<meta name=\"author\" content=\"Adriana Costa\" \/>\n<meta name=\"twitter:card\" content=\"summary_large_image\" \/>\n<meta name=\"twitter:label1\" content=\"Written by\" \/>\n\t<meta name=\"twitter:data1\" content=\"Adriana Costa\" \/>\n\t<meta name=\"twitter:label2\" content=\"Est. reading time\" \/>\n\t<meta name=\"twitter:data2\" content=\"3 minutos\" \/>\n<script type=\"application\/ld+json\" class=\"yoast-schema-graph\">{\"@context\":\"https:\/\/schema.org\",\"@graph\":[{\"@type\":\"WebPage\",\"@id\":\"https:\/\/www.manaus.am.gov.br\/semcom\/prefeitura-semtepi-saltoaceleradora\/\",\"url\":\"https:\/\/www.manaus.am.gov.br\/semcom\/prefeitura-semtepi-saltoaceleradora\/\",\"name\":\"Prefeitura de Manaus prorroga inscri\u00e7\u00f5es para o programa \u2018Salto Aceleradora\u2019 at\u00e9 20 de junho\",\"isPartOf\":{\"@id\":\"https:\/\/www.manaus.am.gov.br\/semcom\/#website\"},\"primaryImageOfPage\":{\"@id\":\"https:\/\/www.manaus.am.gov.br\/semcom\/prefeitura-semtepi-saltoaceleradora\/#primaryimage\"},\"image\":{\"@id\":\"https:\/\/www.manaus.am.gov.br\/semcom\/prefeitura-semtepi-saltoaceleradora\/#primaryimage\"},\"thumbnailUrl\":\"https:\/\/www.manaus.am.gov.br\/semcom\/wp-content\/uploads\/sites\/5\/2025\/06\/CA2_0134.jpg\",\"datePublished\":\"2025-06-17T15:52:29+00:00\",\"dateModified\":\"2025-06-17T15:52:31+00:00\",\"author\":{\"@id\":\"https:\/\/www.manaus.am.gov.br\/semcom\/#\/schema\/person\/4e49f4e267757a06ca072ec61b2b9968\"},\"description\":\"A Prefeitura de Manaus prorrogou, at\u00e9 o dia 20 de junho, as inscri\u00e7\u00f5es para o segundo ciclo do programa \u201cSalto Aceleradora\u201d, considerado o maior programa gratuito de forma\u00e7\u00e3o empreendedora do Estado. A iniciativa \u00e9 coordenada pela Secretaria Municipal do Trabalho, Empreendedorismo e Inova\u00e7\u00e3o (Semtepi), em parceria com o Impact Hub Manaus, e \u00e9 voltada para microempreendedores individuais (MEIs) e pessoas que desejam se formalizar como empreendedores.\",\"inLanguage\":\"pt-BR\",\"potentialAction\":[{\"@type\":\"ReadAction\",\"target\":[\"https:\/\/www.manaus.am.gov.br\/semcom\/prefeitura-semtepi-saltoaceleradora\/\"]}]},{\"@type\":\"ImageObject\",\"inLanguage\":\"pt-BR\",\"@id\":\"https:\/\/www.manaus.am.gov.br\/semcom\/prefeitura-semtepi-saltoaceleradora\/#primaryimage\",\"url\":\"https:\/\/www.manaus.am.gov.br\/semcom\/wp-content\/uploads\/sites\/5\/2025\/06\/CA2_0134.jpg\",\"contentUrl\":\"https:\/\/www.manaus.am.gov.br\/semcom\/wp-content\/uploads\/sites\/5\/2025\/06\/CA2_0134.jpg\",\"width\":2992,\"height\":2000},{\"@type\":\"WebSite\",\"@id\":\"https:\/\/www.manaus.am.gov.br\/semcom\/#website\",\"url\":\"https:\/\/www.manaus.am.gov.br\/semcom\/\",\"name\":\"SEMCOM\",\"description\":\"Secretaria Municipal de Comunica\u00e7\u00e3o\",\"potentialAction\":[{\"@type\":\"SearchAction\",\"target\":{\"@type\":\"EntryPoint\",\"urlTemplate\":\"https:\/\/www.manaus.am.gov.br\/semcom\/?s={search_term_string}\"},\"query-input\":\"required name=search_term_string\"}],\"inLanguage\":\"pt-BR\"},{\"@type\":\"Person\",\"@id\":\"https:\/\/www.manaus.am.gov.br\/semcom\/#\/schema\/person\/4e49f4e267757a06ca072ec61b2b9968\",\"name\":\"Adriana Costa\",\"image\":{\"@type\":\"ImageObject\",\"inLanguage\":\"pt-BR\",\"@id\":\"https:\/\/www.manaus.am.gov.br\/semcom\/#\/schema\/person\/image\/\",\"url\":\"https:\/\/secure.gravatar.com\/avatar\/576258617ef7194f718179e766d57bd4?s=96&d=mm&r=g\",\"contentUrl\":\"https:\/\/secure.gravatar.com\/avatar\/576258617ef7194f718179e766d57bd4?s=96&d=mm&r=g\",\"caption\":\"Adriana Costa\"}}]}<\/script>\n<!-- \/ Yoast SEO plugin. -->","yoast_head_json":{"title":"Prefeitura de Manaus prorroga inscri\u00e7\u00f5es para o programa \u2018Salto Aceleradora\u2019 at\u00e9 20 de junho","description":"A Prefeitura de Manaus prorrogou, at\u00e9 o dia 20 de junho, as inscri\u00e7\u00f5es para o segundo ciclo do programa \u201cSalto Aceleradora\u201d, considerado o maior programa gratuito de forma\u00e7\u00e3o empreendedora do Estado. A iniciativa \u00e9 coordenada pela Secretaria Municipal do Trabalho, Empreendedorismo e Inova\u00e7\u00e3o (Semtepi), em parceria com o Impact Hub Manaus, e \u00e9 voltada para microempreendedores individuais (MEIs) e pessoas que desejam se formalizar como empreendedores.","robots":{"index":"index","follow":"follow","max-snippet":"max-snippet:-1","max-image-preview":"max-image-preview:large","max-video-preview":"max-video-preview:-1"},"canonical":"https:\/\/www.manaus.am.gov.br\/semcom\/prefeitura-semtepi-saltoaceleradora\/","og_locale":"pt_BR","og_type":"article","og_title":"Prefeitura de Manaus prorroga inscri\u00e7\u00f5es para o programa \u2018Salto Aceleradora\u2019 at\u00e9 20 de junho","og_description":"A Prefeitura de Manaus prorrogou, at\u00e9 o dia 20 de junho, as inscri\u00e7\u00f5es para o segundo ciclo do programa \u201cSalto Aceleradora\u201d, considerado o maior programa gratuito de forma\u00e7\u00e3o empreendedora do Estado. A iniciativa \u00e9 coordenada pela Secretaria Municipal do Trabalho, Empreendedorismo e Inova\u00e7\u00e3o (Semtepi), em parceria com o Impact Hub Manaus, e \u00e9 voltada para microempreendedores individuais (MEIs) e pessoas que desejam se formalizar como empreendedores.","og_url":"https:\/\/www.manaus.am.gov.br\/semcom\/prefeitura-semtepi-saltoaceleradora\/","og_site_name":"SEMCOM","article_published_time":"2025-06-17T15:52:29+00:00","article_modified_time":"2025-06-17T15:52:31+00:00","og_image":[{"width":1024,"height":684,"url":"https:\/\/www.manaus.am.gov.br\/semcom\/wp-content\/uploads\/sites\/5\/2025\/06\/CA2_0134-1024x684.jpg","type":"image\/jpeg"}],"author":"Adriana Costa","twitter_card":"summary_large_image","twitter_misc":{"Written by":"Adriana Costa","Est. reading time":"3 minutos"},"schema":{"@context":"https:\/\/schema.org","@graph":[{"@type":"WebPage","@id":"https:\/\/www.manaus.am.gov.br\/semcom\/prefeitura-semtepi-saltoaceleradora\/","url":"https:\/\/www.manaus.am.gov.br\/semcom\/prefeitura-semtepi-saltoaceleradora\/","name":"Prefeitura de Manaus prorroga inscri\u00e7\u00f5es para o programa \u2018Salto Aceleradora\u2019 at\u00e9 20 de junho","isPartOf":{"@id":"https:\/\/www.manaus.am.gov.br\/semcom\/#website"},"primaryImageOfPage":{"@id":"https:\/\/www.manaus.am.gov.br\/semcom\/prefeitura-semtepi-saltoaceleradora\/#primaryimage"},"image":{"@id":"https:\/\/www.manaus.am.gov.br\/semcom\/prefeitura-semtepi-saltoaceleradora\/#primaryimage"},"thumbnailUrl":"https:\/\/www.manaus.am.gov.br\/semcom\/wp-content\/uploads\/sites\/5\/2025\/06\/CA2_0134.jpg","datePublished":"2025-06-17T15:52:29+00:00","dateModified":"2025-06-17T15:52:31+00:00","author":{"@id":"https:\/\/www.manaus.am.gov.br\/semcom\/#\/schema\/person\/4e49f4e267757a06ca072ec61b2b9968"},"description":"A Prefeitura de Manaus prorrogou, at\u00e9 o dia 20 de junho, as inscri\u00e7\u00f5es para o segundo ciclo do programa \u201cSalto Aceleradora\u201d, considerado o maior programa gratuito de forma\u00e7\u00e3o empreendedora do Estado. A iniciativa \u00e9 coordenada pela Secretaria Municipal do Trabalho, Empreendedorismo e Inova\u00e7\u00e3o (Semtepi), em parceria com o Impact Hub Manaus, e \u00e9 voltada para microempreendedores individuais (MEIs) e pessoas que desejam se formalizar como empreendedores.","inLanguage":"pt-BR","potentialAction":[{"@type":"ReadAction","target":["https:\/\/www.manaus.am.gov.br\/semcom\/prefeitura-semtepi-saltoaceleradora\/"]}]},{"@type":"ImageObject","inLanguage":"pt-BR","@id":"https:\/\/www.manaus.am.gov.br\/semcom\/prefeitura-semtepi-saltoaceleradora\/#primaryimage","url":"https:\/\/www.manaus.am.gov.br\/semcom\/wp-content\/uploads\/sites\/5\/2025\/06\/CA2_0134.jpg","contentUrl":"https:\/\/www.manaus.am.gov.br\/semcom\/wp-content\/uploads\/sites\/5\/2025\/06\/CA2_0134.jpg","width":2992,"height":2000},{"@type":"WebSite","@id":"https:\/\/www.manaus.am.gov.br\/semcom\/#website","url":"https:\/\/www.manaus.am.gov.br\/semcom\/","name":"SEMCOM","description":"Secretaria Municipal de Comunica\u00e7\u00e3o","potentialAction":[{"@type":"SearchAction","target":{"@type":"EntryPoint","urlTemplate":"https:\/\/www.manaus.am.gov.br\/semcom\/?s={search_term_string}"},"query-input":"required name=search_term_string"}],"inLanguage":"pt-BR"},{"@type":"Person","@id":"https:\/\/www.manaus.am.gov.br\/semcom\/#\/schema\/person\/4e49f4e267757a06ca072ec61b2b9968","name":"Adriana Costa","image":{"@type":"ImageObject","inLanguage":"pt-BR","@id":"https:\/\/www.manaus.am.gov.br\/semcom\/#\/schema\/person\/image\/","url":"https:\/\/secure.gravatar.com\/avatar\/576258617ef7194f718179e766d57bd4?s=96&d=mm&r=g","contentUrl":"https:\/\/secure.gravatar.com\/avatar\/576258617ef7194f718179e766d57bd4?s=96&d=mm&r=g","caption":"Adriana Costa"}}]}},"_links":{"self":[{"href":"https:\/\/www.manaus.am.gov.br\/semcom\/wp-json\/wp\/v2\/posts\/240812"}],"collection":[{"href":"https:\/\/www.manaus.am.gov.br\/semcom\/wp-json\/wp\/v2\/posts"}],"about":[{"href":"https:\/\/www.manaus.am.gov.br\/semcom\/wp-json\/wp\/v2\/types\/post"}],"author":[{"embeddable":true,"href":"https:\/\/www.manaus.am.gov.br\/semcom\/wp-json\/wp\/v2\/users\/23"}],"replies":[{"embeddable":true,"href":"https:\/\/www.manaus.am.gov.br\/semcom\/wp-json\/wp\/v2\/comments?post=240812"}],"version-history":[{"count":0,"href":"https:\/\/www.manaus.am.gov.br\/semcom\/wp-json\/wp\/v2\/posts\/240812\/revisions"}],"wp:featuredmedia":[{"embeddable":true,"href":"https:\/\/www.manaus.am.gov.br\/semcom\/wp-json\/wp\/v2\/media\/240813"}],"wp:attachment":[{"href":"https:\/\/www.manaus.am.gov.br\/semcom\/wp-json\/wp\/v2\/media?parent=240812"}],"wp:term":[{"taxonomy":"category","embeddable":true,"href":"https:\/\/www.manaus.am.gov.br\/semcom\/wp-json\/wp\/v2\/categories?post=240812"},{"taxonomy":"post_tag","embeddable":true,"href":"https:\/\/www.manaus.am.gov.br\/semcom\/wp-json\/wp\/v2\/tags?post=240812"}],"curies":[{"name":"wp","href":"https:\/\/api.w.org\/{rel}","templated":true}]}}