{"id":240784,"date":"2025-06-16T18:29:30","date_gmt":"2025-06-16T21:29:30","guid":{"rendered":"https:\/\/www.manaus.am.gov.br\/semcom\/prefeitura-seminf-mutirao\/"},"modified":"2025-06-16T18:29:32","modified_gmt":"2025-06-16T21:29:32","slug":"prefeitura-seminf-mutirao","status":"publish","type":"post","link":"https:\/\/www.manaus.am.gov.br\/semcom\/prefeitura-seminf-mutirao\/","title":{"rendered":"Prefeitura de Manaus avan\u00e7a com servi\u00e7os de infraestrutura no conjunto Mutir\u00e3o"},"content":{"rendered":"\n<p>Equipes da Prefeitura de Manaus, por meio da Secretaria Municipal de Infraestrutura (Seminf), d\u00e3o continuidade ao programa \u201cMutir\u00e3o no Bairro\u201d, no conjunto&nbsp;Mutir\u00e3o, no bairro Novo Aleixo, zona Norte, nesta segunda-feira, 16\/6, com servi\u00e7os de infraestrutura em vias do bairro.<\/p>\n\n\n\n<p>Uma frente de obra atua em uma megaopera\u00e7\u00e3o de implanta\u00e7\u00e3o de uma nova rede de drenagem na rua Inaciol\u00e2ndia, com a rua Cartola, onde os oper\u00e1rios atuam na implanta\u00e7\u00e3o de uma rede de drenagem profunda de 120 metros de extens\u00e3o, com uma novidade, os tubos em implanta\u00e7\u00e3o na via s\u00e3o feitos de PVC, uma nova tecnologia, mais moderna e dur\u00e1vel. Al\u00e9m da nova tubula\u00e7\u00e3o, a equipe atua na reconstru\u00e7\u00e3o das tr\u00eas caixas coletoras que s\u00e3o respons\u00e1veis por coletar a \u00e1gua pluvial para alcan\u00e7ar a essa nova galeria.<\/p>\n\n\n\n<p>\u201cOs distritos de obras s\u00e3o respons\u00e1veis por receber e atender essas demandas feitas pelos moradores e temos dado essa aten\u00e7\u00e3o com o \u2018Mutir\u00e3o no Bairro\u2019. Essa \u00e9 a determina\u00e7\u00e3o do prefeito David Almeida, que possamos garantir a seguran\u00e7a e qualidade de vida para todos do conjunto Mutir\u00e3o&#8221;, afirma o vice-prefeito e secret\u00e1rio de Obras, Renato Junior.<\/p>\n\n\n\n<p>De forma simult\u00e2nea, outra frente de obra realiza manuten\u00e7\u00e3o na galeria subterr\u00e2nea da rua 38, tamb\u00e9m no Mutir\u00e3o, onde a tubula\u00e7\u00e3o havia desanelado, causando a fuga de material e uma eros\u00e3o na cal\u00e7ada da via.<\/p>\n\n\n\n<p>A dona de casa Francilene Monteira realizou a solicita\u00e7\u00e3o da demanda ao distrito de obras e, com o \u201cMutir\u00e3o no Bairro\u201d, a solicita\u00e7\u00e3o foi atendida.&#8221;Fico muito feliz por terem atendido nossa solicita\u00e7\u00e3o. T\u00ednhamos medo de acontecer algo mais severo, mas as equipes vieram e seguem trabalhando, focadas aqui nos servi\u00e7os, com certeza, agora vai melhorar bastante&#8221;, comenta a moradora de 29 anos.<\/p>\n\n\n\n<p>O conjunto Mutir\u00e3o tem recebido servi\u00e7os de limpeza e infraestrutura, por meio do \u201cMutir\u00e3o no Bairro\u201d, o qual tem beneficiado muitas fam\u00edlias, levando qualidade de vida para todos que moram na zona Norte.<\/p>\n\n\n\n<p>&#8212; &#8212; &#8212;<\/p>\n\n\n\n<p><strong>Texto<\/strong>&nbsp;&#8211; Eduarda Lira\/Seminf<\/p>\n\n\n\n<p><strong>Fotos<\/strong>&nbsp;&#8211; M\u00e1rcio Melo\/Seminf<\/p>\n","protected":false},"excerpt":{"rendered":"","protected":false},"author":23,"featured_media":240785,"comment_status":"closed","ping_status":"closed","sticky":false,"template":"","format":"standard","meta":{"footnotes":""},"categories":[2504],"tags":[15252,29,15027,77,897,328],"acf":[],"yoast_head":"<!-- This site is optimized with the Yoast SEO plugin v23.0 - https:\/\/yoast.com\/wordpress\/plugins\/seo\/ -->\n<title>Prefeitura de Manaus avan\u00e7a com servi\u00e7os de infraestrutura no conjunto Mutir\u00e3o<\/title>\n<meta name=\"description\" content=\"Equipes da Prefeitura de Manaus, por meio da Secretaria Municipal de Infraestrutura (Seminf), d\u00e3o continuidade ao programa \u201cMutir\u00e3o no Bairro\u201d, no conjunto Mutir\u00e3o, no bairro Novo Aleixo, zona Norte, nesta segunda-feira, 16\/6, com servi\u00e7os de infraestrutura em vias do bairro.\" \/>\n<meta name=\"robots\" content=\"index, follow, max-snippet:-1, max-image-preview:large, max-video-preview:-1\" \/>\n<link rel=\"canonical\" href=\"https:\/\/www.manaus.am.gov.br\/semcom\/prefeitura-seminf-mutirao\/\" \/>\n<meta property=\"og:locale\" content=\"pt_BR\" \/>\n<meta property=\"og:type\" content=\"article\" \/>\n<meta property=\"og:title\" content=\"Prefeitura de Manaus avan\u00e7a com servi\u00e7os de infraestrutura no conjunto Mutir\u00e3o\" \/>\n<meta property=\"og:description\" content=\"Equipes da Prefeitura de Manaus, por meio da Secretaria Municipal de Infraestrutura (Seminf), d\u00e3o continuidade ao programa \u201cMutir\u00e3o no Bairro\u201d, no conjunto Mutir\u00e3o, no bairro Novo Aleixo, zona Norte, nesta segunda-feira, 16\/6, com servi\u00e7os de infraestrutura em vias do bairro.\" \/>\n<meta property=\"og:url\" content=\"https:\/\/www.manaus.am.gov.br\/semcom\/prefeitura-seminf-mutirao\/\" \/>\n<meta property=\"og:site_name\" content=\"SEMCOM\" \/>\n<meta property=\"article:published_time\" content=\"2025-06-16T21:29:30+00:00\" \/>\n<meta property=\"article:modified_time\" content=\"2025-06-16T21:29:32+00:00\" \/>\n<meta property=\"og:image\" content=\"https:\/\/www.manaus.am.gov.br\/semcom\/wp-content\/uploads\/sites\/5\/2025\/06\/WhatsApp-Image-2025-06-16-at-16.43.01-1.jpeg\" \/>\n\t<meta property=\"og:image:width\" content=\"1600\" \/>\n\t<meta property=\"og:image:height\" content=\"1204\" \/>\n\t<meta property=\"og:image:type\" content=\"image\/jpeg\" \/>\n<meta name=\"author\" content=\"Adriana Costa\" \/>\n<meta name=\"twitter:card\" content=\"summary_large_image\" \/>\n<meta name=\"twitter:label1\" content=\"Written by\" \/>\n\t<meta name=\"twitter:data1\" content=\"Adriana Costa\" \/>\n\t<meta name=\"twitter:label2\" content=\"Est. reading time\" \/>\n\t<meta name=\"twitter:data2\" content=\"2 minutos\" \/>\n<script type=\"application\/ld+json\" class=\"yoast-schema-graph\">{\"@context\":\"https:\/\/schema.org\",\"@graph\":[{\"@type\":\"WebPage\",\"@id\":\"https:\/\/www.manaus.am.gov.br\/semcom\/prefeitura-seminf-mutirao\/\",\"url\":\"https:\/\/www.manaus.am.gov.br\/semcom\/prefeitura-seminf-mutirao\/\",\"name\":\"Prefeitura de Manaus avan\u00e7a com servi\u00e7os de infraestrutura no conjunto Mutir\u00e3o\",\"isPartOf\":{\"@id\":\"https:\/\/www.manaus.am.gov.br\/semcom\/#website\"},\"primaryImageOfPage\":{\"@id\":\"https:\/\/www.manaus.am.gov.br\/semcom\/prefeitura-seminf-mutirao\/#primaryimage\"},\"image\":{\"@id\":\"https:\/\/www.manaus.am.gov.br\/semcom\/prefeitura-seminf-mutirao\/#primaryimage\"},\"thumbnailUrl\":\"https:\/\/www.manaus.am.gov.br\/semcom\/wp-content\/uploads\/sites\/5\/2025\/06\/WhatsApp-Image-2025-06-16-at-16.43.01-1.jpeg\",\"datePublished\":\"2025-06-16T21:29:30+00:00\",\"dateModified\":\"2025-06-16T21:29:32+00:00\",\"author\":{\"@id\":\"https:\/\/www.manaus.am.gov.br\/semcom\/#\/schema\/person\/4e49f4e267757a06ca072ec61b2b9968\"},\"description\":\"Equipes da Prefeitura de Manaus, por meio da Secretaria Municipal de Infraestrutura (Seminf), d\u00e3o continuidade ao programa \u201cMutir\u00e3o no Bairro\u201d, no conjunto Mutir\u00e3o, no bairro Novo Aleixo, zona Norte, nesta segunda-feira, 16\/6, com servi\u00e7os de infraestrutura em vias do bairro.\",\"inLanguage\":\"pt-BR\",\"potentialAction\":[{\"@type\":\"ReadAction\",\"target\":[\"https:\/\/www.manaus.am.gov.br\/semcom\/prefeitura-seminf-mutirao\/\"]}]},{\"@type\":\"ImageObject\",\"inLanguage\":\"pt-BR\",\"@id\":\"https:\/\/www.manaus.am.gov.br\/semcom\/prefeitura-seminf-mutirao\/#primaryimage\",\"url\":\"https:\/\/www.manaus.am.gov.br\/semcom\/wp-content\/uploads\/sites\/5\/2025\/06\/WhatsApp-Image-2025-06-16-at-16.43.01-1.jpeg\",\"contentUrl\":\"https:\/\/www.manaus.am.gov.br\/semcom\/wp-content\/uploads\/sites\/5\/2025\/06\/WhatsApp-Image-2025-06-16-at-16.43.01-1.jpeg\",\"width\":1600,\"height\":1204},{\"@type\":\"WebSite\",\"@id\":\"https:\/\/www.manaus.am.gov.br\/semcom\/#website\",\"url\":\"https:\/\/www.manaus.am.gov.br\/semcom\/\",\"name\":\"SEMCOM\",\"description\":\"Secretaria Municipal de Comunica\u00e7\u00e3o\",\"potentialAction\":[{\"@type\":\"SearchAction\",\"target\":{\"@type\":\"EntryPoint\",\"urlTemplate\":\"https:\/\/www.manaus.am.gov.br\/semcom\/?s={search_term_string}\"},\"query-input\":\"required name=search_term_string\"}],\"inLanguage\":\"pt-BR\"},{\"@type\":\"Person\",\"@id\":\"https:\/\/www.manaus.am.gov.br\/semcom\/#\/schema\/person\/4e49f4e267757a06ca072ec61b2b9968\",\"name\":\"Adriana Costa\",\"image\":{\"@type\":\"ImageObject\",\"inLanguage\":\"pt-BR\",\"@id\":\"https:\/\/www.manaus.am.gov.br\/semcom\/#\/schema\/person\/image\/\",\"url\":\"https:\/\/secure.gravatar.com\/avatar\/576258617ef7194f718179e766d57bd4?s=96&d=mm&r=g\",\"contentUrl\":\"https:\/\/secure.gravatar.com\/avatar\/576258617ef7194f718179e766d57bd4?s=96&d=mm&r=g\",\"caption\":\"Adriana Costa\"}}]}<\/script>\n<!-- \/ Yoast SEO plugin. -->","yoast_head_json":{"title":"Prefeitura de Manaus avan\u00e7a com servi\u00e7os de infraestrutura no conjunto Mutir\u00e3o","description":"Equipes da Prefeitura de Manaus, por meio da Secretaria Municipal de Infraestrutura (Seminf), d\u00e3o continuidade ao programa \u201cMutir\u00e3o no Bairro\u201d, no conjunto Mutir\u00e3o, no bairro Novo Aleixo, zona Norte, nesta segunda-feira, 16\/6, com servi\u00e7os de infraestrutura em vias do bairro.","robots":{"index":"index","follow":"follow","max-snippet":"max-snippet:-1","max-image-preview":"max-image-preview:large","max-video-preview":"max-video-preview:-1"},"canonical":"https:\/\/www.manaus.am.gov.br\/semcom\/prefeitura-seminf-mutirao\/","og_locale":"pt_BR","og_type":"article","og_title":"Prefeitura de Manaus avan\u00e7a com servi\u00e7os de infraestrutura no conjunto Mutir\u00e3o","og_description":"Equipes da Prefeitura de Manaus, por meio da Secretaria Municipal de Infraestrutura (Seminf), d\u00e3o continuidade ao programa \u201cMutir\u00e3o no Bairro\u201d, no conjunto Mutir\u00e3o, no bairro Novo Aleixo, zona Norte, nesta segunda-feira, 16\/6, com servi\u00e7os de infraestrutura em vias do bairro.","og_url":"https:\/\/www.manaus.am.gov.br\/semcom\/prefeitura-seminf-mutirao\/","og_site_name":"SEMCOM","article_published_time":"2025-06-16T21:29:30+00:00","article_modified_time":"2025-06-16T21:29:32+00:00","og_image":[{"width":1600,"height":1204,"url":"https:\/\/www.manaus.am.gov.br\/semcom\/wp-content\/uploads\/sites\/5\/2025\/06\/WhatsApp-Image-2025-06-16-at-16.43.01-1.jpeg","type":"image\/jpeg"}],"author":"Adriana Costa","twitter_card":"summary_large_image","twitter_misc":{"Written by":"Adriana Costa","Est. reading time":"2 minutos"},"schema":{"@context":"https:\/\/schema.org","@graph":[{"@type":"WebPage","@id":"https:\/\/www.manaus.am.gov.br\/semcom\/prefeitura-seminf-mutirao\/","url":"https:\/\/www.manaus.am.gov.br\/semcom\/prefeitura-seminf-mutirao\/","name":"Prefeitura de Manaus avan\u00e7a com servi\u00e7os de infraestrutura no conjunto Mutir\u00e3o","isPartOf":{"@id":"https:\/\/www.manaus.am.gov.br\/semcom\/#website"},"primaryImageOfPage":{"@id":"https:\/\/www.manaus.am.gov.br\/semcom\/prefeitura-seminf-mutirao\/#primaryimage"},"image":{"@id":"https:\/\/www.manaus.am.gov.br\/semcom\/prefeitura-seminf-mutirao\/#primaryimage"},"thumbnailUrl":"https:\/\/www.manaus.am.gov.br\/semcom\/wp-content\/uploads\/sites\/5\/2025\/06\/WhatsApp-Image-2025-06-16-at-16.43.01-1.jpeg","datePublished":"2025-06-16T21:29:30+00:00","dateModified":"2025-06-16T21:29:32+00:00","author":{"@id":"https:\/\/www.manaus.am.gov.br\/semcom\/#\/schema\/person\/4e49f4e267757a06ca072ec61b2b9968"},"description":"Equipes da Prefeitura de Manaus, por meio da Secretaria Municipal de Infraestrutura (Seminf), d\u00e3o continuidade ao programa \u201cMutir\u00e3o no Bairro\u201d, no conjunto Mutir\u00e3o, no bairro Novo Aleixo, zona Norte, nesta segunda-feira, 16\/6, com servi\u00e7os de infraestrutura em vias do bairro.","inLanguage":"pt-BR","potentialAction":[{"@type":"ReadAction","target":["https:\/\/www.manaus.am.gov.br\/semcom\/prefeitura-seminf-mutirao\/"]}]},{"@type":"ImageObject","inLanguage":"pt-BR","@id":"https:\/\/www.manaus.am.gov.br\/semcom\/prefeitura-seminf-mutirao\/#primaryimage","url":"https:\/\/www.manaus.am.gov.br\/semcom\/wp-content\/uploads\/sites\/5\/2025\/06\/WhatsApp-Image-2025-06-16-at-16.43.01-1.jpeg","contentUrl":"https:\/\/www.manaus.am.gov.br\/semcom\/wp-content\/uploads\/sites\/5\/2025\/06\/WhatsApp-Image-2025-06-16-at-16.43.01-1.jpeg","width":1600,"height":1204},{"@type":"WebSite","@id":"https:\/\/www.manaus.am.gov.br\/semcom\/#website","url":"https:\/\/www.manaus.am.gov.br\/semcom\/","name":"SEMCOM","description":"Secretaria Municipal de Comunica\u00e7\u00e3o","potentialAction":[{"@type":"SearchAction","target":{"@type":"EntryPoint","urlTemplate":"https:\/\/www.manaus.am.gov.br\/semcom\/?s={search_term_string}"},"query-input":"required name=search_term_string"}],"inLanguage":"pt-BR"},{"@type":"Person","@id":"https:\/\/www.manaus.am.gov.br\/semcom\/#\/schema\/person\/4e49f4e267757a06ca072ec61b2b9968","name":"Adriana Costa","image":{"@type":"ImageObject","inLanguage":"pt-BR","@id":"https:\/\/www.manaus.am.gov.br\/semcom\/#\/schema\/person\/image\/","url":"https:\/\/secure.gravatar.com\/avatar\/576258617ef7194f718179e766d57bd4?s=96&d=mm&r=g","contentUrl":"https:\/\/secure.gravatar.com\/avatar\/576258617ef7194f718179e766d57bd4?s=96&d=mm&r=g","caption":"Adriana Costa"}}]}},"_links":{"self":[{"href":"https:\/\/www.manaus.am.gov.br\/semcom\/wp-json\/wp\/v2\/posts\/240784"}],"collection":[{"href":"https:\/\/www.manaus.am.gov.br\/semcom\/wp-json\/wp\/v2\/posts"}],"about":[{"href":"https:\/\/www.manaus.am.gov.br\/semcom\/wp-json\/wp\/v2\/types\/post"}],"author":[{"embeddable":true,"href":"https:\/\/www.manaus.am.gov.br\/semcom\/wp-json\/wp\/v2\/users\/23"}],"replies":[{"embeddable":true,"href":"https:\/\/www.manaus.am.gov.br\/semcom\/wp-json\/wp\/v2\/comments?post=240784"}],"version-history":[{"count":0,"href":"https:\/\/www.manaus.am.gov.br\/semcom\/wp-json\/wp\/v2\/posts\/240784\/revisions"}],"wp:featuredmedia":[{"embeddable":true,"href":"https:\/\/www.manaus.am.gov.br\/semcom\/wp-json\/wp\/v2\/media\/240785"}],"wp:attachment":[{"href":"https:\/\/www.manaus.am.gov.br\/semcom\/wp-json\/wp\/v2\/media?parent=240784"}],"wp:term":[{"taxonomy":"category","embeddable":true,"href":"https:\/\/www.manaus.am.gov.br\/semcom\/wp-json\/wp\/v2\/categories?post=240784"},{"taxonomy":"post_tag","embeddable":true,"href":"https:\/\/www.manaus.am.gov.br\/semcom\/wp-json\/wp\/v2\/tags?post=240784"}],"curies":[{"name":"wp","href":"https:\/\/api.w.org\/{rel}","templated":true}]}}