{"id":240646,"date":"2025-06-13T10:00:56","date_gmt":"2025-06-13T13:00:56","guid":{"rendered":"https:\/\/www.manaus.am.gov.br\/semcom\/prefeitura-festajunina-fdt\/"},"modified":"2025-06-13T10:00:57","modified_gmt":"2025-06-13T13:00:57","slug":"prefeitura-festajunina-fdt","status":"publish","type":"post","link":"https:\/\/www.manaus.am.gov.br\/semcom\/prefeitura-festajunina-fdt\/","title":{"rendered":"Prefeitura de Manaus realiza festa junina \u2018Respeito N\u00e3o Tem Idade\u2019 no Parque Municipal do Idoso"},"content":{"rendered":"\n<p>Em alus\u00e3o ao \u201cJunho Violeta\u201d, m\u00eas dedicado \u00e0 conscientiza\u00e7\u00e3o e ao combate \u00e0 viol\u00eancia contra a pessoa idosa, a Prefeitura de Manaus, por meio da Funda\u00e7\u00e3o de Apoio ao Idoso Dr. Thomas (FDT), realizou, na quinta-feira, 12\/6, a tradicional festa junina \u201cRespeito N\u00e3o Tem Idade\u201d. O evento aconteceu no Parque Municipal do Idoso (PMI), no bairro Nossa Senhora das Gra\u00e7as, zona Centro-Sul da capital, e reuniu mais de 1.500 pessoas em um momento repleto de alegria, cultura e valoriza\u00e7\u00e3o das pessoas idosas.<\/p>\n\n\n\n<p>A programa\u00e7\u00e3o foi marcada por apresenta\u00e7\u00f5es culturais do Parque Municipal do Idoso, refor\u00e7ando o compromisso da gest\u00e3o municipal com o envelhecimento ativo e a integra\u00e7\u00e3o comunit\u00e1ria. Entre os destaques estiveram grupo de carimb\u00f3, coreografia tem\u00e1tica de boi-bumb\u00e1, ciranda e quadrilhas juninas. A anima\u00e7\u00e3o musical ficou por conta da cantora Rebecca Grana e da banda Xiado da Xinela, que encerrou a festa com muito forr\u00f3 e alto astral.<\/p>\n\n\n\n<p>O diretor-presidente da FDT, Eduardo Lucas, celebrou o sucesso da iniciativa e destacou a import\u00e2ncia do evento no calend\u00e1rio da institui\u00e7\u00e3o.&nbsp;\u201c\u00c9 uma celebra\u00e7\u00e3o que une tradi\u00e7\u00e3o, respeito e cidadania. O \u2018Junho Violeta\u2019 nos convida a refletir sobre o cuidado com os idosos e idosas, e essa festa \u00e9 uma express\u00e3o disso. A gest\u00e3o do prefeito David Almeida tem demonstrado, com a\u00e7\u00f5es concretas, o compromisso com o envelhecimento saud\u00e1vel e o protagonismo da pessoa idosa na sociedade. Aqui, eles s\u00e3o os verdadeiros protagonistas da cultura, da conviv\u00eancia e da alegria\u201d, afirmou.<\/p>\n\n\n\n<p>Para a aposentada Maria do Carmo, de 67 anos, o evento &nbsp;foi emocionante. \u201c\u00c9 maravilhoso ver tudo t\u00e3o bem organizado, com tanto carinho. A gente se sente respeitada e inclu\u00edda. Dancei, comi minhas comidas favoritas e revi grandes amigos. J\u00e1 estou esperando o pr\u00f3ximo evento\u201d, comemorou.<\/p>\n\n\n\n<p>A iniciativa refor\u00e7a o compromisso da Prefeitura de Manaus em promover pol\u00edticas p\u00fablicas voltadas ao envelhecimento saud\u00e1vel, com dignidade, inclus\u00e3o e qualidade de vida para a popula\u00e7\u00e3o idosa.<\/p>\n\n\n\n<p>&#8212; &#8212; &#8212;<\/p>\n\n\n\n<p><strong>Texto<\/strong>&nbsp;&#8211;&nbsp;F\u00e1bio Sim\u00f5es\/FDT<\/p>\n\n\n\n<p><strong>Fotos<\/strong>&nbsp;&#8211;&nbsp;Jo\u00e3o Viana\/Semcom&nbsp;<\/p>\n\n\n\n<p><strong>Dispon\u00edveis em<\/strong> &#8211; https:\/\/flic.kr\/s\/aHBqjChUgg<\/p>\n","protected":false},"excerpt":{"rendered":"","protected":false},"author":23,"featured_media":240647,"comment_status":"closed","ping_status":"closed","sticky":false,"template":"","format":"standard","meta":{"footnotes":""},"categories":[7843],"tags":[935,5206,77,1813],"acf":[],"yoast_head":"<!-- This site is optimized with the Yoast SEO plugin v23.0 - https:\/\/yoast.com\/wordpress\/plugins\/seo\/ -->\n<title>Prefeitura de Manaus realiza festa junina \u2018Respeito N\u00e3o Tem Idade\u2019 no Parque Municipal do Idoso<\/title>\n<meta name=\"description\" content=\"Em alus\u00e3o ao \u201cJunho Violeta\u201d, m\u00eas dedicado \u00e0 conscientiza\u00e7\u00e3o e ao combate \u00e0 viol\u00eancia contra a pessoa idosa, a Prefeitura de Manaus, por meio da Funda\u00e7\u00e3o de Apoio ao Idoso Dr. Thomas (FDT), realizou, na quinta-feira, 12\/6, a tradicional festa junina \u201cRespeito N\u00e3o Tem Idade\u201d.\" \/>\n<meta name=\"robots\" content=\"index, follow, max-snippet:-1, max-image-preview:large, max-video-preview:-1\" \/>\n<link rel=\"canonical\" href=\"https:\/\/www.manaus.am.gov.br\/semcom\/prefeitura-festajunina-fdt\/\" \/>\n<meta property=\"og:locale\" content=\"pt_BR\" \/>\n<meta property=\"og:type\" content=\"article\" \/>\n<meta property=\"og:title\" content=\"Prefeitura de Manaus realiza festa junina \u2018Respeito N\u00e3o Tem Idade\u2019 no Parque Municipal do Idoso\" \/>\n<meta property=\"og:description\" content=\"Em alus\u00e3o ao \u201cJunho Violeta\u201d, m\u00eas dedicado \u00e0 conscientiza\u00e7\u00e3o e ao combate \u00e0 viol\u00eancia contra a pessoa idosa, a Prefeitura de Manaus, por meio da Funda\u00e7\u00e3o de Apoio ao Idoso Dr. Thomas (FDT), realizou, na quinta-feira, 12\/6, a tradicional festa junina \u201cRespeito N\u00e3o Tem Idade\u201d.\" \/>\n<meta property=\"og:url\" content=\"https:\/\/www.manaus.am.gov.br\/semcom\/prefeitura-festajunina-fdt\/\" \/>\n<meta property=\"og:site_name\" content=\"SEMCOM\" \/>\n<meta property=\"article:published_time\" content=\"2025-06-13T13:00:56+00:00\" \/>\n<meta property=\"article:modified_time\" content=\"2025-06-13T13:00:57+00:00\" \/>\n<meta property=\"og:image\" content=\"https:\/\/www.manaus.am.gov.br\/semcom\/wp-content\/uploads\/sites\/5\/2025\/06\/54585540653_3772ddc8fd_c.jpg\" \/>\n\t<meta property=\"og:image:width\" content=\"799\" \/>\n\t<meta property=\"og:image:height\" content=\"533\" \/>\n\t<meta property=\"og:image:type\" content=\"image\/jpeg\" \/>\n<meta name=\"author\" content=\"Adriana Costa\" \/>\n<meta name=\"twitter:card\" content=\"summary_large_image\" \/>\n<meta name=\"twitter:label1\" content=\"Written by\" \/>\n\t<meta name=\"twitter:data1\" content=\"Adriana Costa\" \/>\n\t<meta name=\"twitter:label2\" content=\"Est. reading time\" \/>\n\t<meta name=\"twitter:data2\" content=\"2 minutos\" \/>\n<script type=\"application\/ld+json\" class=\"yoast-schema-graph\">{\"@context\":\"https:\/\/schema.org\",\"@graph\":[{\"@type\":\"WebPage\",\"@id\":\"https:\/\/www.manaus.am.gov.br\/semcom\/prefeitura-festajunina-fdt\/\",\"url\":\"https:\/\/www.manaus.am.gov.br\/semcom\/prefeitura-festajunina-fdt\/\",\"name\":\"Prefeitura de Manaus realiza festa junina \u2018Respeito N\u00e3o Tem Idade\u2019 no Parque Municipal do Idoso\",\"isPartOf\":{\"@id\":\"https:\/\/www.manaus.am.gov.br\/semcom\/#website\"},\"primaryImageOfPage\":{\"@id\":\"https:\/\/www.manaus.am.gov.br\/semcom\/prefeitura-festajunina-fdt\/#primaryimage\"},\"image\":{\"@id\":\"https:\/\/www.manaus.am.gov.br\/semcom\/prefeitura-festajunina-fdt\/#primaryimage\"},\"thumbnailUrl\":\"https:\/\/www.manaus.am.gov.br\/semcom\/wp-content\/uploads\/sites\/5\/2025\/06\/54585540653_3772ddc8fd_c.jpg\",\"datePublished\":\"2025-06-13T13:00:56+00:00\",\"dateModified\":\"2025-06-13T13:00:57+00:00\",\"author\":{\"@id\":\"https:\/\/www.manaus.am.gov.br\/semcom\/#\/schema\/person\/4e49f4e267757a06ca072ec61b2b9968\"},\"description\":\"Em alus\u00e3o ao \u201cJunho Violeta\u201d, m\u00eas dedicado \u00e0 conscientiza\u00e7\u00e3o e ao combate \u00e0 viol\u00eancia contra a pessoa idosa, a Prefeitura de Manaus, por meio da Funda\u00e7\u00e3o de Apoio ao Idoso Dr. Thomas (FDT), realizou, na quinta-feira, 12\/6, a tradicional festa junina \u201cRespeito N\u00e3o Tem Idade\u201d.\",\"inLanguage\":\"pt-BR\",\"potentialAction\":[{\"@type\":\"ReadAction\",\"target\":[\"https:\/\/www.manaus.am.gov.br\/semcom\/prefeitura-festajunina-fdt\/\"]}]},{\"@type\":\"ImageObject\",\"inLanguage\":\"pt-BR\",\"@id\":\"https:\/\/www.manaus.am.gov.br\/semcom\/prefeitura-festajunina-fdt\/#primaryimage\",\"url\":\"https:\/\/www.manaus.am.gov.br\/semcom\/wp-content\/uploads\/sites\/5\/2025\/06\/54585540653_3772ddc8fd_c.jpg\",\"contentUrl\":\"https:\/\/www.manaus.am.gov.br\/semcom\/wp-content\/uploads\/sites\/5\/2025\/06\/54585540653_3772ddc8fd_c.jpg\",\"width\":799,\"height\":533},{\"@type\":\"WebSite\",\"@id\":\"https:\/\/www.manaus.am.gov.br\/semcom\/#website\",\"url\":\"https:\/\/www.manaus.am.gov.br\/semcom\/\",\"name\":\"SEMCOM\",\"description\":\"Secretaria Municipal de Comunica\u00e7\u00e3o\",\"potentialAction\":[{\"@type\":\"SearchAction\",\"target\":{\"@type\":\"EntryPoint\",\"urlTemplate\":\"https:\/\/www.manaus.am.gov.br\/semcom\/?s={search_term_string}\"},\"query-input\":\"required name=search_term_string\"}],\"inLanguage\":\"pt-BR\"},{\"@type\":\"Person\",\"@id\":\"https:\/\/www.manaus.am.gov.br\/semcom\/#\/schema\/person\/4e49f4e267757a06ca072ec61b2b9968\",\"name\":\"Adriana Costa\",\"image\":{\"@type\":\"ImageObject\",\"inLanguage\":\"pt-BR\",\"@id\":\"https:\/\/www.manaus.am.gov.br\/semcom\/#\/schema\/person\/image\/\",\"url\":\"https:\/\/secure.gravatar.com\/avatar\/576258617ef7194f718179e766d57bd4?s=96&d=mm&r=g\",\"contentUrl\":\"https:\/\/secure.gravatar.com\/avatar\/576258617ef7194f718179e766d57bd4?s=96&d=mm&r=g\",\"caption\":\"Adriana Costa\"}}]}<\/script>\n<!-- \/ Yoast SEO plugin. -->","yoast_head_json":{"title":"Prefeitura de Manaus realiza festa junina \u2018Respeito N\u00e3o Tem Idade\u2019 no Parque Municipal do Idoso","description":"Em alus\u00e3o ao \u201cJunho Violeta\u201d, m\u00eas dedicado \u00e0 conscientiza\u00e7\u00e3o e ao combate \u00e0 viol\u00eancia contra a pessoa idosa, a Prefeitura de Manaus, por meio da Funda\u00e7\u00e3o de Apoio ao Idoso Dr. Thomas (FDT), realizou, na quinta-feira, 12\/6, a tradicional festa junina \u201cRespeito N\u00e3o Tem Idade\u201d.","robots":{"index":"index","follow":"follow","max-snippet":"max-snippet:-1","max-image-preview":"max-image-preview:large","max-video-preview":"max-video-preview:-1"},"canonical":"https:\/\/www.manaus.am.gov.br\/semcom\/prefeitura-festajunina-fdt\/","og_locale":"pt_BR","og_type":"article","og_title":"Prefeitura de Manaus realiza festa junina \u2018Respeito N\u00e3o Tem Idade\u2019 no Parque Municipal do Idoso","og_description":"Em alus\u00e3o ao \u201cJunho Violeta\u201d, m\u00eas dedicado \u00e0 conscientiza\u00e7\u00e3o e ao combate \u00e0 viol\u00eancia contra a pessoa idosa, a Prefeitura de Manaus, por meio da Funda\u00e7\u00e3o de Apoio ao Idoso Dr. Thomas (FDT), realizou, na quinta-feira, 12\/6, a tradicional festa junina \u201cRespeito N\u00e3o Tem Idade\u201d.","og_url":"https:\/\/www.manaus.am.gov.br\/semcom\/prefeitura-festajunina-fdt\/","og_site_name":"SEMCOM","article_published_time":"2025-06-13T13:00:56+00:00","article_modified_time":"2025-06-13T13:00:57+00:00","og_image":[{"width":799,"height":533,"url":"https:\/\/www.manaus.am.gov.br\/semcom\/wp-content\/uploads\/sites\/5\/2025\/06\/54585540653_3772ddc8fd_c.jpg","type":"image\/jpeg"}],"author":"Adriana Costa","twitter_card":"summary_large_image","twitter_misc":{"Written by":"Adriana Costa","Est. reading time":"2 minutos"},"schema":{"@context":"https:\/\/schema.org","@graph":[{"@type":"WebPage","@id":"https:\/\/www.manaus.am.gov.br\/semcom\/prefeitura-festajunina-fdt\/","url":"https:\/\/www.manaus.am.gov.br\/semcom\/prefeitura-festajunina-fdt\/","name":"Prefeitura de Manaus realiza festa junina \u2018Respeito N\u00e3o Tem Idade\u2019 no Parque Municipal do Idoso","isPartOf":{"@id":"https:\/\/www.manaus.am.gov.br\/semcom\/#website"},"primaryImageOfPage":{"@id":"https:\/\/www.manaus.am.gov.br\/semcom\/prefeitura-festajunina-fdt\/#primaryimage"},"image":{"@id":"https:\/\/www.manaus.am.gov.br\/semcom\/prefeitura-festajunina-fdt\/#primaryimage"},"thumbnailUrl":"https:\/\/www.manaus.am.gov.br\/semcom\/wp-content\/uploads\/sites\/5\/2025\/06\/54585540653_3772ddc8fd_c.jpg","datePublished":"2025-06-13T13:00:56+00:00","dateModified":"2025-06-13T13:00:57+00:00","author":{"@id":"https:\/\/www.manaus.am.gov.br\/semcom\/#\/schema\/person\/4e49f4e267757a06ca072ec61b2b9968"},"description":"Em alus\u00e3o ao \u201cJunho Violeta\u201d, m\u00eas dedicado \u00e0 conscientiza\u00e7\u00e3o e ao combate \u00e0 viol\u00eancia contra a pessoa idosa, a Prefeitura de Manaus, por meio da Funda\u00e7\u00e3o de Apoio ao Idoso Dr. Thomas (FDT), realizou, na quinta-feira, 12\/6, a tradicional festa junina \u201cRespeito N\u00e3o Tem Idade\u201d.","inLanguage":"pt-BR","potentialAction":[{"@type":"ReadAction","target":["https:\/\/www.manaus.am.gov.br\/semcom\/prefeitura-festajunina-fdt\/"]}]},{"@type":"ImageObject","inLanguage":"pt-BR","@id":"https:\/\/www.manaus.am.gov.br\/semcom\/prefeitura-festajunina-fdt\/#primaryimage","url":"https:\/\/www.manaus.am.gov.br\/semcom\/wp-content\/uploads\/sites\/5\/2025\/06\/54585540653_3772ddc8fd_c.jpg","contentUrl":"https:\/\/www.manaus.am.gov.br\/semcom\/wp-content\/uploads\/sites\/5\/2025\/06\/54585540653_3772ddc8fd_c.jpg","width":799,"height":533},{"@type":"WebSite","@id":"https:\/\/www.manaus.am.gov.br\/semcom\/#website","url":"https:\/\/www.manaus.am.gov.br\/semcom\/","name":"SEMCOM","description":"Secretaria Municipal de Comunica\u00e7\u00e3o","potentialAction":[{"@type":"SearchAction","target":{"@type":"EntryPoint","urlTemplate":"https:\/\/www.manaus.am.gov.br\/semcom\/?s={search_term_string}"},"query-input":"required name=search_term_string"}],"inLanguage":"pt-BR"},{"@type":"Person","@id":"https:\/\/www.manaus.am.gov.br\/semcom\/#\/schema\/person\/4e49f4e267757a06ca072ec61b2b9968","name":"Adriana Costa","image":{"@type":"ImageObject","inLanguage":"pt-BR","@id":"https:\/\/www.manaus.am.gov.br\/semcom\/#\/schema\/person\/image\/","url":"https:\/\/secure.gravatar.com\/avatar\/576258617ef7194f718179e766d57bd4?s=96&d=mm&r=g","contentUrl":"https:\/\/secure.gravatar.com\/avatar\/576258617ef7194f718179e766d57bd4?s=96&d=mm&r=g","caption":"Adriana Costa"}}]}},"_links":{"self":[{"href":"https:\/\/www.manaus.am.gov.br\/semcom\/wp-json\/wp\/v2\/posts\/240646"}],"collection":[{"href":"https:\/\/www.manaus.am.gov.br\/semcom\/wp-json\/wp\/v2\/posts"}],"about":[{"href":"https:\/\/www.manaus.am.gov.br\/semcom\/wp-json\/wp\/v2\/types\/post"}],"author":[{"embeddable":true,"href":"https:\/\/www.manaus.am.gov.br\/semcom\/wp-json\/wp\/v2\/users\/23"}],"replies":[{"embeddable":true,"href":"https:\/\/www.manaus.am.gov.br\/semcom\/wp-json\/wp\/v2\/comments?post=240646"}],"version-history":[{"count":0,"href":"https:\/\/www.manaus.am.gov.br\/semcom\/wp-json\/wp\/v2\/posts\/240646\/revisions"}],"wp:featuredmedia":[{"embeddable":true,"href":"https:\/\/www.manaus.am.gov.br\/semcom\/wp-json\/wp\/v2\/media\/240647"}],"wp:attachment":[{"href":"https:\/\/www.manaus.am.gov.br\/semcom\/wp-json\/wp\/v2\/media?parent=240646"}],"wp:term":[{"taxonomy":"category","embeddable":true,"href":"https:\/\/www.manaus.am.gov.br\/semcom\/wp-json\/wp\/v2\/categories?post=240646"},{"taxonomy":"post_tag","embeddable":true,"href":"https:\/\/www.manaus.am.gov.br\/semcom\/wp-json\/wp\/v2\/tags?post=240646"}],"curies":[{"name":"wp","href":"https:\/\/api.w.org\/{rel}","templated":true}]}}