{"id":240631,"date":"2025-06-12T17:52:44","date_gmt":"2025-06-12T20:52:44","guid":{"rendered":"https:\/\/www.manaus.am.gov.br\/semcom\/registros-definitivos-comunidade-rio-piorini\/"},"modified":"2025-06-12T17:52:46","modified_gmt":"2025-06-12T20:52:46","slug":"registros-definitivos-comunidade-rio-piorini","status":"publish","type":"post","link":"https:\/\/www.manaus.am.gov.br\/semcom\/registros-definitivos-comunidade-rio-piorini\/","title":{"rendered":"Prefeito David Almeida entrega 1.150 registros definitivos na comunidade Rio Piorini e refor\u00e7a compromisso com a habita\u00e7\u00e3o em Manaus"},"content":{"rendered":"\n<p>O prefeito de Manaus, David Almeida, realizou, nesta quinta-feira, 12\/6, a entrega de 1.150 registros definitivos de im\u00f3veis a moradores da comunidade Rio Piorini, na zona Norte da capital. A solenidade, conduzida pela Secretaria Municipal de Habita\u00e7\u00e3o e Assuntos Fundi\u00e1rios (Semhaf), integra a programa\u00e7\u00e3o da \u201cSemana de Mobiliza\u00e7\u00e3o Solo Seguro \u2013 Favela\u201d, promovida nacionalmente pela Corregedoria Nacional de Justi\u00e7a, em parceria com diversos \u00f3rg\u00e3os p\u00fablicos, incluindo a Defensoria P\u00fablica, o Tribunal de Justi\u00e7a do Amazonas (TJ-AM) e os cart\u00f3rios de registro imobili\u00e1rio.<\/p>\n\n\n\n<p>Com este novo marco, a Prefeitura de Manaus ultrapassa a marca de 10,5 mil documentos definitivos entregues \u00e0 popula\u00e7\u00e3o desde 2023, de acordo com a Semhaf. A a\u00e7\u00e3o consolida a gest\u00e3o David Almeida como uma das que mais promoveu regulariza\u00e7\u00e3o fundi\u00e1ria no pa\u00eds, garantindo dignidade, seguran\u00e7a jur\u00eddica e valoriza\u00e7\u00e3o patrimonial a milhares de fam\u00edlias manauaras. \u201cAt\u00e9 hoje, muitos eram posseiros das terras que ocupavam. A partir de agora, passam a ser, de fato e de direito, propriet\u00e1rios dos seus im\u00f3veis\u201d, destacou o prefeito David Almeida, que agradeceu o trabalho t\u00e9cnico e o empenho dos servidores da Semhaf e demais parceiros.<\/p>\n\n\n\n<p>Durante o evento, o prefeito tamb\u00e9m refor\u00e7ou a import\u00e2ncia da confian\u00e7a da popula\u00e7\u00e3o no poder p\u00fablico e ressaltou que ainda h\u00e1 mais de 2.500 im\u00f3veis mapeados na comunidade aguardando a conclus\u00e3o do processo. \u201cInfelizmente, por conta de promessas antigas que n\u00e3o se cumpriram, muitos moradores ainda desconfiam. Mas hoje estamos aqui para provar que esse sonho \u00e9 poss\u00edvel e est\u00e1 se tornando realidade\u201d, disse, pedindo apoio dos benefici\u00e1rios para que incentivem seus vizinhos a participarem da regulariza\u00e7\u00e3o.<\/p>\n\n\n\n<p>O subsecret\u00e1rio de Habita\u00e7\u00e3o e Assuntos Fundi\u00e1rios, Zuldy Omena, tamb\u00e9m emocionou o p\u00fablico ao relembrar hist\u00f3rias de benefici\u00e1rios que aguardavam h\u00e1 d\u00e9cadas pelo t\u00edtulo. Ele agradeceu o apoio da gest\u00e3o municipal e exaltou o compromisso do prefeito David Almeida, respons\u00e1vel pela reestrutura\u00e7\u00e3o da pasta e pela retomada da pol\u00edtica habitacional no munic\u00edpio. \u201cEstamos aqui, mais uma vez, transformando vidas com muito esfor\u00e7o e dedica\u00e7\u00e3o\u201d, afirmou.<\/p>\n\n\n\n<p>A entrega dos t\u00edtulos contou com a participa\u00e7\u00e3o do juiz corregedor auxiliar do TJ-AM, Igor Campagnoli, que ressaltou que o documento recebido representa mais do que a posse de uma propriedade \u2014 simboliza a conquista de um direito fundamental. \u201cIsso aqui \u00e9 seguran\u00e7a jur\u00eddica. \u00c9 a devolu\u00e7\u00e3o da dignidade de quem lutou, de quem esperou por 10, 15 ou 20 anos. S\u00f3 voc\u00eas sabem o que isso significa\u201d, afirmou. O defensor p\u00fablico Thiago Rosas destacou que a gratuidade dos t\u00edtulos \u00e9 prevista em lei federal e rompe com o ciclo hist\u00f3rico de exclus\u00e3o. \u201cHoje, voc\u00eas deixam de ser invis\u00edveis. Passam a ter comprovante de resid\u00eancia e acesso pleno \u00e0 cidadania\u201d, declarou.<\/p>\n\n\n\n<p>Uma das beneficiadas, Odete da Silva Fernandes, de 78 anos, n\u00e3o escondeu a emo\u00e7\u00e3o ao receber o documento que tanto esperou. \u201cHoje, eu estou feliz. Esperei por mais de 20 anos. Agora \u00e9 meu, ningu\u00e9m vai me tomar\u201d, disse, arrancando aplausos da multid\u00e3o, e agradecendo pessoalmente ao prefeito e aos servidores. \u201cValeu a pena confiar\u201d, completou.<\/p>\n\n\n\n<p>Ao encerrar o evento, o prefeito David Almeida reafirmou seu compromisso com a amplia\u00e7\u00e3o das a\u00e7\u00f5es de habita\u00e7\u00e3o e regulariza\u00e7\u00e3o fundi\u00e1ria em Manaus. \u201cSeguiremos trabalhando para alcan\u00e7ar todas as fam\u00edlias que ainda esperam por esse momento, porque garantir o direito \u00e0 moradia \u00e9 tamb\u00e9m garantir dignidade, cidadania e justi\u00e7a social\u201d, finalizou.<\/p>\n\n\n\n<p>\u2014 \u2014 \u2014<\/p>\n\n\n\n<p><strong>Texto &#8211; <\/strong>Emanuelle Baires\/Semcom<br><strong>Fotos &#8211; <\/strong>Dhyeizo Lemos\/Semcom<br><strong>Dispon\u00edveis em &#8211;<\/strong><a href=\"https:\/\/flic.kr\/s\/aHBqjChJiH\">https:\/\/flic.kr\/s\/aHBqjChJiH<\/a><\/p>\n","protected":false},"excerpt":{"rendered":"","protected":false},"author":68,"featured_media":240632,"comment_status":"closed","ping_status":"closed","sticky":false,"template":"","format":"standard","meta":{"footnotes":""},"categories":[977],"tags":[35,15340,77],"acf":[],"yoast_head":"<!-- This site is optimized with the Yoast SEO plugin v23.0 - https:\/\/yoast.com\/wordpress\/plugins\/seo\/ -->\n<title>Prefeito David Almeida entrega 1.150 registros definitivos na comunidade Rio Piorini e refor\u00e7a compromisso com a habita\u00e7\u00e3o em Manaus<\/title>\n<meta name=\"description\" content=\"O prefeito de Manaus, David Almeida, realizou, nesta quinta-feira, 12\/6, a entrega de 1.150 registros definitivos de im\u00f3veis a moradores da comunidade Rio Piorini, na zona Norte da capital. A solenidade, conduzida pela Secretaria Municipal de Habita\u00e7\u00e3o e Assuntos Fundi\u00e1rios (Semhaf), integra a programa\u00e7\u00e3o da \u201cSemana de Mobiliza\u00e7\u00e3o Solo Seguro \u2013 Favela\u201d, promovida nacionalmente pela Corregedoria Nacional de Justi\u00e7a, em parceria com diversos \u00f3rg\u00e3os p\u00fablicos, incluindo a Defensoria P\u00fablica, o Tribunal de Justi\u00e7a do Amazonas (TJ-AM) e os cart\u00f3rios de registro imobili\u00e1rio.\" \/>\n<meta name=\"robots\" content=\"index, follow, max-snippet:-1, max-image-preview:large, max-video-preview:-1\" \/>\n<link rel=\"canonical\" href=\"https:\/\/www.manaus.am.gov.br\/semcom\/registros-definitivos-comunidade-rio-piorini\/\" \/>\n<meta property=\"og:locale\" content=\"pt_BR\" \/>\n<meta property=\"og:type\" content=\"article\" \/>\n<meta property=\"og:title\" content=\"Prefeito David Almeida entrega 1.150 registros definitivos na comunidade Rio Piorini e refor\u00e7a compromisso com a habita\u00e7\u00e3o em Manaus\" \/>\n<meta property=\"og:description\" content=\"O prefeito de Manaus, David Almeida, realizou, nesta quinta-feira, 12\/6, a entrega de 1.150 registros definitivos de im\u00f3veis a moradores da comunidade Rio Piorini, na zona Norte da capital. A solenidade, conduzida pela Secretaria Municipal de Habita\u00e7\u00e3o e Assuntos Fundi\u00e1rios (Semhaf), integra a programa\u00e7\u00e3o da \u201cSemana de Mobiliza\u00e7\u00e3o Solo Seguro \u2013 Favela\u201d, promovida nacionalmente pela Corregedoria Nacional de Justi\u00e7a, em parceria com diversos \u00f3rg\u00e3os p\u00fablicos, incluindo a Defensoria P\u00fablica, o Tribunal de Justi\u00e7a do Amazonas (TJ-AM) e os cart\u00f3rios de registro imobili\u00e1rio.\" \/>\n<meta property=\"og:url\" content=\"https:\/\/www.manaus.am.gov.br\/semcom\/registros-definitivos-comunidade-rio-piorini\/\" \/>\n<meta property=\"og:site_name\" content=\"SEMCOM\" \/>\n<meta property=\"article:published_time\" content=\"2025-06-12T20:52:44+00:00\" \/>\n<meta property=\"article:modified_time\" content=\"2025-06-12T20:52:46+00:00\" \/>\n<meta property=\"og:image\" content=\"https:\/\/www.manaus.am.gov.br\/semcom\/wp-content\/uploads\/sites\/5\/2025\/06\/54584895771_48b0580e9a_c.jpg\" \/>\n\t<meta property=\"og:image:width\" content=\"799\" \/>\n\t<meta property=\"og:image:height\" content=\"533\" \/>\n\t<meta property=\"og:image:type\" content=\"image\/jpeg\" \/>\n<meta name=\"author\" content=\"bvalente\" \/>\n<meta name=\"twitter:card\" content=\"summary_large_image\" \/>\n<meta name=\"twitter:label1\" content=\"Written by\" \/>\n\t<meta name=\"twitter:data1\" content=\"bvalente\" \/>\n\t<meta name=\"twitter:label2\" content=\"Est. reading time\" \/>\n\t<meta name=\"twitter:data2\" content=\"4 minutos\" \/>\n<script type=\"application\/ld+json\" class=\"yoast-schema-graph\">{\"@context\":\"https:\/\/schema.org\",\"@graph\":[{\"@type\":\"WebPage\",\"@id\":\"https:\/\/www.manaus.am.gov.br\/semcom\/registros-definitivos-comunidade-rio-piorini\/\",\"url\":\"https:\/\/www.manaus.am.gov.br\/semcom\/registros-definitivos-comunidade-rio-piorini\/\",\"name\":\"Prefeito David Almeida entrega 1.150 registros definitivos na comunidade Rio Piorini e refor\u00e7a compromisso com a habita\u00e7\u00e3o em Manaus\",\"isPartOf\":{\"@id\":\"https:\/\/www.manaus.am.gov.br\/semcom\/#website\"},\"primaryImageOfPage\":{\"@id\":\"https:\/\/www.manaus.am.gov.br\/semcom\/registros-definitivos-comunidade-rio-piorini\/#primaryimage\"},\"image\":{\"@id\":\"https:\/\/www.manaus.am.gov.br\/semcom\/registros-definitivos-comunidade-rio-piorini\/#primaryimage\"},\"thumbnailUrl\":\"https:\/\/www.manaus.am.gov.br\/semcom\/wp-content\/uploads\/sites\/5\/2025\/06\/54584895771_48b0580e9a_c.jpg\",\"datePublished\":\"2025-06-12T20:52:44+00:00\",\"dateModified\":\"2025-06-12T20:52:46+00:00\",\"author\":{\"@id\":\"https:\/\/www.manaus.am.gov.br\/semcom\/#\/schema\/person\/466a0e03ae4b6062809046bd560ac955\"},\"description\":\"O prefeito de Manaus, David Almeida, realizou, nesta quinta-feira, 12\/6, a entrega de 1.150 registros definitivos de im\u00f3veis a moradores da comunidade Rio Piorini, na zona Norte da capital. A solenidade, conduzida pela Secretaria Municipal de Habita\u00e7\u00e3o e Assuntos Fundi\u00e1rios (Semhaf), integra a programa\u00e7\u00e3o da \u201cSemana de Mobiliza\u00e7\u00e3o Solo Seguro \u2013 Favela\u201d, promovida nacionalmente pela Corregedoria Nacional de Justi\u00e7a, em parceria com diversos \u00f3rg\u00e3os p\u00fablicos, incluindo a Defensoria P\u00fablica, o Tribunal de Justi\u00e7a do Amazonas (TJ-AM) e os cart\u00f3rios de registro imobili\u00e1rio.\",\"inLanguage\":\"pt-BR\",\"potentialAction\":[{\"@type\":\"ReadAction\",\"target\":[\"https:\/\/www.manaus.am.gov.br\/semcom\/registros-definitivos-comunidade-rio-piorini\/\"]}]},{\"@type\":\"ImageObject\",\"inLanguage\":\"pt-BR\",\"@id\":\"https:\/\/www.manaus.am.gov.br\/semcom\/registros-definitivos-comunidade-rio-piorini\/#primaryimage\",\"url\":\"https:\/\/www.manaus.am.gov.br\/semcom\/wp-content\/uploads\/sites\/5\/2025\/06\/54584895771_48b0580e9a_c.jpg\",\"contentUrl\":\"https:\/\/www.manaus.am.gov.br\/semcom\/wp-content\/uploads\/sites\/5\/2025\/06\/54584895771_48b0580e9a_c.jpg\",\"width\":799,\"height\":533},{\"@type\":\"WebSite\",\"@id\":\"https:\/\/www.manaus.am.gov.br\/semcom\/#website\",\"url\":\"https:\/\/www.manaus.am.gov.br\/semcom\/\",\"name\":\"SEMCOM\",\"description\":\"Secretaria Municipal de Comunica\u00e7\u00e3o\",\"potentialAction\":[{\"@type\":\"SearchAction\",\"target\":{\"@type\":\"EntryPoint\",\"urlTemplate\":\"https:\/\/www.manaus.am.gov.br\/semcom\/?s={search_term_string}\"},\"query-input\":\"required name=search_term_string\"}],\"inLanguage\":\"pt-BR\"},{\"@type\":\"Person\",\"@id\":\"https:\/\/www.manaus.am.gov.br\/semcom\/#\/schema\/person\/466a0e03ae4b6062809046bd560ac955\",\"name\":\"bvalente\",\"image\":{\"@type\":\"ImageObject\",\"inLanguage\":\"pt-BR\",\"@id\":\"https:\/\/www.manaus.am.gov.br\/semcom\/#\/schema\/person\/image\/\",\"url\":\"https:\/\/secure.gravatar.com\/avatar\/3e69bc2b014bdad41adfec3a39de07d2?s=96&d=mm&r=g\",\"contentUrl\":\"https:\/\/secure.gravatar.com\/avatar\/3e69bc2b014bdad41adfec3a39de07d2?s=96&d=mm&r=g\",\"caption\":\"bvalente\"}}]}<\/script>\n<!-- \/ Yoast SEO plugin. -->","yoast_head_json":{"title":"Prefeito David Almeida entrega 1.150 registros definitivos na comunidade Rio Piorini e refor\u00e7a compromisso com a habita\u00e7\u00e3o em Manaus","description":"O prefeito de Manaus, David Almeida, realizou, nesta quinta-feira, 12\/6, a entrega de 1.150 registros definitivos de im\u00f3veis a moradores da comunidade Rio Piorini, na zona Norte da capital. A solenidade, conduzida pela Secretaria Municipal de Habita\u00e7\u00e3o e Assuntos Fundi\u00e1rios (Semhaf), integra a programa\u00e7\u00e3o da \u201cSemana de Mobiliza\u00e7\u00e3o Solo Seguro \u2013 Favela\u201d, promovida nacionalmente pela Corregedoria Nacional de Justi\u00e7a, em parceria com diversos \u00f3rg\u00e3os p\u00fablicos, incluindo a Defensoria P\u00fablica, o Tribunal de Justi\u00e7a do Amazonas (TJ-AM) e os cart\u00f3rios de registro imobili\u00e1rio.","robots":{"index":"index","follow":"follow","max-snippet":"max-snippet:-1","max-image-preview":"max-image-preview:large","max-video-preview":"max-video-preview:-1"},"canonical":"https:\/\/www.manaus.am.gov.br\/semcom\/registros-definitivos-comunidade-rio-piorini\/","og_locale":"pt_BR","og_type":"article","og_title":"Prefeito David Almeida entrega 1.150 registros definitivos na comunidade Rio Piorini e refor\u00e7a compromisso com a habita\u00e7\u00e3o em Manaus","og_description":"O prefeito de Manaus, David Almeida, realizou, nesta quinta-feira, 12\/6, a entrega de 1.150 registros definitivos de im\u00f3veis a moradores da comunidade Rio Piorini, na zona Norte da capital. A solenidade, conduzida pela Secretaria Municipal de Habita\u00e7\u00e3o e Assuntos Fundi\u00e1rios (Semhaf), integra a programa\u00e7\u00e3o da \u201cSemana de Mobiliza\u00e7\u00e3o Solo Seguro \u2013 Favela\u201d, promovida nacionalmente pela Corregedoria Nacional de Justi\u00e7a, em parceria com diversos \u00f3rg\u00e3os p\u00fablicos, incluindo a Defensoria P\u00fablica, o Tribunal de Justi\u00e7a do Amazonas (TJ-AM) e os cart\u00f3rios de registro imobili\u00e1rio.","og_url":"https:\/\/www.manaus.am.gov.br\/semcom\/registros-definitivos-comunidade-rio-piorini\/","og_site_name":"SEMCOM","article_published_time":"2025-06-12T20:52:44+00:00","article_modified_time":"2025-06-12T20:52:46+00:00","og_image":[{"width":799,"height":533,"url":"https:\/\/www.manaus.am.gov.br\/semcom\/wp-content\/uploads\/sites\/5\/2025\/06\/54584895771_48b0580e9a_c.jpg","type":"image\/jpeg"}],"author":"bvalente","twitter_card":"summary_large_image","twitter_misc":{"Written by":"bvalente","Est. reading time":"4 minutos"},"schema":{"@context":"https:\/\/schema.org","@graph":[{"@type":"WebPage","@id":"https:\/\/www.manaus.am.gov.br\/semcom\/registros-definitivos-comunidade-rio-piorini\/","url":"https:\/\/www.manaus.am.gov.br\/semcom\/registros-definitivos-comunidade-rio-piorini\/","name":"Prefeito David Almeida entrega 1.150 registros definitivos na comunidade Rio Piorini e refor\u00e7a compromisso com a habita\u00e7\u00e3o em Manaus","isPartOf":{"@id":"https:\/\/www.manaus.am.gov.br\/semcom\/#website"},"primaryImageOfPage":{"@id":"https:\/\/www.manaus.am.gov.br\/semcom\/registros-definitivos-comunidade-rio-piorini\/#primaryimage"},"image":{"@id":"https:\/\/www.manaus.am.gov.br\/semcom\/registros-definitivos-comunidade-rio-piorini\/#primaryimage"},"thumbnailUrl":"https:\/\/www.manaus.am.gov.br\/semcom\/wp-content\/uploads\/sites\/5\/2025\/06\/54584895771_48b0580e9a_c.jpg","datePublished":"2025-06-12T20:52:44+00:00","dateModified":"2025-06-12T20:52:46+00:00","author":{"@id":"https:\/\/www.manaus.am.gov.br\/semcom\/#\/schema\/person\/466a0e03ae4b6062809046bd560ac955"},"description":"O prefeito de Manaus, David Almeida, realizou, nesta quinta-feira, 12\/6, a entrega de 1.150 registros definitivos de im\u00f3veis a moradores da comunidade Rio Piorini, na zona Norte da capital. A solenidade, conduzida pela Secretaria Municipal de Habita\u00e7\u00e3o e Assuntos Fundi\u00e1rios (Semhaf), integra a programa\u00e7\u00e3o da \u201cSemana de Mobiliza\u00e7\u00e3o Solo Seguro \u2013 Favela\u201d, promovida nacionalmente pela Corregedoria Nacional de Justi\u00e7a, em parceria com diversos \u00f3rg\u00e3os p\u00fablicos, incluindo a Defensoria P\u00fablica, o Tribunal de Justi\u00e7a do Amazonas (TJ-AM) e os cart\u00f3rios de registro imobili\u00e1rio.","inLanguage":"pt-BR","potentialAction":[{"@type":"ReadAction","target":["https:\/\/www.manaus.am.gov.br\/semcom\/registros-definitivos-comunidade-rio-piorini\/"]}]},{"@type":"ImageObject","inLanguage":"pt-BR","@id":"https:\/\/www.manaus.am.gov.br\/semcom\/registros-definitivos-comunidade-rio-piorini\/#primaryimage","url":"https:\/\/www.manaus.am.gov.br\/semcom\/wp-content\/uploads\/sites\/5\/2025\/06\/54584895771_48b0580e9a_c.jpg","contentUrl":"https:\/\/www.manaus.am.gov.br\/semcom\/wp-content\/uploads\/sites\/5\/2025\/06\/54584895771_48b0580e9a_c.jpg","width":799,"height":533},{"@type":"WebSite","@id":"https:\/\/www.manaus.am.gov.br\/semcom\/#website","url":"https:\/\/www.manaus.am.gov.br\/semcom\/","name":"SEMCOM","description":"Secretaria Municipal de Comunica\u00e7\u00e3o","potentialAction":[{"@type":"SearchAction","target":{"@type":"EntryPoint","urlTemplate":"https:\/\/www.manaus.am.gov.br\/semcom\/?s={search_term_string}"},"query-input":"required name=search_term_string"}],"inLanguage":"pt-BR"},{"@type":"Person","@id":"https:\/\/www.manaus.am.gov.br\/semcom\/#\/schema\/person\/466a0e03ae4b6062809046bd560ac955","name":"bvalente","image":{"@type":"ImageObject","inLanguage":"pt-BR","@id":"https:\/\/www.manaus.am.gov.br\/semcom\/#\/schema\/person\/image\/","url":"https:\/\/secure.gravatar.com\/avatar\/3e69bc2b014bdad41adfec3a39de07d2?s=96&d=mm&r=g","contentUrl":"https:\/\/secure.gravatar.com\/avatar\/3e69bc2b014bdad41adfec3a39de07d2?s=96&d=mm&r=g","caption":"bvalente"}}]}},"_links":{"self":[{"href":"https:\/\/www.manaus.am.gov.br\/semcom\/wp-json\/wp\/v2\/posts\/240631"}],"collection":[{"href":"https:\/\/www.manaus.am.gov.br\/semcom\/wp-json\/wp\/v2\/posts"}],"about":[{"href":"https:\/\/www.manaus.am.gov.br\/semcom\/wp-json\/wp\/v2\/types\/post"}],"author":[{"embeddable":true,"href":"https:\/\/www.manaus.am.gov.br\/semcom\/wp-json\/wp\/v2\/users\/68"}],"replies":[{"embeddable":true,"href":"https:\/\/www.manaus.am.gov.br\/semcom\/wp-json\/wp\/v2\/comments?post=240631"}],"version-history":[{"count":0,"href":"https:\/\/www.manaus.am.gov.br\/semcom\/wp-json\/wp\/v2\/posts\/240631\/revisions"}],"wp:featuredmedia":[{"embeddable":true,"href":"https:\/\/www.manaus.am.gov.br\/semcom\/wp-json\/wp\/v2\/media\/240632"}],"wp:attachment":[{"href":"https:\/\/www.manaus.am.gov.br\/semcom\/wp-json\/wp\/v2\/media?parent=240631"}],"wp:term":[{"taxonomy":"category","embeddable":true,"href":"https:\/\/www.manaus.am.gov.br\/semcom\/wp-json\/wp\/v2\/categories?post=240631"},{"taxonomy":"post_tag","embeddable":true,"href":"https:\/\/www.manaus.am.gov.br\/semcom\/wp-json\/wp\/v2\/tags?post=240631"}],"curies":[{"name":"wp","href":"https:\/\/api.w.org\/{rel}","templated":true}]}}