{"id":240586,"date":"2025-06-12T12:45:28","date_gmt":"2025-06-12T15:45:28","guid":{"rendered":"https:\/\/www.manaus.am.gov.br\/semcom\/prefeitura-semasc-conferenciamunicipaldeassistenciasocial\/"},"modified":"2025-06-12T12:45:30","modified_gmt":"2025-06-12T15:45:30","slug":"prefeitura-semasc-conferenciamunicipaldeassistenciasocial","status":"publish","type":"post","link":"https:\/\/www.manaus.am.gov.br\/semcom\/prefeitura-semasc-conferenciamunicipaldeassistenciasocial\/","title":{"rendered":"Prefeitura de Manaus encerra Confer\u00eancia Municipal de Assist\u00eancia Social com propostas que refor\u00e7am os 20 anos do Suas"},"content":{"rendered":"\n<p>A Prefeitura de Manaus, por meio da Secretaria Municipal da Mulher, Assist\u00eancia Social e Cidadania (Semasc) e do Conselho Municipal de Assist\u00eancia Social (Cmas), encerrou, nesta quarta-feira, 11\/6, a 15\u00aa Confer\u00eancia Municipal de Assist\u00eancia Social. O evento reuniu representantes do poder p\u00fablico, da sociedade civil, usu\u00e1rios e trabalhadores do Sistema \u00danico de Assist\u00eancia Social (Suas), em dois dias de intensos debates, delibera\u00e7\u00f5es e fortalecimento democr\u00e1tico das pol\u00edticas p\u00fablicas de prote\u00e7\u00e3o social. A confer\u00eancia foi realizada no centro de conven\u00e7\u00f5es do Manaus Plaza Shopping, localizado na avenida Djalma Batista, zona Centro-Sul da capital.<\/p>\n\n\n\n<p>Com o tema central \u201c20 anos do Suas: constru\u00e7\u00e3o, prote\u00e7\u00e3o social e resist\u00eancia\u201d, a confer\u00eancia reafirmou a import\u00e2ncia do sistema como uma pol\u00edtica p\u00fablica estruturante, voltada \u00e0 garantia de direitos, inclus\u00e3o social e supera\u00e7\u00e3o das desigualdades. A participa\u00e7\u00e3o ativa de usu\u00e1rios e entidades representativas refletiu o compromisso coletivo com uma assist\u00eancia social mais justa, equitativa e sens\u00edvel \u00e0s diferentes realidades do munic\u00edpio.<\/p>\n\n\n\n<p>Para o secret\u00e1rio da Semasc, Saullo Vianna, a confer\u00eancia municipal \u00e9 de suma import\u00e2ncia para produzir um debate a quatro m\u00e3os, para construir pol\u00edticas p\u00fablicas s\u00e9rias e voltadas para atender a popula\u00e7\u00e3o &nbsp;<\/p>\n\n\n\n<p>\u201cCom muito orgulho, fa\u00e7o parte desta confer\u00eancia. N\u00f3s estamos incessantemente buscando fazer a transforma\u00e7\u00e3o necess\u00e1ria para beneficiar as pessoas mais vulner\u00e1veis da cidade de Manaus e conseguir avan\u00e7ar nas pautas que s\u00e3o comuns ao poder p\u00fablico. Parabenizo tamb\u00e9m o Suas, que neste ano completa 20 anos de excel\u00eancia\u201d.<\/p>\n\n\n\n<p>A programa\u00e7\u00e3o teve in\u00edcio na ter\u00e7a-feira, 10\/6, com a leitura do regimento interno e a solenidade de abertura, que contou com a presen\u00e7a de autoridades governamentais. Na sequ\u00eancia, foi realizada a confer\u00eancia magna, ministrada pelo professor Reinaldo Nobre Pontes, que destacou os avan\u00e7os e os desafios enfrentados ao longo dos 20 anos do Suas no Brasil. J\u00e1 nesta quarta-feira, os trabalhos se concentraram na constru\u00e7\u00e3o coletiva de propostas, organizadas em cinco eixos tem\u00e1ticos, seguidos pela plen\u00e1ria final, vota\u00e7\u00e3o das delibera\u00e7\u00f5es, aprova\u00e7\u00e3o de mo\u00e7\u00f5es e elei\u00e7\u00e3o dos 42 delegados que representar\u00e3o Manaus na etapa estadual.<\/p>\n\n\n\n<p>Os cinco eixos discutidos ao longo da confer\u00eancia abordaram os principais desafios e prioridades do Suas, como a universaliza\u00e7\u00e3o do acesso com equidade e respeito \u00e0 diversidade; o aperfei\u00e7oamento cont\u00ednuo do sistema, com foco em inova\u00e7\u00e3o, gest\u00e3o descentralizada e valoriza\u00e7\u00e3o dos profissionais; a integra\u00e7\u00e3o entre benef\u00edcios e servi\u00e7os socioassistenciais, fortalecendo a prote\u00e7\u00e3o social e a inclus\u00e3o; a gest\u00e3o democr\u00e1tica com informa\u00e7\u00e3o e comunica\u00e7\u00e3o transparentes, refor\u00e7ando a participa\u00e7\u00e3o social; e a sustentabilidade financeira, com equidade no cofinanciamento, essencial para garantir a continuidade e a efic\u00e1cia das pol\u00edticas p\u00fablicas.<\/p>\n\n\n\n<p>A diretora de \u00e1rea do Suas, Lorena Barreto, destacou a relev\u00e2ncia do evento como um espa\u00e7o democr\u00e1tico de constru\u00e7\u00e3o coletiva, enfatizando que os debates organizados em torno dos cinco eixos estrat\u00e9gicos s\u00e3o fundamentais para o fortalecimento da pol\u00edtica de assist\u00eancia social.<\/p>\n\n\n\n<p>\u201cEste \u00e9 um momento importante, no qual debatemos propostas que ir\u00e3o orientar os rumos da Assist\u00eancia Social nos pr\u00f3ximos anos. Durante o evento, tivemos a oportunidade de refletir e deliberar sobre temas fundamentais, organizados em cinco eixos estrat\u00e9gicos, que nortearam os debates e resultaram em propostas a serem levadas \u00e0 confer\u00eancia estadual e, posteriormente, \u00e0 confer\u00eancia nacional. Trata-se de um processo essencial para assegurar a participa\u00e7\u00e3o social, o di\u00e1logo entre diferentes segmentos e o aprimoramento cont\u00ednuo das pol\u00edticas p\u00fablicas voltadas \u00e0 sociedade\u201d, concluiu.<\/p>\n\n\n\n<p>&#8212; &#8212; &#8212;<\/p>\n\n\n\n<p><strong>Texto <\/strong>&#8211;\u00a0Igor Costa \/ Semasc<\/p>\n\n\n\n<p><strong>Fotos <\/strong>&#8211;\u00a0Diego Lima \/ Semasc<\/p>\n\n\n\n<p><strong>Dispon\u00edveis em\u00a0<\/strong>&#8211;\u00a0<a href=\"https:\/\/flic.kr\/s\/aHBqjChHc8\">https:\/\/flic.kr\/s\/aHBqjChHc8<\/a><\/p>\n","protected":false},"excerpt":{"rendered":"","protected":false},"author":23,"featured_media":240587,"comment_status":"closed","ping_status":"closed","sticky":false,"template":"","format":"standard","meta":{"footnotes":""},"categories":[657],"tags":[15329,2912,77,153,253],"acf":[],"yoast_head":"<!-- This site is optimized with the Yoast SEO plugin v23.0 - https:\/\/yoast.com\/wordpress\/plugins\/seo\/ -->\n<title>Prefeitura de Manaus encerra Confer\u00eancia Municipal de Assist\u00eancia Social com propostas que refor\u00e7am os 20 anos do Suas<\/title>\n<meta name=\"description\" content=\"A Prefeitura de Manaus, por meio da Secretaria Municipal da Mulher, Assist\u00eancia Social e Cidadania (Semasc) e do Conselho Municipal de Assist\u00eancia Social (Cmas), encerrou, nesta quarta-feira, 11\/6, a 15\u00aa Confer\u00eancia Municipal de Assist\u00eancia Social.\" \/>\n<meta name=\"robots\" content=\"index, follow, max-snippet:-1, max-image-preview:large, max-video-preview:-1\" \/>\n<link rel=\"canonical\" href=\"https:\/\/www.manaus.am.gov.br\/semcom\/prefeitura-semasc-conferenciamunicipaldeassistenciasocial\/\" \/>\n<meta property=\"og:locale\" content=\"pt_BR\" \/>\n<meta property=\"og:type\" content=\"article\" \/>\n<meta property=\"og:title\" content=\"Prefeitura de Manaus encerra Confer\u00eancia Municipal de Assist\u00eancia Social com propostas que refor\u00e7am os 20 anos do Suas\" \/>\n<meta property=\"og:description\" content=\"A Prefeitura de Manaus, por meio da Secretaria Municipal da Mulher, Assist\u00eancia Social e Cidadania (Semasc) e do Conselho Municipal de Assist\u00eancia Social (Cmas), encerrou, nesta quarta-feira, 11\/6, a 15\u00aa Confer\u00eancia Municipal de Assist\u00eancia Social.\" \/>\n<meta property=\"og:url\" content=\"https:\/\/www.manaus.am.gov.br\/semcom\/prefeitura-semasc-conferenciamunicipaldeassistenciasocial\/\" \/>\n<meta property=\"og:site_name\" content=\"SEMCOM\" \/>\n<meta property=\"article:published_time\" content=\"2025-06-12T15:45:28+00:00\" \/>\n<meta property=\"article:modified_time\" content=\"2025-06-12T15:45:30+00:00\" \/>\n<meta property=\"og:image\" content=\"https:\/\/www.manaus.am.gov.br\/semcom\/wp-content\/uploads\/sites\/5\/2025\/06\/54583759782_f3c35925f5_c.jpg\" \/>\n\t<meta property=\"og:image:width\" content=\"799\" \/>\n\t<meta property=\"og:image:height\" content=\"533\" \/>\n\t<meta property=\"og:image:type\" content=\"image\/jpeg\" \/>\n<meta name=\"author\" content=\"Adriana Costa\" \/>\n<meta name=\"twitter:card\" content=\"summary_large_image\" \/>\n<meta name=\"twitter:label1\" content=\"Written by\" \/>\n\t<meta name=\"twitter:data1\" content=\"Adriana Costa\" \/>\n\t<meta name=\"twitter:label2\" content=\"Est. reading time\" \/>\n\t<meta name=\"twitter:data2\" content=\"4 minutos\" \/>\n<script type=\"application\/ld+json\" class=\"yoast-schema-graph\">{\"@context\":\"https:\/\/schema.org\",\"@graph\":[{\"@type\":\"WebPage\",\"@id\":\"https:\/\/www.manaus.am.gov.br\/semcom\/prefeitura-semasc-conferenciamunicipaldeassistenciasocial\/\",\"url\":\"https:\/\/www.manaus.am.gov.br\/semcom\/prefeitura-semasc-conferenciamunicipaldeassistenciasocial\/\",\"name\":\"Prefeitura de Manaus encerra Confer\u00eancia Municipal de Assist\u00eancia Social com propostas que refor\u00e7am os 20 anos do Suas\",\"isPartOf\":{\"@id\":\"https:\/\/www.manaus.am.gov.br\/semcom\/#website\"},\"primaryImageOfPage\":{\"@id\":\"https:\/\/www.manaus.am.gov.br\/semcom\/prefeitura-semasc-conferenciamunicipaldeassistenciasocial\/#primaryimage\"},\"image\":{\"@id\":\"https:\/\/www.manaus.am.gov.br\/semcom\/prefeitura-semasc-conferenciamunicipaldeassistenciasocial\/#primaryimage\"},\"thumbnailUrl\":\"https:\/\/www.manaus.am.gov.br\/semcom\/wp-content\/uploads\/sites\/5\/2025\/06\/54583759782_f3c35925f5_c.jpg\",\"datePublished\":\"2025-06-12T15:45:28+00:00\",\"dateModified\":\"2025-06-12T15:45:30+00:00\",\"author\":{\"@id\":\"https:\/\/www.manaus.am.gov.br\/semcom\/#\/schema\/person\/4e49f4e267757a06ca072ec61b2b9968\"},\"description\":\"A Prefeitura de Manaus, por meio da Secretaria Municipal da Mulher, Assist\u00eancia Social e Cidadania (Semasc) e do Conselho Municipal de Assist\u00eancia Social (Cmas), encerrou, nesta quarta-feira, 11\/6, a 15\u00aa Confer\u00eancia Municipal de Assist\u00eancia Social.\",\"inLanguage\":\"pt-BR\",\"potentialAction\":[{\"@type\":\"ReadAction\",\"target\":[\"https:\/\/www.manaus.am.gov.br\/semcom\/prefeitura-semasc-conferenciamunicipaldeassistenciasocial\/\"]}]},{\"@type\":\"ImageObject\",\"inLanguage\":\"pt-BR\",\"@id\":\"https:\/\/www.manaus.am.gov.br\/semcom\/prefeitura-semasc-conferenciamunicipaldeassistenciasocial\/#primaryimage\",\"url\":\"https:\/\/www.manaus.am.gov.br\/semcom\/wp-content\/uploads\/sites\/5\/2025\/06\/54583759782_f3c35925f5_c.jpg\",\"contentUrl\":\"https:\/\/www.manaus.am.gov.br\/semcom\/wp-content\/uploads\/sites\/5\/2025\/06\/54583759782_f3c35925f5_c.jpg\",\"width\":799,\"height\":533},{\"@type\":\"WebSite\",\"@id\":\"https:\/\/www.manaus.am.gov.br\/semcom\/#website\",\"url\":\"https:\/\/www.manaus.am.gov.br\/semcom\/\",\"name\":\"SEMCOM\",\"description\":\"Secretaria Municipal de Comunica\u00e7\u00e3o\",\"potentialAction\":[{\"@type\":\"SearchAction\",\"target\":{\"@type\":\"EntryPoint\",\"urlTemplate\":\"https:\/\/www.manaus.am.gov.br\/semcom\/?s={search_term_string}\"},\"query-input\":\"required name=search_term_string\"}],\"inLanguage\":\"pt-BR\"},{\"@type\":\"Person\",\"@id\":\"https:\/\/www.manaus.am.gov.br\/semcom\/#\/schema\/person\/4e49f4e267757a06ca072ec61b2b9968\",\"name\":\"Adriana Costa\",\"image\":{\"@type\":\"ImageObject\",\"inLanguage\":\"pt-BR\",\"@id\":\"https:\/\/www.manaus.am.gov.br\/semcom\/#\/schema\/person\/image\/\",\"url\":\"https:\/\/secure.gravatar.com\/avatar\/576258617ef7194f718179e766d57bd4?s=96&d=mm&r=g\",\"contentUrl\":\"https:\/\/secure.gravatar.com\/avatar\/576258617ef7194f718179e766d57bd4?s=96&d=mm&r=g\",\"caption\":\"Adriana Costa\"}}]}<\/script>\n<!-- \/ Yoast SEO plugin. -->","yoast_head_json":{"title":"Prefeitura de Manaus encerra Confer\u00eancia Municipal de Assist\u00eancia Social com propostas que refor\u00e7am os 20 anos do Suas","description":"A Prefeitura de Manaus, por meio da Secretaria Municipal da Mulher, Assist\u00eancia Social e Cidadania (Semasc) e do Conselho Municipal de Assist\u00eancia Social (Cmas), encerrou, nesta quarta-feira, 11\/6, a 15\u00aa Confer\u00eancia Municipal de Assist\u00eancia Social.","robots":{"index":"index","follow":"follow","max-snippet":"max-snippet:-1","max-image-preview":"max-image-preview:large","max-video-preview":"max-video-preview:-1"},"canonical":"https:\/\/www.manaus.am.gov.br\/semcom\/prefeitura-semasc-conferenciamunicipaldeassistenciasocial\/","og_locale":"pt_BR","og_type":"article","og_title":"Prefeitura de Manaus encerra Confer\u00eancia Municipal de Assist\u00eancia Social com propostas que refor\u00e7am os 20 anos do Suas","og_description":"A Prefeitura de Manaus, por meio da Secretaria Municipal da Mulher, Assist\u00eancia Social e Cidadania (Semasc) e do Conselho Municipal de Assist\u00eancia Social (Cmas), encerrou, nesta quarta-feira, 11\/6, a 15\u00aa Confer\u00eancia Municipal de Assist\u00eancia Social.","og_url":"https:\/\/www.manaus.am.gov.br\/semcom\/prefeitura-semasc-conferenciamunicipaldeassistenciasocial\/","og_site_name":"SEMCOM","article_published_time":"2025-06-12T15:45:28+00:00","article_modified_time":"2025-06-12T15:45:30+00:00","og_image":[{"width":799,"height":533,"url":"https:\/\/www.manaus.am.gov.br\/semcom\/wp-content\/uploads\/sites\/5\/2025\/06\/54583759782_f3c35925f5_c.jpg","type":"image\/jpeg"}],"author":"Adriana Costa","twitter_card":"summary_large_image","twitter_misc":{"Written by":"Adriana Costa","Est. reading time":"4 minutos"},"schema":{"@context":"https:\/\/schema.org","@graph":[{"@type":"WebPage","@id":"https:\/\/www.manaus.am.gov.br\/semcom\/prefeitura-semasc-conferenciamunicipaldeassistenciasocial\/","url":"https:\/\/www.manaus.am.gov.br\/semcom\/prefeitura-semasc-conferenciamunicipaldeassistenciasocial\/","name":"Prefeitura de Manaus encerra Confer\u00eancia Municipal de Assist\u00eancia Social com propostas que refor\u00e7am os 20 anos do Suas","isPartOf":{"@id":"https:\/\/www.manaus.am.gov.br\/semcom\/#website"},"primaryImageOfPage":{"@id":"https:\/\/www.manaus.am.gov.br\/semcom\/prefeitura-semasc-conferenciamunicipaldeassistenciasocial\/#primaryimage"},"image":{"@id":"https:\/\/www.manaus.am.gov.br\/semcom\/prefeitura-semasc-conferenciamunicipaldeassistenciasocial\/#primaryimage"},"thumbnailUrl":"https:\/\/www.manaus.am.gov.br\/semcom\/wp-content\/uploads\/sites\/5\/2025\/06\/54583759782_f3c35925f5_c.jpg","datePublished":"2025-06-12T15:45:28+00:00","dateModified":"2025-06-12T15:45:30+00:00","author":{"@id":"https:\/\/www.manaus.am.gov.br\/semcom\/#\/schema\/person\/4e49f4e267757a06ca072ec61b2b9968"},"description":"A Prefeitura de Manaus, por meio da Secretaria Municipal da Mulher, Assist\u00eancia Social e Cidadania (Semasc) e do Conselho Municipal de Assist\u00eancia Social (Cmas), encerrou, nesta quarta-feira, 11\/6, a 15\u00aa Confer\u00eancia Municipal de Assist\u00eancia Social.","inLanguage":"pt-BR","potentialAction":[{"@type":"ReadAction","target":["https:\/\/www.manaus.am.gov.br\/semcom\/prefeitura-semasc-conferenciamunicipaldeassistenciasocial\/"]}]},{"@type":"ImageObject","inLanguage":"pt-BR","@id":"https:\/\/www.manaus.am.gov.br\/semcom\/prefeitura-semasc-conferenciamunicipaldeassistenciasocial\/#primaryimage","url":"https:\/\/www.manaus.am.gov.br\/semcom\/wp-content\/uploads\/sites\/5\/2025\/06\/54583759782_f3c35925f5_c.jpg","contentUrl":"https:\/\/www.manaus.am.gov.br\/semcom\/wp-content\/uploads\/sites\/5\/2025\/06\/54583759782_f3c35925f5_c.jpg","width":799,"height":533},{"@type":"WebSite","@id":"https:\/\/www.manaus.am.gov.br\/semcom\/#website","url":"https:\/\/www.manaus.am.gov.br\/semcom\/","name":"SEMCOM","description":"Secretaria Municipal de Comunica\u00e7\u00e3o","potentialAction":[{"@type":"SearchAction","target":{"@type":"EntryPoint","urlTemplate":"https:\/\/www.manaus.am.gov.br\/semcom\/?s={search_term_string}"},"query-input":"required name=search_term_string"}],"inLanguage":"pt-BR"},{"@type":"Person","@id":"https:\/\/www.manaus.am.gov.br\/semcom\/#\/schema\/person\/4e49f4e267757a06ca072ec61b2b9968","name":"Adriana Costa","image":{"@type":"ImageObject","inLanguage":"pt-BR","@id":"https:\/\/www.manaus.am.gov.br\/semcom\/#\/schema\/person\/image\/","url":"https:\/\/secure.gravatar.com\/avatar\/576258617ef7194f718179e766d57bd4?s=96&d=mm&r=g","contentUrl":"https:\/\/secure.gravatar.com\/avatar\/576258617ef7194f718179e766d57bd4?s=96&d=mm&r=g","caption":"Adriana Costa"}}]}},"_links":{"self":[{"href":"https:\/\/www.manaus.am.gov.br\/semcom\/wp-json\/wp\/v2\/posts\/240586"}],"collection":[{"href":"https:\/\/www.manaus.am.gov.br\/semcom\/wp-json\/wp\/v2\/posts"}],"about":[{"href":"https:\/\/www.manaus.am.gov.br\/semcom\/wp-json\/wp\/v2\/types\/post"}],"author":[{"embeddable":true,"href":"https:\/\/www.manaus.am.gov.br\/semcom\/wp-json\/wp\/v2\/users\/23"}],"replies":[{"embeddable":true,"href":"https:\/\/www.manaus.am.gov.br\/semcom\/wp-json\/wp\/v2\/comments?post=240586"}],"version-history":[{"count":0,"href":"https:\/\/www.manaus.am.gov.br\/semcom\/wp-json\/wp\/v2\/posts\/240586\/revisions"}],"wp:featuredmedia":[{"embeddable":true,"href":"https:\/\/www.manaus.am.gov.br\/semcom\/wp-json\/wp\/v2\/media\/240587"}],"wp:attachment":[{"href":"https:\/\/www.manaus.am.gov.br\/semcom\/wp-json\/wp\/v2\/media?parent=240586"}],"wp:term":[{"taxonomy":"category","embeddable":true,"href":"https:\/\/www.manaus.am.gov.br\/semcom\/wp-json\/wp\/v2\/categories?post=240586"},{"taxonomy":"post_tag","embeddable":true,"href":"https:\/\/www.manaus.am.gov.br\/semcom\/wp-json\/wp\/v2\/tags?post=240586"}],"curies":[{"name":"wp","href":"https:\/\/api.w.org\/{rel}","templated":true}]}}