{"id":240583,"date":"2025-06-12T12:27:50","date_gmt":"2025-06-12T15:27:50","guid":{"rendered":"https:\/\/www.manaus.am.gov.br\/semcom\/exposicao-grafite-zona-sul\/"},"modified":"2025-06-12T12:32:55","modified_gmt":"2025-06-12T15:32:55","slug":"exposicao-grafite-zona-sul","status":"publish","type":"post","link":"https:\/\/www.manaus.am.gov.br\/semcom\/exposicao-grafite-zona-sul\/","title":{"rendered":"Contemplada no edital da prefeitura, exposi\u00e7\u00e3o de grafite ao ar livre movimenta a zona Sul de Manaus neste s\u00e1bado, 14\/6"},"content":{"rendered":"\n<p>A pra\u00e7a molhada, no conjunto Prosamim Cajual, no bairro Santa Luzia, zona Sul, ser\u00e1 palco de uma interven\u00e7\u00e3o art\u00edstica urbana com a realiza\u00e7\u00e3o da exposi\u00e7\u00e3o de grafite (Live Paint), do projeto Arte no Gueto, neste s\u00e1bado, 14\/6, \u00e0s 15h. O projeto foi contemplado no edital de chamamento p\u00fablico n\u00ba 004\/2024, voltado \u00e0 produ\u00e7\u00e3o e forma\u00e7\u00e3o em projetos culturais da categoria Hip-Hop, promovido pela Prefeitura de Manaus, por meio do Conselho Municipal de Cultura (Concultura).<\/p>\n\n\n\n<p>Com a participa\u00e7\u00e3o de dez grafiteiros locais e um&nbsp;<em>pocket show<\/em>&nbsp;comandado pelo DJ Maycon \u201cO Tal Falado\u201d, a exposi\u00e7\u00e3o tem como objetivo difundir a cultura Hip-Hop na capital. Durante o evento, pain\u00e9is art\u00edsticos ser\u00e3o produzidos ao vivo, abordando tem\u00e1ticas sociais que refletem os desafios enfrentados diariamente pela popula\u00e7\u00e3o manauara.<\/p>\n\n\n\n<p>O presidente do Concultura, Tony Medeiros, destacou a import\u00e2ncia de fomentar a\u00e7\u00f5es culturais nas periferias da cidade. \u201cEventos como esse fortalecem a identidade cultural dos bairros e mostram que a arte pode ser um instrumento de transforma\u00e7\u00e3o social\u201d, afirmou.<\/p>\n\n\n\n<p>A exposi\u00e7\u00e3o tamb\u00e9m busca despertar o interesse de jovens que vivem em \u00e1reas perif\u00e9ricas e, frequentemente, enfrentam situa\u00e7\u00f5es de viol\u00eancia e desigualdade. Por meio do grafite, a iniciativa oferece uma alternativa de express\u00e3o, resist\u00eancia e possibilidade de profissionaliza\u00e7\u00e3o art\u00edstica.<\/p>\n\n\n\n<p>De acordo com o idealizador do projeto e morador da comunidade, Andr\u00e9 C\u00e2ndido, o Bynos, a iniciativa promove a valoriza\u00e7\u00e3o do territ\u00f3rio e fortalece a representatividade dos artistas locais.<\/p>\n\n\n\n<p>\u201cA import\u00e2ncia da realiza\u00e7\u00e3o do projeto ser\u00e1 a oportunidade dos moradores do Prosamim Cajual frequentarem, vivenciarem e gerarem mem\u00f3ria afetiva a partir de uma exposi\u00e7\u00e3o de grafite a c\u00e9u aberto, produzida por artistas que residem na comunidade. Isso representa n\u00e3o apenas a valoriza\u00e7\u00e3o do espa\u00e7o, mas tamb\u00e9m a afirma\u00e7\u00e3o cultural da localidade\u201d, ressaltou o grafiteiro.<\/p>\n\n\n\n<p>O evento \u00e9 gratuito e aberto ao p\u00fablico de todas as idades. Para garantir a inclus\u00e3o, contar\u00e1 com profissionais especializados em acessibilidade cultural, como Fabiana Ferreira e Thiago Henrique, int\u00e9rpretes de Libras.<\/p>\n\n\n\n<p>&#8212; &#8212; &#8212;<\/p>\n\n\n\n<p><strong>Texto<\/strong>\u00a0&#8211; Ismael Oliveira\/Concultura<\/p>\n\n\n\n<p><strong>Foto \u2013<\/strong> Divulga\u00e7\u00e3o\/Andr\u00e9 C\u00e2ndido Carvalho<\/p>\n","protected":false},"excerpt":{"rendered":"","protected":false},"author":39,"featured_media":240584,"comment_status":"closed","ping_status":"closed","sticky":false,"template":"","format":"standard","meta":{"footnotes":""},"categories":[9365],"tags":[695,15326,15327,15328,77,93],"acf":[],"yoast_head":"<!-- This site is optimized with the Yoast SEO plugin v23.0 - https:\/\/yoast.com\/wordpress\/plugins\/seo\/ -->\n<title>Exposi\u00e7\u00e3o de grafite ao ar livre movimenta a zona Sul de Manaus<\/title>\n<meta name=\"description\" content=\"Contemplada no edital da prefeitura, exposi\u00e7\u00e3o de grafite ao ar livre movimenta a zona Sul de Manaus neste s\u00e1bado, 14\/6.\" \/>\n<meta name=\"robots\" content=\"index, follow, max-snippet:-1, max-image-preview:large, max-video-preview:-1\" \/>\n<link rel=\"canonical\" href=\"https:\/\/www.manaus.am.gov.br\/semcom\/exposicao-grafite-zona-sul\/\" \/>\n<meta property=\"og:locale\" content=\"pt_BR\" \/>\n<meta property=\"og:type\" content=\"article\" \/>\n<meta property=\"og:title\" content=\"Exposi\u00e7\u00e3o de grafite ao ar livre movimenta a zona Sul de Manaus\" \/>\n<meta property=\"og:description\" content=\"Contemplada no edital da prefeitura, exposi\u00e7\u00e3o de grafite ao ar livre movimenta a zona Sul de Manaus neste s\u00e1bado, 14\/6.\" \/>\n<meta property=\"og:url\" content=\"https:\/\/www.manaus.am.gov.br\/semcom\/exposicao-grafite-zona-sul\/\" \/>\n<meta property=\"og:site_name\" content=\"SEMCOM\" \/>\n<meta property=\"article:published_time\" content=\"2025-06-12T15:27:50+00:00\" \/>\n<meta property=\"article:modified_time\" content=\"2025-06-12T15:32:55+00:00\" \/>\n<meta property=\"og:image\" content=\"https:\/\/www.manaus.am.gov.br\/semcom\/wp-content\/uploads\/sites\/5\/2025\/06\/Exposicao.jpeg\" \/>\n\t<meta property=\"og:image:width\" content=\"1066\" \/>\n\t<meta property=\"og:image:height\" content=\"1600\" \/>\n\t<meta property=\"og:image:type\" content=\"image\/jpeg\" \/>\n<meta name=\"author\" content=\"Bruna Greco\" \/>\n<meta name=\"twitter:card\" content=\"summary_large_image\" \/>\n<meta name=\"twitter:label1\" content=\"Written by\" \/>\n\t<meta name=\"twitter:data1\" content=\"Bruna Greco\" \/>\n\t<meta name=\"twitter:label2\" content=\"Est. reading time\" \/>\n\t<meta name=\"twitter:data2\" content=\"2 minutos\" \/>\n<script type=\"application\/ld+json\" class=\"yoast-schema-graph\">{\"@context\":\"https:\/\/schema.org\",\"@graph\":[{\"@type\":\"WebPage\",\"@id\":\"https:\/\/www.manaus.am.gov.br\/semcom\/exposicao-grafite-zona-sul\/\",\"url\":\"https:\/\/www.manaus.am.gov.br\/semcom\/exposicao-grafite-zona-sul\/\",\"name\":\"Exposi\u00e7\u00e3o de grafite ao ar livre movimenta a zona Sul de Manaus\",\"isPartOf\":{\"@id\":\"https:\/\/www.manaus.am.gov.br\/semcom\/#website\"},\"primaryImageOfPage\":{\"@id\":\"https:\/\/www.manaus.am.gov.br\/semcom\/exposicao-grafite-zona-sul\/#primaryimage\"},\"image\":{\"@id\":\"https:\/\/www.manaus.am.gov.br\/semcom\/exposicao-grafite-zona-sul\/#primaryimage\"},\"thumbnailUrl\":\"https:\/\/www.manaus.am.gov.br\/semcom\/wp-content\/uploads\/sites\/5\/2025\/06\/Exposicao.jpeg\",\"datePublished\":\"2025-06-12T15:27:50+00:00\",\"dateModified\":\"2025-06-12T15:32:55+00:00\",\"author\":{\"@id\":\"https:\/\/www.manaus.am.gov.br\/semcom\/#\/schema\/person\/05d223aea2bf115f9883a6ff3683d81b\"},\"description\":\"Contemplada no edital da prefeitura, exposi\u00e7\u00e3o de grafite ao ar livre movimenta a zona Sul de Manaus neste s\u00e1bado, 14\/6.\",\"inLanguage\":\"pt-BR\",\"potentialAction\":[{\"@type\":\"ReadAction\",\"target\":[\"https:\/\/www.manaus.am.gov.br\/semcom\/exposicao-grafite-zona-sul\/\"]}]},{\"@type\":\"ImageObject\",\"inLanguage\":\"pt-BR\",\"@id\":\"https:\/\/www.manaus.am.gov.br\/semcom\/exposicao-grafite-zona-sul\/#primaryimage\",\"url\":\"https:\/\/www.manaus.am.gov.br\/semcom\/wp-content\/uploads\/sites\/5\/2025\/06\/Exposicao.jpeg\",\"contentUrl\":\"https:\/\/www.manaus.am.gov.br\/semcom\/wp-content\/uploads\/sites\/5\/2025\/06\/Exposicao.jpeg\",\"width\":1066,\"height\":1600,\"caption\":\"#paratodosverem - Integrantes do projeto Arte no Gueto divulgando exposi\u00e7\u00e3o no Prosamim Cajual, no bairro Santa Luzia\"},{\"@type\":\"WebSite\",\"@id\":\"https:\/\/www.manaus.am.gov.br\/semcom\/#website\",\"url\":\"https:\/\/www.manaus.am.gov.br\/semcom\/\",\"name\":\"SEMCOM\",\"description\":\"Secretaria Municipal de Comunica\u00e7\u00e3o\",\"potentialAction\":[{\"@type\":\"SearchAction\",\"target\":{\"@type\":\"EntryPoint\",\"urlTemplate\":\"https:\/\/www.manaus.am.gov.br\/semcom\/?s={search_term_string}\"},\"query-input\":\"required name=search_term_string\"}],\"inLanguage\":\"pt-BR\"},{\"@type\":\"Person\",\"@id\":\"https:\/\/www.manaus.am.gov.br\/semcom\/#\/schema\/person\/05d223aea2bf115f9883a6ff3683d81b\",\"name\":\"Bruna Greco\",\"image\":{\"@type\":\"ImageObject\",\"inLanguage\":\"pt-BR\",\"@id\":\"https:\/\/www.manaus.am.gov.br\/semcom\/#\/schema\/person\/image\/\",\"url\":\"https:\/\/secure.gravatar.com\/avatar\/9c877d1a6adc2a055330e5c09a8653ce?s=96&d=mm&r=g\",\"contentUrl\":\"https:\/\/secure.gravatar.com\/avatar\/9c877d1a6adc2a055330e5c09a8653ce?s=96&d=mm&r=g\",\"caption\":\"Bruna Greco\"}}]}<\/script>\n<!-- \/ Yoast SEO plugin. -->","yoast_head_json":{"title":"Exposi\u00e7\u00e3o de grafite ao ar livre movimenta a zona Sul de Manaus","description":"Contemplada no edital da prefeitura, exposi\u00e7\u00e3o de grafite ao ar livre movimenta a zona Sul de Manaus neste s\u00e1bado, 14\/6.","robots":{"index":"index","follow":"follow","max-snippet":"max-snippet:-1","max-image-preview":"max-image-preview:large","max-video-preview":"max-video-preview:-1"},"canonical":"https:\/\/www.manaus.am.gov.br\/semcom\/exposicao-grafite-zona-sul\/","og_locale":"pt_BR","og_type":"article","og_title":"Exposi\u00e7\u00e3o de grafite ao ar livre movimenta a zona Sul de Manaus","og_description":"Contemplada no edital da prefeitura, exposi\u00e7\u00e3o de grafite ao ar livre movimenta a zona Sul de Manaus neste s\u00e1bado, 14\/6.","og_url":"https:\/\/www.manaus.am.gov.br\/semcom\/exposicao-grafite-zona-sul\/","og_site_name":"SEMCOM","article_published_time":"2025-06-12T15:27:50+00:00","article_modified_time":"2025-06-12T15:32:55+00:00","og_image":[{"width":1066,"height":1600,"url":"https:\/\/www.manaus.am.gov.br\/semcom\/wp-content\/uploads\/sites\/5\/2025\/06\/Exposicao.jpeg","type":"image\/jpeg"}],"author":"Bruna Greco","twitter_card":"summary_large_image","twitter_misc":{"Written by":"Bruna Greco","Est. reading time":"2 minutos"},"schema":{"@context":"https:\/\/schema.org","@graph":[{"@type":"WebPage","@id":"https:\/\/www.manaus.am.gov.br\/semcom\/exposicao-grafite-zona-sul\/","url":"https:\/\/www.manaus.am.gov.br\/semcom\/exposicao-grafite-zona-sul\/","name":"Exposi\u00e7\u00e3o de grafite ao ar livre movimenta a zona Sul de Manaus","isPartOf":{"@id":"https:\/\/www.manaus.am.gov.br\/semcom\/#website"},"primaryImageOfPage":{"@id":"https:\/\/www.manaus.am.gov.br\/semcom\/exposicao-grafite-zona-sul\/#primaryimage"},"image":{"@id":"https:\/\/www.manaus.am.gov.br\/semcom\/exposicao-grafite-zona-sul\/#primaryimage"},"thumbnailUrl":"https:\/\/www.manaus.am.gov.br\/semcom\/wp-content\/uploads\/sites\/5\/2025\/06\/Exposicao.jpeg","datePublished":"2025-06-12T15:27:50+00:00","dateModified":"2025-06-12T15:32:55+00:00","author":{"@id":"https:\/\/www.manaus.am.gov.br\/semcom\/#\/schema\/person\/05d223aea2bf115f9883a6ff3683d81b"},"description":"Contemplada no edital da prefeitura, exposi\u00e7\u00e3o de grafite ao ar livre movimenta a zona Sul de Manaus neste s\u00e1bado, 14\/6.","inLanguage":"pt-BR","potentialAction":[{"@type":"ReadAction","target":["https:\/\/www.manaus.am.gov.br\/semcom\/exposicao-grafite-zona-sul\/"]}]},{"@type":"ImageObject","inLanguage":"pt-BR","@id":"https:\/\/www.manaus.am.gov.br\/semcom\/exposicao-grafite-zona-sul\/#primaryimage","url":"https:\/\/www.manaus.am.gov.br\/semcom\/wp-content\/uploads\/sites\/5\/2025\/06\/Exposicao.jpeg","contentUrl":"https:\/\/www.manaus.am.gov.br\/semcom\/wp-content\/uploads\/sites\/5\/2025\/06\/Exposicao.jpeg","width":1066,"height":1600,"caption":"#paratodosverem - Integrantes do projeto Arte no Gueto divulgando exposi\u00e7\u00e3o no Prosamim Cajual, no bairro Santa Luzia"},{"@type":"WebSite","@id":"https:\/\/www.manaus.am.gov.br\/semcom\/#website","url":"https:\/\/www.manaus.am.gov.br\/semcom\/","name":"SEMCOM","description":"Secretaria Municipal de Comunica\u00e7\u00e3o","potentialAction":[{"@type":"SearchAction","target":{"@type":"EntryPoint","urlTemplate":"https:\/\/www.manaus.am.gov.br\/semcom\/?s={search_term_string}"},"query-input":"required name=search_term_string"}],"inLanguage":"pt-BR"},{"@type":"Person","@id":"https:\/\/www.manaus.am.gov.br\/semcom\/#\/schema\/person\/05d223aea2bf115f9883a6ff3683d81b","name":"Bruna Greco","image":{"@type":"ImageObject","inLanguage":"pt-BR","@id":"https:\/\/www.manaus.am.gov.br\/semcom\/#\/schema\/person\/image\/","url":"https:\/\/secure.gravatar.com\/avatar\/9c877d1a6adc2a055330e5c09a8653ce?s=96&d=mm&r=g","contentUrl":"https:\/\/secure.gravatar.com\/avatar\/9c877d1a6adc2a055330e5c09a8653ce?s=96&d=mm&r=g","caption":"Bruna Greco"}}]}},"_links":{"self":[{"href":"https:\/\/www.manaus.am.gov.br\/semcom\/wp-json\/wp\/v2\/posts\/240583"}],"collection":[{"href":"https:\/\/www.manaus.am.gov.br\/semcom\/wp-json\/wp\/v2\/posts"}],"about":[{"href":"https:\/\/www.manaus.am.gov.br\/semcom\/wp-json\/wp\/v2\/types\/post"}],"author":[{"embeddable":true,"href":"https:\/\/www.manaus.am.gov.br\/semcom\/wp-json\/wp\/v2\/users\/39"}],"replies":[{"embeddable":true,"href":"https:\/\/www.manaus.am.gov.br\/semcom\/wp-json\/wp\/v2\/comments?post=240583"}],"version-history":[{"count":1,"href":"https:\/\/www.manaus.am.gov.br\/semcom\/wp-json\/wp\/v2\/posts\/240583\/revisions"}],"predecessor-version":[{"id":240585,"href":"https:\/\/www.manaus.am.gov.br\/semcom\/wp-json\/wp\/v2\/posts\/240583\/revisions\/240585"}],"wp:featuredmedia":[{"embeddable":true,"href":"https:\/\/www.manaus.am.gov.br\/semcom\/wp-json\/wp\/v2\/media\/240584"}],"wp:attachment":[{"href":"https:\/\/www.manaus.am.gov.br\/semcom\/wp-json\/wp\/v2\/media?parent=240583"}],"wp:term":[{"taxonomy":"category","embeddable":true,"href":"https:\/\/www.manaus.am.gov.br\/semcom\/wp-json\/wp\/v2\/categories?post=240583"},{"taxonomy":"post_tag","embeddable":true,"href":"https:\/\/www.manaus.am.gov.br\/semcom\/wp-json\/wp\/v2\/tags?post=240583"}],"curies":[{"name":"wp","href":"https:\/\/api.w.org\/{rel}","templated":true}]}}