{"id":240558,"date":"2025-06-11T17:40:03","date_gmt":"2025-06-11T20:40:03","guid":{"rendered":"https:\/\/www.manaus.am.gov.br\/semcom\/centro-municipal-de-educacao-especial\/"},"modified":"2025-06-11T17:40:05","modified_gmt":"2025-06-11T20:40:05","slug":"centro-municipal-de-educacao-especial","status":"publish","type":"post","link":"https:\/\/www.manaus.am.gov.br\/semcom\/centro-municipal-de-educacao-especial\/","title":{"rendered":"Centro Municipal de Educa\u00e7\u00e3o Especial da Prefeitura de Manaus amplia atendimentos e transforma vidas na cidade"},"content":{"rendered":"\n<p><br>Uma das marcas da atual gest\u00e3o do prefeito David Almeida \u00e9 o compromisso com a educa\u00e7\u00e3o inclusiva e de qualidade. Exemplo claro disso \u00e9 o fortalecimento da Educa\u00e7\u00e3o Especial na rede municipal de ensino, que ganhou um importante refor\u00e7o com a cria\u00e7\u00e3o do Centro Municipal de Educa\u00e7\u00e3o Especial (CMEE) Delano Almeida, inaugurado em 11 de junho de 2024.<br><br>Localizado estrategicamente na rua Bar\u00e3o do rio Branco, bairro Flores, na conflu\u00eancia das zonas Sul, Leste e Norte, o centro foi criado para ampliar e descentralizar os atendimentos multiprofissionais oferecidos pela Secretaria Municipal de Educa\u00e7\u00e3o (Semed). At\u00e9 ent\u00e3o, os servi\u00e7os eram concentrados no CMEE Yumi Odani, no conjunto Vila Amazonas, zona Sul. Em um ano de atividade, j\u00e1 foram realizados mais de 3 mil atendimentos.<br><br>O secret\u00e1rio de Educa\u00e7\u00e3o, J\u00fanior Mar, aponta que este espa\u00e7o serve para descentraliza\u00e7\u00e3o do atendimento. Existe um p\u00f3lo pr\u00f3ximo ao pr\u00e9dio da Semed, na rua Macei\u00f3, e, h\u00e1 um ano, foi inaugurado este localizado na divisa entre a zona Leste e a zona Norte.<br><br>\u201cJ\u00e1 s\u00e3o mais de 3 mil atendimentos realizados em um ano, todos dentro de uma abordagem multiprofissional, com nossos especialistas presentes. Isso \u00e9 trabalho voltado para a inclus\u00e3o, feito com responsabilidade, com muito amor, com o cora\u00e7\u00e3o, com sentimento, fruto do desejo do nosso prefeito David Almeida. Sabemos que as m\u00e3es precisam desse apoio para cuidar dos filhos. E, com certeza, quem ganha com tudo isso \u00e9 a cidade de Manaus e a nossa popula\u00e7\u00e3o\u201d, acrescenta J\u00fanior Mar.<br><br>A vice-presidente do Conselho Municipal de Gest\u00e3o Estrat\u00e9gica (CMGE), Dulce Almeida, destacou a import\u00e2ncia das estruturas de educa\u00e7\u00e3o especial para o acompanhamento dos estudantes, e refor\u00e7ou tamb\u00e9m, que os atendimentos ser\u00e3o refor\u00e7ados com a Cidade do Autista, equipamento p\u00fablico in\u00e9dito em Manaus que contar\u00e1 com espa\u00e7os de conviv\u00eancia e suporte integral.<br><br>\u201cOs CMEEs s\u00e3o extremamente importantes para a quest\u00e3o da inclus\u00e3o e para a melhoria do ensino nas salas de aula. Essas crian\u00e7as que aqui est\u00e3o, vem no contraturno, e aqui elas tem o suporte necess\u00e1rio. Aqui n\u00f3s atendemos as crian\u00e7as com Transtorno do Espectro Autista (TEA), e outras especificidades, mas tamb\u00e9m trabalhamos a quest\u00e3o pedag\u00f3gica. E teremos ainda um salto maior para a inclus\u00e3o nessa gest\u00e3o do prefeito David Almeida, que \u00e9 a Funda\u00e7\u00e3o Cidade do Autista, para trabalhar a quest\u00e3o cl\u00ednica, a quest\u00e3o neurol\u00f3gica, a parte de acompanhamento familiar, psicol\u00f3gico, se tornando um complemento para o que temos aqui\u201d, explicou.<br><strong><br>Estrutura<\/strong><br><br>O CMEE Delano Almeida oferece avalia\u00e7\u00f5es multiprofissionais e diversos projetos voltados ao desenvolvimento educacional e emocional de crian\u00e7as com necessidades espec\u00edficas. Entre eles, destacam-se o Reeducando para Incluir, com tr\u00eas turmas para estudantes de 6 a 17 anos e 11 meses; Leitura e Escrita: Alfabetizando para Inclus\u00e3o, para a mesma faixa et\u00e1ria; Estimula\u00e7\u00e3o Essencial para o Desenvolvimento Integral, voltado a crian\u00e7as de 1 ano a 5 anos e 11 meses.<br><br>Para participar, a crian\u00e7a deve estar matriculada na rede municipal. O processo come\u00e7a com o encaminhamento feito pela escola onde o aluno estuda, seguido de uma avalia\u00e7\u00e3o multiprofissional, que direciona a melhor abordagem e atendimento.<br><br>\u201cEsses projetos fazem parte dos servi\u00e7os oferecidos pela nossa secretaria para a Educa\u00e7\u00e3o Especial. Contamos com as Salas de Recursos, o Atendimento Educacional Especializado (AEE), al\u00e9m de escolas especializadas, classes especiais e outros projetos pedag\u00f3gicos. Quando a crian\u00e7a participa desses programas, ela passa a receber o suporte pedag\u00f3gico necess\u00e1rio tamb\u00e9m em sua escola regular\u201d, explica a diretora Rosana Hort\u00eancio.<br><br>Tammy Magalh\u00e3es Pantoja, m\u00e3e da estudante Thainy Pantoja, de 8 anos, que passou pela avalia\u00e7\u00e3o multiprofissional por indica\u00e7\u00e3o da escola, destaca as impress\u00f5es que teve ao chegar e ser atendida.<br><br>\u201cFoi a escola que percebeu a dificuldade dela e fez o encaminhamento. Desde o primeiro atendimento, fomos muito bem acolhidos. A estrutura \u00e9 excelente, e temos esperan\u00e7a de que ela melhore tanto no comportamento, quanto no aprendizado\u201d.<br><br><strong>Emo\u00e7\u00f5es di\u00e1rias e vidas transformadas<\/strong><br><br>A neuropsicopedagoga Juliane Almeida, que atua desde a inaugura\u00e7\u00e3o do centro, destaca que o trabalho vai muito al\u00e9m das atividades pedag\u00f3gicas. Segundo ela, \u00e9 uma experi\u00eancia emocional intensa, que envolve tamb\u00e9m o crescimento das fam\u00edlias.<br><br>\u201cNa educa\u00e7\u00e3o especial, vivemos muitas emo\u00e7\u00f5es todos os dias. Vemos a evolu\u00e7\u00e3o das crian\u00e7as e das fam\u00edlias. Muitas chegam sem est\u00edmulos, mas ao longo do processo, percebemos pequenas e grandes conquistas. Cada progresso \u00e9 uma emo\u00e7\u00e3o nova\u201d, conta Juliane.<br><br>A proximidade da casa de algumas fam\u00edlias ajudou a transformar a vida de mais pessoas. Morando h\u00e1 cerca de 10 minutos do centro, Fanny da Silva, m\u00e3e da pequena Juliana Cec\u00edlia, de 6 anos, conta que a mudan\u00e7a neste ano foi muito grande na rela\u00e7\u00e3o dela com a filha.<br><br>\u201cH\u00e1 um ano, minha filha nem falava. Hoje, ela fala tudo. O projeto ajudou muito no comportamento, na fala. O atendimento \u00e9 maravilhoso, todos s\u00e3o muito acolhedores. Se pudesse, esse trabalho deveria ser expandido para mais lugares. \u00c9 muito bom voc\u00ea ter esse acolhimento com os profissionais\u201d, finaliza Fanny.<\/p>\n\n\n\n<p>\u2014 \u2014 \u2014<br><strong>Texto &#8211;<\/strong> Alexandre Abreu\/ Semed<br><strong>Fotos &#8211;<\/strong> Cl\u00f3vis Miranda \/ Semcom<strong><br><\/strong><strong>Dispon\u00edveis em &#8211; <\/strong><a href=\"https:\/\/flic.kr\/s\/aHBqjChJ1g\">https:\/\/flic.kr\/s\/aHBqjChJ1g<\/a>&nbsp;<\/p>\n","protected":false},"excerpt":{"rendered":"","protected":false},"author":68,"featured_media":240559,"comment_status":"closed","ping_status":"closed","sticky":false,"template":"","format":"standard","meta":{"footnotes":""},"categories":[1625],"tags":[15318,77,62],"acf":[],"yoast_head":"<!-- This site is optimized with the Yoast SEO plugin v23.0 - https:\/\/yoast.com\/wordpress\/plugins\/seo\/ -->\n<title>Centro Municipal de Educa\u00e7\u00e3o Especial da Prefeitura de Manaus amplia atendimentos e transforma vidas na cidade<\/title>\n<meta name=\"description\" content=\"Uma das marcas da atual gest\u00e3o do prefeito David Almeida \u00e9 o compromisso com a educa\u00e7\u00e3o inclusiva e de qualidade. Exemplo claro disso \u00e9 o fortalecimento da Educa\u00e7\u00e3o Especial na rede municipal de ensino, que ganhou um importante refor\u00e7o com a cria\u00e7\u00e3o do Centro Municipal de Educa\u00e7\u00e3o Especial (CMEE) Delano Almeida, inaugurado em 11 de junho de 2024.\" \/>\n<meta name=\"robots\" content=\"index, follow, max-snippet:-1, max-image-preview:large, max-video-preview:-1\" \/>\n<link rel=\"canonical\" href=\"https:\/\/www.manaus.am.gov.br\/semcom\/centro-municipal-de-educacao-especial\/\" \/>\n<meta property=\"og:locale\" content=\"pt_BR\" \/>\n<meta property=\"og:type\" content=\"article\" \/>\n<meta property=\"og:title\" content=\"Centro Municipal de Educa\u00e7\u00e3o Especial da Prefeitura de Manaus amplia atendimentos e transforma vidas na cidade\" \/>\n<meta property=\"og:description\" content=\"Uma das marcas da atual gest\u00e3o do prefeito David Almeida \u00e9 o compromisso com a educa\u00e7\u00e3o inclusiva e de qualidade. Exemplo claro disso \u00e9 o fortalecimento da Educa\u00e7\u00e3o Especial na rede municipal de ensino, que ganhou um importante refor\u00e7o com a cria\u00e7\u00e3o do Centro Municipal de Educa\u00e7\u00e3o Especial (CMEE) Delano Almeida, inaugurado em 11 de junho de 2024.\" \/>\n<meta property=\"og:url\" content=\"https:\/\/www.manaus.am.gov.br\/semcom\/centro-municipal-de-educacao-especial\/\" \/>\n<meta property=\"og:site_name\" content=\"SEMCOM\" \/>\n<meta property=\"article:published_time\" content=\"2025-06-11T20:40:03+00:00\" \/>\n<meta property=\"article:modified_time\" content=\"2025-06-11T20:40:05+00:00\" \/>\n<meta property=\"og:image\" content=\"https:\/\/www.manaus.am.gov.br\/semcom\/wp-content\/uploads\/sites\/5\/2025\/06\/54581705337_f66be5a852_c.jpg\" \/>\n\t<meta property=\"og:image:width\" content=\"799\" \/>\n\t<meta property=\"og:image:height\" content=\"533\" \/>\n\t<meta property=\"og:image:type\" content=\"image\/jpeg\" \/>\n<meta name=\"author\" content=\"bvalente\" \/>\n<meta name=\"twitter:card\" content=\"summary_large_image\" \/>\n<meta name=\"twitter:label1\" content=\"Written by\" \/>\n\t<meta name=\"twitter:data1\" content=\"bvalente\" \/>\n\t<meta name=\"twitter:label2\" content=\"Est. reading time\" \/>\n\t<meta name=\"twitter:data2\" content=\"5 minutos\" \/>\n<script type=\"application\/ld+json\" class=\"yoast-schema-graph\">{\"@context\":\"https:\/\/schema.org\",\"@graph\":[{\"@type\":\"WebPage\",\"@id\":\"https:\/\/www.manaus.am.gov.br\/semcom\/centro-municipal-de-educacao-especial\/\",\"url\":\"https:\/\/www.manaus.am.gov.br\/semcom\/centro-municipal-de-educacao-especial\/\",\"name\":\"Centro Municipal de Educa\u00e7\u00e3o Especial da Prefeitura de Manaus amplia atendimentos e transforma vidas na cidade\",\"isPartOf\":{\"@id\":\"https:\/\/www.manaus.am.gov.br\/semcom\/#website\"},\"primaryImageOfPage\":{\"@id\":\"https:\/\/www.manaus.am.gov.br\/semcom\/centro-municipal-de-educacao-especial\/#primaryimage\"},\"image\":{\"@id\":\"https:\/\/www.manaus.am.gov.br\/semcom\/centro-municipal-de-educacao-especial\/#primaryimage\"},\"thumbnailUrl\":\"https:\/\/www.manaus.am.gov.br\/semcom\/wp-content\/uploads\/sites\/5\/2025\/06\/54581705337_f66be5a852_c.jpg\",\"datePublished\":\"2025-06-11T20:40:03+00:00\",\"dateModified\":\"2025-06-11T20:40:05+00:00\",\"author\":{\"@id\":\"https:\/\/www.manaus.am.gov.br\/semcom\/#\/schema\/person\/466a0e03ae4b6062809046bd560ac955\"},\"description\":\"Uma das marcas da atual gest\u00e3o do prefeito David Almeida \u00e9 o compromisso com a educa\u00e7\u00e3o inclusiva e de qualidade. Exemplo claro disso \u00e9 o fortalecimento da Educa\u00e7\u00e3o Especial na rede municipal de ensino, que ganhou um importante refor\u00e7o com a cria\u00e7\u00e3o do Centro Municipal de Educa\u00e7\u00e3o Especial (CMEE) Delano Almeida, inaugurado em 11 de junho de 2024.\",\"inLanguage\":\"pt-BR\",\"potentialAction\":[{\"@type\":\"ReadAction\",\"target\":[\"https:\/\/www.manaus.am.gov.br\/semcom\/centro-municipal-de-educacao-especial\/\"]}]},{\"@type\":\"ImageObject\",\"inLanguage\":\"pt-BR\",\"@id\":\"https:\/\/www.manaus.am.gov.br\/semcom\/centro-municipal-de-educacao-especial\/#primaryimage\",\"url\":\"https:\/\/www.manaus.am.gov.br\/semcom\/wp-content\/uploads\/sites\/5\/2025\/06\/54581705337_f66be5a852_c.jpg\",\"contentUrl\":\"https:\/\/www.manaus.am.gov.br\/semcom\/wp-content\/uploads\/sites\/5\/2025\/06\/54581705337_f66be5a852_c.jpg\",\"width\":799,\"height\":533},{\"@type\":\"WebSite\",\"@id\":\"https:\/\/www.manaus.am.gov.br\/semcom\/#website\",\"url\":\"https:\/\/www.manaus.am.gov.br\/semcom\/\",\"name\":\"SEMCOM\",\"description\":\"Secretaria Municipal de Comunica\u00e7\u00e3o\",\"potentialAction\":[{\"@type\":\"SearchAction\",\"target\":{\"@type\":\"EntryPoint\",\"urlTemplate\":\"https:\/\/www.manaus.am.gov.br\/semcom\/?s={search_term_string}\"},\"query-input\":\"required name=search_term_string\"}],\"inLanguage\":\"pt-BR\"},{\"@type\":\"Person\",\"@id\":\"https:\/\/www.manaus.am.gov.br\/semcom\/#\/schema\/person\/466a0e03ae4b6062809046bd560ac955\",\"name\":\"bvalente\",\"image\":{\"@type\":\"ImageObject\",\"inLanguage\":\"pt-BR\",\"@id\":\"https:\/\/www.manaus.am.gov.br\/semcom\/#\/schema\/person\/image\/\",\"url\":\"https:\/\/secure.gravatar.com\/avatar\/3e69bc2b014bdad41adfec3a39de07d2?s=96&d=mm&r=g\",\"contentUrl\":\"https:\/\/secure.gravatar.com\/avatar\/3e69bc2b014bdad41adfec3a39de07d2?s=96&d=mm&r=g\",\"caption\":\"bvalente\"}}]}<\/script>\n<!-- \/ Yoast SEO plugin. -->","yoast_head_json":{"title":"Centro Municipal de Educa\u00e7\u00e3o Especial da Prefeitura de Manaus amplia atendimentos e transforma vidas na cidade","description":"Uma das marcas da atual gest\u00e3o do prefeito David Almeida \u00e9 o compromisso com a educa\u00e7\u00e3o inclusiva e de qualidade. Exemplo claro disso \u00e9 o fortalecimento da Educa\u00e7\u00e3o Especial na rede municipal de ensino, que ganhou um importante refor\u00e7o com a cria\u00e7\u00e3o do Centro Municipal de Educa\u00e7\u00e3o Especial (CMEE) Delano Almeida, inaugurado em 11 de junho de 2024.","robots":{"index":"index","follow":"follow","max-snippet":"max-snippet:-1","max-image-preview":"max-image-preview:large","max-video-preview":"max-video-preview:-1"},"canonical":"https:\/\/www.manaus.am.gov.br\/semcom\/centro-municipal-de-educacao-especial\/","og_locale":"pt_BR","og_type":"article","og_title":"Centro Municipal de Educa\u00e7\u00e3o Especial da Prefeitura de Manaus amplia atendimentos e transforma vidas na cidade","og_description":"Uma das marcas da atual gest\u00e3o do prefeito David Almeida \u00e9 o compromisso com a educa\u00e7\u00e3o inclusiva e de qualidade. Exemplo claro disso \u00e9 o fortalecimento da Educa\u00e7\u00e3o Especial na rede municipal de ensino, que ganhou um importante refor\u00e7o com a cria\u00e7\u00e3o do Centro Municipal de Educa\u00e7\u00e3o Especial (CMEE) Delano Almeida, inaugurado em 11 de junho de 2024.","og_url":"https:\/\/www.manaus.am.gov.br\/semcom\/centro-municipal-de-educacao-especial\/","og_site_name":"SEMCOM","article_published_time":"2025-06-11T20:40:03+00:00","article_modified_time":"2025-06-11T20:40:05+00:00","og_image":[{"width":799,"height":533,"url":"https:\/\/www.manaus.am.gov.br\/semcom\/wp-content\/uploads\/sites\/5\/2025\/06\/54581705337_f66be5a852_c.jpg","type":"image\/jpeg"}],"author":"bvalente","twitter_card":"summary_large_image","twitter_misc":{"Written by":"bvalente","Est. reading time":"5 minutos"},"schema":{"@context":"https:\/\/schema.org","@graph":[{"@type":"WebPage","@id":"https:\/\/www.manaus.am.gov.br\/semcom\/centro-municipal-de-educacao-especial\/","url":"https:\/\/www.manaus.am.gov.br\/semcom\/centro-municipal-de-educacao-especial\/","name":"Centro Municipal de Educa\u00e7\u00e3o Especial da Prefeitura de Manaus amplia atendimentos e transforma vidas na cidade","isPartOf":{"@id":"https:\/\/www.manaus.am.gov.br\/semcom\/#website"},"primaryImageOfPage":{"@id":"https:\/\/www.manaus.am.gov.br\/semcom\/centro-municipal-de-educacao-especial\/#primaryimage"},"image":{"@id":"https:\/\/www.manaus.am.gov.br\/semcom\/centro-municipal-de-educacao-especial\/#primaryimage"},"thumbnailUrl":"https:\/\/www.manaus.am.gov.br\/semcom\/wp-content\/uploads\/sites\/5\/2025\/06\/54581705337_f66be5a852_c.jpg","datePublished":"2025-06-11T20:40:03+00:00","dateModified":"2025-06-11T20:40:05+00:00","author":{"@id":"https:\/\/www.manaus.am.gov.br\/semcom\/#\/schema\/person\/466a0e03ae4b6062809046bd560ac955"},"description":"Uma das marcas da atual gest\u00e3o do prefeito David Almeida \u00e9 o compromisso com a educa\u00e7\u00e3o inclusiva e de qualidade. Exemplo claro disso \u00e9 o fortalecimento da Educa\u00e7\u00e3o Especial na rede municipal de ensino, que ganhou um importante refor\u00e7o com a cria\u00e7\u00e3o do Centro Municipal de Educa\u00e7\u00e3o Especial (CMEE) Delano Almeida, inaugurado em 11 de junho de 2024.","inLanguage":"pt-BR","potentialAction":[{"@type":"ReadAction","target":["https:\/\/www.manaus.am.gov.br\/semcom\/centro-municipal-de-educacao-especial\/"]}]},{"@type":"ImageObject","inLanguage":"pt-BR","@id":"https:\/\/www.manaus.am.gov.br\/semcom\/centro-municipal-de-educacao-especial\/#primaryimage","url":"https:\/\/www.manaus.am.gov.br\/semcom\/wp-content\/uploads\/sites\/5\/2025\/06\/54581705337_f66be5a852_c.jpg","contentUrl":"https:\/\/www.manaus.am.gov.br\/semcom\/wp-content\/uploads\/sites\/5\/2025\/06\/54581705337_f66be5a852_c.jpg","width":799,"height":533},{"@type":"WebSite","@id":"https:\/\/www.manaus.am.gov.br\/semcom\/#website","url":"https:\/\/www.manaus.am.gov.br\/semcom\/","name":"SEMCOM","description":"Secretaria Municipal de Comunica\u00e7\u00e3o","potentialAction":[{"@type":"SearchAction","target":{"@type":"EntryPoint","urlTemplate":"https:\/\/www.manaus.am.gov.br\/semcom\/?s={search_term_string}"},"query-input":"required name=search_term_string"}],"inLanguage":"pt-BR"},{"@type":"Person","@id":"https:\/\/www.manaus.am.gov.br\/semcom\/#\/schema\/person\/466a0e03ae4b6062809046bd560ac955","name":"bvalente","image":{"@type":"ImageObject","inLanguage":"pt-BR","@id":"https:\/\/www.manaus.am.gov.br\/semcom\/#\/schema\/person\/image\/","url":"https:\/\/secure.gravatar.com\/avatar\/3e69bc2b014bdad41adfec3a39de07d2?s=96&d=mm&r=g","contentUrl":"https:\/\/secure.gravatar.com\/avatar\/3e69bc2b014bdad41adfec3a39de07d2?s=96&d=mm&r=g","caption":"bvalente"}}]}},"_links":{"self":[{"href":"https:\/\/www.manaus.am.gov.br\/semcom\/wp-json\/wp\/v2\/posts\/240558"}],"collection":[{"href":"https:\/\/www.manaus.am.gov.br\/semcom\/wp-json\/wp\/v2\/posts"}],"about":[{"href":"https:\/\/www.manaus.am.gov.br\/semcom\/wp-json\/wp\/v2\/types\/post"}],"author":[{"embeddable":true,"href":"https:\/\/www.manaus.am.gov.br\/semcom\/wp-json\/wp\/v2\/users\/68"}],"replies":[{"embeddable":true,"href":"https:\/\/www.manaus.am.gov.br\/semcom\/wp-json\/wp\/v2\/comments?post=240558"}],"version-history":[{"count":0,"href":"https:\/\/www.manaus.am.gov.br\/semcom\/wp-json\/wp\/v2\/posts\/240558\/revisions"}],"wp:featuredmedia":[{"embeddable":true,"href":"https:\/\/www.manaus.am.gov.br\/semcom\/wp-json\/wp\/v2\/media\/240559"}],"wp:attachment":[{"href":"https:\/\/www.manaus.am.gov.br\/semcom\/wp-json\/wp\/v2\/media?parent=240558"}],"wp:term":[{"taxonomy":"category","embeddable":true,"href":"https:\/\/www.manaus.am.gov.br\/semcom\/wp-json\/wp\/v2\/categories?post=240558"},{"taxonomy":"post_tag","embeddable":true,"href":"https:\/\/www.manaus.am.gov.br\/semcom\/wp-json\/wp\/v2\/tags?post=240558"}],"curies":[{"name":"wp","href":"https:\/\/api.w.org\/{rel}","templated":true}]}}