{"id":240488,"date":"2025-06-10T18:56:33","date_gmt":"2025-06-10T21:56:33","guid":{"rendered":"https:\/\/www.manaus.am.gov.br\/semcom\/servicos-de-recuperacao-asfaltica-5\/"},"modified":"2025-06-10T18:56:34","modified_gmt":"2025-06-10T21:56:34","slug":"servicos-de-recuperacao-asfaltica-5","status":"publish","type":"post","link":"https:\/\/www.manaus.am.gov.br\/semcom\/servicos-de-recuperacao-asfaltica-5\/","title":{"rendered":"Prefeitura de Manaus realiza servi\u00e7os de recupera\u00e7\u00e3o asf\u00e1ltica no bairro Col\u00f4nia Ant\u00f4nio Aleixo"},"content":{"rendered":"\n<p>A Prefeitura de Manaus, por meio da Secretaria Municipal de Infraestrutura (Seminf), realizou, nesta ter\u00e7a-feira, 10\/6, servi\u00e7os de recupera\u00e7\u00e3o asf\u00e1ltica no bairro Col\u00f4nia Ant\u00f4nio Aleixo, dando continuidade ao programa \u201cMutir\u00e3o no Bairro\u201d. Os servi\u00e7os do mutir\u00e3o seguem em desenvolvimento tamb\u00e9m nos bairros Alvorada, Tancredo Neves e conjunto Mutir\u00e3o.<\/p>\n\n\n\n<p>\u201cSeguimos com os trabalhos em andamento por todas as zonas da cidade, todos os dias alcan\u00e7amos muitas pessoas com o trabalho da Prefeitura de Manaus, na gest\u00e3o do prefeito David Almeida. Em especial, estamos atuando nos servi\u00e7os do programa \u201cMutir\u00e3o no Bairro\u201d, que segue em desenvolvimento em quatro bairros da nossa cidade, e nossa inten\u00e7\u00e3o \u00e9 ampliar esse projeto para realizar o mutir\u00e3o de servi\u00e7os em todos os bairros. Servi\u00e7os de manuten\u00e7\u00e3o asf\u00e1ltica realizados simultaneamente, como esses no Col\u00f4nia, provam o compromisso e a agilidade das equipes da Seminf\u201d, afirmou o vice-prefeito e secret\u00e1rio de Obras, Renato Junior.<\/p>\n\n\n\n<p>Na rua Ernesto Costa, as equipes da Seminf realizaram o servi\u00e7o de recupera\u00e7\u00e3o asf\u00e1ltica alinhado com a implanta\u00e7\u00e3o de uma lombada, para melhorar o tr\u00e1fego de ve\u00edculos na via, e devolver a seguran\u00e7a e consci\u00eancia dos condutores que trafegam pela \u00e1rea.<\/p>\n\n\n\n<p>Al\u00e9m desta, outra rua beneficiada com os servi\u00e7os da Prefeitura de Manaus no bairro Col\u00f4nia Ant\u00f4nio Aleixo, \u00e9 a rua da Paz, onde as equipes aplicaram massa asf\u00e1ltica para fazer, tamb\u00e9m, a manuten\u00e7\u00e3o no trecho de circula\u00e7\u00e3o da via.<\/p>\n\n\n\n<p>\u201cEu quero parabenizar a Prefeitura de Manaus pela a\u00e7\u00e3o louv\u00e1vel que \u00e9 a recupera\u00e7\u00e3o das vias aqui do bairro Col\u00f4nia Ant\u00f4nio Aleixo. E est\u00e1 sendo um servi\u00e7o muito bem feito, por isso a comunidade agradece e fica muito feliz\u201d, disse o aposentado, Henrique Jorge, 57 anos, parabenizando e aprovando as obras.<\/p>\n\n\n\n<p>A Prefeitura de Manaus segue refor\u00e7ando seu compromisso com a popula\u00e7\u00e3o, atuando com servi\u00e7os de melhoria na infraestrutura da capital e beneficiando os cidad\u00e3os.<\/p>\n\n\n\n<p>\u2014 \u2014 \u2014<br><strong>Texto &#8211; <\/strong>Maria Amed<strong>\/<\/strong>\/ Seminf<br><strong>Fotos &#8211;<\/strong> M\u00e1rcio Melo\/ Seminf<\/p>\n","protected":false},"excerpt":{"rendered":"","protected":false},"author":68,"featured_media":240489,"comment_status":"closed","ping_status":"closed","sticky":false,"template":"","format":"standard","meta":{"footnotes":""},"categories":[2504],"tags":[77,15291,33],"acf":[],"yoast_head":"<!-- This site is optimized with the Yoast SEO plugin v23.0 - https:\/\/yoast.com\/wordpress\/plugins\/seo\/ -->\n<title>Prefeitura de Manaus realiza servi\u00e7os de recupera\u00e7\u00e3o asf\u00e1ltica no bairro Col\u00f4nia Ant\u00f4nio Aleixo<\/title>\n<meta name=\"description\" content=\"A Prefeitura de Manaus, por meio da Secretaria Municipal de Infraestrutura (Seminf), realizou, nesta ter\u00e7a-feira, 10\/6, servi\u00e7os de recupera\u00e7\u00e3o asf\u00e1ltica no bairro Col\u00f4nia Ant\u00f4nio Aleixo, dando continuidade ao programa \u201cMutir\u00e3o no Bairro\u201d. Os servi\u00e7os do mutir\u00e3o seguem em desenvolvimento tamb\u00e9m nos bairros Alvorada, Tancredo Neves e conjunto Mutir\u00e3o.\" \/>\n<meta name=\"robots\" content=\"index, follow, max-snippet:-1, max-image-preview:large, max-video-preview:-1\" \/>\n<link rel=\"canonical\" href=\"https:\/\/www.manaus.am.gov.br\/semcom\/servicos-de-recuperacao-asfaltica-5\/\" \/>\n<meta property=\"og:locale\" content=\"pt_BR\" \/>\n<meta property=\"og:type\" content=\"article\" \/>\n<meta property=\"og:title\" content=\"Prefeitura de Manaus realiza servi\u00e7os de recupera\u00e7\u00e3o asf\u00e1ltica no bairro Col\u00f4nia Ant\u00f4nio Aleixo\" \/>\n<meta property=\"og:description\" content=\"A Prefeitura de Manaus, por meio da Secretaria Municipal de Infraestrutura (Seminf), realizou, nesta ter\u00e7a-feira, 10\/6, servi\u00e7os de recupera\u00e7\u00e3o asf\u00e1ltica no bairro Col\u00f4nia Ant\u00f4nio Aleixo, dando continuidade ao programa \u201cMutir\u00e3o no Bairro\u201d. Os servi\u00e7os do mutir\u00e3o seguem em desenvolvimento tamb\u00e9m nos bairros Alvorada, Tancredo Neves e conjunto Mutir\u00e3o.\" \/>\n<meta property=\"og:url\" content=\"https:\/\/www.manaus.am.gov.br\/semcom\/servicos-de-recuperacao-asfaltica-5\/\" \/>\n<meta property=\"og:site_name\" content=\"SEMCOM\" \/>\n<meta property=\"article:published_time\" content=\"2025-06-10T21:56:33+00:00\" \/>\n<meta property=\"article:modified_time\" content=\"2025-06-10T21:56:34+00:00\" \/>\n<meta property=\"og:image\" content=\"https:\/\/www.manaus.am.gov.br\/semcom\/wp-content\/uploads\/sites\/5\/2025\/06\/736A8693-1024x683.jpg\" \/>\n\t<meta property=\"og:image:width\" content=\"1024\" \/>\n\t<meta property=\"og:image:height\" content=\"683\" \/>\n\t<meta property=\"og:image:type\" content=\"image\/jpeg\" \/>\n<meta name=\"author\" content=\"bvalente\" \/>\n<meta name=\"twitter:card\" content=\"summary_large_image\" \/>\n<meta name=\"twitter:label1\" content=\"Written by\" \/>\n\t<meta name=\"twitter:data1\" content=\"bvalente\" \/>\n\t<meta name=\"twitter:label2\" content=\"Est. reading time\" \/>\n\t<meta name=\"twitter:data2\" content=\"2 minutos\" \/>\n<script type=\"application\/ld+json\" class=\"yoast-schema-graph\">{\"@context\":\"https:\/\/schema.org\",\"@graph\":[{\"@type\":\"WebPage\",\"@id\":\"https:\/\/www.manaus.am.gov.br\/semcom\/servicos-de-recuperacao-asfaltica-5\/\",\"url\":\"https:\/\/www.manaus.am.gov.br\/semcom\/servicos-de-recuperacao-asfaltica-5\/\",\"name\":\"Prefeitura de Manaus realiza servi\u00e7os de recupera\u00e7\u00e3o asf\u00e1ltica no bairro Col\u00f4nia Ant\u00f4nio Aleixo\",\"isPartOf\":{\"@id\":\"https:\/\/www.manaus.am.gov.br\/semcom\/#website\"},\"primaryImageOfPage\":{\"@id\":\"https:\/\/www.manaus.am.gov.br\/semcom\/servicos-de-recuperacao-asfaltica-5\/#primaryimage\"},\"image\":{\"@id\":\"https:\/\/www.manaus.am.gov.br\/semcom\/servicos-de-recuperacao-asfaltica-5\/#primaryimage\"},\"thumbnailUrl\":\"https:\/\/www.manaus.am.gov.br\/semcom\/wp-content\/uploads\/sites\/5\/2025\/06\/736A8693.jpg\",\"datePublished\":\"2025-06-10T21:56:33+00:00\",\"dateModified\":\"2025-06-10T21:56:34+00:00\",\"author\":{\"@id\":\"https:\/\/www.manaus.am.gov.br\/semcom\/#\/schema\/person\/466a0e03ae4b6062809046bd560ac955\"},\"description\":\"A Prefeitura de Manaus, por meio da Secretaria Municipal de Infraestrutura (Seminf), realizou, nesta ter\u00e7a-feira, 10\/6, servi\u00e7os de recupera\u00e7\u00e3o asf\u00e1ltica no bairro Col\u00f4nia Ant\u00f4nio Aleixo, dando continuidade ao programa \u201cMutir\u00e3o no Bairro\u201d. Os servi\u00e7os do mutir\u00e3o seguem em desenvolvimento tamb\u00e9m nos bairros Alvorada, Tancredo Neves e conjunto Mutir\u00e3o.\",\"inLanguage\":\"pt-BR\",\"potentialAction\":[{\"@type\":\"ReadAction\",\"target\":[\"https:\/\/www.manaus.am.gov.br\/semcom\/servicos-de-recuperacao-asfaltica-5\/\"]}]},{\"@type\":\"ImageObject\",\"inLanguage\":\"pt-BR\",\"@id\":\"https:\/\/www.manaus.am.gov.br\/semcom\/servicos-de-recuperacao-asfaltica-5\/#primaryimage\",\"url\":\"https:\/\/www.manaus.am.gov.br\/semcom\/wp-content\/uploads\/sites\/5\/2025\/06\/736A8693.jpg\",\"contentUrl\":\"https:\/\/www.manaus.am.gov.br\/semcom\/wp-content\/uploads\/sites\/5\/2025\/06\/736A8693.jpg\",\"width\":4464,\"height\":2976},{\"@type\":\"WebSite\",\"@id\":\"https:\/\/www.manaus.am.gov.br\/semcom\/#website\",\"url\":\"https:\/\/www.manaus.am.gov.br\/semcom\/\",\"name\":\"SEMCOM\",\"description\":\"Secretaria Municipal de Comunica\u00e7\u00e3o\",\"potentialAction\":[{\"@type\":\"SearchAction\",\"target\":{\"@type\":\"EntryPoint\",\"urlTemplate\":\"https:\/\/www.manaus.am.gov.br\/semcom\/?s={search_term_string}\"},\"query-input\":\"required name=search_term_string\"}],\"inLanguage\":\"pt-BR\"},{\"@type\":\"Person\",\"@id\":\"https:\/\/www.manaus.am.gov.br\/semcom\/#\/schema\/person\/466a0e03ae4b6062809046bd560ac955\",\"name\":\"bvalente\",\"image\":{\"@type\":\"ImageObject\",\"inLanguage\":\"pt-BR\",\"@id\":\"https:\/\/www.manaus.am.gov.br\/semcom\/#\/schema\/person\/image\/\",\"url\":\"https:\/\/secure.gravatar.com\/avatar\/3e69bc2b014bdad41adfec3a39de07d2?s=96&d=mm&r=g\",\"contentUrl\":\"https:\/\/secure.gravatar.com\/avatar\/3e69bc2b014bdad41adfec3a39de07d2?s=96&d=mm&r=g\",\"caption\":\"bvalente\"}}]}<\/script>\n<!-- \/ Yoast SEO plugin. -->","yoast_head_json":{"title":"Prefeitura de Manaus realiza servi\u00e7os de recupera\u00e7\u00e3o asf\u00e1ltica no bairro Col\u00f4nia Ant\u00f4nio Aleixo","description":"A Prefeitura de Manaus, por meio da Secretaria Municipal de Infraestrutura (Seminf), realizou, nesta ter\u00e7a-feira, 10\/6, servi\u00e7os de recupera\u00e7\u00e3o asf\u00e1ltica no bairro Col\u00f4nia Ant\u00f4nio Aleixo, dando continuidade ao programa \u201cMutir\u00e3o no Bairro\u201d. Os servi\u00e7os do mutir\u00e3o seguem em desenvolvimento tamb\u00e9m nos bairros Alvorada, Tancredo Neves e conjunto Mutir\u00e3o.","robots":{"index":"index","follow":"follow","max-snippet":"max-snippet:-1","max-image-preview":"max-image-preview:large","max-video-preview":"max-video-preview:-1"},"canonical":"https:\/\/www.manaus.am.gov.br\/semcom\/servicos-de-recuperacao-asfaltica-5\/","og_locale":"pt_BR","og_type":"article","og_title":"Prefeitura de Manaus realiza servi\u00e7os de recupera\u00e7\u00e3o asf\u00e1ltica no bairro Col\u00f4nia Ant\u00f4nio Aleixo","og_description":"A Prefeitura de Manaus, por meio da Secretaria Municipal de Infraestrutura (Seminf), realizou, nesta ter\u00e7a-feira, 10\/6, servi\u00e7os de recupera\u00e7\u00e3o asf\u00e1ltica no bairro Col\u00f4nia Ant\u00f4nio Aleixo, dando continuidade ao programa \u201cMutir\u00e3o no Bairro\u201d. Os servi\u00e7os do mutir\u00e3o seguem em desenvolvimento tamb\u00e9m nos bairros Alvorada, Tancredo Neves e conjunto Mutir\u00e3o.","og_url":"https:\/\/www.manaus.am.gov.br\/semcom\/servicos-de-recuperacao-asfaltica-5\/","og_site_name":"SEMCOM","article_published_time":"2025-06-10T21:56:33+00:00","article_modified_time":"2025-06-10T21:56:34+00:00","og_image":[{"width":1024,"height":683,"url":"https:\/\/www.manaus.am.gov.br\/semcom\/wp-content\/uploads\/sites\/5\/2025\/06\/736A8693-1024x683.jpg","type":"image\/jpeg"}],"author":"bvalente","twitter_card":"summary_large_image","twitter_misc":{"Written by":"bvalente","Est. reading time":"2 minutos"},"schema":{"@context":"https:\/\/schema.org","@graph":[{"@type":"WebPage","@id":"https:\/\/www.manaus.am.gov.br\/semcom\/servicos-de-recuperacao-asfaltica-5\/","url":"https:\/\/www.manaus.am.gov.br\/semcom\/servicos-de-recuperacao-asfaltica-5\/","name":"Prefeitura de Manaus realiza servi\u00e7os de recupera\u00e7\u00e3o asf\u00e1ltica no bairro Col\u00f4nia Ant\u00f4nio Aleixo","isPartOf":{"@id":"https:\/\/www.manaus.am.gov.br\/semcom\/#website"},"primaryImageOfPage":{"@id":"https:\/\/www.manaus.am.gov.br\/semcom\/servicos-de-recuperacao-asfaltica-5\/#primaryimage"},"image":{"@id":"https:\/\/www.manaus.am.gov.br\/semcom\/servicos-de-recuperacao-asfaltica-5\/#primaryimage"},"thumbnailUrl":"https:\/\/www.manaus.am.gov.br\/semcom\/wp-content\/uploads\/sites\/5\/2025\/06\/736A8693.jpg","datePublished":"2025-06-10T21:56:33+00:00","dateModified":"2025-06-10T21:56:34+00:00","author":{"@id":"https:\/\/www.manaus.am.gov.br\/semcom\/#\/schema\/person\/466a0e03ae4b6062809046bd560ac955"},"description":"A Prefeitura de Manaus, por meio da Secretaria Municipal de Infraestrutura (Seminf), realizou, nesta ter\u00e7a-feira, 10\/6, servi\u00e7os de recupera\u00e7\u00e3o asf\u00e1ltica no bairro Col\u00f4nia Ant\u00f4nio Aleixo, dando continuidade ao programa \u201cMutir\u00e3o no Bairro\u201d. Os servi\u00e7os do mutir\u00e3o seguem em desenvolvimento tamb\u00e9m nos bairros Alvorada, Tancredo Neves e conjunto Mutir\u00e3o.","inLanguage":"pt-BR","potentialAction":[{"@type":"ReadAction","target":["https:\/\/www.manaus.am.gov.br\/semcom\/servicos-de-recuperacao-asfaltica-5\/"]}]},{"@type":"ImageObject","inLanguage":"pt-BR","@id":"https:\/\/www.manaus.am.gov.br\/semcom\/servicos-de-recuperacao-asfaltica-5\/#primaryimage","url":"https:\/\/www.manaus.am.gov.br\/semcom\/wp-content\/uploads\/sites\/5\/2025\/06\/736A8693.jpg","contentUrl":"https:\/\/www.manaus.am.gov.br\/semcom\/wp-content\/uploads\/sites\/5\/2025\/06\/736A8693.jpg","width":4464,"height":2976},{"@type":"WebSite","@id":"https:\/\/www.manaus.am.gov.br\/semcom\/#website","url":"https:\/\/www.manaus.am.gov.br\/semcom\/","name":"SEMCOM","description":"Secretaria Municipal de Comunica\u00e7\u00e3o","potentialAction":[{"@type":"SearchAction","target":{"@type":"EntryPoint","urlTemplate":"https:\/\/www.manaus.am.gov.br\/semcom\/?s={search_term_string}"},"query-input":"required name=search_term_string"}],"inLanguage":"pt-BR"},{"@type":"Person","@id":"https:\/\/www.manaus.am.gov.br\/semcom\/#\/schema\/person\/466a0e03ae4b6062809046bd560ac955","name":"bvalente","image":{"@type":"ImageObject","inLanguage":"pt-BR","@id":"https:\/\/www.manaus.am.gov.br\/semcom\/#\/schema\/person\/image\/","url":"https:\/\/secure.gravatar.com\/avatar\/3e69bc2b014bdad41adfec3a39de07d2?s=96&d=mm&r=g","contentUrl":"https:\/\/secure.gravatar.com\/avatar\/3e69bc2b014bdad41adfec3a39de07d2?s=96&d=mm&r=g","caption":"bvalente"}}]}},"_links":{"self":[{"href":"https:\/\/www.manaus.am.gov.br\/semcom\/wp-json\/wp\/v2\/posts\/240488"}],"collection":[{"href":"https:\/\/www.manaus.am.gov.br\/semcom\/wp-json\/wp\/v2\/posts"}],"about":[{"href":"https:\/\/www.manaus.am.gov.br\/semcom\/wp-json\/wp\/v2\/types\/post"}],"author":[{"embeddable":true,"href":"https:\/\/www.manaus.am.gov.br\/semcom\/wp-json\/wp\/v2\/users\/68"}],"replies":[{"embeddable":true,"href":"https:\/\/www.manaus.am.gov.br\/semcom\/wp-json\/wp\/v2\/comments?post=240488"}],"version-history":[{"count":0,"href":"https:\/\/www.manaus.am.gov.br\/semcom\/wp-json\/wp\/v2\/posts\/240488\/revisions"}],"wp:featuredmedia":[{"embeddable":true,"href":"https:\/\/www.manaus.am.gov.br\/semcom\/wp-json\/wp\/v2\/media\/240489"}],"wp:attachment":[{"href":"https:\/\/www.manaus.am.gov.br\/semcom\/wp-json\/wp\/v2\/media?parent=240488"}],"wp:term":[{"taxonomy":"category","embeddable":true,"href":"https:\/\/www.manaus.am.gov.br\/semcom\/wp-json\/wp\/v2\/categories?post=240488"},{"taxonomy":"post_tag","embeddable":true,"href":"https:\/\/www.manaus.am.gov.br\/semcom\/wp-json\/wp\/v2\/tags?post=240488"}],"curies":[{"name":"wp","href":"https:\/\/api.w.org\/{rel}","templated":true}]}}