{"id":240486,"date":"2025-06-10T18:49:53","date_gmt":"2025-06-10T21:49:53","guid":{"rendered":"https:\/\/www.manaus.am.gov.br\/semcom\/mutirao-no-bairro-no-tancredo-neves\/"},"modified":"2025-06-10T18:49:54","modified_gmt":"2025-06-10T21:49:54","slug":"mutirao-no-bairro-no-tancredo-neves","status":"publish","type":"post","link":"https:\/\/www.manaus.am.gov.br\/semcom\/mutirao-no-bairro-no-tancredo-neves\/","title":{"rendered":"Prefeitura de Manaus avan\u00e7a com o \u201cMutir\u00e3o no Bairro\u201d no Tancredo Neves"},"content":{"rendered":"\n<p>A Prefeitura de Manaus, por meio da Secretaria Municipal de Infraestrutura (Seminf), atua no bairro Tancredo Neves, nesta ter\u00e7a-feira, 10\/6, por meio do programa \u201cMutir\u00e3o no Bairro\u201d, um programa que leva infraestrutura e qualidade de vida para a popula\u00e7\u00e3o manauara.<\/p>\n\n\n\n<p>\u201cPor determina\u00e7\u00e3o do prefeito David Almeida, impulsionamos nossos servi\u00e7os aqui para a \u00e1rea do Tancredo Neves e redondezas para promover mais qualidade de vida aos moradores, comerciantes e todos que passam pela zona Leste. Nossa miss\u00e3o \u00e9 melhorar a vida e promover uma infraestrutura melhor para todos\u201d, afirma o vice-prefeito e secret\u00e1rio de Obras, Renato Junior.<\/p>\n\n\n\n<p>Durante o mutir\u00e3o diferentes distritos de obras atuam em conjunto para acelerar os trabalhos, com isso uma frente de obra, atua na rua Dalva de Oliveira, no bairro Tancredo Neves, com uma ca\u00e7amba de 40 toneladas de massa melhorando a trafegabilidade da popula\u00e7\u00e3o que utiliza essa via que tem 600 metros de extens\u00e3o.<\/p>\n\n\n\n<p>\u201cAgora, com os trabalhos da prefeitura, com for\u00e7a total, vai ficar bem melhor, mais seguro para nossas crian\u00e7as brincarem e usarem a rua. Antes tinha muitos buracos, estamos satisfeitos, agradecemos muito a prefeitura\u201d, fala o serralheiro Elson Pereira, 63.<\/p>\n\n\n\n<p>De forma simult\u00e2nea, outra equipe realiza a recupera\u00e7\u00e3o asf\u00e1ltica da rua Barra de Guara\u00edba, antigo beco Itapiranga, onde \u00e9 aplicado mais de 20 toneladas de massa em trechos da via que estavam desgastados, prejudicando a passagem de carros e pedestres. Os moradores da \u00e1rea se sentem agradecidos pela iniciativa da prefeitura em realizar os servi\u00e7os que ir\u00e3o proporcionar mais seguran\u00e7a para todos.<\/p>\n\n\n\n<p>\u201cObrigada, prefeitura! Enfrent\u00e1vamos muitas dificuldades aqui na passagem da via dos motoristas, com as crian\u00e7as, as pessoas iam pegar suas rotas para o trabalho e agora vai ficar \u00f3timo\u201d, diz a moradora e cabeleireira Eliane Ferreira, 33.<\/p>\n\n\n\n<p>Al\u00e9m dos servi\u00e7os de recupera\u00e7\u00e3o asf\u00e1ltica, equipes realizam a manuten\u00e7\u00e3o da rede de drenagem da rua Ant\u00f4nio Matias, no bairro S\u00e3o Jos\u00e9 Oper\u00e1rio, servi\u00e7o contemplado tamb\u00e9m pelo programa \u201cMutir\u00e3o no Bairro\u201d. Oper\u00e1rios realizam a troca de 8 metros da tubula\u00e7\u00e3o e o anelamento de mais 5 metros, totalizando a recupera\u00e7\u00e3o de 13 metros de extens\u00e3o da galeria subterr\u00e2nea, e ir\u00e3o reconstruir a caixa coletora, a fim de melhorar o escoamento das \u00e1guas das chuvas, evitando alagamentos na \u00e1rea.<\/p>\n\n\n\n<p>\u201cEu realmente agrade\u00e7o \u00e0 prefeitura por solucionar esse problema, porque tem\u00edamos o pior. Fizemos a solicita\u00e7\u00e3o e nos atenderam bem r\u00e1pido. Agora estamos felizes e seguros ap\u00f3s estarem solucionando essa situa\u00e7\u00e3o\u201d, comenta a dona de casa Enissandra de Souza, 33.<\/p>\n\n\n\n<p>A Prefeitura de Manaus, atrav\u00e9s da Seminf, tem concentrado seus servi\u00e7os nos bairros contemplados pelo \u201cMutir\u00e3o no Bairro\u201d, para acelerar as manuten\u00e7\u00f5es e servi\u00e7os de infraestrutura.<\/p>\n\n\n\n<p>&#8212; &#8212; &#8212;<\/p>\n\n\n\n<p><strong>Texto &#8211;<\/strong> Eduarda Lira \/ Seminf<\/p>\n\n\n\n<p><strong>Fotos &#8211;<\/strong> Marcio Melo \/ Seminf<\/p>\n","protected":false},"excerpt":{"rendered":"","protected":false},"author":57,"featured_media":240487,"comment_status":"closed","ping_status":"closed","sticky":false,"template":"","format":"standard","meta":{"footnotes":""},"categories":[2504],"tags":[15290,77,33],"acf":[],"yoast_head":"<!-- This site is optimized with the Yoast SEO plugin v23.0 - https:\/\/yoast.com\/wordpress\/plugins\/seo\/ -->\n<title>PMM avan\u00e7a com o \u201cMutir\u00e3o no Bairro\u201d no Tancredo Neves<\/title>\n<meta name=\"description\" content=\"A Prefeitura de Manaus atua no bairro Tancredo Neves, nesta ter\u00e7a-feira, 10\/6, por meio do programa \u201cMutir\u00e3o no Bairro\u201d.\" \/>\n<meta name=\"robots\" content=\"index, follow, max-snippet:-1, max-image-preview:large, max-video-preview:-1\" \/>\n<link rel=\"canonical\" href=\"https:\/\/www.manaus.am.gov.br\/semcom\/mutirao-no-bairro-no-tancredo-neves\/\" \/>\n<meta property=\"og:locale\" content=\"pt_BR\" \/>\n<meta property=\"og:type\" content=\"article\" \/>\n<meta property=\"og:title\" content=\"PMM avan\u00e7a com o \u201cMutir\u00e3o no Bairro\u201d no Tancredo Neves\" \/>\n<meta property=\"og:description\" content=\"A Prefeitura de Manaus atua no bairro Tancredo Neves, nesta ter\u00e7a-feira, 10\/6, por meio do programa \u201cMutir\u00e3o no Bairro\u201d.\" \/>\n<meta property=\"og:url\" content=\"https:\/\/www.manaus.am.gov.br\/semcom\/mutirao-no-bairro-no-tancredo-neves\/\" \/>\n<meta property=\"og:site_name\" content=\"SEMCOM\" \/>\n<meta property=\"article:published_time\" content=\"2025-06-10T21:49:53+00:00\" \/>\n<meta property=\"article:modified_time\" content=\"2025-06-10T21:49:54+00:00\" \/>\n<meta property=\"og:image\" content=\"https:\/\/www.manaus.am.gov.br\/semcom\/wp-content\/uploads\/sites\/5\/2025\/06\/Mutirao-no-Bairro-no-Tancredo-Neves-1024x683.jpg\" \/>\n\t<meta property=\"og:image:width\" content=\"1024\" \/>\n\t<meta property=\"og:image:height\" content=\"683\" \/>\n\t<meta property=\"og:image:type\" content=\"image\/jpeg\" \/>\n<meta name=\"author\" content=\"Thiago Fernando\" \/>\n<meta name=\"twitter:card\" content=\"summary_large_image\" \/>\n<meta name=\"twitter:label1\" content=\"Written by\" \/>\n\t<meta name=\"twitter:data1\" content=\"Thiago Fernando\" \/>\n\t<meta name=\"twitter:label2\" content=\"Est. reading time\" \/>\n\t<meta name=\"twitter:data2\" content=\"3 minutos\" \/>\n<script type=\"application\/ld+json\" class=\"yoast-schema-graph\">{\"@context\":\"https:\/\/schema.org\",\"@graph\":[{\"@type\":\"WebPage\",\"@id\":\"https:\/\/www.manaus.am.gov.br\/semcom\/mutirao-no-bairro-no-tancredo-neves\/\",\"url\":\"https:\/\/www.manaus.am.gov.br\/semcom\/mutirao-no-bairro-no-tancredo-neves\/\",\"name\":\"PMM avan\u00e7a com o \u201cMutir\u00e3o no Bairro\u201d no Tancredo Neves\",\"isPartOf\":{\"@id\":\"https:\/\/www.manaus.am.gov.br\/semcom\/#website\"},\"primaryImageOfPage\":{\"@id\":\"https:\/\/www.manaus.am.gov.br\/semcom\/mutirao-no-bairro-no-tancredo-neves\/#primaryimage\"},\"image\":{\"@id\":\"https:\/\/www.manaus.am.gov.br\/semcom\/mutirao-no-bairro-no-tancredo-neves\/#primaryimage\"},\"thumbnailUrl\":\"https:\/\/www.manaus.am.gov.br\/semcom\/wp-content\/uploads\/sites\/5\/2025\/06\/Mutirao-no-Bairro-no-Tancredo-Neves.jpg\",\"datePublished\":\"2025-06-10T21:49:53+00:00\",\"dateModified\":\"2025-06-10T21:49:54+00:00\",\"author\":{\"@id\":\"https:\/\/www.manaus.am.gov.br\/semcom\/#\/schema\/person\/a5ee5376db6e21af026374b369f30882\"},\"description\":\"A Prefeitura de Manaus atua no bairro Tancredo Neves, nesta ter\u00e7a-feira, 10\/6, por meio do programa \u201cMutir\u00e3o no Bairro\u201d.\",\"inLanguage\":\"pt-BR\",\"potentialAction\":[{\"@type\":\"ReadAction\",\"target\":[\"https:\/\/www.manaus.am.gov.br\/semcom\/mutirao-no-bairro-no-tancredo-neves\/\"]}]},{\"@type\":\"ImageObject\",\"inLanguage\":\"pt-BR\",\"@id\":\"https:\/\/www.manaus.am.gov.br\/semcom\/mutirao-no-bairro-no-tancredo-neves\/#primaryimage\",\"url\":\"https:\/\/www.manaus.am.gov.br\/semcom\/wp-content\/uploads\/sites\/5\/2025\/06\/Mutirao-no-Bairro-no-Tancredo-Neves.jpg\",\"contentUrl\":\"https:\/\/www.manaus.am.gov.br\/semcom\/wp-content\/uploads\/sites\/5\/2025\/06\/Mutirao-no-Bairro-no-Tancredo-Neves.jpg\",\"width\":4464,\"height\":2976,\"caption\":\"\u201cMutir\u00e3o no Bairro\u201d no Tancredo Neves\"},{\"@type\":\"WebSite\",\"@id\":\"https:\/\/www.manaus.am.gov.br\/semcom\/#website\",\"url\":\"https:\/\/www.manaus.am.gov.br\/semcom\/\",\"name\":\"SEMCOM\",\"description\":\"Secretaria Municipal de Comunica\u00e7\u00e3o\",\"potentialAction\":[{\"@type\":\"SearchAction\",\"target\":{\"@type\":\"EntryPoint\",\"urlTemplate\":\"https:\/\/www.manaus.am.gov.br\/semcom\/?s={search_term_string}\"},\"query-input\":\"required name=search_term_string\"}],\"inLanguage\":\"pt-BR\"},{\"@type\":\"Person\",\"@id\":\"https:\/\/www.manaus.am.gov.br\/semcom\/#\/schema\/person\/a5ee5376db6e21af026374b369f30882\",\"name\":\"Thiago Fernando\",\"image\":{\"@type\":\"ImageObject\",\"inLanguage\":\"pt-BR\",\"@id\":\"https:\/\/www.manaus.am.gov.br\/semcom\/#\/schema\/person\/image\/\",\"url\":\"https:\/\/secure.gravatar.com\/avatar\/f5aab8722444041451501c077052ac07?s=96&d=mm&r=g\",\"contentUrl\":\"https:\/\/secure.gravatar.com\/avatar\/f5aab8722444041451501c077052ac07?s=96&d=mm&r=g\",\"caption\":\"Thiago Fernando\"}}]}<\/script>\n<!-- \/ Yoast SEO plugin. -->","yoast_head_json":{"title":"PMM avan\u00e7a com o \u201cMutir\u00e3o no Bairro\u201d no Tancredo Neves","description":"A Prefeitura de Manaus atua no bairro Tancredo Neves, nesta ter\u00e7a-feira, 10\/6, por meio do programa \u201cMutir\u00e3o no Bairro\u201d.","robots":{"index":"index","follow":"follow","max-snippet":"max-snippet:-1","max-image-preview":"max-image-preview:large","max-video-preview":"max-video-preview:-1"},"canonical":"https:\/\/www.manaus.am.gov.br\/semcom\/mutirao-no-bairro-no-tancredo-neves\/","og_locale":"pt_BR","og_type":"article","og_title":"PMM avan\u00e7a com o \u201cMutir\u00e3o no Bairro\u201d no Tancredo Neves","og_description":"A Prefeitura de Manaus atua no bairro Tancredo Neves, nesta ter\u00e7a-feira, 10\/6, por meio do programa \u201cMutir\u00e3o no Bairro\u201d.","og_url":"https:\/\/www.manaus.am.gov.br\/semcom\/mutirao-no-bairro-no-tancredo-neves\/","og_site_name":"SEMCOM","article_published_time":"2025-06-10T21:49:53+00:00","article_modified_time":"2025-06-10T21:49:54+00:00","og_image":[{"width":1024,"height":683,"url":"https:\/\/www.manaus.am.gov.br\/semcom\/wp-content\/uploads\/sites\/5\/2025\/06\/Mutirao-no-Bairro-no-Tancredo-Neves-1024x683.jpg","type":"image\/jpeg"}],"author":"Thiago Fernando","twitter_card":"summary_large_image","twitter_misc":{"Written by":"Thiago Fernando","Est. reading time":"3 minutos"},"schema":{"@context":"https:\/\/schema.org","@graph":[{"@type":"WebPage","@id":"https:\/\/www.manaus.am.gov.br\/semcom\/mutirao-no-bairro-no-tancredo-neves\/","url":"https:\/\/www.manaus.am.gov.br\/semcom\/mutirao-no-bairro-no-tancredo-neves\/","name":"PMM avan\u00e7a com o \u201cMutir\u00e3o no Bairro\u201d no Tancredo Neves","isPartOf":{"@id":"https:\/\/www.manaus.am.gov.br\/semcom\/#website"},"primaryImageOfPage":{"@id":"https:\/\/www.manaus.am.gov.br\/semcom\/mutirao-no-bairro-no-tancredo-neves\/#primaryimage"},"image":{"@id":"https:\/\/www.manaus.am.gov.br\/semcom\/mutirao-no-bairro-no-tancredo-neves\/#primaryimage"},"thumbnailUrl":"https:\/\/www.manaus.am.gov.br\/semcom\/wp-content\/uploads\/sites\/5\/2025\/06\/Mutirao-no-Bairro-no-Tancredo-Neves.jpg","datePublished":"2025-06-10T21:49:53+00:00","dateModified":"2025-06-10T21:49:54+00:00","author":{"@id":"https:\/\/www.manaus.am.gov.br\/semcom\/#\/schema\/person\/a5ee5376db6e21af026374b369f30882"},"description":"A Prefeitura de Manaus atua no bairro Tancredo Neves, nesta ter\u00e7a-feira, 10\/6, por meio do programa \u201cMutir\u00e3o no Bairro\u201d.","inLanguage":"pt-BR","potentialAction":[{"@type":"ReadAction","target":["https:\/\/www.manaus.am.gov.br\/semcom\/mutirao-no-bairro-no-tancredo-neves\/"]}]},{"@type":"ImageObject","inLanguage":"pt-BR","@id":"https:\/\/www.manaus.am.gov.br\/semcom\/mutirao-no-bairro-no-tancredo-neves\/#primaryimage","url":"https:\/\/www.manaus.am.gov.br\/semcom\/wp-content\/uploads\/sites\/5\/2025\/06\/Mutirao-no-Bairro-no-Tancredo-Neves.jpg","contentUrl":"https:\/\/www.manaus.am.gov.br\/semcom\/wp-content\/uploads\/sites\/5\/2025\/06\/Mutirao-no-Bairro-no-Tancredo-Neves.jpg","width":4464,"height":2976,"caption":"\u201cMutir\u00e3o no Bairro\u201d no Tancredo Neves"},{"@type":"WebSite","@id":"https:\/\/www.manaus.am.gov.br\/semcom\/#website","url":"https:\/\/www.manaus.am.gov.br\/semcom\/","name":"SEMCOM","description":"Secretaria Municipal de Comunica\u00e7\u00e3o","potentialAction":[{"@type":"SearchAction","target":{"@type":"EntryPoint","urlTemplate":"https:\/\/www.manaus.am.gov.br\/semcom\/?s={search_term_string}"},"query-input":"required name=search_term_string"}],"inLanguage":"pt-BR"},{"@type":"Person","@id":"https:\/\/www.manaus.am.gov.br\/semcom\/#\/schema\/person\/a5ee5376db6e21af026374b369f30882","name":"Thiago Fernando","image":{"@type":"ImageObject","inLanguage":"pt-BR","@id":"https:\/\/www.manaus.am.gov.br\/semcom\/#\/schema\/person\/image\/","url":"https:\/\/secure.gravatar.com\/avatar\/f5aab8722444041451501c077052ac07?s=96&d=mm&r=g","contentUrl":"https:\/\/secure.gravatar.com\/avatar\/f5aab8722444041451501c077052ac07?s=96&d=mm&r=g","caption":"Thiago Fernando"}}]}},"_links":{"self":[{"href":"https:\/\/www.manaus.am.gov.br\/semcom\/wp-json\/wp\/v2\/posts\/240486"}],"collection":[{"href":"https:\/\/www.manaus.am.gov.br\/semcom\/wp-json\/wp\/v2\/posts"}],"about":[{"href":"https:\/\/www.manaus.am.gov.br\/semcom\/wp-json\/wp\/v2\/types\/post"}],"author":[{"embeddable":true,"href":"https:\/\/www.manaus.am.gov.br\/semcom\/wp-json\/wp\/v2\/users\/57"}],"replies":[{"embeddable":true,"href":"https:\/\/www.manaus.am.gov.br\/semcom\/wp-json\/wp\/v2\/comments?post=240486"}],"version-history":[{"count":0,"href":"https:\/\/www.manaus.am.gov.br\/semcom\/wp-json\/wp\/v2\/posts\/240486\/revisions"}],"wp:featuredmedia":[{"embeddable":true,"href":"https:\/\/www.manaus.am.gov.br\/semcom\/wp-json\/wp\/v2\/media\/240487"}],"wp:attachment":[{"href":"https:\/\/www.manaus.am.gov.br\/semcom\/wp-json\/wp\/v2\/media?parent=240486"}],"wp:term":[{"taxonomy":"category","embeddable":true,"href":"https:\/\/www.manaus.am.gov.br\/semcom\/wp-json\/wp\/v2\/categories?post=240486"},{"taxonomy":"post_tag","embeddable":true,"href":"https:\/\/www.manaus.am.gov.br\/semcom\/wp-json\/wp\/v2\/tags?post=240486"}],"curies":[{"name":"wp","href":"https:\/\/api.w.org\/{rel}","templated":true}]}}