{"id":240397,"date":"2025-06-08T16:23:18","date_gmt":"2025-06-08T20:23:18","guid":{"rendered":"https:\/\/www.manaus.am.gov.br\/semcom\/david-almeida-reforca-acoes-cheia\/"},"modified":"2025-06-08T17:50:06","modified_gmt":"2025-06-08T20:50:06","slug":"david-almeida-reforca-acoes-cheia","status":"publish","type":"post","link":"https:\/\/www.manaus.am.gov.br\/semcom\/david-almeida-reforca-acoes-cheia\/","title":{"rendered":"Prefeito David Almeida visita o mirante L\u00facia Almeida e refor\u00e7a a\u00e7\u00f5es da prefeitura diante da cheia do rio Negro"},"content":{"rendered":"\n<p>Em visita neste domingo, 8\/6, ao mirante L\u00facia Almeida, na avenida 7 de Setembro, Centro, o prefeito de Manaus, David Almeida, relembrou os impactos da cheia hist\u00f3rica de 2021, quando o local ainda abrigava o abandonado pr\u00e9dio da Companhia Energ\u00e9tica do Amazonas (Ceam), e destacou a nova realidade da \u00e1rea: um espa\u00e7o requalificado, acess\u00edvel e transformado em ponto tur\u00edstico, que hoje permite \u00e0 popula\u00e7\u00e3o contemplar de forma segura e digna o fen\u00f4meno natural da subida do rio Negro.<\/p>\n\n\n\n<p>\u201cEm 2021, eu estive aqui e vi a \u00e1gua avan\u00e7ando pelas cal\u00e7adas, atingindo diretamente o pr\u00e9dio deteriorado e fechado. Hoje, o que temos \u00e9 um ambiente vivo, integrado \u00e0 cidade, pronto para receber as pessoas e fortalecer o centro hist\u00f3rico de Manaus\u201d, afirmou o prefeito, enquanto mostrava a atual cota do rio, que j\u00e1 passa de 28 metros e 70 cent\u00edmetros.<\/p>\n\n\n\n<p>Com uma vista privilegiada para o rio Negro e acesso direto pela avenida 7 de Setembro, o mirante L\u00facia Almeida representa um marco da transforma\u00e7\u00e3o urbana em Manaus. Executada pelo programa \u201cNosso Centro\u201d, a obra devolveu \u00e0 cidade um espa\u00e7o antes esquecido, ampliando o fluxo de visitantes, gerando oportunidades para pequenos empreendedores e ativando o com\u00e9rcio da regi\u00e3o.<\/p>\n\n\n\n<p>Al\u00e9m do mirante, o local abriga o Pier Manaus 355, com atra\u00e7\u00f5es como o navio-patrulha da Marinha, em exposi\u00e7\u00e3o aberta ao p\u00fablico. \u201c\u00c9 uma excelente pedida para o domingo: vir ao centro, visitar o mirante, conhecer o navio e desfrutar da beleza da nossa cidade. Este \u00e9 o resultado de um trabalho de resgate do centro que estamos realizando com muito empenho\u201d, refor\u00e7ou David Almeida.<\/p>\n\n\n\n<p><strong>Prepara\u00e7\u00e3o e resposta \u00e0 cheia<\/strong><\/p>\n\n\n\n<p>Com a cheia de 2025 j\u00e1 atingindo diversos pontos da cidade, a Prefeitura de Manaus, por meio da Defesa Civil e das secretarias envolvidas, est\u00e1 atuando preventivamente em \u00e1reas de risco e regi\u00f5es tradicionalmente afetadas. As a\u00e7\u00f5es incluem a constru\u00e7\u00e3o de pontes, entrega de kits de madeira, monitoramento hidrol\u00f3gico, servi\u00e7os de limpeza, apoio \u00e0s fam\u00edlias atingidas e medidas emergenciais em \u00e1reas alagadas.<\/p>\n\n\n\n<p>\u201cEstamos preparados para este per\u00edodo. Nossa gest\u00e3o tem trabalhado de forma antecipada para garantir seguran\u00e7a, mobilidade e dignidade \u00e0s fam\u00edlias afetadas. Temos equipes em campo, obras estruturantes em andamento e aten\u00e7\u00e3o redobrada onde a cheia j\u00e1 chegou\u201d, destacou o prefeito.<\/p>\n\n\n\n<figure class=\"wp-block-image size-large\"><img loading=\"lazy\" decoding=\"async\" width=\"1024\" height=\"683\" src=\"https:\/\/www.manaus.am.gov.br\/semcom\/wp-content\/uploads\/sites\/5\/2025\/06\/WhatsApp-Image-2025-06-08-at-16.13.43-2-1024x683.jpeg\" alt=\"\" class=\"wp-image-240398\" srcset=\"https:\/\/www.manaus.am.gov.br\/semcom\/wp-content\/uploads\/sites\/5\/2025\/06\/WhatsApp-Image-2025-06-08-at-16.13.43-2-1024x683.jpeg 1024w, https:\/\/www.manaus.am.gov.br\/semcom\/wp-content\/uploads\/sites\/5\/2025\/06\/WhatsApp-Image-2025-06-08-at-16.13.43-2-300x200.jpeg 300w, https:\/\/www.manaus.am.gov.br\/semcom\/wp-content\/uploads\/sites\/5\/2025\/06\/WhatsApp-Image-2025-06-08-at-16.13.43-2-768x512.jpeg 768w, https:\/\/www.manaus.am.gov.br\/semcom\/wp-content\/uploads\/sites\/5\/2025\/06\/WhatsApp-Image-2025-06-08-at-16.13.43-2-1536x1024.jpeg 1536w, https:\/\/www.manaus.am.gov.br\/semcom\/wp-content\/uploads\/sites\/5\/2025\/06\/WhatsApp-Image-2025-06-08-at-16.13.43-2-2048x1365.jpeg 2048w\" sizes=\"(max-width: 1024px) 100vw, 1024px\" \/><figcaption class=\"wp-element-caption\">#paratodosverem cheia do rio Negro j\u00e1 ultrapassa a marca de 28 metros e 70 cent\u00edmetros<\/figcaption><\/figure>\n\n\n\n<p><strong>Valoriza\u00e7\u00e3o hist\u00f3rica<\/strong><\/p>\n\n\n\n<p>A transforma\u00e7\u00e3o do antigo pr\u00e9dio da Ceam em um mirante moderno representa tamb\u00e9m a valoriza\u00e7\u00e3o do patrim\u00f4nio hist\u00f3rico e arquitet\u00f4nico da cidade. A requalifica\u00e7\u00e3o da \u00e1rea respeitou a estrutura original, ao mesmo tempo em que abriu o espa\u00e7o para o conv\u00edvio social, para a economia criativa e para o turismo.<\/p>\n\n\n\n<p>\u201cAo resgatar esse espa\u00e7o, mostramos que \u00e9 poss\u00edvel honrar o passado e construir o futuro. Hoje, o cidad\u00e3o pode n\u00e3o apenas ver a cheia, mas compreend\u00ea-la, fotograf\u00e1-la, sentir o cheiro do rio e se conectar com a identidade de Manaus\u201d, concluiu David Almeida.<\/p>\n\n\n\n<p>&#8212; &#8212; &#8212;<\/p>\n\n\n\n<p><strong>Texto <\/strong>&#8211; Emanuelle Baires \/ Semcom<\/p>\n\n\n\n<p><strong>Fotos <\/strong>&#8211; Cl\u00f3vis Miranda \/ Semcom<\/p>\n\n\n\n<p>Dispon\u00edveis em &#8211; https:\/\/flic.kr\/s\/aHBqjChcFj<\/p>\n","protected":false},"excerpt":{"rendered":"","protected":false},"author":25,"featured_media":240399,"comment_status":"closed","ping_status":"closed","sticky":false,"template":"","format":"standard","meta":{"footnotes":""},"categories":[57],"tags":[1562,4848,35,469,15264],"acf":[],"yoast_head":"<!-- This site is optimized with the Yoast SEO plugin v23.0 - https:\/\/yoast.com\/wordpress\/plugins\/seo\/ -->\n<title>Prefeito David Almeida visita o mirante L\u00facia Almeida e refor\u00e7a a\u00e7\u00f5es da prefeitura diante da cheia do rio Negro<\/title>\n<meta name=\"description\" content=\"Em visita neste domingo, 8\/6, ao mirante L\u00facia Almeida, na avenida 7 de Setembro, Centro, o prefeito de Manaus, David Almeida\" \/>\n<meta name=\"robots\" content=\"index, follow, max-snippet:-1, max-image-preview:large, max-video-preview:-1\" \/>\n<link rel=\"canonical\" href=\"https:\/\/www.manaus.am.gov.br\/semcom\/david-almeida-reforca-acoes-cheia\/\" \/>\n<meta property=\"og:locale\" content=\"pt_BR\" \/>\n<meta property=\"og:type\" content=\"article\" \/>\n<meta property=\"og:title\" content=\"Prefeito David Almeida visita o mirante L\u00facia Almeida e refor\u00e7a a\u00e7\u00f5es da prefeitura diante da cheia do rio Negro\" \/>\n<meta property=\"og:description\" content=\"Em visita neste domingo, 8\/6, ao mirante L\u00facia Almeida, na avenida 7 de Setembro, Centro, o prefeito de Manaus, David Almeida\" \/>\n<meta property=\"og:url\" content=\"https:\/\/www.manaus.am.gov.br\/semcom\/david-almeida-reforca-acoes-cheia\/\" \/>\n<meta property=\"og:site_name\" content=\"SEMCOM\" \/>\n<meta property=\"article:published_time\" content=\"2025-06-08T20:23:18+00:00\" \/>\n<meta property=\"article:modified_time\" content=\"2025-06-08T20:50:06+00:00\" \/>\n<meta property=\"og:image\" content=\"https:\/\/www.manaus.am.gov.br\/semcom\/wp-content\/uploads\/sites\/5\/2025\/06\/WhatsApp-Image-2025-06-08-at-16.13.43.jpeg\" \/>\n\t<meta property=\"og:image:width\" content=\"4160\" \/>\n\t<meta property=\"og:image:height\" content=\"2773\" \/>\n\t<meta property=\"og:image:type\" content=\"image\/jpeg\" \/>\n<meta name=\"author\" content=\"Maur\u00edcio Freire\" \/>\n<meta name=\"twitter:card\" content=\"summary_large_image\" \/>\n<meta name=\"twitter:label1\" content=\"Written by\" \/>\n\t<meta name=\"twitter:data1\" content=\"Maur\u00edcio Freire\" \/>\n\t<meta name=\"twitter:label2\" content=\"Est. reading time\" \/>\n\t<meta name=\"twitter:data2\" content=\"4 minutos\" \/>\n<script type=\"application\/ld+json\" class=\"yoast-schema-graph\">{\"@context\":\"https:\/\/schema.org\",\"@graph\":[{\"@type\":\"WebPage\",\"@id\":\"https:\/\/www.manaus.am.gov.br\/semcom\/david-almeida-reforca-acoes-cheia\/\",\"url\":\"https:\/\/www.manaus.am.gov.br\/semcom\/david-almeida-reforca-acoes-cheia\/\",\"name\":\"Prefeito David Almeida visita o mirante L\u00facia Almeida e refor\u00e7a a\u00e7\u00f5es da prefeitura diante da cheia do rio Negro\",\"isPartOf\":{\"@id\":\"https:\/\/www.manaus.am.gov.br\/semcom\/#website\"},\"primaryImageOfPage\":{\"@id\":\"https:\/\/www.manaus.am.gov.br\/semcom\/david-almeida-reforca-acoes-cheia\/#primaryimage\"},\"image\":{\"@id\":\"https:\/\/www.manaus.am.gov.br\/semcom\/david-almeida-reforca-acoes-cheia\/#primaryimage\"},\"thumbnailUrl\":\"https:\/\/www.manaus.am.gov.br\/semcom\/wp-content\/uploads\/sites\/5\/2025\/06\/WhatsApp-Image-2025-06-08-at-16.13.43.jpeg\",\"datePublished\":\"2025-06-08T20:23:18+00:00\",\"dateModified\":\"2025-06-08T20:50:06+00:00\",\"author\":{\"@id\":\"https:\/\/www.manaus.am.gov.br\/semcom\/#\/schema\/person\/587989a23a463cde5618e6a028977a9a\"},\"description\":\"Em visita neste domingo, 8\/6, ao mirante L\u00facia Almeida, na avenida 7 de Setembro, Centro, o prefeito de Manaus, David Almeida\",\"inLanguage\":\"pt-BR\",\"potentialAction\":[{\"@type\":\"ReadAction\",\"target\":[\"https:\/\/www.manaus.am.gov.br\/semcom\/david-almeida-reforca-acoes-cheia\/\"]}]},{\"@type\":\"ImageObject\",\"inLanguage\":\"pt-BR\",\"@id\":\"https:\/\/www.manaus.am.gov.br\/semcom\/david-almeida-reforca-acoes-cheia\/#primaryimage\",\"url\":\"https:\/\/www.manaus.am.gov.br\/semcom\/wp-content\/uploads\/sites\/5\/2025\/06\/WhatsApp-Image-2025-06-08-at-16.13.43.jpeg\",\"contentUrl\":\"https:\/\/www.manaus.am.gov.br\/semcom\/wp-content\/uploads\/sites\/5\/2025\/06\/WhatsApp-Image-2025-06-08-at-16.13.43.jpeg\",\"width\":4160,\"height\":2773,\"caption\":\"#paratodosverem prefeito David Almeida no pier Manaus 355\"},{\"@type\":\"WebSite\",\"@id\":\"https:\/\/www.manaus.am.gov.br\/semcom\/#website\",\"url\":\"https:\/\/www.manaus.am.gov.br\/semcom\/\",\"name\":\"SEMCOM\",\"description\":\"Secretaria Municipal de Comunica\u00e7\u00e3o\",\"potentialAction\":[{\"@type\":\"SearchAction\",\"target\":{\"@type\":\"EntryPoint\",\"urlTemplate\":\"https:\/\/www.manaus.am.gov.br\/semcom\/?s={search_term_string}\"},\"query-input\":\"required name=search_term_string\"}],\"inLanguage\":\"pt-BR\"},{\"@type\":\"Person\",\"@id\":\"https:\/\/www.manaus.am.gov.br\/semcom\/#\/schema\/person\/587989a23a463cde5618e6a028977a9a\",\"name\":\"Maur\u00edcio Freire\",\"image\":{\"@type\":\"ImageObject\",\"inLanguage\":\"pt-BR\",\"@id\":\"https:\/\/www.manaus.am.gov.br\/semcom\/#\/schema\/person\/image\/\",\"url\":\"https:\/\/secure.gravatar.com\/avatar\/dc1481799a1f75c733ac3b2634cd6749?s=96&d=mm&r=g\",\"contentUrl\":\"https:\/\/secure.gravatar.com\/avatar\/dc1481799a1f75c733ac3b2634cd6749?s=96&d=mm&r=g\",\"caption\":\"Maur\u00edcio Freire\"}}]}<\/script>\n<!-- \/ Yoast SEO plugin. -->","yoast_head_json":{"title":"Prefeito David Almeida visita o mirante L\u00facia Almeida e refor\u00e7a a\u00e7\u00f5es da prefeitura diante da cheia do rio Negro","description":"Em visita neste domingo, 8\/6, ao mirante L\u00facia Almeida, na avenida 7 de Setembro, Centro, o prefeito de Manaus, David Almeida","robots":{"index":"index","follow":"follow","max-snippet":"max-snippet:-1","max-image-preview":"max-image-preview:large","max-video-preview":"max-video-preview:-1"},"canonical":"https:\/\/www.manaus.am.gov.br\/semcom\/david-almeida-reforca-acoes-cheia\/","og_locale":"pt_BR","og_type":"article","og_title":"Prefeito David Almeida visita o mirante L\u00facia Almeida e refor\u00e7a a\u00e7\u00f5es da prefeitura diante da cheia do rio Negro","og_description":"Em visita neste domingo, 8\/6, ao mirante L\u00facia Almeida, na avenida 7 de Setembro, Centro, o prefeito de Manaus, David Almeida","og_url":"https:\/\/www.manaus.am.gov.br\/semcom\/david-almeida-reforca-acoes-cheia\/","og_site_name":"SEMCOM","article_published_time":"2025-06-08T20:23:18+00:00","article_modified_time":"2025-06-08T20:50:06+00:00","og_image":[{"width":4160,"height":2773,"url":"https:\/\/www.manaus.am.gov.br\/semcom\/wp-content\/uploads\/sites\/5\/2025\/06\/WhatsApp-Image-2025-06-08-at-16.13.43.jpeg","type":"image\/jpeg"}],"author":"Maur\u00edcio Freire","twitter_card":"summary_large_image","twitter_misc":{"Written by":"Maur\u00edcio Freire","Est. reading time":"4 minutos"},"schema":{"@context":"https:\/\/schema.org","@graph":[{"@type":"WebPage","@id":"https:\/\/www.manaus.am.gov.br\/semcom\/david-almeida-reforca-acoes-cheia\/","url":"https:\/\/www.manaus.am.gov.br\/semcom\/david-almeida-reforca-acoes-cheia\/","name":"Prefeito David Almeida visita o mirante L\u00facia Almeida e refor\u00e7a a\u00e7\u00f5es da prefeitura diante da cheia do rio Negro","isPartOf":{"@id":"https:\/\/www.manaus.am.gov.br\/semcom\/#website"},"primaryImageOfPage":{"@id":"https:\/\/www.manaus.am.gov.br\/semcom\/david-almeida-reforca-acoes-cheia\/#primaryimage"},"image":{"@id":"https:\/\/www.manaus.am.gov.br\/semcom\/david-almeida-reforca-acoes-cheia\/#primaryimage"},"thumbnailUrl":"https:\/\/www.manaus.am.gov.br\/semcom\/wp-content\/uploads\/sites\/5\/2025\/06\/WhatsApp-Image-2025-06-08-at-16.13.43.jpeg","datePublished":"2025-06-08T20:23:18+00:00","dateModified":"2025-06-08T20:50:06+00:00","author":{"@id":"https:\/\/www.manaus.am.gov.br\/semcom\/#\/schema\/person\/587989a23a463cde5618e6a028977a9a"},"description":"Em visita neste domingo, 8\/6, ao mirante L\u00facia Almeida, na avenida 7 de Setembro, Centro, o prefeito de Manaus, David Almeida","inLanguage":"pt-BR","potentialAction":[{"@type":"ReadAction","target":["https:\/\/www.manaus.am.gov.br\/semcom\/david-almeida-reforca-acoes-cheia\/"]}]},{"@type":"ImageObject","inLanguage":"pt-BR","@id":"https:\/\/www.manaus.am.gov.br\/semcom\/david-almeida-reforca-acoes-cheia\/#primaryimage","url":"https:\/\/www.manaus.am.gov.br\/semcom\/wp-content\/uploads\/sites\/5\/2025\/06\/WhatsApp-Image-2025-06-08-at-16.13.43.jpeg","contentUrl":"https:\/\/www.manaus.am.gov.br\/semcom\/wp-content\/uploads\/sites\/5\/2025\/06\/WhatsApp-Image-2025-06-08-at-16.13.43.jpeg","width":4160,"height":2773,"caption":"#paratodosverem prefeito David Almeida no pier Manaus 355"},{"@type":"WebSite","@id":"https:\/\/www.manaus.am.gov.br\/semcom\/#website","url":"https:\/\/www.manaus.am.gov.br\/semcom\/","name":"SEMCOM","description":"Secretaria Municipal de Comunica\u00e7\u00e3o","potentialAction":[{"@type":"SearchAction","target":{"@type":"EntryPoint","urlTemplate":"https:\/\/www.manaus.am.gov.br\/semcom\/?s={search_term_string}"},"query-input":"required name=search_term_string"}],"inLanguage":"pt-BR"},{"@type":"Person","@id":"https:\/\/www.manaus.am.gov.br\/semcom\/#\/schema\/person\/587989a23a463cde5618e6a028977a9a","name":"Maur\u00edcio Freire","image":{"@type":"ImageObject","inLanguage":"pt-BR","@id":"https:\/\/www.manaus.am.gov.br\/semcom\/#\/schema\/person\/image\/","url":"https:\/\/secure.gravatar.com\/avatar\/dc1481799a1f75c733ac3b2634cd6749?s=96&d=mm&r=g","contentUrl":"https:\/\/secure.gravatar.com\/avatar\/dc1481799a1f75c733ac3b2634cd6749?s=96&d=mm&r=g","caption":"Maur\u00edcio Freire"}}]}},"_links":{"self":[{"href":"https:\/\/www.manaus.am.gov.br\/semcom\/wp-json\/wp\/v2\/posts\/240397"}],"collection":[{"href":"https:\/\/www.manaus.am.gov.br\/semcom\/wp-json\/wp\/v2\/posts"}],"about":[{"href":"https:\/\/www.manaus.am.gov.br\/semcom\/wp-json\/wp\/v2\/types\/post"}],"author":[{"embeddable":true,"href":"https:\/\/www.manaus.am.gov.br\/semcom\/wp-json\/wp\/v2\/users\/25"}],"replies":[{"embeddable":true,"href":"https:\/\/www.manaus.am.gov.br\/semcom\/wp-json\/wp\/v2\/comments?post=240397"}],"version-history":[{"count":3,"href":"https:\/\/www.manaus.am.gov.br\/semcom\/wp-json\/wp\/v2\/posts\/240397\/revisions"}],"predecessor-version":[{"id":240403,"href":"https:\/\/www.manaus.am.gov.br\/semcom\/wp-json\/wp\/v2\/posts\/240397\/revisions\/240403"}],"wp:featuredmedia":[{"embeddable":true,"href":"https:\/\/www.manaus.am.gov.br\/semcom\/wp-json\/wp\/v2\/media\/240399"}],"wp:attachment":[{"href":"https:\/\/www.manaus.am.gov.br\/semcom\/wp-json\/wp\/v2\/media?parent=240397"}],"wp:term":[{"taxonomy":"category","embeddable":true,"href":"https:\/\/www.manaus.am.gov.br\/semcom\/wp-json\/wp\/v2\/categories?post=240397"},{"taxonomy":"post_tag","embeddable":true,"href":"https:\/\/www.manaus.am.gov.br\/semcom\/wp-json\/wp\/v2\/tags?post=240397"}],"curies":[{"name":"wp","href":"https:\/\/api.w.org\/{rel}","templated":true}]}}