{"id":240375,"date":"2025-06-07T18:25:32","date_gmt":"2025-06-07T21:25:32","guid":{"rendered":"https:\/\/www.manaus.am.gov.br\/semcom\/david-almeida-homenagem-andre-mendonca\/"},"modified":"2025-06-07T18:25:34","modified_gmt":"2025-06-07T21:25:34","slug":"david-almeida-homenagem-andre-mendonca","status":"publish","type":"post","link":"https:\/\/www.manaus.am.gov.br\/semcom\/david-almeida-homenagem-andre-mendonca\/","title":{"rendered":"Prefeito David Almeida participa de homenagem ao ministro do STF, Andr\u00e9 Mendon\u00e7a, durante Assembleia Geral da Ieadam"},"content":{"rendered":"\n<p>O prefeito de Manaus, David Almeida, participou na manh\u00e3 deste s\u00e1bado, 7\/6, da programa\u00e7\u00e3o da 63\u00aa Assembleia Geral Ordin\u00e1ria (AGO) da Igreja Evang\u00e9lica Assembleia de Deus no Amazonas (Ieadam), realizada no audit\u00f3rio Cana\u00e3, zona Centro-Sul da capital. O evento foi marcado por momentos de comunh\u00e3o, louvor e homenagens a personalidades que t\u00eam contribu\u00eddo significativamente para o fortalecimento da justi\u00e7a e da f\u00e9 crist\u00e3 no Brasil.<\/p>\n\n\n\n<p>Durante a cerim\u00f4nia, o ministro do Supremo Tribunal Federal (STF), Andr\u00e9 Mendon\u00e7a, recebeu o T\u00edtulo de Cidad\u00e3o do Amazonas, concedido pela Assembleia Legislativa do Amazonas. A honraria reconhece o legado \u00e9tico, jur\u00eddico e espiritual do ministro, que \u00e9 tamb\u00e9m pastor presbiteriano e s\u00edmbolo de representatividade crist\u00e3 no Judici\u00e1rio brasileiro.<\/p>\n\n\n\n<p>Al\u00e9m do ministro Andr\u00e9 Mendon\u00e7a, foram homenageados com a Medalha Ruy Ara\u00fajo o ministro do Superior Tribunal de Justi\u00e7a (STJ), Ant\u00f4nio Carlos Ferreira, e o advogado Ricardo Resende Campos.<\/p>\n\n\n\n<p>O evento contou com a presen\u00e7a do governador do Amazonas, Wilson Lima, do senador Omar Aziz, do deputado federal Silas C\u00e2mara, al\u00e9m de diversas autoridades civis, militares, representantes do Judici\u00e1rio e do Legislativo, e membros da lideran\u00e7a evang\u00e9lica.<\/p>\n\n\n\n<p>Para o prefeito David Almeida, a cerim\u00f4nia reafirma o papel da f\u00e9 como for\u00e7a que inspira o servi\u00e7o p\u00fablico com responsabilidade e valores.<\/p>\n\n\n\n<p>\u201c\u00c9 uma alegria participar de um momento como este, que une a f\u00e9 crist\u00e3 e o reconhecimento a homens p\u00fablicos que honram seus cargos com \u00e9tica e temor a Deus. O ministro Andr\u00e9 Mendon\u00e7a representa, com coragem, os princ\u00edpios que todos n\u00f3s, crist\u00e3os e agentes p\u00fablicos, devemos cultivar\u201d, destacou o chefe do Executivo municipal, David Almeida.<\/p>\n\n\n\n<p>A programa\u00e7\u00e3o foi conduzida pelos l\u00edderes da Ieadam, pastor Jonatas C\u00e2mara e pastora Ana L\u00facia C\u00e2mara, e reuniu centenas de fi\u00e9is de todo o Amazonas, fortalecendo os la\u00e7os entre a Igreja, o Estado e a sociedade.<\/p>\n\n\n\n<p>A programa\u00e7\u00e3o da 63\u00aa AGO, que iniciou no dia 4\/6, ser\u00e1 encerrada com um Culto de Ministra\u00e7\u00e3o e A\u00e7\u00f5es de Gra\u00e7as neste s\u00e1bado (7), a partir das 18h30, no Centro de Conven\u00e7\u00f5es Professor Gilberto Mestrinho, o \u201cSamb\u00f3dromo\u201d, com a presen\u00e7a do Pr. Jonatas C\u00e2mara, do cantor Mattos Nascimento, do Coral e Orquestra Boas Novas, al\u00e9m dos cantores Gabriel Guedes, Valesca Mayssa, Marcus Salles e Banda.<\/p>\n\n\n\n<p>&#8212; &#8212; &#8212;<\/p>\n\n\n\n<p><strong>Texto<\/strong> &#8211; Emanuelle Baires \/ Semcom<\/p>\n\n\n\n<p><strong>Fotos<\/strong> &#8211; Cl\u00f3vis Miranda \/ Semcom<\/p>\n","protected":false},"excerpt":{"rendered":"","protected":false},"author":25,"featured_media":240376,"comment_status":"closed","ping_status":"closed","sticky":false,"template":"","format":"standard","meta":{"footnotes":""},"categories":[15],"tags":[15259,35,1650,15260],"acf":[],"yoast_head":"<!-- This site is optimized with the Yoast SEO plugin v23.0 - https:\/\/yoast.com\/wordpress\/plugins\/seo\/ -->\n<title>Prefeito David Almeida participa de homenagem ao ministro do STF, Andr\u00e9 Mendon\u00e7a, durante Assembleia Geral da Ieadam<\/title>\n<meta name=\"description\" content=\"O prefeito de Manaus, David Almeida, participou na manh\u00e3 deste s\u00e1bado, 7\/6, da programa\u00e7\u00e3o da 63\u00aa Assembleia Geral\" \/>\n<meta name=\"robots\" content=\"index, follow, max-snippet:-1, max-image-preview:large, max-video-preview:-1\" \/>\n<link rel=\"canonical\" href=\"https:\/\/www.manaus.am.gov.br\/semcom\/david-almeida-homenagem-andre-mendonca\/\" \/>\n<meta property=\"og:locale\" content=\"pt_BR\" \/>\n<meta property=\"og:type\" content=\"article\" \/>\n<meta property=\"og:title\" content=\"Prefeito David Almeida participa de homenagem ao ministro do STF, Andr\u00e9 Mendon\u00e7a, durante Assembleia Geral da Ieadam\" \/>\n<meta property=\"og:description\" content=\"O prefeito de Manaus, David Almeida, participou na manh\u00e3 deste s\u00e1bado, 7\/6, da programa\u00e7\u00e3o da 63\u00aa Assembleia Geral\" \/>\n<meta property=\"og:url\" content=\"https:\/\/www.manaus.am.gov.br\/semcom\/david-almeida-homenagem-andre-mendonca\/\" \/>\n<meta property=\"og:site_name\" content=\"SEMCOM\" \/>\n<meta property=\"article:published_time\" content=\"2025-06-07T21:25:32+00:00\" \/>\n<meta property=\"article:modified_time\" content=\"2025-06-07T21:25:34+00:00\" \/>\n<meta property=\"og:image\" content=\"https:\/\/www.manaus.am.gov.br\/semcom\/wp-content\/uploads\/sites\/5\/2025\/06\/WhatsApp-Image-2025-06-07-at-17.12.23.jpeg\" \/>\n\t<meta property=\"og:image:width\" content=\"4160\" \/>\n\t<meta property=\"og:image:height\" content=\"3073\" \/>\n\t<meta property=\"og:image:type\" content=\"image\/jpeg\" \/>\n<meta name=\"author\" content=\"Maur\u00edcio Freire\" \/>\n<meta name=\"twitter:card\" content=\"summary_large_image\" \/>\n<meta name=\"twitter:label1\" content=\"Written by\" \/>\n\t<meta name=\"twitter:data1\" content=\"Maur\u00edcio Freire\" \/>\n\t<meta name=\"twitter:label2\" content=\"Est. reading time\" \/>\n\t<meta name=\"twitter:data2\" content=\"3 minutos\" \/>\n<script type=\"application\/ld+json\" class=\"yoast-schema-graph\">{\"@context\":\"https:\/\/schema.org\",\"@graph\":[{\"@type\":\"WebPage\",\"@id\":\"https:\/\/www.manaus.am.gov.br\/semcom\/david-almeida-homenagem-andre-mendonca\/\",\"url\":\"https:\/\/www.manaus.am.gov.br\/semcom\/david-almeida-homenagem-andre-mendonca\/\",\"name\":\"Prefeito David Almeida participa de homenagem ao ministro do STF, Andr\u00e9 Mendon\u00e7a, durante Assembleia Geral da Ieadam\",\"isPartOf\":{\"@id\":\"https:\/\/www.manaus.am.gov.br\/semcom\/#website\"},\"primaryImageOfPage\":{\"@id\":\"https:\/\/www.manaus.am.gov.br\/semcom\/david-almeida-homenagem-andre-mendonca\/#primaryimage\"},\"image\":{\"@id\":\"https:\/\/www.manaus.am.gov.br\/semcom\/david-almeida-homenagem-andre-mendonca\/#primaryimage\"},\"thumbnailUrl\":\"https:\/\/www.manaus.am.gov.br\/semcom\/wp-content\/uploads\/sites\/5\/2025\/06\/WhatsApp-Image-2025-06-07-at-17.12.23.jpeg\",\"datePublished\":\"2025-06-07T21:25:32+00:00\",\"dateModified\":\"2025-06-07T21:25:34+00:00\",\"author\":{\"@id\":\"https:\/\/www.manaus.am.gov.br\/semcom\/#\/schema\/person\/587989a23a463cde5618e6a028977a9a\"},\"description\":\"O prefeito de Manaus, David Almeida, participou na manh\u00e3 deste s\u00e1bado, 7\/6, da programa\u00e7\u00e3o da 63\u00aa Assembleia Geral\",\"inLanguage\":\"pt-BR\",\"potentialAction\":[{\"@type\":\"ReadAction\",\"target\":[\"https:\/\/www.manaus.am.gov.br\/semcom\/david-almeida-homenagem-andre-mendonca\/\"]}]},{\"@type\":\"ImageObject\",\"inLanguage\":\"pt-BR\",\"@id\":\"https:\/\/www.manaus.am.gov.br\/semcom\/david-almeida-homenagem-andre-mendonca\/#primaryimage\",\"url\":\"https:\/\/www.manaus.am.gov.br\/semcom\/wp-content\/uploads\/sites\/5\/2025\/06\/WhatsApp-Image-2025-06-07-at-17.12.23.jpeg\",\"contentUrl\":\"https:\/\/www.manaus.am.gov.br\/semcom\/wp-content\/uploads\/sites\/5\/2025\/06\/WhatsApp-Image-2025-06-07-at-17.12.23.jpeg\",\"width\":4160,\"height\":3073,\"caption\":\"#paratodosverem prefeito David Almeida participou da homenagem ao ministro do STF, Andre Mendon\u00e7a\"},{\"@type\":\"WebSite\",\"@id\":\"https:\/\/www.manaus.am.gov.br\/semcom\/#website\",\"url\":\"https:\/\/www.manaus.am.gov.br\/semcom\/\",\"name\":\"SEMCOM\",\"description\":\"Secretaria Municipal de Comunica\u00e7\u00e3o\",\"potentialAction\":[{\"@type\":\"SearchAction\",\"target\":{\"@type\":\"EntryPoint\",\"urlTemplate\":\"https:\/\/www.manaus.am.gov.br\/semcom\/?s={search_term_string}\"},\"query-input\":\"required name=search_term_string\"}],\"inLanguage\":\"pt-BR\"},{\"@type\":\"Person\",\"@id\":\"https:\/\/www.manaus.am.gov.br\/semcom\/#\/schema\/person\/587989a23a463cde5618e6a028977a9a\",\"name\":\"Maur\u00edcio Freire\",\"image\":{\"@type\":\"ImageObject\",\"inLanguage\":\"pt-BR\",\"@id\":\"https:\/\/www.manaus.am.gov.br\/semcom\/#\/schema\/person\/image\/\",\"url\":\"https:\/\/secure.gravatar.com\/avatar\/dc1481799a1f75c733ac3b2634cd6749?s=96&d=mm&r=g\",\"contentUrl\":\"https:\/\/secure.gravatar.com\/avatar\/dc1481799a1f75c733ac3b2634cd6749?s=96&d=mm&r=g\",\"caption\":\"Maur\u00edcio Freire\"}}]}<\/script>\n<!-- \/ Yoast SEO plugin. -->","yoast_head_json":{"title":"Prefeito David Almeida participa de homenagem ao ministro do STF, Andr\u00e9 Mendon\u00e7a, durante Assembleia Geral da Ieadam","description":"O prefeito de Manaus, David Almeida, participou na manh\u00e3 deste s\u00e1bado, 7\/6, da programa\u00e7\u00e3o da 63\u00aa Assembleia Geral","robots":{"index":"index","follow":"follow","max-snippet":"max-snippet:-1","max-image-preview":"max-image-preview:large","max-video-preview":"max-video-preview:-1"},"canonical":"https:\/\/www.manaus.am.gov.br\/semcom\/david-almeida-homenagem-andre-mendonca\/","og_locale":"pt_BR","og_type":"article","og_title":"Prefeito David Almeida participa de homenagem ao ministro do STF, Andr\u00e9 Mendon\u00e7a, durante Assembleia Geral da Ieadam","og_description":"O prefeito de Manaus, David Almeida, participou na manh\u00e3 deste s\u00e1bado, 7\/6, da programa\u00e7\u00e3o da 63\u00aa Assembleia Geral","og_url":"https:\/\/www.manaus.am.gov.br\/semcom\/david-almeida-homenagem-andre-mendonca\/","og_site_name":"SEMCOM","article_published_time":"2025-06-07T21:25:32+00:00","article_modified_time":"2025-06-07T21:25:34+00:00","og_image":[{"width":4160,"height":3073,"url":"https:\/\/www.manaus.am.gov.br\/semcom\/wp-content\/uploads\/sites\/5\/2025\/06\/WhatsApp-Image-2025-06-07-at-17.12.23.jpeg","type":"image\/jpeg"}],"author":"Maur\u00edcio Freire","twitter_card":"summary_large_image","twitter_misc":{"Written by":"Maur\u00edcio Freire","Est. reading time":"3 minutos"},"schema":{"@context":"https:\/\/schema.org","@graph":[{"@type":"WebPage","@id":"https:\/\/www.manaus.am.gov.br\/semcom\/david-almeida-homenagem-andre-mendonca\/","url":"https:\/\/www.manaus.am.gov.br\/semcom\/david-almeida-homenagem-andre-mendonca\/","name":"Prefeito David Almeida participa de homenagem ao ministro do STF, Andr\u00e9 Mendon\u00e7a, durante Assembleia Geral da Ieadam","isPartOf":{"@id":"https:\/\/www.manaus.am.gov.br\/semcom\/#website"},"primaryImageOfPage":{"@id":"https:\/\/www.manaus.am.gov.br\/semcom\/david-almeida-homenagem-andre-mendonca\/#primaryimage"},"image":{"@id":"https:\/\/www.manaus.am.gov.br\/semcom\/david-almeida-homenagem-andre-mendonca\/#primaryimage"},"thumbnailUrl":"https:\/\/www.manaus.am.gov.br\/semcom\/wp-content\/uploads\/sites\/5\/2025\/06\/WhatsApp-Image-2025-06-07-at-17.12.23.jpeg","datePublished":"2025-06-07T21:25:32+00:00","dateModified":"2025-06-07T21:25:34+00:00","author":{"@id":"https:\/\/www.manaus.am.gov.br\/semcom\/#\/schema\/person\/587989a23a463cde5618e6a028977a9a"},"description":"O prefeito de Manaus, David Almeida, participou na manh\u00e3 deste s\u00e1bado, 7\/6, da programa\u00e7\u00e3o da 63\u00aa Assembleia Geral","inLanguage":"pt-BR","potentialAction":[{"@type":"ReadAction","target":["https:\/\/www.manaus.am.gov.br\/semcom\/david-almeida-homenagem-andre-mendonca\/"]}]},{"@type":"ImageObject","inLanguage":"pt-BR","@id":"https:\/\/www.manaus.am.gov.br\/semcom\/david-almeida-homenagem-andre-mendonca\/#primaryimage","url":"https:\/\/www.manaus.am.gov.br\/semcom\/wp-content\/uploads\/sites\/5\/2025\/06\/WhatsApp-Image-2025-06-07-at-17.12.23.jpeg","contentUrl":"https:\/\/www.manaus.am.gov.br\/semcom\/wp-content\/uploads\/sites\/5\/2025\/06\/WhatsApp-Image-2025-06-07-at-17.12.23.jpeg","width":4160,"height":3073,"caption":"#paratodosverem prefeito David Almeida participou da homenagem ao ministro do STF, Andre Mendon\u00e7a"},{"@type":"WebSite","@id":"https:\/\/www.manaus.am.gov.br\/semcom\/#website","url":"https:\/\/www.manaus.am.gov.br\/semcom\/","name":"SEMCOM","description":"Secretaria Municipal de Comunica\u00e7\u00e3o","potentialAction":[{"@type":"SearchAction","target":{"@type":"EntryPoint","urlTemplate":"https:\/\/www.manaus.am.gov.br\/semcom\/?s={search_term_string}"},"query-input":"required name=search_term_string"}],"inLanguage":"pt-BR"},{"@type":"Person","@id":"https:\/\/www.manaus.am.gov.br\/semcom\/#\/schema\/person\/587989a23a463cde5618e6a028977a9a","name":"Maur\u00edcio Freire","image":{"@type":"ImageObject","inLanguage":"pt-BR","@id":"https:\/\/www.manaus.am.gov.br\/semcom\/#\/schema\/person\/image\/","url":"https:\/\/secure.gravatar.com\/avatar\/dc1481799a1f75c733ac3b2634cd6749?s=96&d=mm&r=g","contentUrl":"https:\/\/secure.gravatar.com\/avatar\/dc1481799a1f75c733ac3b2634cd6749?s=96&d=mm&r=g","caption":"Maur\u00edcio Freire"}}]}},"_links":{"self":[{"href":"https:\/\/www.manaus.am.gov.br\/semcom\/wp-json\/wp\/v2\/posts\/240375"}],"collection":[{"href":"https:\/\/www.manaus.am.gov.br\/semcom\/wp-json\/wp\/v2\/posts"}],"about":[{"href":"https:\/\/www.manaus.am.gov.br\/semcom\/wp-json\/wp\/v2\/types\/post"}],"author":[{"embeddable":true,"href":"https:\/\/www.manaus.am.gov.br\/semcom\/wp-json\/wp\/v2\/users\/25"}],"replies":[{"embeddable":true,"href":"https:\/\/www.manaus.am.gov.br\/semcom\/wp-json\/wp\/v2\/comments?post=240375"}],"version-history":[{"count":0,"href":"https:\/\/www.manaus.am.gov.br\/semcom\/wp-json\/wp\/v2\/posts\/240375\/revisions"}],"wp:featuredmedia":[{"embeddable":true,"href":"https:\/\/www.manaus.am.gov.br\/semcom\/wp-json\/wp\/v2\/media\/240376"}],"wp:attachment":[{"href":"https:\/\/www.manaus.am.gov.br\/semcom\/wp-json\/wp\/v2\/media?parent=240375"}],"wp:term":[{"taxonomy":"category","embeddable":true,"href":"https:\/\/www.manaus.am.gov.br\/semcom\/wp-json\/wp\/v2\/categories?post=240375"},{"taxonomy":"post_tag","embeddable":true,"href":"https:\/\/www.manaus.am.gov.br\/semcom\/wp-json\/wp\/v2\/tags?post=240375"}],"curies":[{"name":"wp","href":"https:\/\/api.w.org\/{rel}","templated":true}]}}