{"id":240361,"date":"2025-06-06T18:20:58","date_gmt":"2025-06-06T21:20:58","guid":{"rendered":"https:\/\/www.manaus.am.gov.br\/semcom\/acao-plantio-meio-ambiente\/"},"modified":"2025-06-06T18:21:00","modified_gmt":"2025-06-06T21:21:00","slug":"acao-plantio-meio-ambiente","status":"publish","type":"post","link":"https:\/\/www.manaus.am.gov.br\/semcom\/acao-plantio-meio-ambiente\/","title":{"rendered":"Prefeitura de Manaus realiza plantio em comemora\u00e7\u00e3o ao Dia Mundial do Meio Ambiente no bairro Compensa"},"content":{"rendered":"\n<p>A Prefeitura de Manaus, por meio do Fundo Manaus Solid\u00e1ria (FMS), e da Secretaria Municipal de Meio Ambiente, Sustentabilidade e Mudan\u00e7a do Clima (Semmasclima), promoveu uma a\u00e7\u00e3o de plantio de mudas nativas na Lagoa do Bombeamento, no bairro Compensa, zona Oeste. A iniciativa, que faz parte do \u201cJunho Verde\u201d, refor\u00e7a o compromisso da gest\u00e3o municipal com pr\u00e1ticas sustent\u00e1veis e inclus\u00e3o social.<\/p>\n\n\n\n<p>O evento foi realizado em alus\u00e3o ao Dia Mundial do Meio Ambiente, celebrado no dia 5 de junho. Na oportunidade, a presidente do FMS, Viviana Lira, destacou a import\u00e2ncia do engajamento comunit\u00e1rio na preserva\u00e7\u00e3o ambiental.&nbsp;<\/p>\n\n\n\n<p>&#8220;Esta a\u00e7\u00e3o simboliza nosso compromisso com a valoriza\u00e7\u00e3o dos espa\u00e7os p\u00fablicos e a constru\u00e7\u00e3o de uma Manaus mais verde&#8221;, destacou Viviana Lira.<\/p>\n\n\n\n<p>A programa\u00e7\u00e3o teve como objetivo promover a conscientiza\u00e7\u00e3o ambiental e incentivar a popula\u00e7\u00e3o em a\u00e7\u00f5es de reflorestamento urbano, com a doa\u00e7\u00e3o de mais de 10 mil mudas nativas da regi\u00e3o para a capital amazonense. Diferentes Organiza\u00e7\u00f5es da Sociedade Civil (OSCs) como o Instituto Benfazer, Centro de Forma\u00e7\u00e3o Vida Alegre e Abrigo Vicente de Paula, tamb\u00e9m participaram do plantio.<\/p>\n\n\n\n<p>A a\u00e7\u00e3o integra a pol\u00edtica municipal que busca transformar espa\u00e7os urbanos em pontos de conviv\u00eancia sustent\u00e1vel, alinhando preserva\u00e7\u00e3o ecol\u00f3gica e inclus\u00e3o social.<\/p>\n\n\n\n<p><strong>\u2014 \u2014 \u2014<\/strong><br><strong>Texto e Fotos &#8211; <\/strong>Divulga\u00e7\u00e3o \/ FMS<\/p>\n","protected":false},"excerpt":{"rendered":"","protected":false},"author":68,"featured_media":240362,"comment_status":"closed","ping_status":"closed","sticky":false,"template":"","format":"standard","meta":{"footnotes":""},"categories":[2466],"tags":[77,15253],"acf":[],"yoast_head":"<!-- This site is optimized with the Yoast SEO plugin v23.0 - https:\/\/yoast.com\/wordpress\/plugins\/seo\/ -->\n<title>Prefeitura de Manaus realiza plantio em comemora\u00e7\u00e3o ao Dia Mundial do Meio Ambiente no bairro Compensa<\/title>\n<meta name=\"description\" content=\"A Prefeitura de Manaus, por meio do Fundo Manaus Solid\u00e1ria (FMS), e da Secretaria Municipal de Meio Ambiente, Sustentabilidade e Mudan\u00e7a do Clima (Semmasclima), promoveu uma a\u00e7\u00e3o de plantio de mudas nativas na Lagoa do Bombeamento, no bairro Compensa, zona Oeste. A iniciativa, que faz parte do \u201cJunho Verde\u201d, refor\u00e7a o compromisso da gest\u00e3o municipal com pr\u00e1ticas sustent\u00e1veis e inclus\u00e3o social.\" \/>\n<meta name=\"robots\" content=\"index, follow, max-snippet:-1, max-image-preview:large, max-video-preview:-1\" \/>\n<link rel=\"canonical\" href=\"https:\/\/www.manaus.am.gov.br\/semcom\/acao-plantio-meio-ambiente\/\" \/>\n<meta property=\"og:locale\" content=\"pt_BR\" \/>\n<meta property=\"og:type\" content=\"article\" \/>\n<meta property=\"og:title\" content=\"Prefeitura de Manaus realiza plantio em comemora\u00e7\u00e3o ao Dia Mundial do Meio Ambiente no bairro Compensa\" \/>\n<meta property=\"og:description\" content=\"A Prefeitura de Manaus, por meio do Fundo Manaus Solid\u00e1ria (FMS), e da Secretaria Municipal de Meio Ambiente, Sustentabilidade e Mudan\u00e7a do Clima (Semmasclima), promoveu uma a\u00e7\u00e3o de plantio de mudas nativas na Lagoa do Bombeamento, no bairro Compensa, zona Oeste. A iniciativa, que faz parte do \u201cJunho Verde\u201d, refor\u00e7a o compromisso da gest\u00e3o municipal com pr\u00e1ticas sustent\u00e1veis e inclus\u00e3o social.\" \/>\n<meta property=\"og:url\" content=\"https:\/\/www.manaus.am.gov.br\/semcom\/acao-plantio-meio-ambiente\/\" \/>\n<meta property=\"og:site_name\" content=\"SEMCOM\" \/>\n<meta property=\"article:published_time\" content=\"2025-06-06T21:20:58+00:00\" \/>\n<meta property=\"article:modified_time\" content=\"2025-06-06T21:21:00+00:00\" \/>\n<meta property=\"og:image\" content=\"https:\/\/www.manaus.am.gov.br\/semcom\/wp-content\/uploads\/sites\/5\/2025\/06\/Prefeitura-de-Manaus-realiza-plantio-em-comemoracao-ao-Dia-Mundial-do-Meio-Ambiente-no-bairro-Compensa-3.jpg\" \/>\n\t<meta property=\"og:image:width\" content=\"960\" \/>\n\t<meta property=\"og:image:height\" content=\"1280\" \/>\n\t<meta property=\"og:image:type\" content=\"image\/jpeg\" \/>\n<meta name=\"author\" content=\"bvalente\" \/>\n<meta name=\"twitter:card\" content=\"summary_large_image\" \/>\n<meta name=\"twitter:label1\" content=\"Written by\" \/>\n\t<meta name=\"twitter:data1\" content=\"bvalente\" \/>\n\t<meta name=\"twitter:label2\" content=\"Est. reading time\" \/>\n\t<meta name=\"twitter:data2\" content=\"2 minutos\" \/>\n<script type=\"application\/ld+json\" class=\"yoast-schema-graph\">{\"@context\":\"https:\/\/schema.org\",\"@graph\":[{\"@type\":\"WebPage\",\"@id\":\"https:\/\/www.manaus.am.gov.br\/semcom\/acao-plantio-meio-ambiente\/\",\"url\":\"https:\/\/www.manaus.am.gov.br\/semcom\/acao-plantio-meio-ambiente\/\",\"name\":\"Prefeitura de Manaus realiza plantio em comemora\u00e7\u00e3o ao Dia Mundial do Meio Ambiente no bairro Compensa\",\"isPartOf\":{\"@id\":\"https:\/\/www.manaus.am.gov.br\/semcom\/#website\"},\"primaryImageOfPage\":{\"@id\":\"https:\/\/www.manaus.am.gov.br\/semcom\/acao-plantio-meio-ambiente\/#primaryimage\"},\"image\":{\"@id\":\"https:\/\/www.manaus.am.gov.br\/semcom\/acao-plantio-meio-ambiente\/#primaryimage\"},\"thumbnailUrl\":\"https:\/\/www.manaus.am.gov.br\/semcom\/wp-content\/uploads\/sites\/5\/2025\/06\/Prefeitura-de-Manaus-realiza-plantio-em-comemoracao-ao-Dia-Mundial-do-Meio-Ambiente-no-bairro-Compensa-3.jpg\",\"datePublished\":\"2025-06-06T21:20:58+00:00\",\"dateModified\":\"2025-06-06T21:21:00+00:00\",\"author\":{\"@id\":\"https:\/\/www.manaus.am.gov.br\/semcom\/#\/schema\/person\/466a0e03ae4b6062809046bd560ac955\"},\"description\":\"A Prefeitura de Manaus, por meio do Fundo Manaus Solid\u00e1ria (FMS), e da Secretaria Municipal de Meio Ambiente, Sustentabilidade e Mudan\u00e7a do Clima (Semmasclima), promoveu uma a\u00e7\u00e3o de plantio de mudas nativas na Lagoa do Bombeamento, no bairro Compensa, zona Oeste. A iniciativa, que faz parte do \u201cJunho Verde\u201d, refor\u00e7a o compromisso da gest\u00e3o municipal com pr\u00e1ticas sustent\u00e1veis e inclus\u00e3o social.\",\"inLanguage\":\"pt-BR\",\"potentialAction\":[{\"@type\":\"ReadAction\",\"target\":[\"https:\/\/www.manaus.am.gov.br\/semcom\/acao-plantio-meio-ambiente\/\"]}]},{\"@type\":\"ImageObject\",\"inLanguage\":\"pt-BR\",\"@id\":\"https:\/\/www.manaus.am.gov.br\/semcom\/acao-plantio-meio-ambiente\/#primaryimage\",\"url\":\"https:\/\/www.manaus.am.gov.br\/semcom\/wp-content\/uploads\/sites\/5\/2025\/06\/Prefeitura-de-Manaus-realiza-plantio-em-comemoracao-ao-Dia-Mundial-do-Meio-Ambiente-no-bairro-Compensa-3.jpg\",\"contentUrl\":\"https:\/\/www.manaus.am.gov.br\/semcom\/wp-content\/uploads\/sites\/5\/2025\/06\/Prefeitura-de-Manaus-realiza-plantio-em-comemoracao-ao-Dia-Mundial-do-Meio-Ambiente-no-bairro-Compensa-3.jpg\",\"width\":960,\"height\":1280},{\"@type\":\"WebSite\",\"@id\":\"https:\/\/www.manaus.am.gov.br\/semcom\/#website\",\"url\":\"https:\/\/www.manaus.am.gov.br\/semcom\/\",\"name\":\"SEMCOM\",\"description\":\"Secretaria Municipal de Comunica\u00e7\u00e3o\",\"potentialAction\":[{\"@type\":\"SearchAction\",\"target\":{\"@type\":\"EntryPoint\",\"urlTemplate\":\"https:\/\/www.manaus.am.gov.br\/semcom\/?s={search_term_string}\"},\"query-input\":\"required name=search_term_string\"}],\"inLanguage\":\"pt-BR\"},{\"@type\":\"Person\",\"@id\":\"https:\/\/www.manaus.am.gov.br\/semcom\/#\/schema\/person\/466a0e03ae4b6062809046bd560ac955\",\"name\":\"bvalente\",\"image\":{\"@type\":\"ImageObject\",\"inLanguage\":\"pt-BR\",\"@id\":\"https:\/\/www.manaus.am.gov.br\/semcom\/#\/schema\/person\/image\/\",\"url\":\"https:\/\/secure.gravatar.com\/avatar\/3e69bc2b014bdad41adfec3a39de07d2?s=96&d=mm&r=g\",\"contentUrl\":\"https:\/\/secure.gravatar.com\/avatar\/3e69bc2b014bdad41adfec3a39de07d2?s=96&d=mm&r=g\",\"caption\":\"bvalente\"}}]}<\/script>\n<!-- \/ Yoast SEO plugin. -->","yoast_head_json":{"title":"Prefeitura de Manaus realiza plantio em comemora\u00e7\u00e3o ao Dia Mundial do Meio Ambiente no bairro Compensa","description":"A Prefeitura de Manaus, por meio do Fundo Manaus Solid\u00e1ria (FMS), e da Secretaria Municipal de Meio Ambiente, Sustentabilidade e Mudan\u00e7a do Clima (Semmasclima), promoveu uma a\u00e7\u00e3o de plantio de mudas nativas na Lagoa do Bombeamento, no bairro Compensa, zona Oeste. A iniciativa, que faz parte do \u201cJunho Verde\u201d, refor\u00e7a o compromisso da gest\u00e3o municipal com pr\u00e1ticas sustent\u00e1veis e inclus\u00e3o social.","robots":{"index":"index","follow":"follow","max-snippet":"max-snippet:-1","max-image-preview":"max-image-preview:large","max-video-preview":"max-video-preview:-1"},"canonical":"https:\/\/www.manaus.am.gov.br\/semcom\/acao-plantio-meio-ambiente\/","og_locale":"pt_BR","og_type":"article","og_title":"Prefeitura de Manaus realiza plantio em comemora\u00e7\u00e3o ao Dia Mundial do Meio Ambiente no bairro Compensa","og_description":"A Prefeitura de Manaus, por meio do Fundo Manaus Solid\u00e1ria (FMS), e da Secretaria Municipal de Meio Ambiente, Sustentabilidade e Mudan\u00e7a do Clima (Semmasclima), promoveu uma a\u00e7\u00e3o de plantio de mudas nativas na Lagoa do Bombeamento, no bairro Compensa, zona Oeste. A iniciativa, que faz parte do \u201cJunho Verde\u201d, refor\u00e7a o compromisso da gest\u00e3o municipal com pr\u00e1ticas sustent\u00e1veis e inclus\u00e3o social.","og_url":"https:\/\/www.manaus.am.gov.br\/semcom\/acao-plantio-meio-ambiente\/","og_site_name":"SEMCOM","article_published_time":"2025-06-06T21:20:58+00:00","article_modified_time":"2025-06-06T21:21:00+00:00","og_image":[{"width":960,"height":1280,"url":"https:\/\/www.manaus.am.gov.br\/semcom\/wp-content\/uploads\/sites\/5\/2025\/06\/Prefeitura-de-Manaus-realiza-plantio-em-comemoracao-ao-Dia-Mundial-do-Meio-Ambiente-no-bairro-Compensa-3.jpg","type":"image\/jpeg"}],"author":"bvalente","twitter_card":"summary_large_image","twitter_misc":{"Written by":"bvalente","Est. reading time":"2 minutos"},"schema":{"@context":"https:\/\/schema.org","@graph":[{"@type":"WebPage","@id":"https:\/\/www.manaus.am.gov.br\/semcom\/acao-plantio-meio-ambiente\/","url":"https:\/\/www.manaus.am.gov.br\/semcom\/acao-plantio-meio-ambiente\/","name":"Prefeitura de Manaus realiza plantio em comemora\u00e7\u00e3o ao Dia Mundial do Meio Ambiente no bairro Compensa","isPartOf":{"@id":"https:\/\/www.manaus.am.gov.br\/semcom\/#website"},"primaryImageOfPage":{"@id":"https:\/\/www.manaus.am.gov.br\/semcom\/acao-plantio-meio-ambiente\/#primaryimage"},"image":{"@id":"https:\/\/www.manaus.am.gov.br\/semcom\/acao-plantio-meio-ambiente\/#primaryimage"},"thumbnailUrl":"https:\/\/www.manaus.am.gov.br\/semcom\/wp-content\/uploads\/sites\/5\/2025\/06\/Prefeitura-de-Manaus-realiza-plantio-em-comemoracao-ao-Dia-Mundial-do-Meio-Ambiente-no-bairro-Compensa-3.jpg","datePublished":"2025-06-06T21:20:58+00:00","dateModified":"2025-06-06T21:21:00+00:00","author":{"@id":"https:\/\/www.manaus.am.gov.br\/semcom\/#\/schema\/person\/466a0e03ae4b6062809046bd560ac955"},"description":"A Prefeitura de Manaus, por meio do Fundo Manaus Solid\u00e1ria (FMS), e da Secretaria Municipal de Meio Ambiente, Sustentabilidade e Mudan\u00e7a do Clima (Semmasclima), promoveu uma a\u00e7\u00e3o de plantio de mudas nativas na Lagoa do Bombeamento, no bairro Compensa, zona Oeste. A iniciativa, que faz parte do \u201cJunho Verde\u201d, refor\u00e7a o compromisso da gest\u00e3o municipal com pr\u00e1ticas sustent\u00e1veis e inclus\u00e3o social.","inLanguage":"pt-BR","potentialAction":[{"@type":"ReadAction","target":["https:\/\/www.manaus.am.gov.br\/semcom\/acao-plantio-meio-ambiente\/"]}]},{"@type":"ImageObject","inLanguage":"pt-BR","@id":"https:\/\/www.manaus.am.gov.br\/semcom\/acao-plantio-meio-ambiente\/#primaryimage","url":"https:\/\/www.manaus.am.gov.br\/semcom\/wp-content\/uploads\/sites\/5\/2025\/06\/Prefeitura-de-Manaus-realiza-plantio-em-comemoracao-ao-Dia-Mundial-do-Meio-Ambiente-no-bairro-Compensa-3.jpg","contentUrl":"https:\/\/www.manaus.am.gov.br\/semcom\/wp-content\/uploads\/sites\/5\/2025\/06\/Prefeitura-de-Manaus-realiza-plantio-em-comemoracao-ao-Dia-Mundial-do-Meio-Ambiente-no-bairro-Compensa-3.jpg","width":960,"height":1280},{"@type":"WebSite","@id":"https:\/\/www.manaus.am.gov.br\/semcom\/#website","url":"https:\/\/www.manaus.am.gov.br\/semcom\/","name":"SEMCOM","description":"Secretaria Municipal de Comunica\u00e7\u00e3o","potentialAction":[{"@type":"SearchAction","target":{"@type":"EntryPoint","urlTemplate":"https:\/\/www.manaus.am.gov.br\/semcom\/?s={search_term_string}"},"query-input":"required name=search_term_string"}],"inLanguage":"pt-BR"},{"@type":"Person","@id":"https:\/\/www.manaus.am.gov.br\/semcom\/#\/schema\/person\/466a0e03ae4b6062809046bd560ac955","name":"bvalente","image":{"@type":"ImageObject","inLanguage":"pt-BR","@id":"https:\/\/www.manaus.am.gov.br\/semcom\/#\/schema\/person\/image\/","url":"https:\/\/secure.gravatar.com\/avatar\/3e69bc2b014bdad41adfec3a39de07d2?s=96&d=mm&r=g","contentUrl":"https:\/\/secure.gravatar.com\/avatar\/3e69bc2b014bdad41adfec3a39de07d2?s=96&d=mm&r=g","caption":"bvalente"}}]}},"_links":{"self":[{"href":"https:\/\/www.manaus.am.gov.br\/semcom\/wp-json\/wp\/v2\/posts\/240361"}],"collection":[{"href":"https:\/\/www.manaus.am.gov.br\/semcom\/wp-json\/wp\/v2\/posts"}],"about":[{"href":"https:\/\/www.manaus.am.gov.br\/semcom\/wp-json\/wp\/v2\/types\/post"}],"author":[{"embeddable":true,"href":"https:\/\/www.manaus.am.gov.br\/semcom\/wp-json\/wp\/v2\/users\/68"}],"replies":[{"embeddable":true,"href":"https:\/\/www.manaus.am.gov.br\/semcom\/wp-json\/wp\/v2\/comments?post=240361"}],"version-history":[{"count":0,"href":"https:\/\/www.manaus.am.gov.br\/semcom\/wp-json\/wp\/v2\/posts\/240361\/revisions"}],"wp:featuredmedia":[{"embeddable":true,"href":"https:\/\/www.manaus.am.gov.br\/semcom\/wp-json\/wp\/v2\/media\/240362"}],"wp:attachment":[{"href":"https:\/\/www.manaus.am.gov.br\/semcom\/wp-json\/wp\/v2\/media?parent=240361"}],"wp:term":[{"taxonomy":"category","embeddable":true,"href":"https:\/\/www.manaus.am.gov.br\/semcom\/wp-json\/wp\/v2\/categories?post=240361"},{"taxonomy":"post_tag","embeddable":true,"href":"https:\/\/www.manaus.am.gov.br\/semcom\/wp-json\/wp\/v2\/tags?post=240361"}],"curies":[{"name":"wp","href":"https:\/\/api.w.org\/{rel}","templated":true}]}}