{"id":240299,"date":"2025-06-05T19:45:58","date_gmt":"2025-06-05T22:45:58","guid":{"rendered":"https:\/\/www.manaus.am.gov.br\/semcom\/prorrogacao-do-divida-zero\/"},"modified":"2025-06-05T19:45:59","modified_gmt":"2025-06-05T22:45:59","slug":"prorrogacao-do-divida-zero","status":"publish","type":"post","link":"https:\/\/www.manaus.am.gov.br\/semcom\/prorrogacao-do-divida-zero\/","title":{"rendered":"Prefeito David Almeida anuncia prorroga\u00e7\u00e3o do D\u00edvida Zero at\u00e9 30 de agosto e amplia oportunidade para regulariza\u00e7\u00e3o fiscal em Manaus"},"content":{"rendered":"\n<p>O prefeito de Manaus, David Almeida, anunciou, nesta quinta-feira, 5\/6, a prorroga\u00e7\u00e3o do programa D\u00edvida Zero at\u00e9 o dia 30 de agosto. A medida visa ampliar o prazo para que os contribuintes regularizem seus d\u00e9bitos com o munic\u00edpio, aproveitando condi\u00e7\u00f5es excepcionais de renegocia\u00e7\u00e3o.<\/p>\n\n\n\n<p>Ao lado do secret\u00e1rio-chefe da Casa Civil, Marcos Rotta, e do procurador-geral do Munic\u00edpio, Rafael Bertazzo, o prefeito refor\u00e7ou o car\u00e1ter social e econ\u00f4mico da iniciativa. \u201cEstamos dando mais uma oportunidade para que o cidad\u00e3o manauara possa quitar suas d\u00edvidas, com at\u00e9 100% de desconto em juros e multas, e condi\u00e7\u00f5es facilitadas de parcelamento em at\u00e9 60 vezes. \u00c9 uma chance de ouro para ficar em dia com a cidade e ajudar no desenvolvimento de Manaus\u201d, afirmou David Almeida.<\/p>\n\n\n\n<p>O programa D\u00edvida Zero, lan\u00e7ado em mar\u00e7o deste ano, j\u00e1 permitiu que milhares de contribuintes renegociassem suas pend\u00eancias com a prefeitura, injetando recursos importantes na economia local e fortalecendo a capacidade de investimento do munic\u00edpio em \u00e1reas essenciais como sa\u00fade, educa\u00e7\u00e3o e infraestrutura.<\/p>\n\n\n\n<p>De acordo com o procurador-geral Rafael Bertazzo, a prorroga\u00e7\u00e3o \u00e9 uma resposta direta \u00e0 grande procura da popula\u00e7\u00e3o e \u00e0 efetividade do programa. \u201cO D\u00edvida Zero tem mostrado resultados concretos, tanto na ades\u00e3o massiva dos contribuintes quanto na recupera\u00e7\u00e3o da capacidade de arrecada\u00e7\u00e3o do munic\u00edpio. Nossa miss\u00e3o \u00e9 garantir que o contribuinte tenha todas as ferramentas para regularizar sua situa\u00e7\u00e3o de forma justa e acess\u00edvel\u201d, destacou.<\/p>\n\n\n\n<p>A ades\u00e3o ao programa pode ser feita por meio do site oficial da Prefeitura de Manaus, onde o contribuinte poder\u00e1 consultar os d\u00e9bitos e simular as condi\u00e7\u00f5es de pagamento. Os descontos de 100% em juros e multas s\u00e3o v\u00e1lidos para pagamentos \u00e0 vista, mas tamb\u00e9m h\u00e1 a possibilidade de parcelamento em at\u00e9 60 meses, de acordo com o perfil da d\u00edvida.<\/p>\n\n\n\n<p>Com a prorroga\u00e7\u00e3o at\u00e9 30 de agosto, a gest\u00e3o David Almeida reafirma o compromisso com a recupera\u00e7\u00e3o fiscal respons\u00e1vel e com o fortalecimento do pacto entre a prefeitura e os cidad\u00e3os. \u00c9 mais uma a\u00e7\u00e3o estrat\u00e9gica que une justi\u00e7a tribut\u00e1ria, responsabilidade fiscal e respeito \u00e0 popula\u00e7\u00e3o.<\/p>\n\n\n\n<p>\u2014 \u2014 \u2014<br><strong>Texto &#8211; <\/strong>Emanuelle Baires\/Semcom<br><strong>Fotos &#8211; <\/strong>Dhyeizo Lemos\/Semcom<\/p>\n","protected":false},"excerpt":{"rendered":"","protected":false},"author":68,"featured_media":240300,"comment_status":"closed","ping_status":"closed","sticky":false,"template":"","format":"standard","meta":{"footnotes":""},"categories":[722],"tags":[35,15234,77],"acf":[],"yoast_head":"<!-- This site is optimized with the Yoast SEO plugin v23.0 - https:\/\/yoast.com\/wordpress\/plugins\/seo\/ -->\n<title>Prefeito David Almeida anuncia prorroga\u00e7\u00e3o do D\u00edvida Zero at\u00e9 30 de agosto e amplia oportunidade para regulariza\u00e7\u00e3o fiscal em Manaus<\/title>\n<meta name=\"description\" content=\"O prefeito de Manaus, David Almeida, anunciou, nesta quinta-feira, 5\/6, a prorroga\u00e7\u00e3o do programa D\u00edvida Zero at\u00e9 o dia 30 de agosto. A medida visa ampliar o prazo para que os contribuintes regularizem seus d\u00e9bitos com o munic\u00edpio, aproveitando condi\u00e7\u00f5es excepcionais de renegocia\u00e7\u00e3o.\" \/>\n<meta name=\"robots\" content=\"index, follow, max-snippet:-1, max-image-preview:large, max-video-preview:-1\" \/>\n<link rel=\"canonical\" href=\"https:\/\/www.manaus.am.gov.br\/semcom\/prorrogacao-do-divida-zero\/\" \/>\n<meta property=\"og:locale\" content=\"pt_BR\" \/>\n<meta property=\"og:type\" content=\"article\" \/>\n<meta property=\"og:title\" content=\"Prefeito David Almeida anuncia prorroga\u00e7\u00e3o do D\u00edvida Zero at\u00e9 30 de agosto e amplia oportunidade para regulariza\u00e7\u00e3o fiscal em Manaus\" \/>\n<meta property=\"og:description\" content=\"O prefeito de Manaus, David Almeida, anunciou, nesta quinta-feira, 5\/6, a prorroga\u00e7\u00e3o do programa D\u00edvida Zero at\u00e9 o dia 30 de agosto. A medida visa ampliar o prazo para que os contribuintes regularizem seus d\u00e9bitos com o munic\u00edpio, aproveitando condi\u00e7\u00f5es excepcionais de renegocia\u00e7\u00e3o.\" \/>\n<meta property=\"og:url\" content=\"https:\/\/www.manaus.am.gov.br\/semcom\/prorrogacao-do-divida-zero\/\" \/>\n<meta property=\"og:site_name\" content=\"SEMCOM\" \/>\n<meta property=\"article:published_time\" content=\"2025-06-05T22:45:58+00:00\" \/>\n<meta property=\"article:modified_time\" content=\"2025-06-05T22:45:59+00:00\" \/>\n<meta property=\"og:image\" content=\"https:\/\/www.manaus.am.gov.br\/semcom\/wp-content\/uploads\/sites\/5\/2025\/06\/WhatsApp-Image-2025-06-05-at-18.43.16.jpeg\" \/>\n\t<meta property=\"og:image:width\" content=\"4160\" \/>\n\t<meta property=\"og:image:height\" content=\"2773\" \/>\n\t<meta property=\"og:image:type\" content=\"image\/jpeg\" \/>\n<meta name=\"author\" content=\"bvalente\" \/>\n<meta name=\"twitter:card\" content=\"summary_large_image\" \/>\n<meta name=\"twitter:label1\" content=\"Written by\" \/>\n\t<meta name=\"twitter:data1\" content=\"bvalente\" \/>\n\t<meta name=\"twitter:label2\" content=\"Est. reading time\" \/>\n\t<meta name=\"twitter:data2\" content=\"3 minutos\" \/>\n<script type=\"application\/ld+json\" class=\"yoast-schema-graph\">{\"@context\":\"https:\/\/schema.org\",\"@graph\":[{\"@type\":\"WebPage\",\"@id\":\"https:\/\/www.manaus.am.gov.br\/semcom\/prorrogacao-do-divida-zero\/\",\"url\":\"https:\/\/www.manaus.am.gov.br\/semcom\/prorrogacao-do-divida-zero\/\",\"name\":\"Prefeito David Almeida anuncia prorroga\u00e7\u00e3o do D\u00edvida Zero at\u00e9 30 de agosto e amplia oportunidade para regulariza\u00e7\u00e3o fiscal em Manaus\",\"isPartOf\":{\"@id\":\"https:\/\/www.manaus.am.gov.br\/semcom\/#website\"},\"primaryImageOfPage\":{\"@id\":\"https:\/\/www.manaus.am.gov.br\/semcom\/prorrogacao-do-divida-zero\/#primaryimage\"},\"image\":{\"@id\":\"https:\/\/www.manaus.am.gov.br\/semcom\/prorrogacao-do-divida-zero\/#primaryimage\"},\"thumbnailUrl\":\"https:\/\/www.manaus.am.gov.br\/semcom\/wp-content\/uploads\/sites\/5\/2025\/06\/WhatsApp-Image-2025-06-05-at-18.43.16.jpeg\",\"datePublished\":\"2025-06-05T22:45:58+00:00\",\"dateModified\":\"2025-06-05T22:45:59+00:00\",\"author\":{\"@id\":\"https:\/\/www.manaus.am.gov.br\/semcom\/#\/schema\/person\/466a0e03ae4b6062809046bd560ac955\"},\"description\":\"O prefeito de Manaus, David Almeida, anunciou, nesta quinta-feira, 5\/6, a prorroga\u00e7\u00e3o do programa D\u00edvida Zero at\u00e9 o dia 30 de agosto. A medida visa ampliar o prazo para que os contribuintes regularizem seus d\u00e9bitos com o munic\u00edpio, aproveitando condi\u00e7\u00f5es excepcionais de renegocia\u00e7\u00e3o.\",\"inLanguage\":\"pt-BR\",\"potentialAction\":[{\"@type\":\"ReadAction\",\"target\":[\"https:\/\/www.manaus.am.gov.br\/semcom\/prorrogacao-do-divida-zero\/\"]}]},{\"@type\":\"ImageObject\",\"inLanguage\":\"pt-BR\",\"@id\":\"https:\/\/www.manaus.am.gov.br\/semcom\/prorrogacao-do-divida-zero\/#primaryimage\",\"url\":\"https:\/\/www.manaus.am.gov.br\/semcom\/wp-content\/uploads\/sites\/5\/2025\/06\/WhatsApp-Image-2025-06-05-at-18.43.16.jpeg\",\"contentUrl\":\"https:\/\/www.manaus.am.gov.br\/semcom\/wp-content\/uploads\/sites\/5\/2025\/06\/WhatsApp-Image-2025-06-05-at-18.43.16.jpeg\",\"width\":4160,\"height\":2773},{\"@type\":\"WebSite\",\"@id\":\"https:\/\/www.manaus.am.gov.br\/semcom\/#website\",\"url\":\"https:\/\/www.manaus.am.gov.br\/semcom\/\",\"name\":\"SEMCOM\",\"description\":\"Secretaria Municipal de Comunica\u00e7\u00e3o\",\"potentialAction\":[{\"@type\":\"SearchAction\",\"target\":{\"@type\":\"EntryPoint\",\"urlTemplate\":\"https:\/\/www.manaus.am.gov.br\/semcom\/?s={search_term_string}\"},\"query-input\":\"required name=search_term_string\"}],\"inLanguage\":\"pt-BR\"},{\"@type\":\"Person\",\"@id\":\"https:\/\/www.manaus.am.gov.br\/semcom\/#\/schema\/person\/466a0e03ae4b6062809046bd560ac955\",\"name\":\"bvalente\",\"image\":{\"@type\":\"ImageObject\",\"inLanguage\":\"pt-BR\",\"@id\":\"https:\/\/www.manaus.am.gov.br\/semcom\/#\/schema\/person\/image\/\",\"url\":\"https:\/\/secure.gravatar.com\/avatar\/3e69bc2b014bdad41adfec3a39de07d2?s=96&d=mm&r=g\",\"contentUrl\":\"https:\/\/secure.gravatar.com\/avatar\/3e69bc2b014bdad41adfec3a39de07d2?s=96&d=mm&r=g\",\"caption\":\"bvalente\"}}]}<\/script>\n<!-- \/ Yoast SEO plugin. -->","yoast_head_json":{"title":"Prefeito David Almeida anuncia prorroga\u00e7\u00e3o do D\u00edvida Zero at\u00e9 30 de agosto e amplia oportunidade para regulariza\u00e7\u00e3o fiscal em Manaus","description":"O prefeito de Manaus, David Almeida, anunciou, nesta quinta-feira, 5\/6, a prorroga\u00e7\u00e3o do programa D\u00edvida Zero at\u00e9 o dia 30 de agosto. A medida visa ampliar o prazo para que os contribuintes regularizem seus d\u00e9bitos com o munic\u00edpio, aproveitando condi\u00e7\u00f5es excepcionais de renegocia\u00e7\u00e3o.","robots":{"index":"index","follow":"follow","max-snippet":"max-snippet:-1","max-image-preview":"max-image-preview:large","max-video-preview":"max-video-preview:-1"},"canonical":"https:\/\/www.manaus.am.gov.br\/semcom\/prorrogacao-do-divida-zero\/","og_locale":"pt_BR","og_type":"article","og_title":"Prefeito David Almeida anuncia prorroga\u00e7\u00e3o do D\u00edvida Zero at\u00e9 30 de agosto e amplia oportunidade para regulariza\u00e7\u00e3o fiscal em Manaus","og_description":"O prefeito de Manaus, David Almeida, anunciou, nesta quinta-feira, 5\/6, a prorroga\u00e7\u00e3o do programa D\u00edvida Zero at\u00e9 o dia 30 de agosto. A medida visa ampliar o prazo para que os contribuintes regularizem seus d\u00e9bitos com o munic\u00edpio, aproveitando condi\u00e7\u00f5es excepcionais de renegocia\u00e7\u00e3o.","og_url":"https:\/\/www.manaus.am.gov.br\/semcom\/prorrogacao-do-divida-zero\/","og_site_name":"SEMCOM","article_published_time":"2025-06-05T22:45:58+00:00","article_modified_time":"2025-06-05T22:45:59+00:00","og_image":[{"width":4160,"height":2773,"url":"https:\/\/www.manaus.am.gov.br\/semcom\/wp-content\/uploads\/sites\/5\/2025\/06\/WhatsApp-Image-2025-06-05-at-18.43.16.jpeg","type":"image\/jpeg"}],"author":"bvalente","twitter_card":"summary_large_image","twitter_misc":{"Written by":"bvalente","Est. reading time":"3 minutos"},"schema":{"@context":"https:\/\/schema.org","@graph":[{"@type":"WebPage","@id":"https:\/\/www.manaus.am.gov.br\/semcom\/prorrogacao-do-divida-zero\/","url":"https:\/\/www.manaus.am.gov.br\/semcom\/prorrogacao-do-divida-zero\/","name":"Prefeito David Almeida anuncia prorroga\u00e7\u00e3o do D\u00edvida Zero at\u00e9 30 de agosto e amplia oportunidade para regulariza\u00e7\u00e3o fiscal em Manaus","isPartOf":{"@id":"https:\/\/www.manaus.am.gov.br\/semcom\/#website"},"primaryImageOfPage":{"@id":"https:\/\/www.manaus.am.gov.br\/semcom\/prorrogacao-do-divida-zero\/#primaryimage"},"image":{"@id":"https:\/\/www.manaus.am.gov.br\/semcom\/prorrogacao-do-divida-zero\/#primaryimage"},"thumbnailUrl":"https:\/\/www.manaus.am.gov.br\/semcom\/wp-content\/uploads\/sites\/5\/2025\/06\/WhatsApp-Image-2025-06-05-at-18.43.16.jpeg","datePublished":"2025-06-05T22:45:58+00:00","dateModified":"2025-06-05T22:45:59+00:00","author":{"@id":"https:\/\/www.manaus.am.gov.br\/semcom\/#\/schema\/person\/466a0e03ae4b6062809046bd560ac955"},"description":"O prefeito de Manaus, David Almeida, anunciou, nesta quinta-feira, 5\/6, a prorroga\u00e7\u00e3o do programa D\u00edvida Zero at\u00e9 o dia 30 de agosto. A medida visa ampliar o prazo para que os contribuintes regularizem seus d\u00e9bitos com o munic\u00edpio, aproveitando condi\u00e7\u00f5es excepcionais de renegocia\u00e7\u00e3o.","inLanguage":"pt-BR","potentialAction":[{"@type":"ReadAction","target":["https:\/\/www.manaus.am.gov.br\/semcom\/prorrogacao-do-divida-zero\/"]}]},{"@type":"ImageObject","inLanguage":"pt-BR","@id":"https:\/\/www.manaus.am.gov.br\/semcom\/prorrogacao-do-divida-zero\/#primaryimage","url":"https:\/\/www.manaus.am.gov.br\/semcom\/wp-content\/uploads\/sites\/5\/2025\/06\/WhatsApp-Image-2025-06-05-at-18.43.16.jpeg","contentUrl":"https:\/\/www.manaus.am.gov.br\/semcom\/wp-content\/uploads\/sites\/5\/2025\/06\/WhatsApp-Image-2025-06-05-at-18.43.16.jpeg","width":4160,"height":2773},{"@type":"WebSite","@id":"https:\/\/www.manaus.am.gov.br\/semcom\/#website","url":"https:\/\/www.manaus.am.gov.br\/semcom\/","name":"SEMCOM","description":"Secretaria Municipal de Comunica\u00e7\u00e3o","potentialAction":[{"@type":"SearchAction","target":{"@type":"EntryPoint","urlTemplate":"https:\/\/www.manaus.am.gov.br\/semcom\/?s={search_term_string}"},"query-input":"required name=search_term_string"}],"inLanguage":"pt-BR"},{"@type":"Person","@id":"https:\/\/www.manaus.am.gov.br\/semcom\/#\/schema\/person\/466a0e03ae4b6062809046bd560ac955","name":"bvalente","image":{"@type":"ImageObject","inLanguage":"pt-BR","@id":"https:\/\/www.manaus.am.gov.br\/semcom\/#\/schema\/person\/image\/","url":"https:\/\/secure.gravatar.com\/avatar\/3e69bc2b014bdad41adfec3a39de07d2?s=96&d=mm&r=g","contentUrl":"https:\/\/secure.gravatar.com\/avatar\/3e69bc2b014bdad41adfec3a39de07d2?s=96&d=mm&r=g","caption":"bvalente"}}]}},"_links":{"self":[{"href":"https:\/\/www.manaus.am.gov.br\/semcom\/wp-json\/wp\/v2\/posts\/240299"}],"collection":[{"href":"https:\/\/www.manaus.am.gov.br\/semcom\/wp-json\/wp\/v2\/posts"}],"about":[{"href":"https:\/\/www.manaus.am.gov.br\/semcom\/wp-json\/wp\/v2\/types\/post"}],"author":[{"embeddable":true,"href":"https:\/\/www.manaus.am.gov.br\/semcom\/wp-json\/wp\/v2\/users\/68"}],"replies":[{"embeddable":true,"href":"https:\/\/www.manaus.am.gov.br\/semcom\/wp-json\/wp\/v2\/comments?post=240299"}],"version-history":[{"count":0,"href":"https:\/\/www.manaus.am.gov.br\/semcom\/wp-json\/wp\/v2\/posts\/240299\/revisions"}],"wp:featuredmedia":[{"embeddable":true,"href":"https:\/\/www.manaus.am.gov.br\/semcom\/wp-json\/wp\/v2\/media\/240300"}],"wp:attachment":[{"href":"https:\/\/www.manaus.am.gov.br\/semcom\/wp-json\/wp\/v2\/media?parent=240299"}],"wp:term":[{"taxonomy":"category","embeddable":true,"href":"https:\/\/www.manaus.am.gov.br\/semcom\/wp-json\/wp\/v2\/categories?post=240299"},{"taxonomy":"post_tag","embeddable":true,"href":"https:\/\/www.manaus.am.gov.br\/semcom\/wp-json\/wp\/v2\/tags?post=240299"}],"curies":[{"name":"wp","href":"https:\/\/api.w.org\/{rel}","templated":true}]}}