{"id":240293,"date":"2025-06-05T18:50:28","date_gmt":"2025-06-05T21:50:28","guid":{"rendered":"https:\/\/www.manaus.am.gov.br\/semcom\/campanha-e-meu-por-direito\/"},"modified":"2025-06-05T18:50:29","modified_gmt":"2025-06-05T21:50:29","slug":"campanha-e-meu-por-direito","status":"publish","type":"post","link":"https:\/\/www.manaus.am.gov.br\/semcom\/campanha-e-meu-por-direito\/","title":{"rendered":"Prefeito David Almeida abre campanha \u2018\u00c9 Meu por Direito\u2019 para apoiar v\u00edtimas de descontos indevidos no INSS"},"content":{"rendered":"\n<p>O prefeito de Manaus, David Almeida, realizou, nesta quinta-feira, 5\/6, a abertura da campanha \u201c\u00c9 Meu por Direito\u201d, que oferece orienta\u00e7\u00e3o e apoio jur\u00eddico gratuito a aposentados e benefici\u00e1rios do INSS que foram v\u00edtimas de descontos indevidos em seus benef\u00edcios. A a\u00e7\u00e3o acontece nos dias 5 e 6 de junho, das 10h \u00e0s 22h, no shopping Suma\u00fama, zona Norte da cidade.<\/p>\n\n\n\n<p>Idealizada pela Prefeitura de Manaus, por meio do Servi\u00e7o de Atendimento e Prote\u00e7\u00e3o ao Consumidor (Procon Manaus) e da Secretaria Municipal da Mulher, Assist\u00eancia Social e Cidadania (Semasc), a iniciativa conta com o apoio da Ordem dos Advogados do Brasil \u2013 Seccional Amazonas (OAB-AM), da Defensoria P\u00fablica do Estado (DPE-AM) e da equipe do programa ProComunal.<\/p>\n\n\n\n<p>Durante o lan\u00e7amento, David Almeida esteve ao lado do vice-prefeito Renato Junior, dialogando com os cidad\u00e3os e acompanhando de perto o atendimento \u00e0s v\u00edtimas.<\/p>\n\n\n\n<p>\u201cEstamos aqui no shopping Suma\u00fama para garantir dignidade e justi\u00e7a a quem trabalhou a vida inteira. Com as equipes da prefeitura, da OAB e da Defensoria P\u00fablica, estamos oferecendo orienta\u00e7\u00e3o gratuita para as pessoas prejudicadas por descontos indevidos no INSS. Essa \u00e9 uma resposta direta ao pedido do nosso amigo Valdir Corr\u00eaa e um compromisso da nossa gest\u00e3o com quem mais precisa. O que \u00e9 do povo, \u00e9 sagrado e precisa ser respeitado\u201d, afirmou o prefeito.<\/p>\n\n\n\n<p>A campanha j\u00e1 registrou grande procura nas primeiras horas. Segundo a chefe de Divis\u00e3o de Atendimento do Procon Manaus, Alessandra Coutinho, mais de 100 pessoas foram atendidas na manh\u00e3 do primeiro dia, demonstrando a necessidade urgente da a\u00e7\u00e3o.<\/p>\n\n\n\n<p>\u201cTemos equipes especializadas em v\u00e1rios pontos do shopping, prestando atendimento jur\u00eddico, orientando sobre como recuperar os valores descontados e tirando d\u00favidas da popula\u00e7\u00e3o. A estrutura est\u00e1 pronta para acolher e orientar quem precisa\u201d, explicou Alessandra Coutinho.<\/p>\n\n\n\n<p><strong>Onde e como ser atendido<\/strong><\/p>\n\n\n\n<p>Os atendimentos acontecem presencialmente no shopping Suma\u00fama, localizado na avenida Noel Nutels, 1.762 \u2013 Cidade Nova, zona Norte, nos dias 5 e 6 de junho, das 10h \u00e0s 22h.<\/p>\n\n\n\n<p>Para ser atendido, \u00e9 necess\u00e1rio apresentar: Documento oficial com foto (RG, CNH, Carteira de Trabalho Digital, OAB, Carteira do Idoso ou da Pessoa com Defici\u00eancia); CPF; Comprovante de resid\u00eancia; Extrato de pagamento de benef\u00edcio, dispon\u00edvel no aplicativo \u201cMeu INSS\u201d ou presencialmente mediante agendamento pelo telefone 135.<\/p>\n\n\n\n<p>A campanha \u201c\u00c9 Meu por Direito\u201d refor\u00e7a o compromisso do prefeito David Almeida com a defesa dos direitos dos aposentados, pensionistas e benefici\u00e1rios do BPC, promovendo acesso \u00e0 informa\u00e7\u00e3o, justi\u00e7a e cidadania em Manaus.<\/p>\n\n\n\n<p><strong>\u2014 \u2014 \u2014<\/strong><br><strong>Texto &#8211; <\/strong>Emanuelle Baires\/Semcom<br><strong>Fotos &#8211; <\/strong>Carlos Oliveira\/Vice-prefeitura<\/p>\n","protected":false},"excerpt":{"rendered":"","protected":false},"author":68,"featured_media":240294,"comment_status":"closed","ping_status":"closed","sticky":false,"template":"","format":"standard","meta":{"footnotes":""},"categories":[1785],"tags":[35,15231,77],"acf":[],"yoast_head":"<!-- This site is optimized with the Yoast SEO plugin v23.0 - https:\/\/yoast.com\/wordpress\/plugins\/seo\/ -->\n<title>Prefeito David Almeida abre campanha \u2018\u00c9 Meu por Direito\u2019 para apoiar v\u00edtimas de descontos indevidos no INSS<\/title>\n<meta name=\"description\" content=\"O prefeito de Manaus, David Almeida, realizou, nesta quinta-feira, 5\/6, a abertura da campanha \u201c\u00c9 Meu por Direito\u201d, que oferece orienta\u00e7\u00e3o e apoio jur\u00eddico gratuito a aposentados e benefici\u00e1rios do INSS que foram v\u00edtimas de descontos indevidos em seus benef\u00edcios. A a\u00e7\u00e3o acontece nos dias 5 e 6 de junho, das 10h \u00e0s 22h, no shopping Suma\u00fama, zona Norte da cidade.\" \/>\n<meta name=\"robots\" content=\"index, follow, max-snippet:-1, max-image-preview:large, max-video-preview:-1\" \/>\n<link rel=\"canonical\" href=\"https:\/\/www.manaus.am.gov.br\/semcom\/campanha-e-meu-por-direito\/\" \/>\n<meta property=\"og:locale\" content=\"pt_BR\" \/>\n<meta property=\"og:type\" content=\"article\" \/>\n<meta property=\"og:title\" content=\"Prefeito David Almeida abre campanha \u2018\u00c9 Meu por Direito\u2019 para apoiar v\u00edtimas de descontos indevidos no INSS\" \/>\n<meta property=\"og:description\" content=\"O prefeito de Manaus, David Almeida, realizou, nesta quinta-feira, 5\/6, a abertura da campanha \u201c\u00c9 Meu por Direito\u201d, que oferece orienta\u00e7\u00e3o e apoio jur\u00eddico gratuito a aposentados e benefici\u00e1rios do INSS que foram v\u00edtimas de descontos indevidos em seus benef\u00edcios. A a\u00e7\u00e3o acontece nos dias 5 e 6 de junho, das 10h \u00e0s 22h, no shopping Suma\u00fama, zona Norte da cidade.\" \/>\n<meta property=\"og:url\" content=\"https:\/\/www.manaus.am.gov.br\/semcom\/campanha-e-meu-por-direito\/\" \/>\n<meta property=\"og:site_name\" content=\"SEMCOM\" \/>\n<meta property=\"article:published_time\" content=\"2025-06-05T21:50:28+00:00\" \/>\n<meta property=\"article:modified_time\" content=\"2025-06-05T21:50:29+00:00\" \/>\n<meta property=\"og:image\" content=\"https:\/\/www.manaus.am.gov.br\/semcom\/wp-content\/uploads\/sites\/5\/2025\/06\/WhatsApp-Image-2025-06-05-at-16.31.15.jpeg\" \/>\n\t<meta property=\"og:image:width\" content=\"4160\" \/>\n\t<meta property=\"og:image:height\" content=\"2773\" \/>\n\t<meta property=\"og:image:type\" content=\"image\/jpeg\" \/>\n<meta name=\"author\" content=\"bvalente\" \/>\n<meta name=\"twitter:card\" content=\"summary_large_image\" \/>\n<meta name=\"twitter:label1\" content=\"Written by\" \/>\n\t<meta name=\"twitter:data1\" content=\"bvalente\" \/>\n\t<meta name=\"twitter:label2\" content=\"Est. reading time\" \/>\n\t<meta name=\"twitter:data2\" content=\"3 minutos\" \/>\n<script type=\"application\/ld+json\" class=\"yoast-schema-graph\">{\"@context\":\"https:\/\/schema.org\",\"@graph\":[{\"@type\":\"WebPage\",\"@id\":\"https:\/\/www.manaus.am.gov.br\/semcom\/campanha-e-meu-por-direito\/\",\"url\":\"https:\/\/www.manaus.am.gov.br\/semcom\/campanha-e-meu-por-direito\/\",\"name\":\"Prefeito David Almeida abre campanha \u2018\u00c9 Meu por Direito\u2019 para apoiar v\u00edtimas de descontos indevidos no INSS\",\"isPartOf\":{\"@id\":\"https:\/\/www.manaus.am.gov.br\/semcom\/#website\"},\"primaryImageOfPage\":{\"@id\":\"https:\/\/www.manaus.am.gov.br\/semcom\/campanha-e-meu-por-direito\/#primaryimage\"},\"image\":{\"@id\":\"https:\/\/www.manaus.am.gov.br\/semcom\/campanha-e-meu-por-direito\/#primaryimage\"},\"thumbnailUrl\":\"https:\/\/www.manaus.am.gov.br\/semcom\/wp-content\/uploads\/sites\/5\/2025\/06\/WhatsApp-Image-2025-06-05-at-16.31.15.jpeg\",\"datePublished\":\"2025-06-05T21:50:28+00:00\",\"dateModified\":\"2025-06-05T21:50:29+00:00\",\"author\":{\"@id\":\"https:\/\/www.manaus.am.gov.br\/semcom\/#\/schema\/person\/466a0e03ae4b6062809046bd560ac955\"},\"description\":\"O prefeito de Manaus, David Almeida, realizou, nesta quinta-feira, 5\/6, a abertura da campanha \u201c\u00c9 Meu por Direito\u201d, que oferece orienta\u00e7\u00e3o e apoio jur\u00eddico gratuito a aposentados e benefici\u00e1rios do INSS que foram v\u00edtimas de descontos indevidos em seus benef\u00edcios. A a\u00e7\u00e3o acontece nos dias 5 e 6 de junho, das 10h \u00e0s 22h, no shopping Suma\u00fama, zona Norte da cidade.\",\"inLanguage\":\"pt-BR\",\"potentialAction\":[{\"@type\":\"ReadAction\",\"target\":[\"https:\/\/www.manaus.am.gov.br\/semcom\/campanha-e-meu-por-direito\/\"]}]},{\"@type\":\"ImageObject\",\"inLanguage\":\"pt-BR\",\"@id\":\"https:\/\/www.manaus.am.gov.br\/semcom\/campanha-e-meu-por-direito\/#primaryimage\",\"url\":\"https:\/\/www.manaus.am.gov.br\/semcom\/wp-content\/uploads\/sites\/5\/2025\/06\/WhatsApp-Image-2025-06-05-at-16.31.15.jpeg\",\"contentUrl\":\"https:\/\/www.manaus.am.gov.br\/semcom\/wp-content\/uploads\/sites\/5\/2025\/06\/WhatsApp-Image-2025-06-05-at-16.31.15.jpeg\",\"width\":4160,\"height\":2773},{\"@type\":\"WebSite\",\"@id\":\"https:\/\/www.manaus.am.gov.br\/semcom\/#website\",\"url\":\"https:\/\/www.manaus.am.gov.br\/semcom\/\",\"name\":\"SEMCOM\",\"description\":\"Secretaria Municipal de Comunica\u00e7\u00e3o\",\"potentialAction\":[{\"@type\":\"SearchAction\",\"target\":{\"@type\":\"EntryPoint\",\"urlTemplate\":\"https:\/\/www.manaus.am.gov.br\/semcom\/?s={search_term_string}\"},\"query-input\":\"required name=search_term_string\"}],\"inLanguage\":\"pt-BR\"},{\"@type\":\"Person\",\"@id\":\"https:\/\/www.manaus.am.gov.br\/semcom\/#\/schema\/person\/466a0e03ae4b6062809046bd560ac955\",\"name\":\"bvalente\",\"image\":{\"@type\":\"ImageObject\",\"inLanguage\":\"pt-BR\",\"@id\":\"https:\/\/www.manaus.am.gov.br\/semcom\/#\/schema\/person\/image\/\",\"url\":\"https:\/\/secure.gravatar.com\/avatar\/3e69bc2b014bdad41adfec3a39de07d2?s=96&d=mm&r=g\",\"contentUrl\":\"https:\/\/secure.gravatar.com\/avatar\/3e69bc2b014bdad41adfec3a39de07d2?s=96&d=mm&r=g\",\"caption\":\"bvalente\"}}]}<\/script>\n<!-- \/ Yoast SEO plugin. -->","yoast_head_json":{"title":"Prefeito David Almeida abre campanha \u2018\u00c9 Meu por Direito\u2019 para apoiar v\u00edtimas de descontos indevidos no INSS","description":"O prefeito de Manaus, David Almeida, realizou, nesta quinta-feira, 5\/6, a abertura da campanha \u201c\u00c9 Meu por Direito\u201d, que oferece orienta\u00e7\u00e3o e apoio jur\u00eddico gratuito a aposentados e benefici\u00e1rios do INSS que foram v\u00edtimas de descontos indevidos em seus benef\u00edcios. A a\u00e7\u00e3o acontece nos dias 5 e 6 de junho, das 10h \u00e0s 22h, no shopping Suma\u00fama, zona Norte da cidade.","robots":{"index":"index","follow":"follow","max-snippet":"max-snippet:-1","max-image-preview":"max-image-preview:large","max-video-preview":"max-video-preview:-1"},"canonical":"https:\/\/www.manaus.am.gov.br\/semcom\/campanha-e-meu-por-direito\/","og_locale":"pt_BR","og_type":"article","og_title":"Prefeito David Almeida abre campanha \u2018\u00c9 Meu por Direito\u2019 para apoiar v\u00edtimas de descontos indevidos no INSS","og_description":"O prefeito de Manaus, David Almeida, realizou, nesta quinta-feira, 5\/6, a abertura da campanha \u201c\u00c9 Meu por Direito\u201d, que oferece orienta\u00e7\u00e3o e apoio jur\u00eddico gratuito a aposentados e benefici\u00e1rios do INSS que foram v\u00edtimas de descontos indevidos em seus benef\u00edcios. A a\u00e7\u00e3o acontece nos dias 5 e 6 de junho, das 10h \u00e0s 22h, no shopping Suma\u00fama, zona Norte da cidade.","og_url":"https:\/\/www.manaus.am.gov.br\/semcom\/campanha-e-meu-por-direito\/","og_site_name":"SEMCOM","article_published_time":"2025-06-05T21:50:28+00:00","article_modified_time":"2025-06-05T21:50:29+00:00","og_image":[{"width":4160,"height":2773,"url":"https:\/\/www.manaus.am.gov.br\/semcom\/wp-content\/uploads\/sites\/5\/2025\/06\/WhatsApp-Image-2025-06-05-at-16.31.15.jpeg","type":"image\/jpeg"}],"author":"bvalente","twitter_card":"summary_large_image","twitter_misc":{"Written by":"bvalente","Est. reading time":"3 minutos"},"schema":{"@context":"https:\/\/schema.org","@graph":[{"@type":"WebPage","@id":"https:\/\/www.manaus.am.gov.br\/semcom\/campanha-e-meu-por-direito\/","url":"https:\/\/www.manaus.am.gov.br\/semcom\/campanha-e-meu-por-direito\/","name":"Prefeito David Almeida abre campanha \u2018\u00c9 Meu por Direito\u2019 para apoiar v\u00edtimas de descontos indevidos no INSS","isPartOf":{"@id":"https:\/\/www.manaus.am.gov.br\/semcom\/#website"},"primaryImageOfPage":{"@id":"https:\/\/www.manaus.am.gov.br\/semcom\/campanha-e-meu-por-direito\/#primaryimage"},"image":{"@id":"https:\/\/www.manaus.am.gov.br\/semcom\/campanha-e-meu-por-direito\/#primaryimage"},"thumbnailUrl":"https:\/\/www.manaus.am.gov.br\/semcom\/wp-content\/uploads\/sites\/5\/2025\/06\/WhatsApp-Image-2025-06-05-at-16.31.15.jpeg","datePublished":"2025-06-05T21:50:28+00:00","dateModified":"2025-06-05T21:50:29+00:00","author":{"@id":"https:\/\/www.manaus.am.gov.br\/semcom\/#\/schema\/person\/466a0e03ae4b6062809046bd560ac955"},"description":"O prefeito de Manaus, David Almeida, realizou, nesta quinta-feira, 5\/6, a abertura da campanha \u201c\u00c9 Meu por Direito\u201d, que oferece orienta\u00e7\u00e3o e apoio jur\u00eddico gratuito a aposentados e benefici\u00e1rios do INSS que foram v\u00edtimas de descontos indevidos em seus benef\u00edcios. A a\u00e7\u00e3o acontece nos dias 5 e 6 de junho, das 10h \u00e0s 22h, no shopping Suma\u00fama, zona Norte da cidade.","inLanguage":"pt-BR","potentialAction":[{"@type":"ReadAction","target":["https:\/\/www.manaus.am.gov.br\/semcom\/campanha-e-meu-por-direito\/"]}]},{"@type":"ImageObject","inLanguage":"pt-BR","@id":"https:\/\/www.manaus.am.gov.br\/semcom\/campanha-e-meu-por-direito\/#primaryimage","url":"https:\/\/www.manaus.am.gov.br\/semcom\/wp-content\/uploads\/sites\/5\/2025\/06\/WhatsApp-Image-2025-06-05-at-16.31.15.jpeg","contentUrl":"https:\/\/www.manaus.am.gov.br\/semcom\/wp-content\/uploads\/sites\/5\/2025\/06\/WhatsApp-Image-2025-06-05-at-16.31.15.jpeg","width":4160,"height":2773},{"@type":"WebSite","@id":"https:\/\/www.manaus.am.gov.br\/semcom\/#website","url":"https:\/\/www.manaus.am.gov.br\/semcom\/","name":"SEMCOM","description":"Secretaria Municipal de Comunica\u00e7\u00e3o","potentialAction":[{"@type":"SearchAction","target":{"@type":"EntryPoint","urlTemplate":"https:\/\/www.manaus.am.gov.br\/semcom\/?s={search_term_string}"},"query-input":"required name=search_term_string"}],"inLanguage":"pt-BR"},{"@type":"Person","@id":"https:\/\/www.manaus.am.gov.br\/semcom\/#\/schema\/person\/466a0e03ae4b6062809046bd560ac955","name":"bvalente","image":{"@type":"ImageObject","inLanguage":"pt-BR","@id":"https:\/\/www.manaus.am.gov.br\/semcom\/#\/schema\/person\/image\/","url":"https:\/\/secure.gravatar.com\/avatar\/3e69bc2b014bdad41adfec3a39de07d2?s=96&d=mm&r=g","contentUrl":"https:\/\/secure.gravatar.com\/avatar\/3e69bc2b014bdad41adfec3a39de07d2?s=96&d=mm&r=g","caption":"bvalente"}}]}},"_links":{"self":[{"href":"https:\/\/www.manaus.am.gov.br\/semcom\/wp-json\/wp\/v2\/posts\/240293"}],"collection":[{"href":"https:\/\/www.manaus.am.gov.br\/semcom\/wp-json\/wp\/v2\/posts"}],"about":[{"href":"https:\/\/www.manaus.am.gov.br\/semcom\/wp-json\/wp\/v2\/types\/post"}],"author":[{"embeddable":true,"href":"https:\/\/www.manaus.am.gov.br\/semcom\/wp-json\/wp\/v2\/users\/68"}],"replies":[{"embeddable":true,"href":"https:\/\/www.manaus.am.gov.br\/semcom\/wp-json\/wp\/v2\/comments?post=240293"}],"version-history":[{"count":0,"href":"https:\/\/www.manaus.am.gov.br\/semcom\/wp-json\/wp\/v2\/posts\/240293\/revisions"}],"wp:featuredmedia":[{"embeddable":true,"href":"https:\/\/www.manaus.am.gov.br\/semcom\/wp-json\/wp\/v2\/media\/240294"}],"wp:attachment":[{"href":"https:\/\/www.manaus.am.gov.br\/semcom\/wp-json\/wp\/v2\/media?parent=240293"}],"wp:term":[{"taxonomy":"category","embeddable":true,"href":"https:\/\/www.manaus.am.gov.br\/semcom\/wp-json\/wp\/v2\/categories?post=240293"},{"taxonomy":"post_tag","embeddable":true,"href":"https:\/\/www.manaus.am.gov.br\/semcom\/wp-json\/wp\/v2\/tags?post=240293"}],"curies":[{"name":"wp","href":"https:\/\/api.w.org\/{rel}","templated":true}]}}