{"id":240283,"date":"2025-06-05T17:59:19","date_gmt":"2025-06-05T20:59:19","guid":{"rendered":"https:\/\/www.manaus.am.gov.br\/semcom\/mutirao-no-bairro-tancredo-neves\/"},"modified":"2025-06-05T17:59:21","modified_gmt":"2025-06-05T20:59:21","slug":"mutirao-no-bairro-tancredo-neves","status":"publish","type":"post","link":"https:\/\/www.manaus.am.gov.br\/semcom\/mutirao-no-bairro-tancredo-neves\/","title":{"rendered":"Prefeito David Almeida lan\u00e7a &#8220;Mutir\u00e3o no Bairro&#8221; no Tancredo Neves e refor\u00e7a presen\u00e7a do poder p\u00fablico nas comunidades"},"content":{"rendered":"\n<p>A Prefeitura de Manaus deu in\u00edcio, nesta quinta-feira, 5\/6, \u00e0 quarta edi\u00e7\u00e3o do programa \u201cMutir\u00e3o no Bairro\u201d, com foco no Tancredo Neves, zona Leste da capital. A a\u00e7\u00e3o, coordenada pelo prefeito David Almeida, re\u00fane mais de 380 servidores e oito \u00f3rg\u00e3os municipais para promover, de forma integrada, mais de 50 servi\u00e7os essenciais nas \u00e1reas de infraestrutura, ordenamento urbano, tr\u00e2nsito, ilumina\u00e7\u00e3o p\u00fablica, limpeza, gera\u00e7\u00e3o de emprego, sa\u00fade e assist\u00eancia social.<\/p>\n\n\n\n<p>Durante o lan\u00e7amento da iniciativa, o prefeito destacou a import\u00e2ncia da presen\u00e7a direta do poder p\u00fablico nos bairros da cidade.<\/p>\n\n\n\n<p>\u201cAqui no Tancredo Neves e entorno s\u00e3o 229 ruas. Identificamos 89 que necessitam de recupera\u00e7\u00e3o asf\u00e1ltica e tapa-buracos. Vamos entrar com esses servi\u00e7os, al\u00e9m de limpeza p\u00fablica, poda de \u00e1rvores, e aproveitando que estaremos aqui, voc\u00ea, morador, aproveite para limpar seu terreno e colocar os inserv\u00edveis e lixo na frente da sua casa para que possamos realizar a coleta e destina\u00e7\u00e3o correta\u201d, afirmou David Almeida.<\/p>\n\n\n\n<p>Al\u00e9m das a\u00e7\u00f5es de infraestrutura, o mutir\u00e3o contempla sinaliza\u00e7\u00e3o vi\u00e1ria, pintura de meio-fio, recupera\u00e7\u00e3o de cal\u00e7adas e oferta de vagas de emprego por meio do Sine Manaus. Segundo o prefeito, os trabalhos devem ser conclu\u00eddos em dez dias.<\/p>\n\n\n\n<p>\u201cEstamos aproveitando o fim do per\u00edodo de chuvas para antecipar o ver\u00e3o, previsto para julho, e acelerar os investimentos em infraestrutura e servi\u00e7os b\u00e1sicos nos bairros. O que antes era obriga\u00e7\u00e3o do cidad\u00e3o ir at\u00e9 a prefeitura, agora \u00e9 a prefeitura que vem at\u00e9 a porta do cidad\u00e3o, n\u00e3o apenas com os servi\u00e7os que mencionei, mas tamb\u00e9m com atendimento em sa\u00fade e assist\u00eancia social. \u00c9 dessa forma que fazemos gest\u00e3o: com escuta ativa, presen\u00e7a e a\u00e7\u00e3o concreta\u201d, completou.<\/p>\n\n\n\n<p>Participam da opera\u00e7\u00e3o as secretarias municipais de Infraestrutura (Seminf), Limpeza Urbana (Semulsp), Agricultura e Com\u00e9rcio (Semacc), Trabalho e Empreendedorismo (Semtepi), al\u00e9m do Instituto Municipal de Mobilidade Urbana (IMMU), Fundo Manaus Solid\u00e1ria (FMS) e as Unidades Gestoras Municipais de Abastecimento de Energia e \u00c1gua (UGPM Energia e UGPM \u00c1gua).<\/p>\n\n\n\n<p>O vice-prefeito e titular da Seminf, Renato Junior, refor\u00e7ou o compromisso da gest\u00e3o municipal com as comunidades da zona Leste.<\/p>\n\n\n\n<p>\u201cVamos permanecer por dez dias aqui no Tancredo Neves e comunidades vizinhas, Novo Reino, Nova Conquista, S\u00e3o Lucas, Nova Floresta. Mapeamos 229 ruas e, dessas, 89 precisam de recupera\u00e7\u00e3o com tapa-buracos. Nessas vias, faremos tamb\u00e9m sinaliza\u00e7\u00e3o, ilumina\u00e7\u00e3o p\u00fablica, limpeza e servi\u00e7os sociais. A ideia \u00e9 simples: colocar a prefeitura dentro das comunidades, resolver os problemas e servir de verdade o povo.\u201d<\/p>\n\n\n\n<p>A mobiliza\u00e7\u00e3o no Tancredo Neves tamb\u00e9m contou com a presen\u00e7a do senador Omar Aziz, que reconheceu a dimens\u00e3o do trabalho executado pela Prefeitura de Manaus.<\/p>\n\n\n\n<p>\u201cEssa \u00e1rea que est\u00e1 sendo atendida agora \u2014 Tancredo 1 e 2, S\u00e3o Lucas, Novo Reino, Nova Floresta, Nova Conquista \u2014 tem mais habitantes que 98% dos munic\u00edpios do interior do Amazonas. \u00c9 maior do que Parintins, Tef\u00e9, e s\u00f3 perde para Manacapuru. Isso mostra o tamanho da responsabilidade que a Prefeitura de Manaus est\u00e1 assumindo. Estamos falando de uma popula\u00e7\u00e3o que enfrenta desafios hist\u00f3ricos, e \u00e9 aqui que o poder p\u00fablico tem que estar presente. Por isso, quero parabenizar o prefeito David Almeida pela sensibilidade, pelo compromisso com quem mais precisa e por essa a\u00e7\u00e3o concreta de cuidado com a cidade. Pode contar comigo e com o senador Eduardo Braga para colocar mais recursos \u00e0 disposi\u00e7\u00e3o de Manaus. Esse \u00e9 o nosso dever.\u201d<\/p>\n\n\n\n<p>Segundo o senador, o mutir\u00e3o vai al\u00e9m da infraestrutura, alcan\u00e7ando tamb\u00e9m a sa\u00fade e a qualidade de vida da popula\u00e7\u00e3o.<\/p>\n\n\n\n<p>\u201cQuando se faz limpeza, coleta de entulhos, poda de \u00e1rvores e remo\u00e7\u00e3o de criadouros, tamb\u00e9m se est\u00e1 cuidando da sa\u00fade p\u00fablica. Isso \u00e9 gest\u00e3o respons\u00e1vel, \u00e9 entender que a cidade come\u00e7a onde o povo est\u00e1. As cr\u00edticas sempre vir\u00e3o, mas a resposta est\u00e1 nas a\u00e7\u00f5es como essa. Parab\u00e9ns, David!\u201d.<\/p>\n\n\n\n<p>Com resultados positivos em bairros como Alvorada, Mutir\u00e3o e Col\u00f4nia Ant\u00f4nio Aleixo, o programa \u201cMutir\u00e3o no Bairro\u201d se consolida como uma pol\u00edtica p\u00fablica de transforma\u00e7\u00e3o urbana e social. A gest\u00e3o David Almeida segue avan\u00e7ando com a\u00e7\u00f5es pr\u00e1ticas, planejamento t\u00e9cnico e compromisso com quem mais precisa.<\/p>\n\n\n\n<p>&#8212; &#8212; &#8212;<\/p>\n\n\n\n<p><strong>Texto &#8211;<\/strong> Emanuelle Baires \/ Semcom e Alessandra Taveira \/ Vice-Prefeito<\/p>\n\n\n\n<p><strong>Fotos &#8211;<\/strong> Dhyeizo Lemos \/ Semcom e Carlos Oliveira \/ Vice-Prefeito<\/p>\n\n\n\n<p><strong>Dispon\u00edveis em \u2013 <a href=\"https:\/\/flic.kr\/s\/aHBqjCgTt8\">https:\/\/flic.kr\/s\/aHBqjCgTt8<\/a><\/strong><\/p>\n","protected":false},"excerpt":{"rendered":"","protected":false},"author":57,"featured_media":240284,"comment_status":"closed","ping_status":"closed","sticky":false,"template":"","format":"standard","meta":{"footnotes":""},"categories":[2504],"tags":[15228,77,33],"acf":[],"yoast_head":"<!-- This site is optimized with the Yoast SEO plugin v23.0 - https:\/\/yoast.com\/wordpress\/plugins\/seo\/ -->\n<title>David Almeida lan\u00e7a &quot;Mutir\u00e3o no Bairro&quot; no Tancredo Neves<\/title>\n<meta name=\"description\" content=\"A Prefeitura de Manaus deu in\u00edcio, nesta quinta-feira, 5\/6, \u00e0 quarta edi\u00e7\u00e3o do programa \u201cMutir\u00e3o no Bairro\u201d, com foco no Tancredo Neves.\" \/>\n<meta name=\"robots\" content=\"index, follow, max-snippet:-1, max-image-preview:large, max-video-preview:-1\" \/>\n<link rel=\"canonical\" href=\"https:\/\/www.manaus.am.gov.br\/semcom\/mutirao-no-bairro-tancredo-neves\/\" \/>\n<meta property=\"og:locale\" content=\"pt_BR\" \/>\n<meta property=\"og:type\" content=\"article\" \/>\n<meta property=\"og:title\" content=\"David Almeida lan\u00e7a &quot;Mutir\u00e3o no Bairro&quot; no Tancredo Neves\" \/>\n<meta property=\"og:description\" content=\"A Prefeitura de Manaus deu in\u00edcio, nesta quinta-feira, 5\/6, \u00e0 quarta edi\u00e7\u00e3o do programa \u201cMutir\u00e3o no Bairro\u201d, com foco no Tancredo Neves.\" \/>\n<meta property=\"og:url\" content=\"https:\/\/www.manaus.am.gov.br\/semcom\/mutirao-no-bairro-tancredo-neves\/\" \/>\n<meta property=\"og:site_name\" content=\"SEMCOM\" \/>\n<meta property=\"article:published_time\" content=\"2025-06-05T20:59:19+00:00\" \/>\n<meta property=\"article:modified_time\" content=\"2025-06-05T20:59:21+00:00\" \/>\n<meta property=\"og:image\" content=\"https:\/\/www.manaus.am.gov.br\/semcom\/wp-content\/uploads\/sites\/5\/2025\/06\/Mutirao-no-Bairro-no-Tancredo-Neves-1.jpg\" \/>\n\t<meta property=\"og:image:width\" content=\"799\" \/>\n\t<meta property=\"og:image:height\" content=\"533\" \/>\n\t<meta property=\"og:image:type\" content=\"image\/jpeg\" \/>\n<meta name=\"author\" content=\"Thiago Fernando\" \/>\n<meta name=\"twitter:card\" content=\"summary_large_image\" \/>\n<meta name=\"twitter:label1\" content=\"Written by\" \/>\n\t<meta name=\"twitter:data1\" content=\"Thiago Fernando\" \/>\n\t<meta name=\"twitter:label2\" content=\"Est. reading time\" \/>\n\t<meta name=\"twitter:data2\" content=\"4 minutos\" \/>\n<script type=\"application\/ld+json\" class=\"yoast-schema-graph\">{\"@context\":\"https:\/\/schema.org\",\"@graph\":[{\"@type\":\"WebPage\",\"@id\":\"https:\/\/www.manaus.am.gov.br\/semcom\/mutirao-no-bairro-tancredo-neves\/\",\"url\":\"https:\/\/www.manaus.am.gov.br\/semcom\/mutirao-no-bairro-tancredo-neves\/\",\"name\":\"David Almeida lan\u00e7a \\\"Mutir\u00e3o no Bairro\\\" no Tancredo Neves\",\"isPartOf\":{\"@id\":\"https:\/\/www.manaus.am.gov.br\/semcom\/#website\"},\"primaryImageOfPage\":{\"@id\":\"https:\/\/www.manaus.am.gov.br\/semcom\/mutirao-no-bairro-tancredo-neves\/#primaryimage\"},\"image\":{\"@id\":\"https:\/\/www.manaus.am.gov.br\/semcom\/mutirao-no-bairro-tancredo-neves\/#primaryimage\"},\"thumbnailUrl\":\"https:\/\/www.manaus.am.gov.br\/semcom\/wp-content\/uploads\/sites\/5\/2025\/06\/Mutirao-no-Bairro-no-Tancredo-Neves-1.jpg\",\"datePublished\":\"2025-06-05T20:59:19+00:00\",\"dateModified\":\"2025-06-05T20:59:21+00:00\",\"author\":{\"@id\":\"https:\/\/www.manaus.am.gov.br\/semcom\/#\/schema\/person\/a5ee5376db6e21af026374b369f30882\"},\"description\":\"A Prefeitura de Manaus deu in\u00edcio, nesta quinta-feira, 5\/6, \u00e0 quarta edi\u00e7\u00e3o do programa \u201cMutir\u00e3o no Bairro\u201d, com foco no Tancredo Neves.\",\"inLanguage\":\"pt-BR\",\"potentialAction\":[{\"@type\":\"ReadAction\",\"target\":[\"https:\/\/www.manaus.am.gov.br\/semcom\/mutirao-no-bairro-tancredo-neves\/\"]}]},{\"@type\":\"ImageObject\",\"inLanguage\":\"pt-BR\",\"@id\":\"https:\/\/www.manaus.am.gov.br\/semcom\/mutirao-no-bairro-tancredo-neves\/#primaryimage\",\"url\":\"https:\/\/www.manaus.am.gov.br\/semcom\/wp-content\/uploads\/sites\/5\/2025\/06\/Mutirao-no-Bairro-no-Tancredo-Neves-1.jpg\",\"contentUrl\":\"https:\/\/www.manaus.am.gov.br\/semcom\/wp-content\/uploads\/sites\/5\/2025\/06\/Mutirao-no-Bairro-no-Tancredo-Neves-1.jpg\",\"width\":799,\"height\":533,\"caption\":\"Mutir\u00e3o no Bairro no Tancredo Neves\"},{\"@type\":\"WebSite\",\"@id\":\"https:\/\/www.manaus.am.gov.br\/semcom\/#website\",\"url\":\"https:\/\/www.manaus.am.gov.br\/semcom\/\",\"name\":\"SEMCOM\",\"description\":\"Secretaria Municipal de Comunica\u00e7\u00e3o\",\"potentialAction\":[{\"@type\":\"SearchAction\",\"target\":{\"@type\":\"EntryPoint\",\"urlTemplate\":\"https:\/\/www.manaus.am.gov.br\/semcom\/?s={search_term_string}\"},\"query-input\":\"required name=search_term_string\"}],\"inLanguage\":\"pt-BR\"},{\"@type\":\"Person\",\"@id\":\"https:\/\/www.manaus.am.gov.br\/semcom\/#\/schema\/person\/a5ee5376db6e21af026374b369f30882\",\"name\":\"Thiago Fernando\",\"image\":{\"@type\":\"ImageObject\",\"inLanguage\":\"pt-BR\",\"@id\":\"https:\/\/www.manaus.am.gov.br\/semcom\/#\/schema\/person\/image\/\",\"url\":\"https:\/\/secure.gravatar.com\/avatar\/f5aab8722444041451501c077052ac07?s=96&d=mm&r=g\",\"contentUrl\":\"https:\/\/secure.gravatar.com\/avatar\/f5aab8722444041451501c077052ac07?s=96&d=mm&r=g\",\"caption\":\"Thiago Fernando\"}}]}<\/script>\n<!-- \/ Yoast SEO plugin. -->","yoast_head_json":{"title":"David Almeida lan\u00e7a \"Mutir\u00e3o no Bairro\" no Tancredo Neves","description":"A Prefeitura de Manaus deu in\u00edcio, nesta quinta-feira, 5\/6, \u00e0 quarta edi\u00e7\u00e3o do programa \u201cMutir\u00e3o no Bairro\u201d, com foco no Tancredo Neves.","robots":{"index":"index","follow":"follow","max-snippet":"max-snippet:-1","max-image-preview":"max-image-preview:large","max-video-preview":"max-video-preview:-1"},"canonical":"https:\/\/www.manaus.am.gov.br\/semcom\/mutirao-no-bairro-tancredo-neves\/","og_locale":"pt_BR","og_type":"article","og_title":"David Almeida lan\u00e7a \"Mutir\u00e3o no Bairro\" no Tancredo Neves","og_description":"A Prefeitura de Manaus deu in\u00edcio, nesta quinta-feira, 5\/6, \u00e0 quarta edi\u00e7\u00e3o do programa \u201cMutir\u00e3o no Bairro\u201d, com foco no Tancredo Neves.","og_url":"https:\/\/www.manaus.am.gov.br\/semcom\/mutirao-no-bairro-tancredo-neves\/","og_site_name":"SEMCOM","article_published_time":"2025-06-05T20:59:19+00:00","article_modified_time":"2025-06-05T20:59:21+00:00","og_image":[{"width":799,"height":533,"url":"https:\/\/www.manaus.am.gov.br\/semcom\/wp-content\/uploads\/sites\/5\/2025\/06\/Mutirao-no-Bairro-no-Tancredo-Neves-1.jpg","type":"image\/jpeg"}],"author":"Thiago Fernando","twitter_card":"summary_large_image","twitter_misc":{"Written by":"Thiago Fernando","Est. reading time":"4 minutos"},"schema":{"@context":"https:\/\/schema.org","@graph":[{"@type":"WebPage","@id":"https:\/\/www.manaus.am.gov.br\/semcom\/mutirao-no-bairro-tancredo-neves\/","url":"https:\/\/www.manaus.am.gov.br\/semcom\/mutirao-no-bairro-tancredo-neves\/","name":"David Almeida lan\u00e7a \"Mutir\u00e3o no Bairro\" no Tancredo Neves","isPartOf":{"@id":"https:\/\/www.manaus.am.gov.br\/semcom\/#website"},"primaryImageOfPage":{"@id":"https:\/\/www.manaus.am.gov.br\/semcom\/mutirao-no-bairro-tancredo-neves\/#primaryimage"},"image":{"@id":"https:\/\/www.manaus.am.gov.br\/semcom\/mutirao-no-bairro-tancredo-neves\/#primaryimage"},"thumbnailUrl":"https:\/\/www.manaus.am.gov.br\/semcom\/wp-content\/uploads\/sites\/5\/2025\/06\/Mutirao-no-Bairro-no-Tancredo-Neves-1.jpg","datePublished":"2025-06-05T20:59:19+00:00","dateModified":"2025-06-05T20:59:21+00:00","author":{"@id":"https:\/\/www.manaus.am.gov.br\/semcom\/#\/schema\/person\/a5ee5376db6e21af026374b369f30882"},"description":"A Prefeitura de Manaus deu in\u00edcio, nesta quinta-feira, 5\/6, \u00e0 quarta edi\u00e7\u00e3o do programa \u201cMutir\u00e3o no Bairro\u201d, com foco no Tancredo Neves.","inLanguage":"pt-BR","potentialAction":[{"@type":"ReadAction","target":["https:\/\/www.manaus.am.gov.br\/semcom\/mutirao-no-bairro-tancredo-neves\/"]}]},{"@type":"ImageObject","inLanguage":"pt-BR","@id":"https:\/\/www.manaus.am.gov.br\/semcom\/mutirao-no-bairro-tancredo-neves\/#primaryimage","url":"https:\/\/www.manaus.am.gov.br\/semcom\/wp-content\/uploads\/sites\/5\/2025\/06\/Mutirao-no-Bairro-no-Tancredo-Neves-1.jpg","contentUrl":"https:\/\/www.manaus.am.gov.br\/semcom\/wp-content\/uploads\/sites\/5\/2025\/06\/Mutirao-no-Bairro-no-Tancredo-Neves-1.jpg","width":799,"height":533,"caption":"Mutir\u00e3o no Bairro no Tancredo Neves"},{"@type":"WebSite","@id":"https:\/\/www.manaus.am.gov.br\/semcom\/#website","url":"https:\/\/www.manaus.am.gov.br\/semcom\/","name":"SEMCOM","description":"Secretaria Municipal de Comunica\u00e7\u00e3o","potentialAction":[{"@type":"SearchAction","target":{"@type":"EntryPoint","urlTemplate":"https:\/\/www.manaus.am.gov.br\/semcom\/?s={search_term_string}"},"query-input":"required name=search_term_string"}],"inLanguage":"pt-BR"},{"@type":"Person","@id":"https:\/\/www.manaus.am.gov.br\/semcom\/#\/schema\/person\/a5ee5376db6e21af026374b369f30882","name":"Thiago Fernando","image":{"@type":"ImageObject","inLanguage":"pt-BR","@id":"https:\/\/www.manaus.am.gov.br\/semcom\/#\/schema\/person\/image\/","url":"https:\/\/secure.gravatar.com\/avatar\/f5aab8722444041451501c077052ac07?s=96&d=mm&r=g","contentUrl":"https:\/\/secure.gravatar.com\/avatar\/f5aab8722444041451501c077052ac07?s=96&d=mm&r=g","caption":"Thiago Fernando"}}]}},"_links":{"self":[{"href":"https:\/\/www.manaus.am.gov.br\/semcom\/wp-json\/wp\/v2\/posts\/240283"}],"collection":[{"href":"https:\/\/www.manaus.am.gov.br\/semcom\/wp-json\/wp\/v2\/posts"}],"about":[{"href":"https:\/\/www.manaus.am.gov.br\/semcom\/wp-json\/wp\/v2\/types\/post"}],"author":[{"embeddable":true,"href":"https:\/\/www.manaus.am.gov.br\/semcom\/wp-json\/wp\/v2\/users\/57"}],"replies":[{"embeddable":true,"href":"https:\/\/www.manaus.am.gov.br\/semcom\/wp-json\/wp\/v2\/comments?post=240283"}],"version-history":[{"count":0,"href":"https:\/\/www.manaus.am.gov.br\/semcom\/wp-json\/wp\/v2\/posts\/240283\/revisions"}],"wp:featuredmedia":[{"embeddable":true,"href":"https:\/\/www.manaus.am.gov.br\/semcom\/wp-json\/wp\/v2\/media\/240284"}],"wp:attachment":[{"href":"https:\/\/www.manaus.am.gov.br\/semcom\/wp-json\/wp\/v2\/media?parent=240283"}],"wp:term":[{"taxonomy":"category","embeddable":true,"href":"https:\/\/www.manaus.am.gov.br\/semcom\/wp-json\/wp\/v2\/categories?post=240283"},{"taxonomy":"post_tag","embeddable":true,"href":"https:\/\/www.manaus.am.gov.br\/semcom\/wp-json\/wp\/v2\/tags?post=240283"}],"curies":[{"name":"wp","href":"https:\/\/api.w.org\/{rel}","templated":true}]}}