{"id":240270,"date":"2025-06-05T17:15:29","date_gmt":"2025-06-05T20:15:29","guid":{"rendered":"https:\/\/www.manaus.am.gov.br\/semcom\/turismo-manaus\/"},"modified":"2025-06-05T17:16:03","modified_gmt":"2025-06-05T20:16:03","slug":"turismo-manaus","status":"publish","type":"post","link":"https:\/\/www.manaus.am.gov.br\/semcom\/turismo-manaus\/","title":{"rendered":"Prefeitura de Manaus planeja ocupa\u00e7\u00e3o da Sala do Turismo no mirante L\u00facia Almeida com foco em neg\u00f3cios e promo\u00e7\u00e3o do destino"},"content":{"rendered":"\n<p><br>A Prefeitura de Manaus, por meio da Funda\u00e7\u00e3o Municipal de Cultura, Turismo e Eventos (ManausCult), por interm\u00e9dio da Diretoria de Turismo, realizou, na manh\u00e3 desta quinta-feira, 5\/6, no audit\u00f3rio do mirante L\u00facia Almeida, uma reuni\u00e3o de planejamento para a ocupa\u00e7\u00e3o da nova Sala do Turismo no local. O espa\u00e7o ser\u00e1 destinado \u00e0s associa\u00e7\u00f5es de classe do setor tur\u00edstico, com o objetivo de fortalecer a promo\u00e7\u00e3o do destino Manaus e fomentar a gera\u00e7\u00e3o de neg\u00f3cios e networking.<br><br>A proposta \u00e9 que o ambiente funcione como um ponto de apoio para que entidades representativas do trade tur\u00edstico como ag\u00eancias, hot\u00e9is, restaurantes e guias de turismo possam promover a cidade, receber clientes, firmar parcerias, al\u00e9m de contar com suporte institucional e consultoria especializada. O espa\u00e7o tamb\u00e9m ir\u00e1 colaborar com o atendimento aos visitantes do mirante L\u00facia Almeida, servindo como vitrine das potencialidades da capital amazonense.<br><br>Para o diretor-presidente da ManausCult, Jender Lobato, a iniciativa representa um passo importante na pol\u00edtica de valoriza\u00e7\u00e3o do setor. \u201cTratar o turismo como vetor de desenvolvimento econ\u00f4mico \u00e9 essencial. A cria\u00e7\u00e3o de um espa\u00e7o como esse, dentro de um dos nossos principais pontos tur\u00edsticos, refor\u00e7a nosso compromisso com a promo\u00e7\u00e3o de Manaus e com o fortalecimento das entidades que atuam no setor\u201d, afirmou.<br><br>Presente na reuni\u00e3o, a vice-presidente de Turismo da ManausCult, Oreni Braga, destacou que a articula\u00e7\u00e3o com as associa\u00e7\u00f5es \u00e9 fundamental para que a Sala do Turismo funcione de forma colaborativa e estrat\u00e9gica.<br><br>\u201cEstamos alinhando os objetivos e a finalidade desse espa\u00e7o para garantir que ele seja efetivamente um bir\u00f4 de neg\u00f3cios. Nosso foco \u00e9 gerar resultados concretos para o turismo da cidade, promovendo Manaus como destino, apoiando os profissionais do setor e atraindo cada vez mais visitantes\u201d, explicou.<br><br>Em breve ser\u00e1 firmado um termo de permiss\u00e3o de uso com as entidades participantes, e a inaugura\u00e7\u00e3o oficial do espa\u00e7o dever\u00e1 ocorrer nas pr\u00f3ximas semanas.<br><br>A Sala do Turismo tem como miss\u00e3o central promover e divulgar o destino Manaus, atrair visitantes, apoiar o desenvolvimento das empresas do setor e contribuir para o crescimento sustent\u00e1vel da atividade tur\u00edstica na cidade. Com isso, espera-se o fortalecimento da economia local, a gera\u00e7\u00e3o de empregos e a melhoria da qualidade de vida da popula\u00e7\u00e3o.<br><br>\u2014 \u2014 \u2014<br><strong>Texto &#8211; <\/strong>J\u00e9ssica Trajano \/ ManausCult<br><strong>Fotos &#8211; <\/strong>Divulga\u00e7\u00e3o \/ ManausCult<\/p>\n","protected":false},"excerpt":{"rendered":"","protected":false},"author":68,"featured_media":240271,"comment_status":"closed","ping_status":"closed","sticky":false,"template":"","format":"standard","meta":{"footnotes":""},"categories":[50],"tags":[307,77,15225],"acf":[],"yoast_head":"<!-- This site is optimized with the Yoast SEO plugin v23.0 - https:\/\/yoast.com\/wordpress\/plugins\/seo\/ -->\n<title>Prefeitura de Manaus planeja ocupa\u00e7\u00e3o da Sala do Turismo no mirante L\u00facia Almeida com foco em neg\u00f3cios e promo\u00e7\u00e3o do destino<\/title>\n<meta name=\"description\" content=\"A Prefeitura de Manaus, por meio da Funda\u00e7\u00e3o Municipal de Cultura, Turismo e Eventos (ManausCult), por interm\u00e9dio da Diretoria de Turismo, realizou, na manh\u00e3 desta quinta-feira, 5\/6, no audit\u00f3rio do mirante L\u00facia Almeida, uma reuni\u00e3o de planejamento para a ocupa\u00e7\u00e3o da nova Sala do Turismo no local.\" \/>\n<meta name=\"robots\" content=\"index, follow, max-snippet:-1, max-image-preview:large, max-video-preview:-1\" \/>\n<link rel=\"canonical\" href=\"https:\/\/www.manaus.am.gov.br\/semcom\/turismo-manaus\/\" \/>\n<meta property=\"og:locale\" content=\"pt_BR\" \/>\n<meta property=\"og:type\" content=\"article\" \/>\n<meta property=\"og:title\" content=\"Prefeitura de Manaus planeja ocupa\u00e7\u00e3o da Sala do Turismo no mirante L\u00facia Almeida com foco em neg\u00f3cios e promo\u00e7\u00e3o do destino\" \/>\n<meta property=\"og:description\" content=\"A Prefeitura de Manaus, por meio da Funda\u00e7\u00e3o Municipal de Cultura, Turismo e Eventos (ManausCult), por interm\u00e9dio da Diretoria de Turismo, realizou, na manh\u00e3 desta quinta-feira, 5\/6, no audit\u00f3rio do mirante L\u00facia Almeida, uma reuni\u00e3o de planejamento para a ocupa\u00e7\u00e3o da nova Sala do Turismo no local.\" \/>\n<meta property=\"og:url\" content=\"https:\/\/www.manaus.am.gov.br\/semcom\/turismo-manaus\/\" \/>\n<meta property=\"og:site_name\" content=\"SEMCOM\" \/>\n<meta property=\"article:published_time\" content=\"2025-06-05T20:15:29+00:00\" \/>\n<meta property=\"article:modified_time\" content=\"2025-06-05T20:16:03+00:00\" \/>\n<meta property=\"og:image\" content=\"https:\/\/www.manaus.am.gov.br\/semcom\/wp-content\/uploads\/sites\/5\/2025\/06\/57965065-6b9d-4036-927d-c35c0e0666a8.jpeg\" \/>\n\t<meta property=\"og:image:width\" content=\"4032\" \/>\n\t<meta property=\"og:image:height\" content=\"3024\" \/>\n\t<meta property=\"og:image:type\" content=\"image\/jpeg\" \/>\n<meta name=\"author\" content=\"bvalente\" \/>\n<meta name=\"twitter:card\" content=\"summary_large_image\" \/>\n<meta name=\"twitter:label1\" content=\"Written by\" \/>\n\t<meta name=\"twitter:data1\" content=\"bvalente\" \/>\n\t<meta name=\"twitter:label2\" content=\"Est. reading time\" \/>\n\t<meta name=\"twitter:data2\" content=\"3 minutos\" \/>\n<script type=\"application\/ld+json\" class=\"yoast-schema-graph\">{\"@context\":\"https:\/\/schema.org\",\"@graph\":[{\"@type\":\"WebPage\",\"@id\":\"https:\/\/www.manaus.am.gov.br\/semcom\/turismo-manaus\/\",\"url\":\"https:\/\/www.manaus.am.gov.br\/semcom\/turismo-manaus\/\",\"name\":\"Prefeitura de Manaus planeja ocupa\u00e7\u00e3o da Sala do Turismo no mirante L\u00facia Almeida com foco em neg\u00f3cios e promo\u00e7\u00e3o do destino\",\"isPartOf\":{\"@id\":\"https:\/\/www.manaus.am.gov.br\/semcom\/#website\"},\"primaryImageOfPage\":{\"@id\":\"https:\/\/www.manaus.am.gov.br\/semcom\/turismo-manaus\/#primaryimage\"},\"image\":{\"@id\":\"https:\/\/www.manaus.am.gov.br\/semcom\/turismo-manaus\/#primaryimage\"},\"thumbnailUrl\":\"https:\/\/www.manaus.am.gov.br\/semcom\/wp-content\/uploads\/sites\/5\/2025\/06\/57965065-6b9d-4036-927d-c35c0e0666a8.jpeg\",\"datePublished\":\"2025-06-05T20:15:29+00:00\",\"dateModified\":\"2025-06-05T20:16:03+00:00\",\"author\":{\"@id\":\"https:\/\/www.manaus.am.gov.br\/semcom\/#\/schema\/person\/466a0e03ae4b6062809046bd560ac955\"},\"description\":\"A Prefeitura de Manaus, por meio da Funda\u00e7\u00e3o Municipal de Cultura, Turismo e Eventos (ManausCult), por interm\u00e9dio da Diretoria de Turismo, realizou, na manh\u00e3 desta quinta-feira, 5\/6, no audit\u00f3rio do mirante L\u00facia Almeida, uma reuni\u00e3o de planejamento para a ocupa\u00e7\u00e3o da nova Sala do Turismo no local.\",\"inLanguage\":\"pt-BR\",\"potentialAction\":[{\"@type\":\"ReadAction\",\"target\":[\"https:\/\/www.manaus.am.gov.br\/semcom\/turismo-manaus\/\"]}]},{\"@type\":\"ImageObject\",\"inLanguage\":\"pt-BR\",\"@id\":\"https:\/\/www.manaus.am.gov.br\/semcom\/turismo-manaus\/#primaryimage\",\"url\":\"https:\/\/www.manaus.am.gov.br\/semcom\/wp-content\/uploads\/sites\/5\/2025\/06\/57965065-6b9d-4036-927d-c35c0e0666a8.jpeg\",\"contentUrl\":\"https:\/\/www.manaus.am.gov.br\/semcom\/wp-content\/uploads\/sites\/5\/2025\/06\/57965065-6b9d-4036-927d-c35c0e0666a8.jpeg\",\"width\":4032,\"height\":3024},{\"@type\":\"WebSite\",\"@id\":\"https:\/\/www.manaus.am.gov.br\/semcom\/#website\",\"url\":\"https:\/\/www.manaus.am.gov.br\/semcom\/\",\"name\":\"SEMCOM\",\"description\":\"Secretaria Municipal de Comunica\u00e7\u00e3o\",\"potentialAction\":[{\"@type\":\"SearchAction\",\"target\":{\"@type\":\"EntryPoint\",\"urlTemplate\":\"https:\/\/www.manaus.am.gov.br\/semcom\/?s={search_term_string}\"},\"query-input\":\"required name=search_term_string\"}],\"inLanguage\":\"pt-BR\"},{\"@type\":\"Person\",\"@id\":\"https:\/\/www.manaus.am.gov.br\/semcom\/#\/schema\/person\/466a0e03ae4b6062809046bd560ac955\",\"name\":\"bvalente\",\"image\":{\"@type\":\"ImageObject\",\"inLanguage\":\"pt-BR\",\"@id\":\"https:\/\/www.manaus.am.gov.br\/semcom\/#\/schema\/person\/image\/\",\"url\":\"https:\/\/secure.gravatar.com\/avatar\/3e69bc2b014bdad41adfec3a39de07d2?s=96&d=mm&r=g\",\"contentUrl\":\"https:\/\/secure.gravatar.com\/avatar\/3e69bc2b014bdad41adfec3a39de07d2?s=96&d=mm&r=g\",\"caption\":\"bvalente\"}}]}<\/script>\n<!-- \/ Yoast SEO plugin. -->","yoast_head_json":{"title":"Prefeitura de Manaus planeja ocupa\u00e7\u00e3o da Sala do Turismo no mirante L\u00facia Almeida com foco em neg\u00f3cios e promo\u00e7\u00e3o do destino","description":"A Prefeitura de Manaus, por meio da Funda\u00e7\u00e3o Municipal de Cultura, Turismo e Eventos (ManausCult), por interm\u00e9dio da Diretoria de Turismo, realizou, na manh\u00e3 desta quinta-feira, 5\/6, no audit\u00f3rio do mirante L\u00facia Almeida, uma reuni\u00e3o de planejamento para a ocupa\u00e7\u00e3o da nova Sala do Turismo no local.","robots":{"index":"index","follow":"follow","max-snippet":"max-snippet:-1","max-image-preview":"max-image-preview:large","max-video-preview":"max-video-preview:-1"},"canonical":"https:\/\/www.manaus.am.gov.br\/semcom\/turismo-manaus\/","og_locale":"pt_BR","og_type":"article","og_title":"Prefeitura de Manaus planeja ocupa\u00e7\u00e3o da Sala do Turismo no mirante L\u00facia Almeida com foco em neg\u00f3cios e promo\u00e7\u00e3o do destino","og_description":"A Prefeitura de Manaus, por meio da Funda\u00e7\u00e3o Municipal de Cultura, Turismo e Eventos (ManausCult), por interm\u00e9dio da Diretoria de Turismo, realizou, na manh\u00e3 desta quinta-feira, 5\/6, no audit\u00f3rio do mirante L\u00facia Almeida, uma reuni\u00e3o de planejamento para a ocupa\u00e7\u00e3o da nova Sala do Turismo no local.","og_url":"https:\/\/www.manaus.am.gov.br\/semcom\/turismo-manaus\/","og_site_name":"SEMCOM","article_published_time":"2025-06-05T20:15:29+00:00","article_modified_time":"2025-06-05T20:16:03+00:00","og_image":[{"width":4032,"height":3024,"url":"https:\/\/www.manaus.am.gov.br\/semcom\/wp-content\/uploads\/sites\/5\/2025\/06\/57965065-6b9d-4036-927d-c35c0e0666a8.jpeg","type":"image\/jpeg"}],"author":"bvalente","twitter_card":"summary_large_image","twitter_misc":{"Written by":"bvalente","Est. reading time":"3 minutos"},"schema":{"@context":"https:\/\/schema.org","@graph":[{"@type":"WebPage","@id":"https:\/\/www.manaus.am.gov.br\/semcom\/turismo-manaus\/","url":"https:\/\/www.manaus.am.gov.br\/semcom\/turismo-manaus\/","name":"Prefeitura de Manaus planeja ocupa\u00e7\u00e3o da Sala do Turismo no mirante L\u00facia Almeida com foco em neg\u00f3cios e promo\u00e7\u00e3o do destino","isPartOf":{"@id":"https:\/\/www.manaus.am.gov.br\/semcom\/#website"},"primaryImageOfPage":{"@id":"https:\/\/www.manaus.am.gov.br\/semcom\/turismo-manaus\/#primaryimage"},"image":{"@id":"https:\/\/www.manaus.am.gov.br\/semcom\/turismo-manaus\/#primaryimage"},"thumbnailUrl":"https:\/\/www.manaus.am.gov.br\/semcom\/wp-content\/uploads\/sites\/5\/2025\/06\/57965065-6b9d-4036-927d-c35c0e0666a8.jpeg","datePublished":"2025-06-05T20:15:29+00:00","dateModified":"2025-06-05T20:16:03+00:00","author":{"@id":"https:\/\/www.manaus.am.gov.br\/semcom\/#\/schema\/person\/466a0e03ae4b6062809046bd560ac955"},"description":"A Prefeitura de Manaus, por meio da Funda\u00e7\u00e3o Municipal de Cultura, Turismo e Eventos (ManausCult), por interm\u00e9dio da Diretoria de Turismo, realizou, na manh\u00e3 desta quinta-feira, 5\/6, no audit\u00f3rio do mirante L\u00facia Almeida, uma reuni\u00e3o de planejamento para a ocupa\u00e7\u00e3o da nova Sala do Turismo no local.","inLanguage":"pt-BR","potentialAction":[{"@type":"ReadAction","target":["https:\/\/www.manaus.am.gov.br\/semcom\/turismo-manaus\/"]}]},{"@type":"ImageObject","inLanguage":"pt-BR","@id":"https:\/\/www.manaus.am.gov.br\/semcom\/turismo-manaus\/#primaryimage","url":"https:\/\/www.manaus.am.gov.br\/semcom\/wp-content\/uploads\/sites\/5\/2025\/06\/57965065-6b9d-4036-927d-c35c0e0666a8.jpeg","contentUrl":"https:\/\/www.manaus.am.gov.br\/semcom\/wp-content\/uploads\/sites\/5\/2025\/06\/57965065-6b9d-4036-927d-c35c0e0666a8.jpeg","width":4032,"height":3024},{"@type":"WebSite","@id":"https:\/\/www.manaus.am.gov.br\/semcom\/#website","url":"https:\/\/www.manaus.am.gov.br\/semcom\/","name":"SEMCOM","description":"Secretaria Municipal de Comunica\u00e7\u00e3o","potentialAction":[{"@type":"SearchAction","target":{"@type":"EntryPoint","urlTemplate":"https:\/\/www.manaus.am.gov.br\/semcom\/?s={search_term_string}"},"query-input":"required name=search_term_string"}],"inLanguage":"pt-BR"},{"@type":"Person","@id":"https:\/\/www.manaus.am.gov.br\/semcom\/#\/schema\/person\/466a0e03ae4b6062809046bd560ac955","name":"bvalente","image":{"@type":"ImageObject","inLanguage":"pt-BR","@id":"https:\/\/www.manaus.am.gov.br\/semcom\/#\/schema\/person\/image\/","url":"https:\/\/secure.gravatar.com\/avatar\/3e69bc2b014bdad41adfec3a39de07d2?s=96&d=mm&r=g","contentUrl":"https:\/\/secure.gravatar.com\/avatar\/3e69bc2b014bdad41adfec3a39de07d2?s=96&d=mm&r=g","caption":"bvalente"}}]}},"_links":{"self":[{"href":"https:\/\/www.manaus.am.gov.br\/semcom\/wp-json\/wp\/v2\/posts\/240270"}],"collection":[{"href":"https:\/\/www.manaus.am.gov.br\/semcom\/wp-json\/wp\/v2\/posts"}],"about":[{"href":"https:\/\/www.manaus.am.gov.br\/semcom\/wp-json\/wp\/v2\/types\/post"}],"author":[{"embeddable":true,"href":"https:\/\/www.manaus.am.gov.br\/semcom\/wp-json\/wp\/v2\/users\/68"}],"replies":[{"embeddable":true,"href":"https:\/\/www.manaus.am.gov.br\/semcom\/wp-json\/wp\/v2\/comments?post=240270"}],"version-history":[{"count":1,"href":"https:\/\/www.manaus.am.gov.br\/semcom\/wp-json\/wp\/v2\/posts\/240270\/revisions"}],"predecessor-version":[{"id":240272,"href":"https:\/\/www.manaus.am.gov.br\/semcom\/wp-json\/wp\/v2\/posts\/240270\/revisions\/240272"}],"wp:featuredmedia":[{"embeddable":true,"href":"https:\/\/www.manaus.am.gov.br\/semcom\/wp-json\/wp\/v2\/media\/240271"}],"wp:attachment":[{"href":"https:\/\/www.manaus.am.gov.br\/semcom\/wp-json\/wp\/v2\/media?parent=240270"}],"wp:term":[{"taxonomy":"category","embeddable":true,"href":"https:\/\/www.manaus.am.gov.br\/semcom\/wp-json\/wp\/v2\/categories?post=240270"},{"taxonomy":"post_tag","embeddable":true,"href":"https:\/\/www.manaus.am.gov.br\/semcom\/wp-json\/wp\/v2\/tags?post=240270"}],"curies":[{"name":"wp","href":"https:\/\/api.w.org\/{rel}","templated":true}]}}