{"id":240233,"date":"2025-06-05T11:40:19","date_gmt":"2025-06-05T14:40:19","guid":{"rendered":"https:\/\/www.manaus.am.gov.br\/semcom\/prefeitura-finatu-plantacao-doacao-de-mudas\/"},"modified":"2025-06-05T11:40:21","modified_gmt":"2025-06-05T14:40:21","slug":"prefeitura-finatu-plantacao-doacao-de-mudas","status":"publish","type":"post","link":"https:\/\/www.manaus.am.gov.br\/semcom\/prefeitura-finatu-plantacao-doacao-de-mudas\/","title":{"rendered":"No Dia Mundial do Meio Ambiente, Prefeitura de Manaus e FUnATI promovem a\u00e7\u00e3o de plantio e doa\u00e7\u00e3o de mudas"},"content":{"rendered":"\n<p>Em comemora\u00e7\u00e3o ao Dia Mundial do Meio Ambiente, celebrado nesta quinta-feira, 5 de junho, a Prefeitura de Manaus, por meio da Secretaria Municipal de Meio Ambiente, Sustentabilidade e Mudan\u00e7a do Clima (Semmasclima), em parceria com a Funda\u00e7\u00e3o Universidade Aberta da Terceira Idade (FUnATI), realizou o plantio de mais de 150 mudas de \u00e1rvores e a doa\u00e7\u00e3o de 500 mudas na sede da institui\u00e7\u00e3o, localizada no bairro Santo Ant\u00f4nio, zona Oeste da cidade.<\/p>\n\n\n\n<p>A a\u00e7\u00e3o visa incentivar os alunos da FUnATI \u00e0 preserva\u00e7\u00e3o do meio ambiente e ao usufruto dos servi\u00e7os ambientais proporcionados pelas \u00e1rvores, como sombreamento, conforto t\u00e9rmico e contempla\u00e7\u00e3o dos p\u00e1ssaros, que ser\u00e3o atra\u00eddos pelos frutos das \u00e1rvores.<\/p>\n\n\n\n<p>O plantio aconteceu ao lado das instala\u00e7\u00f5es onde funcionar\u00e1 a cozinha\/escola da FUnATI, dedicada a oficinas de culin\u00e1ria para estimular a alimenta\u00e7\u00e3o saud\u00e1vel e a possibilidade de fonte adicional de renda.<\/p>\n\n\n\n<p>\u201cA Prefeitura de Manaus est\u00e1 implantando aqui na FUnATI um pomar com muitas esp\u00e9cies frut\u00edferas. \u00c9 um plano da funda\u00e7\u00e3o ter futuramente uma cozinha artesanal. Ent\u00e3o, a Semmas fez a parceria. Essas \u00e1rvores, claro, v\u00e3o crescer, v\u00e3o ser bem cuidadas e os frutos v\u00e3o servir para essa cozinha artesanal, para todos os amigos da melhor idade que est\u00e3o aqui\u201d, informou o secret\u00e1rio da Semmasclima, Fransu\u00e1 Matos.<\/p>\n\n\n\n<p>O reitor da FUnATI, Euler Ribeiro, espera que essa parceria resulte, literalmente, na colheita de muitos frutos no futuro para a cozinha escola da institui\u00e7\u00e3o. \u201cN\u00f3s queremos ter as frutas para usar tamb\u00e9m na cozinha quando estiver dando aula. E a Semmas est\u00e1 nos proporcionando aqui plantar em torno do pr\u00e9dio da FUnATI e trouxe 500 mudas para n\u00f3s doarmos para os idosos&nbsp;levarem para plantar&nbsp;em suas casas\u201d.<\/p>\n\n\n\n<p>A aluna da funda\u00e7\u00e3o, Iolanda Batista, elogiou a a\u00e7\u00e3o de plantio e doa\u00e7\u00e3o de mudas. \u201cMaravilha, a prefeitura, juntamente com a FUnATI fazer essa organiza\u00e7\u00e3o. N\u00e3o s\u00f3 para c\u00e1, como para os alunos tamb\u00e9m, para os professores, levar muda de uma planta para casa\u201d.<\/p>\n\n\n\n<p>Iolanda tamb\u00e9m chamou a aten\u00e7\u00e3o para o cuidado que temos de ter com o meio ambiente, para maior contato com a natureza e evitar as queimadas. \u201cN\u00f3s temos que ter cuidado para poder termos sombra, termos passarinho na \u00e1rea, que n\u00e3o tem mais, que est\u00e1 tudo afugentado com essas queimadas. Porque eu tenho o s\u00edtio e eu sofro muito na \u00e9poca da queimada, pegou at\u00e9 na minha cerca l\u00e1 no Iranduba. N\u00e3o \u00e9 f\u00e1cil n\u00e3o, ent\u00e3o a gente tem que preservar o meio ambiente\u201d.<\/p>\n\n\n\n<p>A a\u00e7\u00e3o realizada na FUnATI integra a grande programa\u00e7\u00e3o do Dia Internacional do Meio Ambiente preparada pela Semmasclima, que visa a distribui\u00e7\u00e3o de 10 mil mudas em todas as zonas da capital.&nbsp;<\/p>\n\n\n\n<p>&#8212; &#8212; &#8212;<\/p>\n\n\n\n<p><strong>Texto<\/strong> \u2013 Geraldo Farias \/ Semcom<\/p>\n\n\n\n<p><strong>Fotos<\/strong> \u2013 Jo\u00e3o Viana \/ Semcom<\/p>\n\n\n\n<p><strong>Dispon\u00edveis em<\/strong> &#8211; <a href=\"https:\/\/flic.kr\/s\/aHBqjCgShR\">https:\/\/flic.kr\/s\/aHBqjCgShR<\/a><\/p>\n","protected":false},"excerpt":{"rendered":"","protected":false},"author":25,"featured_media":240234,"comment_status":"closed","ping_status":"closed","sticky":false,"template":"","format":"standard","meta":{"footnotes":""},"categories":[3878],"tags":[15213,15214,2038],"acf":[],"yoast_head":"<!-- This site is optimized with the Yoast SEO plugin v23.0 - https:\/\/yoast.com\/wordpress\/plugins\/seo\/ -->\n<title>No Dia Mundial do Meio Ambiente, Prefeitura de Manaus e FUnATI promovem a\u00e7\u00e3o de plantio e doa\u00e7\u00e3o de mudas<\/title>\n<meta name=\"description\" content=\"Em comemora\u00e7\u00e3o ao Dia Mundial do Meio Ambiente, celebrado nesta quinta-feira, 5 de junho, a Prefeitura de Manaus\" \/>\n<meta name=\"robots\" content=\"index, follow, max-snippet:-1, max-image-preview:large, max-video-preview:-1\" \/>\n<link rel=\"canonical\" href=\"https:\/\/www.manaus.am.gov.br\/semcom\/prefeitura-finatu-plantacao-doacao-de-mudas\/\" \/>\n<meta property=\"og:locale\" content=\"pt_BR\" \/>\n<meta property=\"og:type\" content=\"article\" \/>\n<meta property=\"og:title\" content=\"No Dia Mundial do Meio Ambiente, Prefeitura de Manaus e FUnATI promovem a\u00e7\u00e3o de plantio e doa\u00e7\u00e3o de mudas\" \/>\n<meta property=\"og:description\" content=\"Em comemora\u00e7\u00e3o ao Dia Mundial do Meio Ambiente, celebrado nesta quinta-feira, 5 de junho, a Prefeitura de Manaus\" \/>\n<meta property=\"og:url\" content=\"https:\/\/www.manaus.am.gov.br\/semcom\/prefeitura-finatu-plantacao-doacao-de-mudas\/\" \/>\n<meta property=\"og:site_name\" content=\"SEMCOM\" \/>\n<meta property=\"article:published_time\" content=\"2025-06-05T14:40:19+00:00\" \/>\n<meta property=\"article:modified_time\" content=\"2025-06-05T14:40:21+00:00\" \/>\n<meta property=\"og:image\" content=\"https:\/\/www.manaus.am.gov.br\/semcom\/wp-content\/uploads\/sites\/5\/2025\/06\/54568157157_3b34a3a3b1_c.jpg\" \/>\n\t<meta property=\"og:image:width\" content=\"799\" \/>\n\t<meta property=\"og:image:height\" content=\"533\" \/>\n\t<meta property=\"og:image:type\" content=\"image\/jpeg\" \/>\n<meta name=\"author\" content=\"Maur\u00edcio Freire\" \/>\n<meta name=\"twitter:card\" content=\"summary_large_image\" \/>\n<meta name=\"twitter:label1\" content=\"Written by\" \/>\n\t<meta name=\"twitter:data1\" content=\"Maur\u00edcio Freire\" \/>\n\t<meta name=\"twitter:label2\" content=\"Est. reading time\" \/>\n\t<meta name=\"twitter:data2\" content=\"3 minutos\" \/>\n<script type=\"application\/ld+json\" class=\"yoast-schema-graph\">{\"@context\":\"https:\/\/schema.org\",\"@graph\":[{\"@type\":\"WebPage\",\"@id\":\"https:\/\/www.manaus.am.gov.br\/semcom\/prefeitura-finatu-plantacao-doacao-de-mudas\/\",\"url\":\"https:\/\/www.manaus.am.gov.br\/semcom\/prefeitura-finatu-plantacao-doacao-de-mudas\/\",\"name\":\"No Dia Mundial do Meio Ambiente, Prefeitura de Manaus e FUnATI promovem a\u00e7\u00e3o de plantio e doa\u00e7\u00e3o de mudas\",\"isPartOf\":{\"@id\":\"https:\/\/www.manaus.am.gov.br\/semcom\/#website\"},\"primaryImageOfPage\":{\"@id\":\"https:\/\/www.manaus.am.gov.br\/semcom\/prefeitura-finatu-plantacao-doacao-de-mudas\/#primaryimage\"},\"image\":{\"@id\":\"https:\/\/www.manaus.am.gov.br\/semcom\/prefeitura-finatu-plantacao-doacao-de-mudas\/#primaryimage\"},\"thumbnailUrl\":\"https:\/\/www.manaus.am.gov.br\/semcom\/wp-content\/uploads\/sites\/5\/2025\/06\/54568157157_3b34a3a3b1_c.jpg\",\"datePublished\":\"2025-06-05T14:40:19+00:00\",\"dateModified\":\"2025-06-05T14:40:21+00:00\",\"author\":{\"@id\":\"https:\/\/www.manaus.am.gov.br\/semcom\/#\/schema\/person\/587989a23a463cde5618e6a028977a9a\"},\"description\":\"Em comemora\u00e7\u00e3o ao Dia Mundial do Meio Ambiente, celebrado nesta quinta-feira, 5 de junho, a Prefeitura de Manaus\",\"inLanguage\":\"pt-BR\",\"potentialAction\":[{\"@type\":\"ReadAction\",\"target\":[\"https:\/\/www.manaus.am.gov.br\/semcom\/prefeitura-finatu-plantacao-doacao-de-mudas\/\"]}]},{\"@type\":\"ImageObject\",\"inLanguage\":\"pt-BR\",\"@id\":\"https:\/\/www.manaus.am.gov.br\/semcom\/prefeitura-finatu-plantacao-doacao-de-mudas\/#primaryimage\",\"url\":\"https:\/\/www.manaus.am.gov.br\/semcom\/wp-content\/uploads\/sites\/5\/2025\/06\/54568157157_3b34a3a3b1_c.jpg\",\"contentUrl\":\"https:\/\/www.manaus.am.gov.br\/semcom\/wp-content\/uploads\/sites\/5\/2025\/06\/54568157157_3b34a3a3b1_c.jpg\",\"width\":799,\"height\":533,\"caption\":\"#paratodosverem a\u00e7\u00e3o visa incentivar os alunos da FUnATI \u00e0 preserva\u00e7\u00e3o do meio ambiente\"},{\"@type\":\"WebSite\",\"@id\":\"https:\/\/www.manaus.am.gov.br\/semcom\/#website\",\"url\":\"https:\/\/www.manaus.am.gov.br\/semcom\/\",\"name\":\"SEMCOM\",\"description\":\"Secretaria Municipal de Comunica\u00e7\u00e3o\",\"potentialAction\":[{\"@type\":\"SearchAction\",\"target\":{\"@type\":\"EntryPoint\",\"urlTemplate\":\"https:\/\/www.manaus.am.gov.br\/semcom\/?s={search_term_string}\"},\"query-input\":\"required name=search_term_string\"}],\"inLanguage\":\"pt-BR\"},{\"@type\":\"Person\",\"@id\":\"https:\/\/www.manaus.am.gov.br\/semcom\/#\/schema\/person\/587989a23a463cde5618e6a028977a9a\",\"name\":\"Maur\u00edcio Freire\",\"image\":{\"@type\":\"ImageObject\",\"inLanguage\":\"pt-BR\",\"@id\":\"https:\/\/www.manaus.am.gov.br\/semcom\/#\/schema\/person\/image\/\",\"url\":\"https:\/\/secure.gravatar.com\/avatar\/dc1481799a1f75c733ac3b2634cd6749?s=96&d=mm&r=g\",\"contentUrl\":\"https:\/\/secure.gravatar.com\/avatar\/dc1481799a1f75c733ac3b2634cd6749?s=96&d=mm&r=g\",\"caption\":\"Maur\u00edcio Freire\"}}]}<\/script>\n<!-- \/ Yoast SEO plugin. -->","yoast_head_json":{"title":"No Dia Mundial do Meio Ambiente, Prefeitura de Manaus e FUnATI promovem a\u00e7\u00e3o de plantio e doa\u00e7\u00e3o de mudas","description":"Em comemora\u00e7\u00e3o ao Dia Mundial do Meio Ambiente, celebrado nesta quinta-feira, 5 de junho, a Prefeitura de Manaus","robots":{"index":"index","follow":"follow","max-snippet":"max-snippet:-1","max-image-preview":"max-image-preview:large","max-video-preview":"max-video-preview:-1"},"canonical":"https:\/\/www.manaus.am.gov.br\/semcom\/prefeitura-finatu-plantacao-doacao-de-mudas\/","og_locale":"pt_BR","og_type":"article","og_title":"No Dia Mundial do Meio Ambiente, Prefeitura de Manaus e FUnATI promovem a\u00e7\u00e3o de plantio e doa\u00e7\u00e3o de mudas","og_description":"Em comemora\u00e7\u00e3o ao Dia Mundial do Meio Ambiente, celebrado nesta quinta-feira, 5 de junho, a Prefeitura de Manaus","og_url":"https:\/\/www.manaus.am.gov.br\/semcom\/prefeitura-finatu-plantacao-doacao-de-mudas\/","og_site_name":"SEMCOM","article_published_time":"2025-06-05T14:40:19+00:00","article_modified_time":"2025-06-05T14:40:21+00:00","og_image":[{"width":799,"height":533,"url":"https:\/\/www.manaus.am.gov.br\/semcom\/wp-content\/uploads\/sites\/5\/2025\/06\/54568157157_3b34a3a3b1_c.jpg","type":"image\/jpeg"}],"author":"Maur\u00edcio Freire","twitter_card":"summary_large_image","twitter_misc":{"Written by":"Maur\u00edcio Freire","Est. reading time":"3 minutos"},"schema":{"@context":"https:\/\/schema.org","@graph":[{"@type":"WebPage","@id":"https:\/\/www.manaus.am.gov.br\/semcom\/prefeitura-finatu-plantacao-doacao-de-mudas\/","url":"https:\/\/www.manaus.am.gov.br\/semcom\/prefeitura-finatu-plantacao-doacao-de-mudas\/","name":"No Dia Mundial do Meio Ambiente, Prefeitura de Manaus e FUnATI promovem a\u00e7\u00e3o de plantio e doa\u00e7\u00e3o de mudas","isPartOf":{"@id":"https:\/\/www.manaus.am.gov.br\/semcom\/#website"},"primaryImageOfPage":{"@id":"https:\/\/www.manaus.am.gov.br\/semcom\/prefeitura-finatu-plantacao-doacao-de-mudas\/#primaryimage"},"image":{"@id":"https:\/\/www.manaus.am.gov.br\/semcom\/prefeitura-finatu-plantacao-doacao-de-mudas\/#primaryimage"},"thumbnailUrl":"https:\/\/www.manaus.am.gov.br\/semcom\/wp-content\/uploads\/sites\/5\/2025\/06\/54568157157_3b34a3a3b1_c.jpg","datePublished":"2025-06-05T14:40:19+00:00","dateModified":"2025-06-05T14:40:21+00:00","author":{"@id":"https:\/\/www.manaus.am.gov.br\/semcom\/#\/schema\/person\/587989a23a463cde5618e6a028977a9a"},"description":"Em comemora\u00e7\u00e3o ao Dia Mundial do Meio Ambiente, celebrado nesta quinta-feira, 5 de junho, a Prefeitura de Manaus","inLanguage":"pt-BR","potentialAction":[{"@type":"ReadAction","target":["https:\/\/www.manaus.am.gov.br\/semcom\/prefeitura-finatu-plantacao-doacao-de-mudas\/"]}]},{"@type":"ImageObject","inLanguage":"pt-BR","@id":"https:\/\/www.manaus.am.gov.br\/semcom\/prefeitura-finatu-plantacao-doacao-de-mudas\/#primaryimage","url":"https:\/\/www.manaus.am.gov.br\/semcom\/wp-content\/uploads\/sites\/5\/2025\/06\/54568157157_3b34a3a3b1_c.jpg","contentUrl":"https:\/\/www.manaus.am.gov.br\/semcom\/wp-content\/uploads\/sites\/5\/2025\/06\/54568157157_3b34a3a3b1_c.jpg","width":799,"height":533,"caption":"#paratodosverem a\u00e7\u00e3o visa incentivar os alunos da FUnATI \u00e0 preserva\u00e7\u00e3o do meio ambiente"},{"@type":"WebSite","@id":"https:\/\/www.manaus.am.gov.br\/semcom\/#website","url":"https:\/\/www.manaus.am.gov.br\/semcom\/","name":"SEMCOM","description":"Secretaria Municipal de Comunica\u00e7\u00e3o","potentialAction":[{"@type":"SearchAction","target":{"@type":"EntryPoint","urlTemplate":"https:\/\/www.manaus.am.gov.br\/semcom\/?s={search_term_string}"},"query-input":"required name=search_term_string"}],"inLanguage":"pt-BR"},{"@type":"Person","@id":"https:\/\/www.manaus.am.gov.br\/semcom\/#\/schema\/person\/587989a23a463cde5618e6a028977a9a","name":"Maur\u00edcio Freire","image":{"@type":"ImageObject","inLanguage":"pt-BR","@id":"https:\/\/www.manaus.am.gov.br\/semcom\/#\/schema\/person\/image\/","url":"https:\/\/secure.gravatar.com\/avatar\/dc1481799a1f75c733ac3b2634cd6749?s=96&d=mm&r=g","contentUrl":"https:\/\/secure.gravatar.com\/avatar\/dc1481799a1f75c733ac3b2634cd6749?s=96&d=mm&r=g","caption":"Maur\u00edcio Freire"}}]}},"_links":{"self":[{"href":"https:\/\/www.manaus.am.gov.br\/semcom\/wp-json\/wp\/v2\/posts\/240233"}],"collection":[{"href":"https:\/\/www.manaus.am.gov.br\/semcom\/wp-json\/wp\/v2\/posts"}],"about":[{"href":"https:\/\/www.manaus.am.gov.br\/semcom\/wp-json\/wp\/v2\/types\/post"}],"author":[{"embeddable":true,"href":"https:\/\/www.manaus.am.gov.br\/semcom\/wp-json\/wp\/v2\/users\/25"}],"replies":[{"embeddable":true,"href":"https:\/\/www.manaus.am.gov.br\/semcom\/wp-json\/wp\/v2\/comments?post=240233"}],"version-history":[{"count":0,"href":"https:\/\/www.manaus.am.gov.br\/semcom\/wp-json\/wp\/v2\/posts\/240233\/revisions"}],"wp:featuredmedia":[{"embeddable":true,"href":"https:\/\/www.manaus.am.gov.br\/semcom\/wp-json\/wp\/v2\/media\/240234"}],"wp:attachment":[{"href":"https:\/\/www.manaus.am.gov.br\/semcom\/wp-json\/wp\/v2\/media?parent=240233"}],"wp:term":[{"taxonomy":"category","embeddable":true,"href":"https:\/\/www.manaus.am.gov.br\/semcom\/wp-json\/wp\/v2\/categories?post=240233"},{"taxonomy":"post_tag","embeddable":true,"href":"https:\/\/www.manaus.am.gov.br\/semcom\/wp-json\/wp\/v2\/tags?post=240233"}],"curies":[{"name":"wp","href":"https:\/\/api.w.org\/{rel}","templated":true}]}}