{"id":240215,"date":"2025-06-04T18:08:36","date_gmt":"2025-06-04T21:08:36","guid":{"rendered":"https:\/\/www.manaus.am.gov.br\/semcom\/entrega-titulos-de-terra\/"},"modified":"2025-06-04T18:08:37","modified_gmt":"2025-06-04T21:08:37","slug":"entrega-titulos-de-terra","status":"publish","type":"post","link":"https:\/\/www.manaus.am.gov.br\/semcom\/entrega-titulos-de-terra\/","title":{"rendered":"Com entrega de 210 t\u00edtulos de terra, prefeito David Almeida refor\u00e7a compromisso com moradia digna e inclus\u00e3o de povos origin\u00e1rios"},"content":{"rendered":"\n<p>Em mais uma demonstra\u00e7\u00e3o de compromisso com o direito \u00e0 moradia e \u00e0 justi\u00e7a social, o prefeito David Almeida realizou, nesta quarta-feira, 4\/6, a entrega de 210 t\u00edtulos definitivos de propriedade para moradores da comunidade Parque das Na\u00e7\u00f5es Ind\u00edgenas, na zona Norte de Manaus. A cerim\u00f4nia simb\u00f3lica e emocionante marca a consolida\u00e7\u00e3o da primeira grande regulariza\u00e7\u00e3o fundi\u00e1ria de uma comunidade ind\u00edgena nesta gest\u00e3o e refor\u00e7a o eixo de Desenvolvimento Urbano e Sustent\u00e1vel da administra\u00e7\u00e3o municipal.<\/p>\n\n\n\n<p>\u201cHoje, estamos devolvendo aquilo que \u00e9 de direito. Essa \u00e9 a certid\u00e3o de nascimento das propriedades dessas fam\u00edlias, agora com posse leg\u00edtima, registrada em cart\u00f3rio, com a garantia de que a terra \u00e9 realmente delas\u201d, afirmou o prefeito David Almeida, destacando que os benefici\u00e1rios n\u00e3o est\u00e3o recebendo apenas um papel, mas dignidade, seguran\u00e7a jur\u00eddica e a valoriza\u00e7\u00e3o de um patrim\u00f4nio que h\u00e1 anos aguardava reconhecimento.<\/p>\n\n\n\n<p>Com essa nova etapa, a Prefeitura de Manaus ultrapassa a marca de 8.810 im\u00f3veis regularizados, dentro do maior programa fundi\u00e1rio da hist\u00f3ria da cidade. A meta da gest\u00e3o \u00e9 clara: alcan\u00e7ar 20 mil t\u00edtulos at\u00e9 o fim do mandato, transformando realidades e oferecendo uma base s\u00f3lida para que fam\u00edlias possam prosperar.<\/p>\n\n\n\n<p>O titular da Secretaria Municipal de Habita\u00e7\u00e3o e Assuntos Fundi\u00e1rios (Semhaf), Jesus Alves, tamb\u00e9m celebrou o avan\u00e7o. \u201cAl\u00e9m do t\u00edtulo de propriedade, o Parque das Na\u00e7\u00f5es Ind\u00edgenas j\u00e1 recebeu arruamento, ilumina\u00e7\u00e3o p\u00fablica, abastecimento de \u00e1gua e, agora, ser\u00e1 contemplado com o programa de reformas habitacionais da prefeitura. Essa \u00e9 uma entrega completa, com cidadania e estrutura\u201d, destacou.<\/p>\n\n\n\n<p>Presente \u00e0 cerim\u00f4nia, o defensor p\u00fablico Tiago Rosas refor\u00e7ou o car\u00e1ter hist\u00f3rico da a\u00e7\u00e3o ao reconhecer o impacto para os povos origin\u00e1rios. \u201cQuando os nossos povos ind\u00edgenas s\u00e3o respeitados, estamos cumprindo uma justi\u00e7a social de mais de 500 anos. Esse povo que est\u00e1 aqui recebendo a sua terra hoje \u00e9 ancestral nosso. Eles estavam aqui antes de n\u00f3s estarmos. E hoje, a territorialidade deles est\u00e1 sendo reconhecida oficialmente pelo poder p\u00fablico na pessoa do prefeito David Almeida\u201d, declarou.<\/p>\n\n\n\n<p><strong>Direito&nbsp;<\/strong><\/p>\n\n\n\n<p>A benefici\u00e1ria Jane Reis, da etnia Mura, expressou emo\u00e7\u00e3o ao receber o documento que representa o sonho da sua comunidade. \u201cPara n\u00f3s, ind\u00edgenas, esse momento \u00e9 hist\u00f3rico. \u00c9 uma honra receber esse documento que garante o nosso direito \u00e0 terra. Eu sou ind\u00edgena, minha etnia \u00e9 Mura, e tenho orgulho disso. Murangaara\u201d, vibrou.<\/p>\n\n\n\n<p>A a\u00e7\u00e3o reafirma o compromisso da gest\u00e3o David Almeida com uma Manaus mais justa, onde a inclus\u00e3o social, o respeito \u00e0 diversidade e o acesso \u00e0 moradia s\u00e3o tratados como prioridades. \u201cVamos seguir trabalhando. Ainda temos muito a fazer, e n\u00e3o descansaremos enquanto houver fam\u00edlias esperando pelo direito de viver com dignidade\u201d, finalizou o prefeito.<\/p>\n\n\n\n<p><strong>Mais de 8,8 mil im\u00f3veis regularizados e proje\u00e7\u00e3o de mais de 11 mil novos t\u00edtulos at\u00e9 2026<\/strong><\/p>\n\n\n\n<p>A gest\u00e3o do prefeito David Almeida segue avan\u00e7ando em um dos maiores programas de habita\u00e7\u00e3o da hist\u00f3ria de Manaus. Com mais de 8.800 propriedades j\u00e1 formalizadas, o programa de regulariza\u00e7\u00e3o fundi\u00e1ria alcan\u00e7a, agora, comunidades ind\u00edgenas, como o Parque das Na\u00e7\u00f5es Ind\u00edgenas, que recebeu 210 novos t\u00edtulos.&nbsp;<\/p>\n\n\n\n<p>At\u00e9 o final do mandato, a meta \u00e9 alcan\u00e7ar a marca de 20 mil registros definitivos. Al\u00e9m disso, a prefeitura prev\u00ea a entrega de 3.600 lotes urbanizados ainda este ano, por meio do programa \u201cManaus Minha Terra\u201d, e j\u00e1 conta com sete contratos ativos no \u201cMinha Casa, Minha Vida\u201d, totalizando 4.700 novas moradias em constru\u00e7\u00e3o.<\/p>\n\n\n\n<p>\u2014 \u2014 \u2014<br><strong>Texto &#8211;<\/strong> Emanuelle Baires\/Semcom<br><strong>Fotos &#8211;<\/strong> Dhyeizo Lemos\/Semcom e Jo\u00e3o Viana \/ Semcom<br><strong>Dispon\u00edveis em &#8211; <\/strong><a href=\"https:\/\/flic.kr\/s\/aHBqjCgJPV\">https:\/\/flic.kr\/s\/aHBqjCgJPV<\/a><\/p>\n","protected":false},"excerpt":{"rendered":"","protected":false},"author":68,"featured_media":240216,"comment_status":"closed","ping_status":"closed","sticky":false,"template":"","format":"standard","meta":{"footnotes":""},"categories":[2179,977],"tags":[15207,35,15208,77,5352],"acf":[],"yoast_head":"<!-- This site is optimized with the Yoast SEO plugin v23.0 - https:\/\/yoast.com\/wordpress\/plugins\/seo\/ -->\n<title>Com entrega de 210 t\u00edtulos de terra, prefeito David Almeida refor\u00e7a compromisso com moradia digna e inclus\u00e3o de povos origin\u00e1rios<\/title>\n<meta name=\"description\" content=\"Em mais uma demonstra\u00e7\u00e3o de compromisso com o direito \u00e0 moradia e \u00e0 justi\u00e7a social, o prefeito David Almeida realizou, nesta quarta-feira, 4\/6, a entrega de 210 t\u00edtulos definitivos de propriedade para moradores da comunidade Parque das Na\u00e7\u00f5es Ind\u00edgenas, na zona Norte de Manaus.\" \/>\n<meta name=\"robots\" content=\"index, follow, max-snippet:-1, max-image-preview:large, max-video-preview:-1\" \/>\n<link rel=\"canonical\" href=\"https:\/\/www.manaus.am.gov.br\/semcom\/entrega-titulos-de-terra\/\" \/>\n<meta property=\"og:locale\" content=\"pt_BR\" \/>\n<meta property=\"og:type\" content=\"article\" \/>\n<meta property=\"og:title\" content=\"Com entrega de 210 t\u00edtulos de terra, prefeito David Almeida refor\u00e7a compromisso com moradia digna e inclus\u00e3o de povos origin\u00e1rios\" \/>\n<meta property=\"og:description\" content=\"Em mais uma demonstra\u00e7\u00e3o de compromisso com o direito \u00e0 moradia e \u00e0 justi\u00e7a social, o prefeito David Almeida realizou, nesta quarta-feira, 4\/6, a entrega de 210 t\u00edtulos definitivos de propriedade para moradores da comunidade Parque das Na\u00e7\u00f5es Ind\u00edgenas, na zona Norte de Manaus.\" \/>\n<meta property=\"og:url\" content=\"https:\/\/www.manaus.am.gov.br\/semcom\/entrega-titulos-de-terra\/\" \/>\n<meta property=\"og:site_name\" content=\"SEMCOM\" \/>\n<meta property=\"article:published_time\" content=\"2025-06-04T21:08:36+00:00\" \/>\n<meta property=\"article:modified_time\" content=\"2025-06-04T21:08:37+00:00\" \/>\n<meta property=\"og:image\" content=\"https:\/\/www.manaus.am.gov.br\/semcom\/wp-content\/uploads\/sites\/5\/2025\/06\/54567491228_4a6c02c94e_c.jpg\" \/>\n\t<meta property=\"og:image:width\" content=\"799\" \/>\n\t<meta property=\"og:image:height\" content=\"533\" \/>\n\t<meta property=\"og:image:type\" content=\"image\/jpeg\" \/>\n<meta name=\"author\" content=\"bvalente\" \/>\n<meta name=\"twitter:card\" content=\"summary_large_image\" \/>\n<meta name=\"twitter:label1\" content=\"Written by\" \/>\n\t<meta name=\"twitter:data1\" content=\"bvalente\" \/>\n\t<meta name=\"twitter:label2\" content=\"Est. reading time\" \/>\n\t<meta name=\"twitter:data2\" content=\"4 minutos\" \/>\n<script type=\"application\/ld+json\" class=\"yoast-schema-graph\">{\"@context\":\"https:\/\/schema.org\",\"@graph\":[{\"@type\":\"WebPage\",\"@id\":\"https:\/\/www.manaus.am.gov.br\/semcom\/entrega-titulos-de-terra\/\",\"url\":\"https:\/\/www.manaus.am.gov.br\/semcom\/entrega-titulos-de-terra\/\",\"name\":\"Com entrega de 210 t\u00edtulos de terra, prefeito David Almeida refor\u00e7a compromisso com moradia digna e inclus\u00e3o de povos origin\u00e1rios\",\"isPartOf\":{\"@id\":\"https:\/\/www.manaus.am.gov.br\/semcom\/#website\"},\"primaryImageOfPage\":{\"@id\":\"https:\/\/www.manaus.am.gov.br\/semcom\/entrega-titulos-de-terra\/#primaryimage\"},\"image\":{\"@id\":\"https:\/\/www.manaus.am.gov.br\/semcom\/entrega-titulos-de-terra\/#primaryimage\"},\"thumbnailUrl\":\"https:\/\/www.manaus.am.gov.br\/semcom\/wp-content\/uploads\/sites\/5\/2025\/06\/54567491228_4a6c02c94e_c.jpg\",\"datePublished\":\"2025-06-04T21:08:36+00:00\",\"dateModified\":\"2025-06-04T21:08:37+00:00\",\"author\":{\"@id\":\"https:\/\/www.manaus.am.gov.br\/semcom\/#\/schema\/person\/466a0e03ae4b6062809046bd560ac955\"},\"description\":\"Em mais uma demonstra\u00e7\u00e3o de compromisso com o direito \u00e0 moradia e \u00e0 justi\u00e7a social, o prefeito David Almeida realizou, nesta quarta-feira, 4\/6, a entrega de 210 t\u00edtulos definitivos de propriedade para moradores da comunidade Parque das Na\u00e7\u00f5es Ind\u00edgenas, na zona Norte de Manaus.\",\"inLanguage\":\"pt-BR\",\"potentialAction\":[{\"@type\":\"ReadAction\",\"target\":[\"https:\/\/www.manaus.am.gov.br\/semcom\/entrega-titulos-de-terra\/\"]}]},{\"@type\":\"ImageObject\",\"inLanguage\":\"pt-BR\",\"@id\":\"https:\/\/www.manaus.am.gov.br\/semcom\/entrega-titulos-de-terra\/#primaryimage\",\"url\":\"https:\/\/www.manaus.am.gov.br\/semcom\/wp-content\/uploads\/sites\/5\/2025\/06\/54567491228_4a6c02c94e_c.jpg\",\"contentUrl\":\"https:\/\/www.manaus.am.gov.br\/semcom\/wp-content\/uploads\/sites\/5\/2025\/06\/54567491228_4a6c02c94e_c.jpg\",\"width\":799,\"height\":533},{\"@type\":\"WebSite\",\"@id\":\"https:\/\/www.manaus.am.gov.br\/semcom\/#website\",\"url\":\"https:\/\/www.manaus.am.gov.br\/semcom\/\",\"name\":\"SEMCOM\",\"description\":\"Secretaria Municipal de Comunica\u00e7\u00e3o\",\"potentialAction\":[{\"@type\":\"SearchAction\",\"target\":{\"@type\":\"EntryPoint\",\"urlTemplate\":\"https:\/\/www.manaus.am.gov.br\/semcom\/?s={search_term_string}\"},\"query-input\":\"required name=search_term_string\"}],\"inLanguage\":\"pt-BR\"},{\"@type\":\"Person\",\"@id\":\"https:\/\/www.manaus.am.gov.br\/semcom\/#\/schema\/person\/466a0e03ae4b6062809046bd560ac955\",\"name\":\"bvalente\",\"image\":{\"@type\":\"ImageObject\",\"inLanguage\":\"pt-BR\",\"@id\":\"https:\/\/www.manaus.am.gov.br\/semcom\/#\/schema\/person\/image\/\",\"url\":\"https:\/\/secure.gravatar.com\/avatar\/3e69bc2b014bdad41adfec3a39de07d2?s=96&d=mm&r=g\",\"contentUrl\":\"https:\/\/secure.gravatar.com\/avatar\/3e69bc2b014bdad41adfec3a39de07d2?s=96&d=mm&r=g\",\"caption\":\"bvalente\"}}]}<\/script>\n<!-- \/ Yoast SEO plugin. -->","yoast_head_json":{"title":"Com entrega de 210 t\u00edtulos de terra, prefeito David Almeida refor\u00e7a compromisso com moradia digna e inclus\u00e3o de povos origin\u00e1rios","description":"Em mais uma demonstra\u00e7\u00e3o de compromisso com o direito \u00e0 moradia e \u00e0 justi\u00e7a social, o prefeito David Almeida realizou, nesta quarta-feira, 4\/6, a entrega de 210 t\u00edtulos definitivos de propriedade para moradores da comunidade Parque das Na\u00e7\u00f5es Ind\u00edgenas, na zona Norte de Manaus.","robots":{"index":"index","follow":"follow","max-snippet":"max-snippet:-1","max-image-preview":"max-image-preview:large","max-video-preview":"max-video-preview:-1"},"canonical":"https:\/\/www.manaus.am.gov.br\/semcom\/entrega-titulos-de-terra\/","og_locale":"pt_BR","og_type":"article","og_title":"Com entrega de 210 t\u00edtulos de terra, prefeito David Almeida refor\u00e7a compromisso com moradia digna e inclus\u00e3o de povos origin\u00e1rios","og_description":"Em mais uma demonstra\u00e7\u00e3o de compromisso com o direito \u00e0 moradia e \u00e0 justi\u00e7a social, o prefeito David Almeida realizou, nesta quarta-feira, 4\/6, a entrega de 210 t\u00edtulos definitivos de propriedade para moradores da comunidade Parque das Na\u00e7\u00f5es Ind\u00edgenas, na zona Norte de Manaus.","og_url":"https:\/\/www.manaus.am.gov.br\/semcom\/entrega-titulos-de-terra\/","og_site_name":"SEMCOM","article_published_time":"2025-06-04T21:08:36+00:00","article_modified_time":"2025-06-04T21:08:37+00:00","og_image":[{"width":799,"height":533,"url":"https:\/\/www.manaus.am.gov.br\/semcom\/wp-content\/uploads\/sites\/5\/2025\/06\/54567491228_4a6c02c94e_c.jpg","type":"image\/jpeg"}],"author":"bvalente","twitter_card":"summary_large_image","twitter_misc":{"Written by":"bvalente","Est. reading time":"4 minutos"},"schema":{"@context":"https:\/\/schema.org","@graph":[{"@type":"WebPage","@id":"https:\/\/www.manaus.am.gov.br\/semcom\/entrega-titulos-de-terra\/","url":"https:\/\/www.manaus.am.gov.br\/semcom\/entrega-titulos-de-terra\/","name":"Com entrega de 210 t\u00edtulos de terra, prefeito David Almeida refor\u00e7a compromisso com moradia digna e inclus\u00e3o de povos origin\u00e1rios","isPartOf":{"@id":"https:\/\/www.manaus.am.gov.br\/semcom\/#website"},"primaryImageOfPage":{"@id":"https:\/\/www.manaus.am.gov.br\/semcom\/entrega-titulos-de-terra\/#primaryimage"},"image":{"@id":"https:\/\/www.manaus.am.gov.br\/semcom\/entrega-titulos-de-terra\/#primaryimage"},"thumbnailUrl":"https:\/\/www.manaus.am.gov.br\/semcom\/wp-content\/uploads\/sites\/5\/2025\/06\/54567491228_4a6c02c94e_c.jpg","datePublished":"2025-06-04T21:08:36+00:00","dateModified":"2025-06-04T21:08:37+00:00","author":{"@id":"https:\/\/www.manaus.am.gov.br\/semcom\/#\/schema\/person\/466a0e03ae4b6062809046bd560ac955"},"description":"Em mais uma demonstra\u00e7\u00e3o de compromisso com o direito \u00e0 moradia e \u00e0 justi\u00e7a social, o prefeito David Almeida realizou, nesta quarta-feira, 4\/6, a entrega de 210 t\u00edtulos definitivos de propriedade para moradores da comunidade Parque das Na\u00e7\u00f5es Ind\u00edgenas, na zona Norte de Manaus.","inLanguage":"pt-BR","potentialAction":[{"@type":"ReadAction","target":["https:\/\/www.manaus.am.gov.br\/semcom\/entrega-titulos-de-terra\/"]}]},{"@type":"ImageObject","inLanguage":"pt-BR","@id":"https:\/\/www.manaus.am.gov.br\/semcom\/entrega-titulos-de-terra\/#primaryimage","url":"https:\/\/www.manaus.am.gov.br\/semcom\/wp-content\/uploads\/sites\/5\/2025\/06\/54567491228_4a6c02c94e_c.jpg","contentUrl":"https:\/\/www.manaus.am.gov.br\/semcom\/wp-content\/uploads\/sites\/5\/2025\/06\/54567491228_4a6c02c94e_c.jpg","width":799,"height":533},{"@type":"WebSite","@id":"https:\/\/www.manaus.am.gov.br\/semcom\/#website","url":"https:\/\/www.manaus.am.gov.br\/semcom\/","name":"SEMCOM","description":"Secretaria Municipal de Comunica\u00e7\u00e3o","potentialAction":[{"@type":"SearchAction","target":{"@type":"EntryPoint","urlTemplate":"https:\/\/www.manaus.am.gov.br\/semcom\/?s={search_term_string}"},"query-input":"required name=search_term_string"}],"inLanguage":"pt-BR"},{"@type":"Person","@id":"https:\/\/www.manaus.am.gov.br\/semcom\/#\/schema\/person\/466a0e03ae4b6062809046bd560ac955","name":"bvalente","image":{"@type":"ImageObject","inLanguage":"pt-BR","@id":"https:\/\/www.manaus.am.gov.br\/semcom\/#\/schema\/person\/image\/","url":"https:\/\/secure.gravatar.com\/avatar\/3e69bc2b014bdad41adfec3a39de07d2?s=96&d=mm&r=g","contentUrl":"https:\/\/secure.gravatar.com\/avatar\/3e69bc2b014bdad41adfec3a39de07d2?s=96&d=mm&r=g","caption":"bvalente"}}]}},"_links":{"self":[{"href":"https:\/\/www.manaus.am.gov.br\/semcom\/wp-json\/wp\/v2\/posts\/240215"}],"collection":[{"href":"https:\/\/www.manaus.am.gov.br\/semcom\/wp-json\/wp\/v2\/posts"}],"about":[{"href":"https:\/\/www.manaus.am.gov.br\/semcom\/wp-json\/wp\/v2\/types\/post"}],"author":[{"embeddable":true,"href":"https:\/\/www.manaus.am.gov.br\/semcom\/wp-json\/wp\/v2\/users\/68"}],"replies":[{"embeddable":true,"href":"https:\/\/www.manaus.am.gov.br\/semcom\/wp-json\/wp\/v2\/comments?post=240215"}],"version-history":[{"count":0,"href":"https:\/\/www.manaus.am.gov.br\/semcom\/wp-json\/wp\/v2\/posts\/240215\/revisions"}],"wp:featuredmedia":[{"embeddable":true,"href":"https:\/\/www.manaus.am.gov.br\/semcom\/wp-json\/wp\/v2\/media\/240216"}],"wp:attachment":[{"href":"https:\/\/www.manaus.am.gov.br\/semcom\/wp-json\/wp\/v2\/media?parent=240215"}],"wp:term":[{"taxonomy":"category","embeddable":true,"href":"https:\/\/www.manaus.am.gov.br\/semcom\/wp-json\/wp\/v2\/categories?post=240215"},{"taxonomy":"post_tag","embeddable":true,"href":"https:\/\/www.manaus.am.gov.br\/semcom\/wp-json\/wp\/v2\/tags?post=240215"}],"curies":[{"name":"wp","href":"https:\/\/api.w.org\/{rel}","templated":true}]}}