{"id":240176,"date":"2025-06-04T15:23:13","date_gmt":"2025-06-04T18:23:13","guid":{"rendered":"https:\/\/www.manaus.am.gov.br\/semcom\/prefeitura-de-manaus-trabalha-com-frentes-de-obras-simultaneas-no-colonia-antonio-aleixo\/"},"modified":"2025-06-04T17:07:39","modified_gmt":"2025-06-04T20:07:39","slug":"colonia-antonio-aleixo","status":"publish","type":"post","link":"https:\/\/www.manaus.am.gov.br\/semcom\/colonia-antonio-aleixo\/","title":{"rendered":"Prefeitura de Manaus trabalha com frentes de obras simult\u00e2neas no Col\u00f4nia Ant\u00f4nio Aleixo"},"content":{"rendered":"\n<p>A <a href=\"https:\/\/www.instagram.com\/prefeiturademanaus\/\">Prefeitura de Manaus<\/a>, por meio da <a href=\"https:\/\/www.manaus.am.gov.br\/seminf\/\">Secretaria Municipal de Infraestrutura (Seminf),<\/a> intensifica, nesta quarta-feira, 4\/6, os trabalhos no segundo dia do projeto \u201cMutir\u00e3o no Bairro\u201d,\u00a0no Col\u00f4nia Ant\u00f4nio Aleixo. Com v\u00e1rias frentes de obras simult\u00e2neas, a a\u00e7\u00e3o leva servi\u00e7os de recupera\u00e7\u00e3o asf\u00e1ltica \u00e0s ruas da comunidade.<\/p>\n\n\n\n<p>\u201cA gest\u00e3o do prefeito David Almeida \u00e9 uma gest\u00e3o que gosta dos desafios, que responde com trabalho e prioriza levar a\u00e7\u00f5es de melhorias para as comunidades. Estamos presentes com o nosso terceiro mutir\u00e3o, e aqui no Col\u00f4nia Ant\u00f4nio Aleixo, os servi\u00e7os seguem impulsionados tamb\u00e9m, \u00e9 desta forma que determina o nosso prefeito e assim cumprimos\u201d, afirma o vice-prefeito e secret\u00e1rio de Obras, Renato Junior.&nbsp;<\/p>\n\n\n\n<p>Uma frente de obra trabalha empenhada na recupera\u00e7\u00e3o da travessa \u00c1lvaro Maia. Al\u00e9m de aplicar o asfalto, os trabalhadores contam com o apoio de uma retroescavadeira e pedra rach\u00e3o, para fortalecer ainda mais o pavimento. A dona de casa Diana Alvarenga, 30, se surpreende ao buscar a sua filha na escola e ver a rua que serve de acesso para a sua casa recebendo infraestrutura.&nbsp;<\/p>\n\n\n\n<p>\u201cEsse asfalto vai melhorar muito para passarmos com mais seguran\u00e7a, principalmente para mim que busco minha filha na escola e costumo passar por essa rua para chegar em casa. Obrigada, Prefeitura de Manaus\u201d.<\/p>\n\n\n\n<p>Outra frente de trabalho acontece na rua Senador \u00c1lvaro Maia, que tamb\u00e9m recebeu uma ca\u00e7amba de asfalto abastecida, que ir\u00e1 melhorar a trafegabilidade dos estudantes, dos ve\u00edculos e principalmente da fam\u00edlia da dona Elimara de Souza, 43, que \u00e9 dona de casa e tem uma filha que utiliza cadeira de rodas.&nbsp;<\/p>\n\n\n\n<p>\u201cEu estou gostando muito do trabalho, tenho uma filha especial que usa cadeira de rodas, e ultimamente estava com muita dificuldade para sair com ela, e com esse asfalto vai melhorar e muito, quanto mais suporte a Prefeitura de Manaus nos d\u00e1, mais a gente agradece\u201d relata a moradora.&nbsp;<\/p>\n\n\n\n<p>Com uma terceira equipe atuando de forma simult\u00e2nea no bairro, a transforma\u00e7\u00e3o acontece na rua Senador Jo\u00e3o Bosco, que tamb\u00e9m recebe os reparos de manuten\u00e7\u00e3o asf\u00e1ltica. O aut\u00f4nomo Ismael Bueno, 43 anos, relata a import\u00e2ncia do seu bairro receber essa assist\u00eancia por meio do Mutir\u00e3o.&nbsp;<\/p>\n\n\n\n<p>\u201cEsse trabalho \u00e9 essencial, at\u00e9 mesmo pelo nosso bairro ser distante de tudo e de todos, mas o prefeito David Almeida e o vice Renato Junior&nbsp; sempre se fazem presentes aqui dentro com os servi\u00e7os. S\u00f3 temos a agradecer, esse mutir\u00e3o \u00e9 muito importante para a nossa comunidade\u201d comemora o morador.&nbsp;<\/p>\n\n\n\n<p>A Prefeitura de Manaus segue firme com seu compromisso de atender as demandas da popula\u00e7\u00e3o, levar assist\u00eancia por meio dos trabalhos integrados das secretarias municipais e fazer a diferen\u00e7a dentro da comunidade.<\/p>\n\n\n\n<p>&#8212; &#8212; &#8212;<\/p>\n\n\n\n<p><strong>Texto &#8211;<\/strong> Rayana Coutinho\/ Seminf&nbsp;<\/p>\n\n\n\n<p><strong>Fotos &#8211;<\/strong> Alessandro Ara\u00fajo\/ Seminf&nbsp;<\/p>\n","protected":false},"excerpt":{"rendered":"","protected":false},"author":57,"featured_media":240177,"comment_status":"closed","ping_status":"closed","sticky":false,"template":"","format":"standard","meta":{"footnotes":""},"categories":[2504],"tags":[4529,15027,77,33],"acf":[],"yoast_head":"<!-- This site is optimized with the Yoast SEO plugin v23.0 - https:\/\/yoast.com\/wordpress\/plugins\/seo\/ -->\n<title>PMM trabalha com obras simult\u00e2neas no Col\u00f4nia Ant\u00f4nio Aleixo<\/title>\n<meta name=\"description\" content=\"A PMM intensifica, nesta quarta-feira, 4\/6, os trabalhos no segundo dia do projeto \u201cMutir\u00e3o no Bairro\u201d,\u00a0no Col\u00f4nia Ant\u00f4nio Aleixo.\" \/>\n<meta name=\"robots\" content=\"index, follow, max-snippet:-1, max-image-preview:large, max-video-preview:-1\" \/>\n<link rel=\"canonical\" href=\"https:\/\/www.manaus.am.gov.br\/semcom\/colonia-antonio-aleixo\/\" \/>\n<meta property=\"og:locale\" content=\"pt_BR\" \/>\n<meta property=\"og:type\" content=\"article\" \/>\n<meta property=\"og:title\" content=\"PMM trabalha com obras simult\u00e2neas no Col\u00f4nia Ant\u00f4nio Aleixo\" \/>\n<meta property=\"og:description\" content=\"A PMM intensifica, nesta quarta-feira, 4\/6, os trabalhos no segundo dia do projeto \u201cMutir\u00e3o no Bairro\u201d,\u00a0no Col\u00f4nia Ant\u00f4nio Aleixo.\" \/>\n<meta property=\"og:url\" content=\"https:\/\/www.manaus.am.gov.br\/semcom\/colonia-antonio-aleixo\/\" \/>\n<meta property=\"og:site_name\" content=\"SEMCOM\" \/>\n<meta property=\"article:published_time\" content=\"2025-06-04T18:23:13+00:00\" \/>\n<meta property=\"article:modified_time\" content=\"2025-06-04T20:07:39+00:00\" \/>\n<meta property=\"og:image\" content=\"https:\/\/www.manaus.am.gov.br\/semcom\/wp-content\/uploads\/sites\/5\/2025\/06\/IMG_0940.jpg\" \/>\n\t<meta property=\"og:image:width\" content=\"1200\" \/>\n\t<meta property=\"og:image:height\" content=\"900\" \/>\n\t<meta property=\"og:image:type\" content=\"image\/jpeg\" \/>\n<meta name=\"author\" content=\"Thiago Fernando\" \/>\n<meta name=\"twitter:card\" content=\"summary_large_image\" \/>\n<meta name=\"twitter:label1\" content=\"Written by\" \/>\n\t<meta name=\"twitter:data1\" content=\"Thiago Fernando\" \/>\n\t<meta name=\"twitter:label2\" content=\"Est. reading time\" \/>\n\t<meta name=\"twitter:data2\" content=\"3 minutos\" \/>\n<script type=\"application\/ld+json\" class=\"yoast-schema-graph\">{\"@context\":\"https:\/\/schema.org\",\"@graph\":[{\"@type\":\"WebPage\",\"@id\":\"https:\/\/www.manaus.am.gov.br\/semcom\/colonia-antonio-aleixo\/\",\"url\":\"https:\/\/www.manaus.am.gov.br\/semcom\/colonia-antonio-aleixo\/\",\"name\":\"PMM trabalha com obras simult\u00e2neas no Col\u00f4nia Ant\u00f4nio Aleixo\",\"isPartOf\":{\"@id\":\"https:\/\/www.manaus.am.gov.br\/semcom\/#website\"},\"primaryImageOfPage\":{\"@id\":\"https:\/\/www.manaus.am.gov.br\/semcom\/colonia-antonio-aleixo\/#primaryimage\"},\"image\":{\"@id\":\"https:\/\/www.manaus.am.gov.br\/semcom\/colonia-antonio-aleixo\/#primaryimage\"},\"thumbnailUrl\":\"https:\/\/www.manaus.am.gov.br\/semcom\/wp-content\/uploads\/sites\/5\/2025\/06\/IMG_0940.jpg\",\"datePublished\":\"2025-06-04T18:23:13+00:00\",\"dateModified\":\"2025-06-04T20:07:39+00:00\",\"author\":{\"@id\":\"https:\/\/www.manaus.am.gov.br\/semcom\/#\/schema\/person\/a5ee5376db6e21af026374b369f30882\"},\"description\":\"A PMM intensifica, nesta quarta-feira, 4\/6, os trabalhos no segundo dia do projeto \u201cMutir\u00e3o no Bairro\u201d,\u00a0no Col\u00f4nia Ant\u00f4nio Aleixo.\",\"inLanguage\":\"pt-BR\",\"potentialAction\":[{\"@type\":\"ReadAction\",\"target\":[\"https:\/\/www.manaus.am.gov.br\/semcom\/colonia-antonio-aleixo\/\"]}]},{\"@type\":\"ImageObject\",\"inLanguage\":\"pt-BR\",\"@id\":\"https:\/\/www.manaus.am.gov.br\/semcom\/colonia-antonio-aleixo\/#primaryimage\",\"url\":\"https:\/\/www.manaus.am.gov.br\/semcom\/wp-content\/uploads\/sites\/5\/2025\/06\/IMG_0940.jpg\",\"contentUrl\":\"https:\/\/www.manaus.am.gov.br\/semcom\/wp-content\/uploads\/sites\/5\/2025\/06\/IMG_0940.jpg\",\"width\":1200,\"height\":900},{\"@type\":\"WebSite\",\"@id\":\"https:\/\/www.manaus.am.gov.br\/semcom\/#website\",\"url\":\"https:\/\/www.manaus.am.gov.br\/semcom\/\",\"name\":\"SEMCOM\",\"description\":\"Secretaria Municipal de Comunica\u00e7\u00e3o\",\"potentialAction\":[{\"@type\":\"SearchAction\",\"target\":{\"@type\":\"EntryPoint\",\"urlTemplate\":\"https:\/\/www.manaus.am.gov.br\/semcom\/?s={search_term_string}\"},\"query-input\":\"required name=search_term_string\"}],\"inLanguage\":\"pt-BR\"},{\"@type\":\"Person\",\"@id\":\"https:\/\/www.manaus.am.gov.br\/semcom\/#\/schema\/person\/a5ee5376db6e21af026374b369f30882\",\"name\":\"Thiago Fernando\",\"image\":{\"@type\":\"ImageObject\",\"inLanguage\":\"pt-BR\",\"@id\":\"https:\/\/www.manaus.am.gov.br\/semcom\/#\/schema\/person\/image\/\",\"url\":\"https:\/\/secure.gravatar.com\/avatar\/f5aab8722444041451501c077052ac07?s=96&d=mm&r=g\",\"contentUrl\":\"https:\/\/secure.gravatar.com\/avatar\/f5aab8722444041451501c077052ac07?s=96&d=mm&r=g\",\"caption\":\"Thiago Fernando\"}}]}<\/script>\n<!-- \/ Yoast SEO plugin. -->","yoast_head_json":{"title":"PMM trabalha com obras simult\u00e2neas no Col\u00f4nia Ant\u00f4nio Aleixo","description":"A PMM intensifica, nesta quarta-feira, 4\/6, os trabalhos no segundo dia do projeto \u201cMutir\u00e3o no Bairro\u201d,\u00a0no Col\u00f4nia Ant\u00f4nio Aleixo.","robots":{"index":"index","follow":"follow","max-snippet":"max-snippet:-1","max-image-preview":"max-image-preview:large","max-video-preview":"max-video-preview:-1"},"canonical":"https:\/\/www.manaus.am.gov.br\/semcom\/colonia-antonio-aleixo\/","og_locale":"pt_BR","og_type":"article","og_title":"PMM trabalha com obras simult\u00e2neas no Col\u00f4nia Ant\u00f4nio Aleixo","og_description":"A PMM intensifica, nesta quarta-feira, 4\/6, os trabalhos no segundo dia do projeto \u201cMutir\u00e3o no Bairro\u201d,\u00a0no Col\u00f4nia Ant\u00f4nio Aleixo.","og_url":"https:\/\/www.manaus.am.gov.br\/semcom\/colonia-antonio-aleixo\/","og_site_name":"SEMCOM","article_published_time":"2025-06-04T18:23:13+00:00","article_modified_time":"2025-06-04T20:07:39+00:00","og_image":[{"width":1200,"height":900,"url":"https:\/\/www.manaus.am.gov.br\/semcom\/wp-content\/uploads\/sites\/5\/2025\/06\/IMG_0940.jpg","type":"image\/jpeg"}],"author":"Thiago Fernando","twitter_card":"summary_large_image","twitter_misc":{"Written by":"Thiago Fernando","Est. reading time":"3 minutos"},"schema":{"@context":"https:\/\/schema.org","@graph":[{"@type":"WebPage","@id":"https:\/\/www.manaus.am.gov.br\/semcom\/colonia-antonio-aleixo\/","url":"https:\/\/www.manaus.am.gov.br\/semcom\/colonia-antonio-aleixo\/","name":"PMM trabalha com obras simult\u00e2neas no Col\u00f4nia Ant\u00f4nio Aleixo","isPartOf":{"@id":"https:\/\/www.manaus.am.gov.br\/semcom\/#website"},"primaryImageOfPage":{"@id":"https:\/\/www.manaus.am.gov.br\/semcom\/colonia-antonio-aleixo\/#primaryimage"},"image":{"@id":"https:\/\/www.manaus.am.gov.br\/semcom\/colonia-antonio-aleixo\/#primaryimage"},"thumbnailUrl":"https:\/\/www.manaus.am.gov.br\/semcom\/wp-content\/uploads\/sites\/5\/2025\/06\/IMG_0940.jpg","datePublished":"2025-06-04T18:23:13+00:00","dateModified":"2025-06-04T20:07:39+00:00","author":{"@id":"https:\/\/www.manaus.am.gov.br\/semcom\/#\/schema\/person\/a5ee5376db6e21af026374b369f30882"},"description":"A PMM intensifica, nesta quarta-feira, 4\/6, os trabalhos no segundo dia do projeto \u201cMutir\u00e3o no Bairro\u201d,\u00a0no Col\u00f4nia Ant\u00f4nio Aleixo.","inLanguage":"pt-BR","potentialAction":[{"@type":"ReadAction","target":["https:\/\/www.manaus.am.gov.br\/semcom\/colonia-antonio-aleixo\/"]}]},{"@type":"ImageObject","inLanguage":"pt-BR","@id":"https:\/\/www.manaus.am.gov.br\/semcom\/colonia-antonio-aleixo\/#primaryimage","url":"https:\/\/www.manaus.am.gov.br\/semcom\/wp-content\/uploads\/sites\/5\/2025\/06\/IMG_0940.jpg","contentUrl":"https:\/\/www.manaus.am.gov.br\/semcom\/wp-content\/uploads\/sites\/5\/2025\/06\/IMG_0940.jpg","width":1200,"height":900},{"@type":"WebSite","@id":"https:\/\/www.manaus.am.gov.br\/semcom\/#website","url":"https:\/\/www.manaus.am.gov.br\/semcom\/","name":"SEMCOM","description":"Secretaria Municipal de Comunica\u00e7\u00e3o","potentialAction":[{"@type":"SearchAction","target":{"@type":"EntryPoint","urlTemplate":"https:\/\/www.manaus.am.gov.br\/semcom\/?s={search_term_string}"},"query-input":"required name=search_term_string"}],"inLanguage":"pt-BR"},{"@type":"Person","@id":"https:\/\/www.manaus.am.gov.br\/semcom\/#\/schema\/person\/a5ee5376db6e21af026374b369f30882","name":"Thiago Fernando","image":{"@type":"ImageObject","inLanguage":"pt-BR","@id":"https:\/\/www.manaus.am.gov.br\/semcom\/#\/schema\/person\/image\/","url":"https:\/\/secure.gravatar.com\/avatar\/f5aab8722444041451501c077052ac07?s=96&d=mm&r=g","contentUrl":"https:\/\/secure.gravatar.com\/avatar\/f5aab8722444041451501c077052ac07?s=96&d=mm&r=g","caption":"Thiago Fernando"}}]}},"_links":{"self":[{"href":"https:\/\/www.manaus.am.gov.br\/semcom\/wp-json\/wp\/v2\/posts\/240176"}],"collection":[{"href":"https:\/\/www.manaus.am.gov.br\/semcom\/wp-json\/wp\/v2\/posts"}],"about":[{"href":"https:\/\/www.manaus.am.gov.br\/semcom\/wp-json\/wp\/v2\/types\/post"}],"author":[{"embeddable":true,"href":"https:\/\/www.manaus.am.gov.br\/semcom\/wp-json\/wp\/v2\/users\/57"}],"replies":[{"embeddable":true,"href":"https:\/\/www.manaus.am.gov.br\/semcom\/wp-json\/wp\/v2\/comments?post=240176"}],"version-history":[{"count":1,"href":"https:\/\/www.manaus.am.gov.br\/semcom\/wp-json\/wp\/v2\/posts\/240176\/revisions"}],"predecessor-version":[{"id":240199,"href":"https:\/\/www.manaus.am.gov.br\/semcom\/wp-json\/wp\/v2\/posts\/240176\/revisions\/240199"}],"wp:featuredmedia":[{"embeddable":true,"href":"https:\/\/www.manaus.am.gov.br\/semcom\/wp-json\/wp\/v2\/media\/240177"}],"wp:attachment":[{"href":"https:\/\/www.manaus.am.gov.br\/semcom\/wp-json\/wp\/v2\/media?parent=240176"}],"wp:term":[{"taxonomy":"category","embeddable":true,"href":"https:\/\/www.manaus.am.gov.br\/semcom\/wp-json\/wp\/v2\/categories?post=240176"},{"taxonomy":"post_tag","embeddable":true,"href":"https:\/\/www.manaus.am.gov.br\/semcom\/wp-json\/wp\/v2\/tags?post=240176"}],"curies":[{"name":"wp","href":"https:\/\/api.w.org\/{rel}","templated":true}]}}