{"id":240159,"date":"2025-06-04T13:22:27","date_gmt":"2025-06-04T16:22:27","guid":{"rendered":"https:\/\/www.manaus.am.gov.br\/semcom\/terceira-parcela-alvara-2025\/"},"modified":"2025-06-04T13:22:28","modified_gmt":"2025-06-04T16:22:28","slug":"terceira-parcela-alvara-2025","status":"publish","type":"post","link":"https:\/\/www.manaus.am.gov.br\/semcom\/terceira-parcela-alvara-2025\/","title":{"rendered":"Terceira parcela do Alvar\u00e1 2025 vence nesta quinta-feira, 5\/6"},"content":{"rendered":"\n<p>A Prefeitura de Manaus, por meio da Secretaria Municipal de Finan\u00e7as e Tecnologia da Informa\u00e7\u00e3o (Semef), alerta os contribuintes da cidade que optaram pelo parcelamento da Taxa de Verifica\u00e7\u00e3o de Funcionamento (TVF), o Alvar\u00e1 2025, que o prazo para pagamento da 3\u00aa parcela vence nesta quinta-feira, 5\/6.<\/p>\n\n\n\n<p>O subsecret\u00e1rio da Receita da Semef, Arminio Pontes, refor\u00e7a a import\u00e2ncia dos contribuintes manterem a regularidade fiscal. \u201cO pagamento da TVF \u00e9 fundamental para a regulariza\u00e7\u00e3o das atividades empresariais na cidade. Quem est\u00e1 em dia com o Alvar\u00e1 garante seguran\u00e7a jur\u00eddica para seu neg\u00f3cio e evita san\u00e7\u00f5es\u201d, destacou.<\/p>\n\n\n\n<p>Ainda segundo Pontes, o n\u00e3o pagamento dentro do prazo sujeita o contribuinte a juros de mora de 1% ao m\u00eas e multa di\u00e1ria de 0,33%, limitada a 20% do valor do tributo. \u201cRefor\u00e7amos que as guias de pagamento continuam dispon\u00edveis no portal Manaus Atende. \u00c9 um servi\u00e7o digital que facilita o acesso \u00e0 documenta\u00e7\u00e3o e evita transtornos\u201d, orientou o subsecret\u00e1rio.<\/p>\n\n\n\n<p>A TVF \u00e9 uma taxa municipal obrigat\u00f3ria cobrada anualmente das empresas estabelecidas em Manaus, sendo calculada com base na Unidade Fiscal do Munic\u00edpio (UFM). A arrecada\u00e7\u00e3o visa custear as a\u00e7\u00f5es de fiscaliza\u00e7\u00e3o e garantir que as empresas funcionem dentro das normas legais.<\/p>\n\n\n\n<p>As notifica\u00e7\u00f5es de lan\u00e7amento e as guias de pagamento foram enviadas via Correios e tamb\u00e9m podem ser consultadas e impressas pelo portal de servi\u00e7os tribut\u00e1rios da Prefeitura de Manaus:&nbsp;<a href=\"http:\/\/manausatende.manaus.am.gov.br\/\" target=\"_blank\" rel=\"noreferrer noopener\">manausatende.manaus.am.gov.br<\/a>.<\/p>\n\n\n\n<p>&#8212; &#8212; &#8212;<\/p>\n\n\n\n<p><strong>Texto \u2013\u00a0<\/strong>Anderson Farias\/Semef<\/p>\n\n\n\n<p><strong>Foto \u2013 <\/strong>Divulga\u00e7\u00e3o\/Semef<\/p>\n","protected":false},"excerpt":{"rendered":"","protected":false},"author":39,"featured_media":240160,"comment_status":"closed","ping_status":"closed","sticky":false,"template":"","format":"standard","meta":{"footnotes":""},"categories":[722],"tags":[14071,77,157,15192,3199,15193],"acf":[],"yoast_head":"<!-- This site is optimized with the Yoast SEO plugin v23.0 - https:\/\/yoast.com\/wordpress\/plugins\/seo\/ -->\n<title>Terceira parcela do Alvar\u00e1 2025 vence nesta quinta-feira, 5\/6<\/title>\n<meta name=\"description\" content=\"A Prefeitura de Manaus, por meio da Semef, informa que a terceira parcela do Alvar\u00e1 2025 vence nesta quinta-feira, 5\/6.\" \/>\n<meta name=\"robots\" content=\"index, follow, max-snippet:-1, max-image-preview:large, max-video-preview:-1\" \/>\n<link rel=\"canonical\" href=\"https:\/\/www.manaus.am.gov.br\/semcom\/terceira-parcela-alvara-2025\/\" \/>\n<meta property=\"og:locale\" content=\"pt_BR\" \/>\n<meta property=\"og:type\" content=\"article\" \/>\n<meta property=\"og:title\" content=\"Terceira parcela do Alvar\u00e1 2025 vence nesta quinta-feira, 5\/6\" \/>\n<meta property=\"og:description\" content=\"A Prefeitura de Manaus, por meio da Semef, informa que a terceira parcela do Alvar\u00e1 2025 vence nesta quinta-feira, 5\/6.\" \/>\n<meta property=\"og:url\" content=\"https:\/\/www.manaus.am.gov.br\/semcom\/terceira-parcela-alvara-2025\/\" \/>\n<meta property=\"og:site_name\" content=\"SEMCOM\" \/>\n<meta property=\"article:published_time\" content=\"2025-06-04T16:22:27+00:00\" \/>\n<meta property=\"article:modified_time\" content=\"2025-06-04T16:22:28+00:00\" \/>\n<meta property=\"og:image\" content=\"https:\/\/www.manaus.am.gov.br\/semcom\/wp-content\/uploads\/sites\/5\/2025\/06\/ALVARA-2025.jpeg\" \/>\n\t<meta property=\"og:image:width\" content=\"1280\" \/>\n\t<meta property=\"og:image:height\" content=\"960\" \/>\n\t<meta property=\"og:image:type\" content=\"image\/jpeg\" \/>\n<meta name=\"author\" content=\"Bruna Greco\" \/>\n<meta name=\"twitter:card\" content=\"summary_large_image\" \/>\n<meta name=\"twitter:label1\" content=\"Written by\" \/>\n\t<meta name=\"twitter:data1\" content=\"Bruna Greco\" \/>\n\t<meta name=\"twitter:label2\" content=\"Est. reading time\" \/>\n\t<meta name=\"twitter:data2\" content=\"2 minutos\" \/>\n<script type=\"application\/ld+json\" class=\"yoast-schema-graph\">{\"@context\":\"https:\/\/schema.org\",\"@graph\":[{\"@type\":\"WebPage\",\"@id\":\"https:\/\/www.manaus.am.gov.br\/semcom\/terceira-parcela-alvara-2025\/\",\"url\":\"https:\/\/www.manaus.am.gov.br\/semcom\/terceira-parcela-alvara-2025\/\",\"name\":\"Terceira parcela do Alvar\u00e1 2025 vence nesta quinta-feira, 5\/6\",\"isPartOf\":{\"@id\":\"https:\/\/www.manaus.am.gov.br\/semcom\/#website\"},\"primaryImageOfPage\":{\"@id\":\"https:\/\/www.manaus.am.gov.br\/semcom\/terceira-parcela-alvara-2025\/#primaryimage\"},\"image\":{\"@id\":\"https:\/\/www.manaus.am.gov.br\/semcom\/terceira-parcela-alvara-2025\/#primaryimage\"},\"thumbnailUrl\":\"https:\/\/www.manaus.am.gov.br\/semcom\/wp-content\/uploads\/sites\/5\/2025\/06\/ALVARA-2025.jpeg\",\"datePublished\":\"2025-06-04T16:22:27+00:00\",\"dateModified\":\"2025-06-04T16:22:28+00:00\",\"author\":{\"@id\":\"https:\/\/www.manaus.am.gov.br\/semcom\/#\/schema\/person\/05d223aea2bf115f9883a6ff3683d81b\"},\"description\":\"A Prefeitura de Manaus, por meio da Semef, informa que a terceira parcela do Alvar\u00e1 2025 vence nesta quinta-feira, 5\/6.\",\"inLanguage\":\"pt-BR\",\"potentialAction\":[{\"@type\":\"ReadAction\",\"target\":[\"https:\/\/www.manaus.am.gov.br\/semcom\/terceira-parcela-alvara-2025\/\"]}]},{\"@type\":\"ImageObject\",\"inLanguage\":\"pt-BR\",\"@id\":\"https:\/\/www.manaus.am.gov.br\/semcom\/terceira-parcela-alvara-2025\/#primaryimage\",\"url\":\"https:\/\/www.manaus.am.gov.br\/semcom\/wp-content\/uploads\/sites\/5\/2025\/06\/ALVARA-2025.jpeg\",\"contentUrl\":\"https:\/\/www.manaus.am.gov.br\/semcom\/wp-content\/uploads\/sites\/5\/2025\/06\/ALVARA-2025.jpeg\",\"width\":1280,\"height\":960,\"caption\":\"#paratodosverem - Tela do computado logada no site da Semef\"},{\"@type\":\"WebSite\",\"@id\":\"https:\/\/www.manaus.am.gov.br\/semcom\/#website\",\"url\":\"https:\/\/www.manaus.am.gov.br\/semcom\/\",\"name\":\"SEMCOM\",\"description\":\"Secretaria Municipal de Comunica\u00e7\u00e3o\",\"potentialAction\":[{\"@type\":\"SearchAction\",\"target\":{\"@type\":\"EntryPoint\",\"urlTemplate\":\"https:\/\/www.manaus.am.gov.br\/semcom\/?s={search_term_string}\"},\"query-input\":\"required name=search_term_string\"}],\"inLanguage\":\"pt-BR\"},{\"@type\":\"Person\",\"@id\":\"https:\/\/www.manaus.am.gov.br\/semcom\/#\/schema\/person\/05d223aea2bf115f9883a6ff3683d81b\",\"name\":\"Bruna Greco\",\"image\":{\"@type\":\"ImageObject\",\"inLanguage\":\"pt-BR\",\"@id\":\"https:\/\/www.manaus.am.gov.br\/semcom\/#\/schema\/person\/image\/\",\"url\":\"https:\/\/secure.gravatar.com\/avatar\/9c877d1a6adc2a055330e5c09a8653ce?s=96&d=mm&r=g\",\"contentUrl\":\"https:\/\/secure.gravatar.com\/avatar\/9c877d1a6adc2a055330e5c09a8653ce?s=96&d=mm&r=g\",\"caption\":\"Bruna Greco\"}}]}<\/script>\n<!-- \/ Yoast SEO plugin. -->","yoast_head_json":{"title":"Terceira parcela do Alvar\u00e1 2025 vence nesta quinta-feira, 5\/6","description":"A Prefeitura de Manaus, por meio da Semef, informa que a terceira parcela do Alvar\u00e1 2025 vence nesta quinta-feira, 5\/6.","robots":{"index":"index","follow":"follow","max-snippet":"max-snippet:-1","max-image-preview":"max-image-preview:large","max-video-preview":"max-video-preview:-1"},"canonical":"https:\/\/www.manaus.am.gov.br\/semcom\/terceira-parcela-alvara-2025\/","og_locale":"pt_BR","og_type":"article","og_title":"Terceira parcela do Alvar\u00e1 2025 vence nesta quinta-feira, 5\/6","og_description":"A Prefeitura de Manaus, por meio da Semef, informa que a terceira parcela do Alvar\u00e1 2025 vence nesta quinta-feira, 5\/6.","og_url":"https:\/\/www.manaus.am.gov.br\/semcom\/terceira-parcela-alvara-2025\/","og_site_name":"SEMCOM","article_published_time":"2025-06-04T16:22:27+00:00","article_modified_time":"2025-06-04T16:22:28+00:00","og_image":[{"width":1280,"height":960,"url":"https:\/\/www.manaus.am.gov.br\/semcom\/wp-content\/uploads\/sites\/5\/2025\/06\/ALVARA-2025.jpeg","type":"image\/jpeg"}],"author":"Bruna Greco","twitter_card":"summary_large_image","twitter_misc":{"Written by":"Bruna Greco","Est. reading time":"2 minutos"},"schema":{"@context":"https:\/\/schema.org","@graph":[{"@type":"WebPage","@id":"https:\/\/www.manaus.am.gov.br\/semcom\/terceira-parcela-alvara-2025\/","url":"https:\/\/www.manaus.am.gov.br\/semcom\/terceira-parcela-alvara-2025\/","name":"Terceira parcela do Alvar\u00e1 2025 vence nesta quinta-feira, 5\/6","isPartOf":{"@id":"https:\/\/www.manaus.am.gov.br\/semcom\/#website"},"primaryImageOfPage":{"@id":"https:\/\/www.manaus.am.gov.br\/semcom\/terceira-parcela-alvara-2025\/#primaryimage"},"image":{"@id":"https:\/\/www.manaus.am.gov.br\/semcom\/terceira-parcela-alvara-2025\/#primaryimage"},"thumbnailUrl":"https:\/\/www.manaus.am.gov.br\/semcom\/wp-content\/uploads\/sites\/5\/2025\/06\/ALVARA-2025.jpeg","datePublished":"2025-06-04T16:22:27+00:00","dateModified":"2025-06-04T16:22:28+00:00","author":{"@id":"https:\/\/www.manaus.am.gov.br\/semcom\/#\/schema\/person\/05d223aea2bf115f9883a6ff3683d81b"},"description":"A Prefeitura de Manaus, por meio da Semef, informa que a terceira parcela do Alvar\u00e1 2025 vence nesta quinta-feira, 5\/6.","inLanguage":"pt-BR","potentialAction":[{"@type":"ReadAction","target":["https:\/\/www.manaus.am.gov.br\/semcom\/terceira-parcela-alvara-2025\/"]}]},{"@type":"ImageObject","inLanguage":"pt-BR","@id":"https:\/\/www.manaus.am.gov.br\/semcom\/terceira-parcela-alvara-2025\/#primaryimage","url":"https:\/\/www.manaus.am.gov.br\/semcom\/wp-content\/uploads\/sites\/5\/2025\/06\/ALVARA-2025.jpeg","contentUrl":"https:\/\/www.manaus.am.gov.br\/semcom\/wp-content\/uploads\/sites\/5\/2025\/06\/ALVARA-2025.jpeg","width":1280,"height":960,"caption":"#paratodosverem - Tela do computado logada no site da Semef"},{"@type":"WebSite","@id":"https:\/\/www.manaus.am.gov.br\/semcom\/#website","url":"https:\/\/www.manaus.am.gov.br\/semcom\/","name":"SEMCOM","description":"Secretaria Municipal de Comunica\u00e7\u00e3o","potentialAction":[{"@type":"SearchAction","target":{"@type":"EntryPoint","urlTemplate":"https:\/\/www.manaus.am.gov.br\/semcom\/?s={search_term_string}"},"query-input":"required name=search_term_string"}],"inLanguage":"pt-BR"},{"@type":"Person","@id":"https:\/\/www.manaus.am.gov.br\/semcom\/#\/schema\/person\/05d223aea2bf115f9883a6ff3683d81b","name":"Bruna Greco","image":{"@type":"ImageObject","inLanguage":"pt-BR","@id":"https:\/\/www.manaus.am.gov.br\/semcom\/#\/schema\/person\/image\/","url":"https:\/\/secure.gravatar.com\/avatar\/9c877d1a6adc2a055330e5c09a8653ce?s=96&d=mm&r=g","contentUrl":"https:\/\/secure.gravatar.com\/avatar\/9c877d1a6adc2a055330e5c09a8653ce?s=96&d=mm&r=g","caption":"Bruna Greco"}}]}},"_links":{"self":[{"href":"https:\/\/www.manaus.am.gov.br\/semcom\/wp-json\/wp\/v2\/posts\/240159"}],"collection":[{"href":"https:\/\/www.manaus.am.gov.br\/semcom\/wp-json\/wp\/v2\/posts"}],"about":[{"href":"https:\/\/www.manaus.am.gov.br\/semcom\/wp-json\/wp\/v2\/types\/post"}],"author":[{"embeddable":true,"href":"https:\/\/www.manaus.am.gov.br\/semcom\/wp-json\/wp\/v2\/users\/39"}],"replies":[{"embeddable":true,"href":"https:\/\/www.manaus.am.gov.br\/semcom\/wp-json\/wp\/v2\/comments?post=240159"}],"version-history":[{"count":0,"href":"https:\/\/www.manaus.am.gov.br\/semcom\/wp-json\/wp\/v2\/posts\/240159\/revisions"}],"wp:featuredmedia":[{"embeddable":true,"href":"https:\/\/www.manaus.am.gov.br\/semcom\/wp-json\/wp\/v2\/media\/240160"}],"wp:attachment":[{"href":"https:\/\/www.manaus.am.gov.br\/semcom\/wp-json\/wp\/v2\/media?parent=240159"}],"wp:term":[{"taxonomy":"category","embeddable":true,"href":"https:\/\/www.manaus.am.gov.br\/semcom\/wp-json\/wp\/v2\/categories?post=240159"},{"taxonomy":"post_tag","embeddable":true,"href":"https:\/\/www.manaus.am.gov.br\/semcom\/wp-json\/wp\/v2\/tags?post=240159"}],"curies":[{"name":"wp","href":"https:\/\/api.w.org\/{rel}","templated":true}]}}