{"id":240035,"date":"2025-06-02T13:46:22","date_gmt":"2025-06-02T17:46:22","guid":{"rendered":"https:\/\/www.manaus.am.gov.br\/semcom\/visita-prestacao-de-contas-cmm\/"},"modified":"2025-06-02T14:46:36","modified_gmt":"2025-06-02T17:46:36","slug":"visita-prestacao-de-contas-cmm","status":"publish","type":"post","link":"https:\/\/www.manaus.am.gov.br\/semcom\/visita-prestacao-de-contas-cmm\/","title":{"rendered":"Vice-prefeito de Manaus Renato Junior vai \u00e0 CMM prestar contas dos mutir\u00f5es nos bairros e convida parlamentares para uma visita as obras do viaduto Rei Pel\u00e9"},"content":{"rendered":"\n<p>O programa \u201cMutir\u00e3o no Bairro\u201d foi tema de uma visita de cortesia realizada, nesta segunda-feira, 2\/6, do vice-prefeito de Manaus e titular da Secretaria Municipal de Infraestrutura (Seminf), Renato Junior \u00e0 C\u00e2mara Municipal de Manaus (CMM), onde se reuniu com o presidente da casa, vereador David Reis, e demais parlamentares. No encontro, que abordou a presta\u00e7\u00e3o de contas e um convite oficial, Renato refor\u00e7ou o desejo da prefeitura de manter pontes firmes com o Legislativo, e n\u00e3o apenas em discurso.<\/p>\n\n\n\n<p><br>\u201cCome\u00e7ar a semana com essa visita \u00e9 cumprir uma determina\u00e7\u00e3o do prefeito David Almeida, de estreitar a rela\u00e7\u00e3o entre Executivo e Legislativo. A c\u00e2mara recebe as demandas que v\u00eam das ruas. A gente precisa estar junto, dialogando e devolvendo trabalho para a popula\u00e7\u00e3o\u201d, afirmou o vice-prefeito.<\/p>\n\n\n\n<p><br>Na agenda, o destaque ficou por conta da entrega do viaduto Rei Pel\u00e9, uma das principais obras de mobilidade em curso na capital, com inaugura\u00e7\u00e3o prevista para as pr\u00f3ximas semanas. Renato Junior convidou os vereadores a visitarem o canteiro de obras ainda nesta semana, antes da conclus\u00e3o definitiva da estrutura, que j\u00e1 est\u00e1 com 99% dos servi\u00e7os executados.<\/p>\n\n\n\n<p><br>\u201cEsse viaduto vai tirar o estrangulamento que existe ali entre as avenidas Ita\u00faba e Camapu\u00e3. \u00c9 um projeto que exigiu estudos, ajustes t\u00e9cnicos e muito trabalho de madrugada. Mas \u00e9 isso, obra p\u00fablica \u00e9 assim mesmo. E a gente s\u00f3 sossega quando v\u00ea que vai mudar a vida das pessoas\u201d, enfatizou.<\/p>\n\n\n\n<p><br>O vice-prefeito tamb\u00e9m fez um balan\u00e7o das primeiras edi\u00e7\u00f5es do programa \u201cMutir\u00e3o no Bairro\u201d, que j\u00e1 passou pelos bairros Alvorada e Mutir\u00e3o, promovendo a\u00e7\u00f5es integradas de limpeza, ilumina\u00e7\u00e3o, drenagem, asfaltamento, sinaliza\u00e7\u00e3o e atendimento comunit\u00e1rio.<\/p>\n\n\n\n<p><br>Na avalia\u00e7\u00e3o do vice-prefeito Renato Junior, a presen\u00e7a ativa dos vereadores nas comunidades \u00e9 uma engrenagem fundamental para que os mutir\u00f5es atendam \u00e0s necessidades reais de cada territ\u00f3rio.<\/p>\n\n\n\n<p>\u201cCada vereador tem sua base, suas lideran\u00e7as. Eles identificam as dores. O nosso trabalho \u00e9 acolher essas demandas e responder com solu\u00e7\u00e3o. \u00c9 assim que a prefeitura devolve confian\u00e7a ao povo, e o povo volta a acreditar na pol\u00edtica\u201d, concluiu.<\/p>\n\n\n\n<p><strong>CMM reconhece esfor\u00e7o e parceria<\/strong><\/p>\n\n\n\n<p>O presidente da CMM, David Reis, agradeceu a presen\u00e7a de Renato Junior e enalteceu a constante abertura ao di\u00e1logo por parte do Executivo municipal. \u201cO vice-prefeito mant\u00e9m essa tradi\u00e7\u00e3o positiva de vir ao plen\u00e1rio de forma espont\u00e2nea, prestando contas, ouvindo e dialogando com todos n\u00f3s. Isso fortalece a rela\u00e7\u00e3o entre os poderes e contribui para que os resultados cheguem at\u00e9 a popula\u00e7\u00e3o\u201d, disse.<\/p>\n\n\n\n<p>Para David Reis, a obra do viaduto representa um avan\u00e7o hist\u00f3rico na mobilidade das zonas Norte e Leste. \u201cAli era um gargalo antigo, que gerava engarrafamentos di\u00e1rios. Agora, com essa interven\u00e7\u00e3o, teremos um tr\u00e2nsito mais fluido e mais qualidade de vida para quem vive naquela regi\u00e3o t\u00e3o populosa. \u00c9 a Prefeitura de Manaus mostrando sensibilidade e compet\u00eancia para enfrentar desafios\u201d, concluiu.<\/p>\n\n\n\n<figure class=\"wp-block-image size-large\"><img loading=\"lazy\" decoding=\"async\" width=\"1024\" height=\"683\" src=\"https:\/\/www.manaus.am.gov.br\/semcom\/wp-content\/uploads\/sites\/5\/2025\/06\/image5-1024x683.jpeg\" alt=\"\" class=\"wp-image-240038\" srcset=\"https:\/\/www.manaus.am.gov.br\/semcom\/wp-content\/uploads\/sites\/5\/2025\/06\/image5-1024x683.jpeg 1024w, https:\/\/www.manaus.am.gov.br\/semcom\/wp-content\/uploads\/sites\/5\/2025\/06\/image5-300x200.jpeg 300w, https:\/\/www.manaus.am.gov.br\/semcom\/wp-content\/uploads\/sites\/5\/2025\/06\/image5-768x512.jpeg 768w, https:\/\/www.manaus.am.gov.br\/semcom\/wp-content\/uploads\/sites\/5\/2025\/06\/image5-1536x1024.jpeg 1536w, https:\/\/www.manaus.am.gov.br\/semcom\/wp-content\/uploads\/sites\/5\/2025\/06\/image5-2048x1365.jpeg 2048w\" sizes=\"(max-width: 1024px) 100vw, 1024px\" \/><\/figure>\n\n\n\n<p>&#8212; &#8212; &#8212;<\/p>\n\n\n\n<p><strong>Texto<\/strong> &#8211; Alessandra Taveira\/Vice-Prefeitura e Divulga\u00e7\u00e3o\/CMM<\/p>\n\n\n\n<p><strong>Fotos<\/strong> &#8211; Carlos Oliveira\/Vice-Prefeitura e Cleuton Silva\/CMM<\/p>\n","protected":false},"excerpt":{"rendered":"","protected":false},"author":39,"featured_media":240036,"comment_status":"closed","ping_status":"closed","sticky":false,"template":"","format":"standard","meta":{"footnotes":""},"categories":[3460],"tags":[77,3652,15151,15152,15086],"acf":[],"yoast_head":"<!-- This site is optimized with the Yoast SEO plugin v23.0 - https:\/\/yoast.com\/wordpress\/plugins\/seo\/ -->\n<title>Vice-prefeito Renato Junior vai \u00e0 CMM prestar contas dos mutir\u00f5es<\/title>\n<meta name=\"description\" content=\"Vice-prefeito Renato Junior vai \u00e0 CMM prestar contas dos mutir\u00f5es nos bairros e convida parlamentares para visita no viaduto Rei Pel\u00e9.\" \/>\n<meta name=\"robots\" content=\"index, follow, max-snippet:-1, max-image-preview:large, max-video-preview:-1\" \/>\n<link rel=\"canonical\" href=\"https:\/\/www.manaus.am.gov.br\/semcom\/visita-prestacao-de-contas-cmm\/\" \/>\n<meta property=\"og:locale\" content=\"pt_BR\" \/>\n<meta property=\"og:type\" content=\"article\" \/>\n<meta property=\"og:title\" content=\"Vice-prefeito Renato Junior vai \u00e0 CMM prestar contas dos mutir\u00f5es\" \/>\n<meta property=\"og:description\" content=\"Vice-prefeito Renato Junior vai \u00e0 CMM prestar contas dos mutir\u00f5es nos bairros e convida parlamentares para visita no viaduto Rei Pel\u00e9.\" \/>\n<meta property=\"og:url\" content=\"https:\/\/www.manaus.am.gov.br\/semcom\/visita-prestacao-de-contas-cmm\/\" \/>\n<meta property=\"og:site_name\" content=\"SEMCOM\" \/>\n<meta property=\"article:published_time\" content=\"2025-06-02T17:46:22+00:00\" \/>\n<meta property=\"article:modified_time\" content=\"2025-06-02T17:46:36+00:00\" \/>\n<meta property=\"og:image\" content=\"https:\/\/www.manaus.am.gov.br\/semcom\/wp-content\/uploads\/sites\/5\/2025\/06\/WhatsApp-Image-2025-06-02-at-13.38.53.jpeg\" \/>\n\t<meta property=\"og:image:width\" content=\"2560\" \/>\n\t<meta property=\"og:image:height\" content=\"1439\" \/>\n\t<meta property=\"og:image:type\" content=\"image\/jpeg\" \/>\n<meta name=\"author\" content=\"Bruna Greco\" \/>\n<meta name=\"twitter:card\" content=\"summary_large_image\" \/>\n<meta name=\"twitter:label1\" content=\"Written by\" \/>\n\t<meta name=\"twitter:data1\" content=\"Bruna Greco\" \/>\n\t<meta name=\"twitter:label2\" content=\"Est. reading time\" \/>\n\t<meta name=\"twitter:data2\" content=\"4 minutos\" \/>\n<script type=\"application\/ld+json\" class=\"yoast-schema-graph\">{\"@context\":\"https:\/\/schema.org\",\"@graph\":[{\"@type\":\"WebPage\",\"@id\":\"https:\/\/www.manaus.am.gov.br\/semcom\/visita-prestacao-de-contas-cmm\/\",\"url\":\"https:\/\/www.manaus.am.gov.br\/semcom\/visita-prestacao-de-contas-cmm\/\",\"name\":\"Vice-prefeito Renato Junior vai \u00e0 CMM prestar contas dos mutir\u00f5es\",\"isPartOf\":{\"@id\":\"https:\/\/www.manaus.am.gov.br\/semcom\/#website\"},\"primaryImageOfPage\":{\"@id\":\"https:\/\/www.manaus.am.gov.br\/semcom\/visita-prestacao-de-contas-cmm\/#primaryimage\"},\"image\":{\"@id\":\"https:\/\/www.manaus.am.gov.br\/semcom\/visita-prestacao-de-contas-cmm\/#primaryimage\"},\"thumbnailUrl\":\"https:\/\/www.manaus.am.gov.br\/semcom\/wp-content\/uploads\/sites\/5\/2025\/06\/WhatsApp-Image-2025-06-02-at-13.38.53.jpeg\",\"datePublished\":\"2025-06-02T17:46:22+00:00\",\"dateModified\":\"2025-06-02T17:46:36+00:00\",\"author\":{\"@id\":\"https:\/\/www.manaus.am.gov.br\/semcom\/#\/schema\/person\/05d223aea2bf115f9883a6ff3683d81b\"},\"description\":\"Vice-prefeito Renato Junior vai \u00e0 CMM prestar contas dos mutir\u00f5es nos bairros e convida parlamentares para visita no viaduto Rei Pel\u00e9.\",\"inLanguage\":\"pt-BR\",\"potentialAction\":[{\"@type\":\"ReadAction\",\"target\":[\"https:\/\/www.manaus.am.gov.br\/semcom\/visita-prestacao-de-contas-cmm\/\"]}]},{\"@type\":\"ImageObject\",\"inLanguage\":\"pt-BR\",\"@id\":\"https:\/\/www.manaus.am.gov.br\/semcom\/visita-prestacao-de-contas-cmm\/#primaryimage\",\"url\":\"https:\/\/www.manaus.am.gov.br\/semcom\/wp-content\/uploads\/sites\/5\/2025\/06\/WhatsApp-Image-2025-06-02-at-13.38.53.jpeg\",\"contentUrl\":\"https:\/\/www.manaus.am.gov.br\/semcom\/wp-content\/uploads\/sites\/5\/2025\/06\/WhatsApp-Image-2025-06-02-at-13.38.53.jpeg\",\"width\":2560,\"height\":1439,\"caption\":\"#paratodosverem - Vice-prefeito de Manaus e titular da Seminf, Renato Junior, reunido com o presidente da CMM, David Reis, e outros parlamentares durante visita \u00e0 casa do Executivo municipal\"},{\"@type\":\"WebSite\",\"@id\":\"https:\/\/www.manaus.am.gov.br\/semcom\/#website\",\"url\":\"https:\/\/www.manaus.am.gov.br\/semcom\/\",\"name\":\"SEMCOM\",\"description\":\"Secretaria Municipal de Comunica\u00e7\u00e3o\",\"potentialAction\":[{\"@type\":\"SearchAction\",\"target\":{\"@type\":\"EntryPoint\",\"urlTemplate\":\"https:\/\/www.manaus.am.gov.br\/semcom\/?s={search_term_string}\"},\"query-input\":\"required name=search_term_string\"}],\"inLanguage\":\"pt-BR\"},{\"@type\":\"Person\",\"@id\":\"https:\/\/www.manaus.am.gov.br\/semcom\/#\/schema\/person\/05d223aea2bf115f9883a6ff3683d81b\",\"name\":\"Bruna Greco\",\"image\":{\"@type\":\"ImageObject\",\"inLanguage\":\"pt-BR\",\"@id\":\"https:\/\/www.manaus.am.gov.br\/semcom\/#\/schema\/person\/image\/\",\"url\":\"https:\/\/secure.gravatar.com\/avatar\/9c877d1a6adc2a055330e5c09a8653ce?s=96&d=mm&r=g\",\"contentUrl\":\"https:\/\/secure.gravatar.com\/avatar\/9c877d1a6adc2a055330e5c09a8653ce?s=96&d=mm&r=g\",\"caption\":\"Bruna Greco\"}}]}<\/script>\n<!-- \/ Yoast SEO plugin. -->","yoast_head_json":{"title":"Vice-prefeito Renato Junior vai \u00e0 CMM prestar contas dos mutir\u00f5es","description":"Vice-prefeito Renato Junior vai \u00e0 CMM prestar contas dos mutir\u00f5es nos bairros e convida parlamentares para visita no viaduto Rei Pel\u00e9.","robots":{"index":"index","follow":"follow","max-snippet":"max-snippet:-1","max-image-preview":"max-image-preview:large","max-video-preview":"max-video-preview:-1"},"canonical":"https:\/\/www.manaus.am.gov.br\/semcom\/visita-prestacao-de-contas-cmm\/","og_locale":"pt_BR","og_type":"article","og_title":"Vice-prefeito Renato Junior vai \u00e0 CMM prestar contas dos mutir\u00f5es","og_description":"Vice-prefeito Renato Junior vai \u00e0 CMM prestar contas dos mutir\u00f5es nos bairros e convida parlamentares para visita no viaduto Rei Pel\u00e9.","og_url":"https:\/\/www.manaus.am.gov.br\/semcom\/visita-prestacao-de-contas-cmm\/","og_site_name":"SEMCOM","article_published_time":"2025-06-02T17:46:22+00:00","article_modified_time":"2025-06-02T17:46:36+00:00","og_image":[{"width":2560,"height":1439,"url":"https:\/\/www.manaus.am.gov.br\/semcom\/wp-content\/uploads\/sites\/5\/2025\/06\/WhatsApp-Image-2025-06-02-at-13.38.53.jpeg","type":"image\/jpeg"}],"author":"Bruna Greco","twitter_card":"summary_large_image","twitter_misc":{"Written by":"Bruna Greco","Est. reading time":"4 minutos"},"schema":{"@context":"https:\/\/schema.org","@graph":[{"@type":"WebPage","@id":"https:\/\/www.manaus.am.gov.br\/semcom\/visita-prestacao-de-contas-cmm\/","url":"https:\/\/www.manaus.am.gov.br\/semcom\/visita-prestacao-de-contas-cmm\/","name":"Vice-prefeito Renato Junior vai \u00e0 CMM prestar contas dos mutir\u00f5es","isPartOf":{"@id":"https:\/\/www.manaus.am.gov.br\/semcom\/#website"},"primaryImageOfPage":{"@id":"https:\/\/www.manaus.am.gov.br\/semcom\/visita-prestacao-de-contas-cmm\/#primaryimage"},"image":{"@id":"https:\/\/www.manaus.am.gov.br\/semcom\/visita-prestacao-de-contas-cmm\/#primaryimage"},"thumbnailUrl":"https:\/\/www.manaus.am.gov.br\/semcom\/wp-content\/uploads\/sites\/5\/2025\/06\/WhatsApp-Image-2025-06-02-at-13.38.53.jpeg","datePublished":"2025-06-02T17:46:22+00:00","dateModified":"2025-06-02T17:46:36+00:00","author":{"@id":"https:\/\/www.manaus.am.gov.br\/semcom\/#\/schema\/person\/05d223aea2bf115f9883a6ff3683d81b"},"description":"Vice-prefeito Renato Junior vai \u00e0 CMM prestar contas dos mutir\u00f5es nos bairros e convida parlamentares para visita no viaduto Rei Pel\u00e9.","inLanguage":"pt-BR","potentialAction":[{"@type":"ReadAction","target":["https:\/\/www.manaus.am.gov.br\/semcom\/visita-prestacao-de-contas-cmm\/"]}]},{"@type":"ImageObject","inLanguage":"pt-BR","@id":"https:\/\/www.manaus.am.gov.br\/semcom\/visita-prestacao-de-contas-cmm\/#primaryimage","url":"https:\/\/www.manaus.am.gov.br\/semcom\/wp-content\/uploads\/sites\/5\/2025\/06\/WhatsApp-Image-2025-06-02-at-13.38.53.jpeg","contentUrl":"https:\/\/www.manaus.am.gov.br\/semcom\/wp-content\/uploads\/sites\/5\/2025\/06\/WhatsApp-Image-2025-06-02-at-13.38.53.jpeg","width":2560,"height":1439,"caption":"#paratodosverem - Vice-prefeito de Manaus e titular da Seminf, Renato Junior, reunido com o presidente da CMM, David Reis, e outros parlamentares durante visita \u00e0 casa do Executivo municipal"},{"@type":"WebSite","@id":"https:\/\/www.manaus.am.gov.br\/semcom\/#website","url":"https:\/\/www.manaus.am.gov.br\/semcom\/","name":"SEMCOM","description":"Secretaria Municipal de Comunica\u00e7\u00e3o","potentialAction":[{"@type":"SearchAction","target":{"@type":"EntryPoint","urlTemplate":"https:\/\/www.manaus.am.gov.br\/semcom\/?s={search_term_string}"},"query-input":"required name=search_term_string"}],"inLanguage":"pt-BR"},{"@type":"Person","@id":"https:\/\/www.manaus.am.gov.br\/semcom\/#\/schema\/person\/05d223aea2bf115f9883a6ff3683d81b","name":"Bruna Greco","image":{"@type":"ImageObject","inLanguage":"pt-BR","@id":"https:\/\/www.manaus.am.gov.br\/semcom\/#\/schema\/person\/image\/","url":"https:\/\/secure.gravatar.com\/avatar\/9c877d1a6adc2a055330e5c09a8653ce?s=96&d=mm&r=g","contentUrl":"https:\/\/secure.gravatar.com\/avatar\/9c877d1a6adc2a055330e5c09a8653ce?s=96&d=mm&r=g","caption":"Bruna Greco"}}]}},"_links":{"self":[{"href":"https:\/\/www.manaus.am.gov.br\/semcom\/wp-json\/wp\/v2\/posts\/240035"}],"collection":[{"href":"https:\/\/www.manaus.am.gov.br\/semcom\/wp-json\/wp\/v2\/posts"}],"about":[{"href":"https:\/\/www.manaus.am.gov.br\/semcom\/wp-json\/wp\/v2\/types\/post"}],"author":[{"embeddable":true,"href":"https:\/\/www.manaus.am.gov.br\/semcom\/wp-json\/wp\/v2\/users\/39"}],"replies":[{"embeddable":true,"href":"https:\/\/www.manaus.am.gov.br\/semcom\/wp-json\/wp\/v2\/comments?post=240035"}],"version-history":[{"count":2,"href":"https:\/\/www.manaus.am.gov.br\/semcom\/wp-json\/wp\/v2\/posts\/240035\/revisions"}],"predecessor-version":[{"id":240039,"href":"https:\/\/www.manaus.am.gov.br\/semcom\/wp-json\/wp\/v2\/posts\/240035\/revisions\/240039"}],"wp:featuredmedia":[{"embeddable":true,"href":"https:\/\/www.manaus.am.gov.br\/semcom\/wp-json\/wp\/v2\/media\/240036"}],"wp:attachment":[{"href":"https:\/\/www.manaus.am.gov.br\/semcom\/wp-json\/wp\/v2\/media?parent=240035"}],"wp:term":[{"taxonomy":"category","embeddable":true,"href":"https:\/\/www.manaus.am.gov.br\/semcom\/wp-json\/wp\/v2\/categories?post=240035"},{"taxonomy":"post_tag","embeddable":true,"href":"https:\/\/www.manaus.am.gov.br\/semcom\/wp-json\/wp\/v2\/tags?post=240035"}],"curies":[{"name":"wp","href":"https:\/\/api.w.org\/{rel}","templated":true}]}}